{"id":9852,"date":"2011-11-25T09:00:47","date_gmt":"2011-11-25T11:00:47","guid":{"rendered":"http:\/\/www.padreydecano.com\/cms\/?p=9852"},"modified":"2012-04-13T12:38:28","modified_gmt":"2012-04-13T15:38:28","slug":"hasta-que-la-muerte-nos-separe","status":"publish","type":"post","link":"https:\/\/www.padreydecano.com\/cms\/columnas\/hasta-que-la-muerte-nos-separe\/","title":{"rendered":"Hasta que la muerte nos separe"},"content":{"rendered":"<p style=\"text-align: justify;\"><a href=\"https:\/\/www.padreydecano.com\/cms\/wp-content\/uploads\/2011\/11\/384908_264224300291653_221058467941570_769741_885323094_n.jpg\" rel=\"shadowbox[sbpost-9852];player=img;\"><img loading=\"lazy\" decoding=\"async\" class=\"size-medium wp-image-9859 alignleft\" src=\"https:\/\/www.padreydecano.com\/cms\/wp-content\/uploads\/2011\/11\/384908_264224300291653_221058467941570_769741_885323094_n-300x225.jpg\" alt=\"\" width=\"240\" height=\"180\" srcset=\"https:\/\/www.padreydecano.com\/cms\/wp-content\/uploads\/2011\/11\/384908_264224300291653_221058467941570_769741_885323094_n-300x225.jpg 300w, https:\/\/www.padreydecano.com\/cms\/wp-content\/uploads\/2011\/11\/384908_264224300291653_221058467941570_769741_885323094_n.jpg 720w\" sizes=\"(max-width: 240px) 100vw, 240px\" \/><\/a>Claramente estas \u00faltimas semanas no fueron las mejores para el hincha de Pe\u00f1arol; solamente ganamos un punto de los \u00faltimos doce disputados, en un campeonato en el que aparec\u00edamos solos y tranquilos en la punta esperando que lleguen las \u00faltimas fechas para recibir el t\u00edtulo de campe\u00f3n.<\/p>\n<p style=\"text-align: justify;\">Primero fue Cerro quien cort\u00f3 la ilusi\u00f3n de alejarse en el campeonato, con un empate aburrido 0 a 0 con pocas situaciones de gol en el que nadie mereci\u00f3 la victoria; luego vino el partido frente a Liverpool donde perdimos 3 a 0 y nunca supimos encontrarle la vuelta al partido. Una semana despu\u00e9s nos encontramos con Wanderers que con el Tony Pacheco en su oncena titular nos gan\u00f3 claramente 2 a 1, perdiendo la punta del campeonato a manos de Danubio.<\/p>\n<p style=\"text-align: justify;\">Por \u00faltimo, el domingo pasado perdimos el partido m\u00e1s f\u00e1cil del campeonato; rival al cual le llevamos 22 partidos de ventaja en el historial; con una clara ayuda del juez que debi\u00f3 expulsar a tres jugadores de la instituci\u00f3n plum\u00edfera y anularles el primer gol por falta de Mat\u00edas Cabrera a Walter L\u00f3pez en la jugada previa.<\/p>\n<p style=\"text-align: justify;\"><strong>\u00bfPERO REALMENTE PIENSAN QUE ESO PUEDE INFLUIR EN EL SENTIMIENTO DEL HINCHA DE PE\u00d1AROL?<\/strong><\/p>\n<p style=\"text-align: justify;\">El hincha de Pe\u00f1arol siempre estuvo en los buenos momentos, aquellos que predominan en nuestra gloriosa historia; cuando all\u00e1 por 1900 logr\u00e1bamos el <a href=\"https:\/\/www.padreydecano.com\/cms\/campanas-historicas\/la-campana-de-1900\/\">primer campeonato uruguayo de la historia<\/a>, cuando 11 a\u00f1os despu\u00e9s <a href=\"https:\/\/www.padreydecano.com\/cms\/historias-clasicas\/la-mayor-goleada-clasica\/\">le hicimos 7 goles al cuadro sin acta de fundaci\u00f3n en su propio gallinero<\/a>, cuando <a href=\"https:\/\/www.padreydecano.com\/cms\/historias-clasicas\/clasico-de-la-fuga\/\">en 1949 decidieron no presentarse en el segundo tiempo<\/a>, cuando disputamos cada una de las 10 finales de Libertadores que nos toc\u00f3 vivir a lo largo de la historia, entre tantas otras cosas\u2026<\/p>\n<p style=\"text-align: justify;\">Pero sobretodo lo que nos caracteriza y nos llena de orgullo es haberte visto caer y levantarte una y otra vez, porque <strong>somos la hinchada m\u00e1s fiel y seguidora del Uruguay y la historia as\u00ed lo marca<\/strong>; porque una y otra vez dejamos el alma en la tribuna cuando los resultados no se daban, porque much\u00edsimas veces levantamos al equipo desde la tribuna, logrando as\u00ed triunfos inesperados, porque mil y una vez rompimos con la l\u00f3gica, dando espect\u00e1culos totalmente fuera de lo normal, porque infinidad de veces recibimos elogios de todas partes del mundo, porque millones de veces vimos como los otros se mor\u00edan de envidia e intentaban tapar el sol con un dedo, porque casi siempre tuvimos que pelear solos contra todos, contra \u00e1rbitros, dirigentes, jugadores, abogados, escribanos, etc\u00e9tera.<\/p>\n<p style=\"text-align: justify;\"><strong>Por eso siempre me pregunto:<\/strong><\/p>\n<p style=\"text-align: justify;\"><span style=\"color: #ffcc02;\"><strong>\u00bfQu\u00e9 nos van a hablar de amor?<\/strong><\/span> Si yo te vi salir \u00faltimo el mismo torneo que el tradicional rival sal\u00eda campe\u00f3n y sin embargo en el cl\u00e1sico llevamos m\u00e1s gente y les dimos una de las mayores barridas en las tribunas, mientras la Colombes miraba asombrada el espect\u00e1culo que daba la hinchada de Pe\u00f1arol.<\/p>\n<p style=\"text-align: justify;\"><span style=\"color: #ffcc02;\"><strong>\u00bfQu\u00e9 nos van a hablar de amor?<\/strong><\/span> Si yo vi como 30.000 almas fueron al Estadio a un repechaje de la Copa Libertadores, despu\u00e9s de perder 4 a 0 en la ida, e hicieron de una noche de tristeza una total fiesta llena de amor, de pasi\u00f3n, de enfermedad carbonera.<\/p>\n<p style=\"text-align: justify;\"><span style=\"color: #ffcc02;\"><strong>\u00bfQu\u00e9 nos van a hablar de amor?<\/strong><\/span> Si yo vi c\u00f3mo m\u00e1s de la mitad de una popular vestida de amarilla y negra, se quedaba 30 minutos cantando por amor a los colores despu\u00e9s de perder un cl\u00e1sico de verano, enfrentando la tristeza y el dolor y dando c\u00e1tedra de amor.<\/p>\n<p style=\"text-align: justify;\"><span style=\"color: #ffcc02;\"><strong>\u00bfQu\u00e9 nos van a hablar de amor?<\/strong><\/span> Si yo vi c\u00f3mo 5 d\u00edas despu\u00e9s de perder con Independiente 3 a 0; 1500 locos viajaron m\u00e1s de 30 horas en \u00f3mnibus hacia Mendoza solo por amor a los colores, solo por la confianza incondicional, y que en la cancha de Godoy Cruz le demostraron una vez m\u00e1s al mundo entero qui\u00e9n era Pe\u00f1arol y por qu\u00e9 se lo conoce como \u201cEl gigante Pe\u00f1arol\u201d.<\/p>\n<p style=\"text-align: justify;\"><span style=\"color: #ffcc02;\"><strong>\u00bfQu\u00e9 nos van a hablar de amor?<\/strong><\/span> Si yo vi c\u00f3mo una multitud colmaba el aeropuerto de Carrasco luego de perder la final de la Copa Libertadores; para aplaudir con orgullo a ese plantel de leones que dejaron la vida por nuestra gloriosa camiseta, sin importar la tristeza y el pensar lo cerca que estuvimos, en ese aeropuerto que solo cab\u00eda lugar para la fiesta, para una cara alegre y una garganta af\u00f3nica cantando a favor de Pe\u00f1arol, de sus jugadores, de su historia.<\/p>\n<p style=\"text-align: justify;\">Las chances de lograr el campeonato disminuyeron, el equipo juega cada vez peor, el tradicional rival nos super\u00f3 en la tabla; pero <strong>el s\u00e1bado vuelve a jugar Pe\u00f1arol y ah\u00ed vamos a estar<\/strong>; como cada fin de semana, como cada partido, como cada vez que la amarilla y negra se asoma por el t\u00fanel; transform\u00e1ndose en una tradici\u00f3n interminable, donde los dem\u00e1s fieles se transforman en nuestra familia, donde pas\u00e9 los momentos m\u00e1s emocionantes de mi vida, donde llor\u00e9 y me alegr\u00e9 al mismo tiempo, donde sufr\u00ed y donde me volv\u00ed loco de alegr\u00eda.<\/p>\n<p style=\"text-align: justify;\">Hasta que la muerte nos separe&#8230; Esto es Pe\u00f1arol!<\/p>\n","protected":false},"excerpt":{"rendered":"<p>Claramente estas \u00faltimas semanas no fueron las mejores para el hincha de Pe\u00f1arol; solamente ganamos un punto de los \u00faltimos doce disputados, en un campeonato en el que aparec\u00edamos solos y tranquilos en la punta esperando que lleguen las \u00faltimas fechas para recibir el t\u00edtulo de campe\u00f3n. Primero fue Cerro quien cort\u00f3 la ilusi\u00f3n de [&hellip;]<\/p>\n","protected":false},"author":5,"featured_media":0,"comment_status":"open","ping_status":"closed","sticky":false,"template":"","format":"standard","meta":{"footnotes":""},"categories":[28],"tags":[78],"yoast_head":"<!-- This site is optimized with the Yoast SEO plugin v23.2 - https:\/\/yoast.com\/wordpress\/plugins\/seo\/ -->\n<title>Hasta que la muerte nos separe - Padre y Decano - El Sitio del Pueblo<\/title>\n<meta name=\"robots\" content=\"index, follow, max-snippet:-1, max-image-preview:large, max-video-preview:-1\" \/>\n<link rel=\"canonical\" href=\"https:\/\/www.padreydecano.com\/cms\/columnas\/hasta-que-la-muerte-nos-separe\/\" \/>\n<meta property=\"og:locale\" content=\"es_ES\" \/>\n<meta property=\"og:type\" content=\"article\" \/>\n<meta property=\"og:title\" content=\"Hasta que la muerte nos separe - Padre y Decano - El Sitio del Pueblo\" \/>\n<meta property=\"og:description\" content=\"Claramente estas \u00faltimas semanas no fueron las mejores para el hincha de Pe\u00f1arol; solamente ganamos un punto de los \u00faltimos doce disputados, en un campeonato en el que aparec\u00edamos solos y tranquilos en la punta esperando que lleguen las \u00faltimas fechas para recibir el t\u00edtulo de campe\u00f3n. Primero fue Cerro quien cort\u00f3 la ilusi\u00f3n de [&hellip;]\" \/>\n<meta property=\"og:url\" content=\"https:\/\/www.padreydecano.com\/cms\/columnas\/hasta-que-la-muerte-nos-separe\/\" \/>\n<meta property=\"og:site_name\" content=\"Padre y Decano - El Sitio del Pueblo\" \/>\n<meta property=\"article:published_time\" content=\"2011-11-25T11:00:47+00:00\" \/>\n<meta property=\"article:modified_time\" content=\"2012-04-13T15:38:28+00:00\" \/>\n<meta property=\"og:image\" content=\"http:\/\/www.padreydecano.com\/cms\/wp-content\/uploads\/2011\/11\/384908_264224300291653_221058467941570_769741_885323094_n-300x225.jpg\" \/>\n<meta name=\"author\" content=\"Emirona07\" \/>\n<meta name=\"twitter:card\" content=\"summary_large_image\" \/>\n<meta name=\"twitter:label1\" content=\"Escrito por\" \/>\n\t<meta name=\"twitter:data1\" content=\"Emirona07\" \/>\n\t<meta name=\"twitter:label2\" content=\"Tiempo de lectura\" \/>\n\t<meta name=\"twitter:data2\" content=\"4 minutos\" \/>\n<script type=\"application\/ld+json\" class=\"yoast-schema-graph\">{\"@context\":\"https:\/\/schema.org\",\"@graph\":[{\"@type\":\"Article\",\"@id\":\"https:\/\/www.padreydecano.com\/cms\/columnas\/hasta-que-la-muerte-nos-separe\/#article\",\"isPartOf\":{\"@id\":\"https:\/\/www.padreydecano.com\/cms\/columnas\/hasta-que-la-muerte-nos-separe\/\"},\"author\":{\"name\":\"Emirona07\",\"@id\":\"https:\/\/www.padreydecano.com\/cms\/#\/schema\/person\/51e0214db654d9624824b37c2838bb65\"},\"headline\":\"Hasta que la muerte nos separe\",\"datePublished\":\"2011-11-25T11:00:47+00:00\",\"dateModified\":\"2012-04-13T15:38:28+00:00\",\"mainEntityOfPage\":{\"@id\":\"https:\/\/www.padreydecano.com\/cms\/columnas\/hasta-que-la-muerte-nos-separe\/\"},\"wordCount\":874,\"commentCount\":15,\"publisher\":{\"@id\":\"https:\/\/www.padreydecano.com\/cms\/#organization\"},\"image\":{\"@id\":\"https:\/\/www.padreydecano.com\/cms\/columnas\/hasta-que-la-muerte-nos-separe\/#primaryimage\"},\"thumbnailUrl\":\"http:\/\/www.padreydecano.com\/cms\/wp-content\/uploads\/2011\/11\/384908_264224300291653_221058467941570_769741_885323094_n-300x225.jpg\",\"keywords\":[\"Dr. CURCC\"],\"articleSection\":[\"Columnas\"],\"inLanguage\":\"es\",\"potentialAction\":[{\"@type\":\"CommentAction\",\"name\":\"Comment\",\"target\":[\"https:\/\/www.padreydecano.com\/cms\/columnas\/hasta-que-la-muerte-nos-separe\/#respond\"]}]},{\"@type\":\"WebPage\",\"@id\":\"https:\/\/www.padreydecano.com\/cms\/columnas\/hasta-que-la-muerte-nos-separe\/\",\"url\":\"https:\/\/www.padreydecano.com\/cms\/columnas\/hasta-que-la-muerte-nos-separe\/\",\"name\":\"Hasta que la muerte nos separe - Padre y Decano - El Sitio del Pueblo\",\"isPartOf\":{\"@id\":\"https:\/\/www.padreydecano.com\/cms\/#website\"},\"primaryImageOfPage\":{\"@id\":\"https:\/\/www.padreydecano.com\/cms\/columnas\/hasta-que-la-muerte-nos-separe\/#primaryimage\"},\"image\":{\"@id\":\"https:\/\/www.padreydecano.com\/cms\/columnas\/hasta-que-la-muerte-nos-separe\/#primaryimage\"},\"thumbnailUrl\":\"http:\/\/www.padreydecano.com\/cms\/wp-content\/uploads\/2011\/11\/384908_264224300291653_221058467941570_769741_885323094_n-300x225.jpg\",\"datePublished\":\"2011-11-25T11:00:47+00:00\",\"dateModified\":\"2012-04-13T15:38:28+00:00\",\"breadcrumb\":{\"@id\":\"https:\/\/www.padreydecano.com\/cms\/columnas\/hasta-que-la-muerte-nos-separe\/#breadcrumb\"},\"inLanguage\":\"es\",\"potentialAction\":[{\"@type\":\"ReadAction\",\"target\":[\"https:\/\/www.padreydecano.com\/cms\/columnas\/hasta-que-la-muerte-nos-separe\/\"]}]},{\"@type\":\"ImageObject\",\"inLanguage\":\"es\",\"@id\":\"https:\/\/www.padreydecano.com\/cms\/columnas\/hasta-que-la-muerte-nos-separe\/#primaryimage\",\"url\":\"http:\/\/www.padreydecano.com\/cms\/wp-content\/uploads\/2011\/11\/384908_264224300291653_221058467941570_769741_885323094_n-300x225.jpg\",\"contentUrl\":\"http:\/\/www.padreydecano.com\/cms\/wp-content\/uploads\/2011\/11\/384908_264224300291653_221058467941570_769741_885323094_n-300x225.jpg\"},{\"@type\":\"BreadcrumbList\",\"@id\":\"https:\/\/www.padreydecano.com\/cms\/columnas\/hasta-que-la-muerte-nos-separe\/#breadcrumb\",\"itemListElement\":[{\"@type\":\"ListItem\",\"position\":1,\"name\":\"Portada\",\"item\":\"https:\/\/www.padreydecano.com\/cms\/\"},{\"@type\":\"ListItem\",\"position\":2,\"name\":\"Hasta que la muerte nos separe\"}]},{\"@type\":\"WebSite\",\"@id\":\"https:\/\/www.padreydecano.com\/cms\/#website\",\"url\":\"https:\/\/www.padreydecano.com\/cms\/\",\"name\":\"Padre y Decano - El Sitio del Pueblo\",\"description\":\"Club Atl\u00e9tico Pe\u00f1arol\",\"publisher\":{\"@id\":\"https:\/\/www.padreydecano.com\/cms\/#organization\"},\"potentialAction\":[{\"@type\":\"SearchAction\",\"target\":{\"@type\":\"EntryPoint\",\"urlTemplate\":\"https:\/\/www.padreydecano.com\/cms\/?s={search_term_string}\"},\"query-input\":\"required name=search_term_string\"}],\"inLanguage\":\"es\"},{\"@type\":\"Organization\",\"@id\":\"https:\/\/www.padreydecano.com\/cms\/#organization\",\"name\":\"Padre y Decano\",\"url\":\"https:\/\/www.padreydecano.com\/cms\/\",\"logo\":{\"@type\":\"ImageObject\",\"inLanguage\":\"es\",\"@id\":\"https:\/\/www.padreydecano.com\/cms\/#\/schema\/logo\/image\/\",\"url\":\"https:\/\/www.padreydecano.com\/cms\/wp-content\/uploads\/2022\/01\/avatar-square.png\",\"contentUrl\":\"https:\/\/www.padreydecano.com\/cms\/wp-content\/uploads\/2022\/01\/avatar-square.png\",\"width\":1500,\"height\":1500,\"caption\":\"Padre y Decano\"},\"image\":{\"@id\":\"https:\/\/www.padreydecano.com\/cms\/#\/schema\/logo\/image\/\"}},{\"@type\":\"Person\",\"@id\":\"https:\/\/www.padreydecano.com\/cms\/#\/schema\/person\/51e0214db654d9624824b37c2838bb65\",\"name\":\"Emirona07\",\"image\":{\"@type\":\"ImageObject\",\"inLanguage\":\"es\",\"@id\":\"https:\/\/www.padreydecano.com\/cms\/#\/schema\/person\/image\/\",\"url\":\"https:\/\/secure.gravatar.com\/avatar\/93c9118dbd5373a8a065bb5cdddde6bf?s=96&d=https%3A%2F%2Fpadreydecano.com%2Fcms%2Fwp-content%2Fthemes%2Fpyd-theme%2Fimg%2Fdefault-avatar.png&r=g\",\"contentUrl\":\"https:\/\/secure.gravatar.com\/avatar\/93c9118dbd5373a8a065bb5cdddde6bf?s=96&d=https%3A%2F%2Fpadreydecano.com%2Fcms%2Fwp-content%2Fthemes%2Fpyd-theme%2Fimg%2Fdefault-avatar.png&r=g\",\"caption\":\"Emirona07\"}}]}<\/script>\n<!-- \/ Yoast SEO plugin. -->","yoast_head_json":{"title":"Hasta que la muerte nos separe - Padre y Decano - El Sitio del Pueblo","robots":{"index":"index","follow":"follow","max-snippet":"max-snippet:-1","max-image-preview":"max-image-preview:large","max-video-preview":"max-video-preview:-1"},"canonical":"https:\/\/www.padreydecano.com\/cms\/columnas\/hasta-que-la-muerte-nos-separe\/","og_locale":"es_ES","og_type":"article","og_title":"Hasta que la muerte nos separe - Padre y Decano - El Sitio del Pueblo","og_description":"Claramente estas \u00faltimas semanas no fueron las mejores para el hincha de Pe\u00f1arol; solamente ganamos un punto de los \u00faltimos doce disputados, en un campeonato en el que aparec\u00edamos solos y tranquilos en la punta esperando que lleguen las \u00faltimas fechas para recibir el t\u00edtulo de campe\u00f3n. Primero fue Cerro quien cort\u00f3 la ilusi\u00f3n de [&hellip;]","og_url":"https:\/\/www.padreydecano.com\/cms\/columnas\/hasta-que-la-muerte-nos-separe\/","og_site_name":"Padre y Decano - El Sitio del Pueblo","article_published_time":"2011-11-25T11:00:47+00:00","article_modified_time":"2012-04-13T15:38:28+00:00","og_image":[{"url":"http:\/\/www.padreydecano.com\/cms\/wp-content\/uploads\/2011\/11\/384908_264224300291653_221058467941570_769741_885323094_n-300x225.jpg"}],"author":"Emirona07","twitter_card":"summary_large_image","twitter_misc":{"Escrito por":"Emirona07","Tiempo de lectura":"4 minutos"},"schema":{"@context":"https:\/\/schema.org","@graph":[{"@type":"Article","@id":"https:\/\/www.padreydecano.com\/cms\/columnas\/hasta-que-la-muerte-nos-separe\/#article","isPartOf":{"@id":"https:\/\/www.padreydecano.com\/cms\/columnas\/hasta-que-la-muerte-nos-separe\/"},"author":{"name":"Emirona07","@id":"https:\/\/www.padreydecano.com\/cms\/#\/schema\/person\/51e0214db654d9624824b37c2838bb65"},"headline":"Hasta que la muerte nos separe","datePublished":"2011-11-25T11:00:47+00:00","dateModified":"2012-04-13T15:38:28+00:00","mainEntityOfPage":{"@id":"https:\/\/www.padreydecano.com\/cms\/columnas\/hasta-que-la-muerte-nos-separe\/"},"wordCount":874,"commentCount":15,"publisher":{"@id":"https:\/\/www.padreydecano.com\/cms\/#organization"},"image":{"@id":"https:\/\/www.padreydecano.com\/cms\/columnas\/hasta-que-la-muerte-nos-separe\/#primaryimage"},"thumbnailUrl":"http:\/\/www.padreydecano.com\/cms\/wp-content\/uploads\/2011\/11\/384908_264224300291653_221058467941570_769741_885323094_n-300x225.jpg","keywords":["Dr. CURCC"],"articleSection":["Columnas"],"inLanguage":"es","potentialAction":[{"@type":"CommentAction","name":"Comment","target":["https:\/\/www.padreydecano.com\/cms\/columnas\/hasta-que-la-muerte-nos-separe\/#respond"]}]},{"@type":"WebPage","@id":"https:\/\/www.padreydecano.com\/cms\/columnas\/hasta-que-la-muerte-nos-separe\/","url":"https:\/\/www.padreydecano.com\/cms\/columnas\/hasta-que-la-muerte-nos-separe\/","name":"Hasta que la muerte nos separe - Padre y Decano - El Sitio del Pueblo","isPartOf":{"@id":"https:\/\/www.padreydecano.com\/cms\/#website"},"primaryImageOfPage":{"@id":"https:\/\/www.padreydecano.com\/cms\/columnas\/hasta-que-la-muerte-nos-separe\/#primaryimage"},"image":{"@id":"https:\/\/www.padreydecano.com\/cms\/columnas\/hasta-que-la-muerte-nos-separe\/#primaryimage"},"thumbnailUrl":"http:\/\/www.padreydecano.com\/cms\/wp-content\/uploads\/2011\/11\/384908_264224300291653_221058467941570_769741_885323094_n-300x225.jpg","datePublished":"2011-11-25T11:00:47+00:00","dateModified":"2012-04-13T15:38:28+00:00","breadcrumb":{"@id":"https:\/\/www.padreydecano.com\/cms\/columnas\/hasta-que-la-muerte-nos-separe\/#breadcrumb"},"inLanguage":"es","potentialAction":[{"@type":"ReadAction","target":["https:\/\/www.padreydecano.com\/cms\/columnas\/hasta-que-la-muerte-nos-separe\/"]}]},{"@type":"ImageObject","inLanguage":"es","@id":"https:\/\/www.padreydecano.com\/cms\/columnas\/hasta-que-la-muerte-nos-separe\/#primaryimage","url":"http:\/\/www.padreydecano.com\/cms\/wp-content\/uploads\/2011\/11\/384908_264224300291653_221058467941570_769741_885323094_n-300x225.jpg","contentUrl":"http:\/\/www.padreydecano.com\/cms\/wp-content\/uploads\/2011\/11\/384908_264224300291653_221058467941570_769741_885323094_n-300x225.jpg"},{"@type":"BreadcrumbList","@id":"https:\/\/www.padreydecano.com\/cms\/columnas\/hasta-que-la-muerte-nos-separe\/#breadcrumb","itemListElement":[{"@type":"ListItem","position":1,"name":"Portada","item":"https:\/\/www.padreydecano.com\/cms\/"},{"@type":"ListItem","position":2,"name":"Hasta que la muerte nos separe"}]},{"@type":"WebSite","@id":"https:\/\/www.padreydecano.com\/cms\/#website","url":"https:\/\/www.padreydecano.com\/cms\/","name":"Padre y Decano - El Sitio del Pueblo","description":"Club Atl\u00e9tico Pe\u00f1arol","publisher":{"@id":"https:\/\/www.padreydecano.com\/cms\/#organization"},"potentialAction":[{"@type":"SearchAction","target":{"@type":"EntryPoint","urlTemplate":"https:\/\/www.padreydecano.com\/cms\/?s={search_term_string}"},"query-input":"required name=search_term_string"}],"inLanguage":"es"},{"@type":"Organization","@id":"https:\/\/www.padreydecano.com\/cms\/#organization","name":"Padre y Decano","url":"https:\/\/www.padreydecano.com\/cms\/","logo":{"@type":"ImageObject","inLanguage":"es","@id":"https:\/\/www.padreydecano.com\/cms\/#\/schema\/logo\/image\/","url":"https:\/\/www.padreydecano.com\/cms\/wp-content\/uploads\/2022\/01\/avatar-square.png","contentUrl":"https:\/\/www.padreydecano.com\/cms\/wp-content\/uploads\/2022\/01\/avatar-square.png","width":1500,"height":1500,"caption":"Padre y Decano"},"image":{"@id":"https:\/\/www.padreydecano.com\/cms\/#\/schema\/logo\/image\/"}},{"@type":"Person","@id":"https:\/\/www.padreydecano.com\/cms\/#\/schema\/person\/51e0214db654d9624824b37c2838bb65","name":"Emirona07","image":{"@type":"ImageObject","inLanguage":"es","@id":"https:\/\/www.padreydecano.com\/cms\/#\/schema\/person\/image\/","url":"https:\/\/secure.gravatar.com\/avatar\/93c9118dbd5373a8a065bb5cdddde6bf?s=96&d=https%3A%2F%2Fpadreydecano.com%2Fcms%2Fwp-content%2Fthemes%2Fpyd-theme%2Fimg%2Fdefault-avatar.png&r=g","contentUrl":"https:\/\/secure.gravatar.com\/avatar\/93c9118dbd5373a8a065bb5cdddde6bf?s=96&d=https%3A%2F%2Fpadreydecano.com%2Fcms%2Fwp-content%2Fthemes%2Fpyd-theme%2Fimg%2Fdefault-avatar.png&r=g","caption":"Emirona07"}}]}},"_links":{"self":[{"href":"https:\/\/www.padreydecano.com\/cms\/wp-json\/wp\/v2\/posts\/9852"}],"collection":[{"href":"https:\/\/www.padreydecano.com\/cms\/wp-json\/wp\/v2\/posts"}],"about":[{"href":"https:\/\/www.padreydecano.com\/cms\/wp-json\/wp\/v2\/types\/post"}],"author":[{"embeddable":true,"href":"https:\/\/www.padreydecano.com\/cms\/wp-json\/wp\/v2\/users\/5"}],"replies":[{"embeddable":true,"href":"https:\/\/www.padreydecano.com\/cms\/wp-json\/wp\/v2\/comments?post=9852"}],"version-history":[{"count":0,"href":"https:\/\/www.padreydecano.com\/cms\/wp-json\/wp\/v2\/posts\/9852\/revisions"}],"wp:attachment":[{"href":"https:\/\/www.padreydecano.com\/cms\/wp-json\/wp\/v2\/media?parent=9852"}],"wp:term":[{"taxonomy":"category","embeddable":true,"href":"https:\/\/www.padreydecano.com\/cms\/wp-json\/wp\/v2\/categories?post=9852"},{"taxonomy":"post_tag","embeddable":true,"href":"https:\/\/www.padreydecano.com\/cms\/wp-json\/wp\/v2\/tags?post=9852"}],"curies":[{"name":"wp","href":"https:\/\/api.w.org\/{rel}","templated":true}]}}