{"id":9811,"date":"2011-11-24T10:27:40","date_gmt":"2011-11-24T12:27:40","guid":{"rendered":"http:\/\/www.padreydecano.com\/cms\/?p=9811"},"modified":"2011-11-24T10:27:40","modified_gmt":"2011-11-24T12:27:40","slug":"borron-y-cuenta-nueva","status":"publish","type":"post","link":"https:\/\/www.padreydecano.com\/cms\/los-aromos\/borron-y-cuenta-nueva\/","title":{"rendered":"Borr\u00f3n y cuenta nueva"},"content":{"rendered":"<p style=\"text-align: justify;\"><img loading=\"lazy\" decoding=\"async\" class=\"alignleft size-medium wp-image-6183\" title=\"entrenamiento_101\" src=\"https:\/\/www.padreydecano.com\/cms\/wp-content\/uploads\/2011\/10\/entrenamiento_101-300x225.jpg\" alt=\"\" width=\"210\" height=\"158\" srcset=\"https:\/\/www.padreydecano.com\/cms\/wp-content\/uploads\/2011\/10\/entrenamiento_101-300x225.jpg 300w, https:\/\/www.padreydecano.com\/cms\/wp-content\/uploads\/2011\/10\/entrenamiento_101.jpg 800w\" sizes=\"(max-width: 210px) 100vw, 210px\" \/>Dejando atr\u00e1s el cl\u00e1sico, el carbonero retom\u00f3 los entrenamientos de cara al choque ante Rampla Juniors del pr\u00f3ximo s\u00e1bado. Ayer, luego del gimnasio y la entrada en calor, Gregorio y sus colaboradores planificaron f\u00fatbol, parando dos equipos en cancha. El \u00abtitular\u00bb form\u00f3 con Fabi\u00e1n Carini, Sebasti\u00e1n Rossano, Alejandro Gonz\u00e1lez, Gerardo Alcoba, Dar\u00edo Rodr\u00edguez, Edison Torres, Nicol\u00e1s Amodio, Walter L\u00f3pez, Pedro, Santiago Silva y Marcelo Zalayeta.\u00a0Hay que remarcar que <strong>Carlos Valdez y Nicol\u00e1s Freitas<\/strong> trabajaron diferenciados por los golpes recibidos en el cl\u00e1sico, pero llegar\u00e1n sin problemas para el s\u00e1bado.<\/p>\n<p style=\"text-align: justify;\">El otro equipo form\u00f3 con Jorge Fleitas, Emiliano Albin, Joao Netto, Emilio MacEachen, Adri\u00e1n Gunino, Bruno Montelongo, Facundo Guich\u00f3n, Maxi P\u00e9rez, Jorge Zambrana, Cristian Palacios y Mauro Guevgeozian.<\/p>\n<p style=\"text-align: justify;\">Luego del f\u00fatbol, hubo ejercicios de estiramiento y recuperaci\u00f3n. Hoy nuevamente entrenar\u00e1n en la ma\u00f1ana, esta vez a puertas cerradas. El viernes quedar\u00e1n concentrados de cara al partido del s\u00e1bado que es muy importante por la Tabla Anual.<\/p>\n","protected":false},"excerpt":{"rendered":"<p>Dejando atr\u00e1s el cl\u00e1sico, el carbonero retom\u00f3 los entrenamientos de cara al choque ante Rampla Juniors del pr\u00f3ximo s\u00e1bado. Ayer, luego del gimnasio y la entrada en calor, Gregorio y sus colaboradores planificaron f\u00fatbol, parando dos equipos en cancha. El \u00abtitular\u00bb form\u00f3 con Fabi\u00e1n Carini, Sebasti\u00e1n Rossano, Alejandro Gonz\u00e1lez, Gerardo Alcoba, Dar\u00edo Rodr\u00edguez, Edison Torres, [&hellip;]<\/p>\n","protected":false},"author":13,"featured_media":5617,"comment_status":"open","ping_status":"closed","sticky":false,"template":"","format":"standard","meta":{"footnotes":""},"categories":[7],"tags":[],"yoast_head":"<!-- This site is optimized with the Yoast SEO plugin v23.2 - https:\/\/yoast.com\/wordpress\/plugins\/seo\/ -->\n<title>Borr\u00f3n y cuenta nueva - Padre y Decano - El Sitio del Pueblo<\/title>\n<meta name=\"robots\" content=\"index, follow, max-snippet:-1, max-image-preview:large, max-video-preview:-1\" \/>\n<link rel=\"canonical\" href=\"https:\/\/www.padreydecano.com\/cms\/los-aromos\/borron-y-cuenta-nueva\/\" \/>\n<meta property=\"og:locale\" content=\"es_ES\" \/>\n<meta property=\"og:type\" content=\"article\" \/>\n<meta property=\"og:title\" content=\"Borr\u00f3n y cuenta nueva - Padre y Decano - El Sitio del Pueblo\" \/>\n<meta property=\"og:description\" content=\"Dejando atr\u00e1s el cl\u00e1sico, el carbonero retom\u00f3 los entrenamientos de cara al choque ante Rampla Juniors del pr\u00f3ximo s\u00e1bado. Ayer, luego del gimnasio y la entrada en calor, Gregorio y sus colaboradores planificaron f\u00fatbol, parando dos equipos en cancha. El \u00abtitular\u00bb form\u00f3 con Fabi\u00e1n Carini, Sebasti\u00e1n Rossano, Alejandro Gonz\u00e1lez, Gerardo Alcoba, Dar\u00edo Rodr\u00edguez, Edison Torres, [&hellip;]\" \/>\n<meta property=\"og:url\" content=\"https:\/\/www.padreydecano.com\/cms\/los-aromos\/borron-y-cuenta-nueva\/\" \/>\n<meta property=\"og:site_name\" content=\"Padre y Decano - El Sitio del Pueblo\" \/>\n<meta property=\"article:published_time\" content=\"2011-11-24T12:27:40+00:00\" \/>\n<meta property=\"og:image\" content=\"https:\/\/www.padreydecano.com\/cms\/wp-content\/uploads\/2011\/10\/entrenamiento_04-1.jpg\" \/>\n\t<meta property=\"og:image:width\" content=\"800\" \/>\n\t<meta property=\"og:image:height\" content=\"600\" \/>\n\t<meta property=\"og:image:type\" content=\"image\/jpeg\" \/>\n<meta name=\"author\" content=\"Moderador\" \/>\n<meta name=\"twitter:card\" content=\"summary_large_image\" \/>\n<meta name=\"twitter:label1\" content=\"Escrito por\" \/>\n\t<meta name=\"twitter:data1\" content=\"Moderador\" \/>\n\t<meta name=\"twitter:label2\" content=\"Tiempo de lectura\" \/>\n\t<meta name=\"twitter:data2\" content=\"1 minuto\" \/>\n<script type=\"application\/ld+json\" class=\"yoast-schema-graph\">{\"@context\":\"https:\/\/schema.org\",\"@graph\":[{\"@type\":\"Article\",\"@id\":\"https:\/\/www.padreydecano.com\/cms\/los-aromos\/borron-y-cuenta-nueva\/#article\",\"isPartOf\":{\"@id\":\"https:\/\/www.padreydecano.com\/cms\/los-aromos\/borron-y-cuenta-nueva\/\"},\"author\":{\"name\":\"Moderador\",\"@id\":\"https:\/\/www.padreydecano.com\/cms\/#\/schema\/person\/d93e9e537230ae052c194251d9a1def2\"},\"headline\":\"Borr\u00f3n y cuenta nueva\",\"datePublished\":\"2011-11-24T12:27:40+00:00\",\"dateModified\":\"2011-11-24T12:27:40+00:00\",\"mainEntityOfPage\":{\"@id\":\"https:\/\/www.padreydecano.com\/cms\/los-aromos\/borron-y-cuenta-nueva\/\"},\"wordCount\":186,\"commentCount\":2,\"publisher\":{\"@id\":\"https:\/\/www.padreydecano.com\/cms\/#organization\"},\"image\":{\"@id\":\"https:\/\/www.padreydecano.com\/cms\/los-aromos\/borron-y-cuenta-nueva\/#primaryimage\"},\"thumbnailUrl\":\"https:\/\/www.padreydecano.com\/cms\/wp-content\/uploads\/2011\/10\/entrenamiento_04-1.jpg\",\"articleSection\":[\"Los Aromos\"],\"inLanguage\":\"es\",\"potentialAction\":[{\"@type\":\"CommentAction\",\"name\":\"Comment\",\"target\":[\"https:\/\/www.padreydecano.com\/cms\/los-aromos\/borron-y-cuenta-nueva\/#respond\"]}]},{\"@type\":\"WebPage\",\"@id\":\"https:\/\/www.padreydecano.com\/cms\/los-aromos\/borron-y-cuenta-nueva\/\",\"url\":\"https:\/\/www.padreydecano.com\/cms\/los-aromos\/borron-y-cuenta-nueva\/\",\"name\":\"Borr\u00f3n y cuenta nueva - Padre y Decano - El Sitio del Pueblo\",\"isPartOf\":{\"@id\":\"https:\/\/www.padreydecano.com\/cms\/#website\"},\"primaryImageOfPage\":{\"@id\":\"https:\/\/www.padreydecano.com\/cms\/los-aromos\/borron-y-cuenta-nueva\/#primaryimage\"},\"image\":{\"@id\":\"https:\/\/www.padreydecano.com\/cms\/los-aromos\/borron-y-cuenta-nueva\/#primaryimage\"},\"thumbnailUrl\":\"https:\/\/www.padreydecano.com\/cms\/wp-content\/uploads\/2011\/10\/entrenamiento_04-1.jpg\",\"datePublished\":\"2011-11-24T12:27:40+00:00\",\"dateModified\":\"2011-11-24T12:27:40+00:00\",\"breadcrumb\":{\"@id\":\"https:\/\/www.padreydecano.com\/cms\/los-aromos\/borron-y-cuenta-nueva\/#breadcrumb\"},\"inLanguage\":\"es\",\"potentialAction\":[{\"@type\":\"ReadAction\",\"target\":[\"https:\/\/www.padreydecano.com\/cms\/los-aromos\/borron-y-cuenta-nueva\/\"]}]},{\"@type\":\"ImageObject\",\"inLanguage\":\"es\",\"@id\":\"https:\/\/www.padreydecano.com\/cms\/los-aromos\/borron-y-cuenta-nueva\/#primaryimage\",\"url\":\"https:\/\/www.padreydecano.com\/cms\/wp-content\/uploads\/2011\/10\/entrenamiento_04-1.jpg\",\"contentUrl\":\"https:\/\/www.padreydecano.com\/cms\/wp-content\/uploads\/2011\/10\/entrenamiento_04-1.jpg\",\"width\":\"800\",\"height\":\"600\"},{\"@type\":\"BreadcrumbList\",\"@id\":\"https:\/\/www.padreydecano.com\/cms\/los-aromos\/borron-y-cuenta-nueva\/#breadcrumb\",\"itemListElement\":[{\"@type\":\"ListItem\",\"position\":1,\"name\":\"Portada\",\"item\":\"https:\/\/www.padreydecano.com\/cms\/\"},{\"@type\":\"ListItem\",\"position\":2,\"name\":\"Borr\u00f3n y cuenta nueva\"}]},{\"@type\":\"WebSite\",\"@id\":\"https:\/\/www.padreydecano.com\/cms\/#website\",\"url\":\"https:\/\/www.padreydecano.com\/cms\/\",\"name\":\"Padre y Decano - El Sitio del Pueblo\",\"description\":\"Club Atl\u00e9tico Pe\u00f1arol\",\"publisher\":{\"@id\":\"https:\/\/www.padreydecano.com\/cms\/#organization\"},\"potentialAction\":[{\"@type\":\"SearchAction\",\"target\":{\"@type\":\"EntryPoint\",\"urlTemplate\":\"https:\/\/www.padreydecano.com\/cms\/?s={search_term_string}\"},\"query-input\":\"required name=search_term_string\"}],\"inLanguage\":\"es\"},{\"@type\":\"Organization\",\"@id\":\"https:\/\/www.padreydecano.com\/cms\/#organization\",\"name\":\"Padre y Decano\",\"url\":\"https:\/\/www.padreydecano.com\/cms\/\",\"logo\":{\"@type\":\"ImageObject\",\"inLanguage\":\"es\",\"@id\":\"https:\/\/www.padreydecano.com\/cms\/#\/schema\/logo\/image\/\",\"url\":\"https:\/\/www.padreydecano.com\/cms\/wp-content\/uploads\/2022\/01\/avatar-square.png\",\"contentUrl\":\"https:\/\/www.padreydecano.com\/cms\/wp-content\/uploads\/2022\/01\/avatar-square.png\",\"width\":1500,\"height\":1500,\"caption\":\"Padre y Decano\"},\"image\":{\"@id\":\"https:\/\/www.padreydecano.com\/cms\/#\/schema\/logo\/image\/\"}},{\"@type\":\"Person\",\"@id\":\"https:\/\/www.padreydecano.com\/cms\/#\/schema\/person\/d93e9e537230ae052c194251d9a1def2\",\"name\":\"Moderador\",\"image\":{\"@type\":\"ImageObject\",\"inLanguage\":\"es\",\"@id\":\"https:\/\/www.padreydecano.com\/cms\/#\/schema\/person\/image\/\",\"url\":\"https:\/\/secure.gravatar.com\/avatar\/2587727bf8a53bd3da4ec49f01bea66e?s=96&d=https%3A%2F%2Fpadreydecano.com%2Fcms%2Fwp-content%2Fthemes%2Fpyd-theme%2Fimg%2Fdefault-avatar.png&r=g\",\"contentUrl\":\"https:\/\/secure.gravatar.com\/avatar\/2587727bf8a53bd3da4ec49f01bea66e?s=96&d=https%3A%2F%2Fpadreydecano.com%2Fcms%2Fwp-content%2Fthemes%2Fpyd-theme%2Fimg%2Fdefault-avatar.png&r=g\",\"caption\":\"Moderador\"}}]}<\/script>\n<!-- \/ Yoast SEO plugin. -->","yoast_head_json":{"title":"Borr\u00f3n y cuenta nueva - Padre y Decano - El Sitio del Pueblo","robots":{"index":"index","follow":"follow","max-snippet":"max-snippet:-1","max-image-preview":"max-image-preview:large","max-video-preview":"max-video-preview:-1"},"canonical":"https:\/\/www.padreydecano.com\/cms\/los-aromos\/borron-y-cuenta-nueva\/","og_locale":"es_ES","og_type":"article","og_title":"Borr\u00f3n y cuenta nueva - Padre y Decano - El Sitio del Pueblo","og_description":"Dejando atr\u00e1s el cl\u00e1sico, el carbonero retom\u00f3 los entrenamientos de cara al choque ante Rampla Juniors del pr\u00f3ximo s\u00e1bado. Ayer, luego del gimnasio y la entrada en calor, Gregorio y sus colaboradores planificaron f\u00fatbol, parando dos equipos en cancha. El \u00abtitular\u00bb form\u00f3 con Fabi\u00e1n Carini, Sebasti\u00e1n Rossano, Alejandro Gonz\u00e1lez, Gerardo Alcoba, Dar\u00edo Rodr\u00edguez, Edison Torres, [&hellip;]","og_url":"https:\/\/www.padreydecano.com\/cms\/los-aromos\/borron-y-cuenta-nueva\/","og_site_name":"Padre y Decano - El Sitio del Pueblo","article_published_time":"2011-11-24T12:27:40+00:00","og_image":[{"width":800,"height":600,"url":"https:\/\/www.padreydecano.com\/cms\/wp-content\/uploads\/2011\/10\/entrenamiento_04-1.jpg","type":"image\/jpeg"}],"author":"Moderador","twitter_card":"summary_large_image","twitter_misc":{"Escrito por":"Moderador","Tiempo de lectura":"1 minuto"},"schema":{"@context":"https:\/\/schema.org","@graph":[{"@type":"Article","@id":"https:\/\/www.padreydecano.com\/cms\/los-aromos\/borron-y-cuenta-nueva\/#article","isPartOf":{"@id":"https:\/\/www.padreydecano.com\/cms\/los-aromos\/borron-y-cuenta-nueva\/"},"author":{"name":"Moderador","@id":"https:\/\/www.padreydecano.com\/cms\/#\/schema\/person\/d93e9e537230ae052c194251d9a1def2"},"headline":"Borr\u00f3n y cuenta nueva","datePublished":"2011-11-24T12:27:40+00:00","dateModified":"2011-11-24T12:27:40+00:00","mainEntityOfPage":{"@id":"https:\/\/www.padreydecano.com\/cms\/los-aromos\/borron-y-cuenta-nueva\/"},"wordCount":186,"commentCount":2,"publisher":{"@id":"https:\/\/www.padreydecano.com\/cms\/#organization"},"image":{"@id":"https:\/\/www.padreydecano.com\/cms\/los-aromos\/borron-y-cuenta-nueva\/#primaryimage"},"thumbnailUrl":"https:\/\/www.padreydecano.com\/cms\/wp-content\/uploads\/2011\/10\/entrenamiento_04-1.jpg","articleSection":["Los Aromos"],"inLanguage":"es","potentialAction":[{"@type":"CommentAction","name":"Comment","target":["https:\/\/www.padreydecano.com\/cms\/los-aromos\/borron-y-cuenta-nueva\/#respond"]}]},{"@type":"WebPage","@id":"https:\/\/www.padreydecano.com\/cms\/los-aromos\/borron-y-cuenta-nueva\/","url":"https:\/\/www.padreydecano.com\/cms\/los-aromos\/borron-y-cuenta-nueva\/","name":"Borr\u00f3n y cuenta nueva - Padre y Decano - El Sitio del Pueblo","isPartOf":{"@id":"https:\/\/www.padreydecano.com\/cms\/#website"},"primaryImageOfPage":{"@id":"https:\/\/www.padreydecano.com\/cms\/los-aromos\/borron-y-cuenta-nueva\/#primaryimage"},"image":{"@id":"https:\/\/www.padreydecano.com\/cms\/los-aromos\/borron-y-cuenta-nueva\/#primaryimage"},"thumbnailUrl":"https:\/\/www.padreydecano.com\/cms\/wp-content\/uploads\/2011\/10\/entrenamiento_04-1.jpg","datePublished":"2011-11-24T12:27:40+00:00","dateModified":"2011-11-24T12:27:40+00:00","breadcrumb":{"@id":"https:\/\/www.padreydecano.com\/cms\/los-aromos\/borron-y-cuenta-nueva\/#breadcrumb"},"inLanguage":"es","potentialAction":[{"@type":"ReadAction","target":["https:\/\/www.padreydecano.com\/cms\/los-aromos\/borron-y-cuenta-nueva\/"]}]},{"@type":"ImageObject","inLanguage":"es","@id":"https:\/\/www.padreydecano.com\/cms\/los-aromos\/borron-y-cuenta-nueva\/#primaryimage","url":"https:\/\/www.padreydecano.com\/cms\/wp-content\/uploads\/2011\/10\/entrenamiento_04-1.jpg","contentUrl":"https:\/\/www.padreydecano.com\/cms\/wp-content\/uploads\/2011\/10\/entrenamiento_04-1.jpg","width":"800","height":"600"},{"@type":"BreadcrumbList","@id":"https:\/\/www.padreydecano.com\/cms\/los-aromos\/borron-y-cuenta-nueva\/#breadcrumb","itemListElement":[{"@type":"ListItem","position":1,"name":"Portada","item":"https:\/\/www.padreydecano.com\/cms\/"},{"@type":"ListItem","position":2,"name":"Borr\u00f3n y cuenta nueva"}]},{"@type":"WebSite","@id":"https:\/\/www.padreydecano.com\/cms\/#website","url":"https:\/\/www.padreydecano.com\/cms\/","name":"Padre y Decano - El Sitio del Pueblo","description":"Club Atl\u00e9tico Pe\u00f1arol","publisher":{"@id":"https:\/\/www.padreydecano.com\/cms\/#organization"},"potentialAction":[{"@type":"SearchAction","target":{"@type":"EntryPoint","urlTemplate":"https:\/\/www.padreydecano.com\/cms\/?s={search_term_string}"},"query-input":"required name=search_term_string"}],"inLanguage":"es"},{"@type":"Organization","@id":"https:\/\/www.padreydecano.com\/cms\/#organization","name":"Padre y Decano","url":"https:\/\/www.padreydecano.com\/cms\/","logo":{"@type":"ImageObject","inLanguage":"es","@id":"https:\/\/www.padreydecano.com\/cms\/#\/schema\/logo\/image\/","url":"https:\/\/www.padreydecano.com\/cms\/wp-content\/uploads\/2022\/01\/avatar-square.png","contentUrl":"https:\/\/www.padreydecano.com\/cms\/wp-content\/uploads\/2022\/01\/avatar-square.png","width":1500,"height":1500,"caption":"Padre y Decano"},"image":{"@id":"https:\/\/www.padreydecano.com\/cms\/#\/schema\/logo\/image\/"}},{"@type":"Person","@id":"https:\/\/www.padreydecano.com\/cms\/#\/schema\/person\/d93e9e537230ae052c194251d9a1def2","name":"Moderador","image":{"@type":"ImageObject","inLanguage":"es","@id":"https:\/\/www.padreydecano.com\/cms\/#\/schema\/person\/image\/","url":"https:\/\/secure.gravatar.com\/avatar\/2587727bf8a53bd3da4ec49f01bea66e?s=96&d=https%3A%2F%2Fpadreydecano.com%2Fcms%2Fwp-content%2Fthemes%2Fpyd-theme%2Fimg%2Fdefault-avatar.png&r=g","contentUrl":"https:\/\/secure.gravatar.com\/avatar\/2587727bf8a53bd3da4ec49f01bea66e?s=96&d=https%3A%2F%2Fpadreydecano.com%2Fcms%2Fwp-content%2Fthemes%2Fpyd-theme%2Fimg%2Fdefault-avatar.png&r=g","caption":"Moderador"}}]}},"_links":{"self":[{"href":"https:\/\/www.padreydecano.com\/cms\/wp-json\/wp\/v2\/posts\/9811"}],"collection":[{"href":"https:\/\/www.padreydecano.com\/cms\/wp-json\/wp\/v2\/posts"}],"about":[{"href":"https:\/\/www.padreydecano.com\/cms\/wp-json\/wp\/v2\/types\/post"}],"author":[{"embeddable":true,"href":"https:\/\/www.padreydecano.com\/cms\/wp-json\/wp\/v2\/users\/13"}],"replies":[{"embeddable":true,"href":"https:\/\/www.padreydecano.com\/cms\/wp-json\/wp\/v2\/comments?post=9811"}],"version-history":[{"count":0,"href":"https:\/\/www.padreydecano.com\/cms\/wp-json\/wp\/v2\/posts\/9811\/revisions"}],"wp:featuredmedia":[{"embeddable":true,"href":"https:\/\/www.padreydecano.com\/cms\/wp-json\/wp\/v2\/media\/5617"}],"wp:attachment":[{"href":"https:\/\/www.padreydecano.com\/cms\/wp-json\/wp\/v2\/media?parent=9811"}],"wp:term":[{"taxonomy":"category","embeddable":true,"href":"https:\/\/www.padreydecano.com\/cms\/wp-json\/wp\/v2\/categories?post=9811"},{"taxonomy":"post_tag","embeddable":true,"href":"https:\/\/www.padreydecano.com\/cms\/wp-json\/wp\/v2\/tags?post=9811"}],"curies":[{"name":"wp","href":"https:\/\/api.w.org\/{rel}","templated":true}]}}