{"id":9354,"date":"2011-11-20T20:54:06","date_gmt":"2011-11-20T22:54:06","guid":{"rendered":"http:\/\/www.padreydecano.com\/cms\/?p=9354"},"modified":"2012-06-08T00:56:51","modified_gmt":"2012-06-08T03:56:51","slug":"solo-un-equipo-en-la-cancha-solo-una-hinchada-en-el-estadio","status":"publish","type":"post","link":"https:\/\/www.padreydecano.com\/cms\/partidos\/solo-un-equipo-en-la-cancha-solo-una-hinchada-en-el-estadio\/","title":{"rendered":"Un equipo en la cancha, una hinchada en el Estadio"},"content":{"rendered":"<p style=\"text-align: justify;\"><a href=\"https:\/\/www.padreydecano.com\/cms\/wp-content\/uploads\/2011\/11\/DSC_1309-Copy.jpg\" rel=\"shadowbox[sbpost-9354];player=img;\"><img loading=\"lazy\" decoding=\"async\" class=\"alignleft size-medium wp-image-9357\" title=\"Cl\u00e1sico Apertura 2011\" src=\"https:\/\/www.padreydecano.com\/cms\/wp-content\/uploads\/2011\/11\/DSC_1309-Copy-300x198.jpg\" alt=\"\" width=\"210\" height=\"139\" srcset=\"https:\/\/www.padreydecano.com\/cms\/wp-content\/uploads\/2011\/11\/DSC_1309-Copy-300x198.jpg 300w, https:\/\/www.padreydecano.com\/cms\/wp-content\/uploads\/2011\/11\/DSC_1309-Copy.jpg 800w\" sizes=\"(max-width: 210px) 100vw, 210px\" \/><\/a>Una tribuna y media cant\u00f3 m\u00e1s que dos tribunas y media. Tuvo que llegar un penal a los 90 minutos de juego para que los de enfrente se animaran. La fiesta en las tribunas fue carbonera de principio a fin y la Barra Amsterdam dej\u00f3 todo en el partido. Qued\u00f3 demostrado que a pesar de medidas discriminatorias y clasistas, la hinchada de Pe\u00f1arol se hace sentir siempre.<\/p>\n<p style=\"text-align: justify;\">En lo deportivo, fuimos netos dominadores en el encuentro. Durante el primer tiempo, no supimos aprovechar las chances claras que tuvimos para ponernos arriba en el marcador. Santiago Silva tuvo dos situaciones clar\u00edsimas a boca de jarro pero no estuvo fino en la definici\u00f3n y varios nos agarramos la cabeza en la tribuna. La otra jugada clara fue la de Pedro, que casi hace un gol ol\u00edmpico. Fabi\u00e1n Carini fue un espectador de lujo, y sobre el cierre del primer tiempo lleg\u00f3 la m\u00e1s clara para el tradicional rival, que dio en el palo.<\/p>\n<p style=\"text-align: justify;\">En el segundo tiempo, tuvimos algunos minutos donde no estuvimos claros, pero tampoco fuimos superados con notoriedad. Entre Maxi P\u00e9rez y Pedro elaboraron una muy buena jugada en ofensiva, y ambos fueron fouleados aunque el sinverg\u00fcenza de Ubr\u00edaco dej\u00f3 seguir. Desde el Estadio pareci\u00f3 penal sobre el brasilero, pero nos confirmaron que en la TV se vio que fue afuera del \u00e1rea. De todas formas fue una clara falta que el juez dej\u00f3 seguir.<\/p>\n<p style=\"text-align: justify;\">A los 60 minutos lleg\u00f3 el golazo de Sebasti\u00e1n Rosano por intermedio de un centro que termin\u00f3 incrust\u00e1ndose contra el segundo palo de Mu\u00f1oz. Lamentablemente lleg\u00f3 el gol del empate enseguida tras un error defensivo. Pe\u00f1arol jam\u00e1s baj\u00f3 los brazos y quiso siempre ganar el partido. Sobre el final tuvo un tiro libre Pedro, quien no lo supo concretar y en el contragolpe lleg\u00f3 el penal.<\/p>\n<p style=\"text-align: justify;\">Cap\u00edtulo aparte para el desastroso arbitraje de Ubr\u00edaco, quien debi\u00f3 haber expulsado a Cristian N\u00fa\u00f1ez y que adem\u00e1s no cobr\u00f3 una clara falta a Pedro en el segundo tiempo. En los \u00faltimos 10 minutos sac\u00f3 todas las tarjetas que no hizo durante el resto del partido buscando de alguna manera la compensaci\u00f3n. Adem\u00e1s, demostr\u00f3 una clara dualidad de criterios, ya que nunca nos dio una ley de ventaja. Cobr\u00f3 siempre la falta, mientras que en la \u00faltima jugada del partido le dio la ventaja al tradicional rival, cuando deb\u00eda haber cobrado la falta de Torres.<\/p>\n<p style=\"text-align: justify;\">El Apertura se perdi\u00f3 con las derrotas ante Liverpool y Wanderers. Ahora hay que ganar los dos \u00faltimos encuentros porque esto no se termina ac\u00e1, la Tabla Anual sigue siendo el objetivo carbonero. Como dice el t\u00edtulo, s\u00f3lo un equipo en la cancha, s\u00f3lo una hinchada en el Estadio.<\/p>\n<p style=\"text-align: justify;\"><span style=\"color: #ffcc02;\"><strong>Detalles<\/strong><\/span><\/p>\n<p style=\"text-align: justify;\"><span><strong>Nacional 2-1 PE\u00d1AROL<\/strong><\/span><\/p>\n<p style=\"text-align: justify;\"><strong>Cancha:<\/strong>\u00a0Estadio Centenario.\u00a0<strong>Jueces:<\/strong>\u00a0Dar\u00edo Ubriaco, Pablo Fandi\u00f1o y Jos\u00e9 Villalba.<\/p>\n<p style=\"text-align: justify;\"><strong>NACIONAL:<\/strong>\u00a0<strong>Rodrigo Mu\u00f1oz; Christian N\u00fa\u00f1ez, Jadson Viera, Alexis Rol\u00edn, Darwin Torres; Mat\u00edas Cabrera, Facundo P\u00edriz (61&#8242;\u00a0<\/strong><span>Renato C\u00e9sar)<\/span><strong>, Maximiliano Calzada, Math\u00edas Abero (46&#8242;\u00a0<\/strong><span>Alvaro Recoba)<\/span><strong>; Mat\u00edas Sosa (46&#8242;\u00a0<\/strong><span>Gonzalo Bueno)<\/span><strong>\u00a0y Alexander Medina.<\/strong><strong>\u00a0Director t\u00e9cnico:\u00a0<\/strong><strong>Marcelo Gallardo.\u00a0<\/strong><strong>Suplentes:<\/strong>\u00a0Leonardo Buri\u00e1n, Gabriel Marques, Mat\u00edas Vecino, Joaqu\u00edn Boghossian.<\/p>\n<p style=\"text-align: justify;\"><strong>PE\u00d1AROL:\u00a0<\/strong><strong>Fabi\u00e1n\u00a0<\/strong>Carini; Sebasti\u00e1n Rosano, Alejandro Gonz\u00e1lez, Carlos Valdez, Dar\u00edo Rodr\u00edguez; Edison Torres, Nicol\u00e1s Freitas, Walter L\u00f3pez (71&#8242;\u00a0<span>Facundo Guich\u00f3n)<\/span>; Pedro; Maximiliano P\u00e9rez (<span>78&#8242; Jorge Zambrana)<\/span>\u00a0y Santiago Silva (58&#8242;\u00a0<span>Adri\u00e1n Gunino)<\/span>.\u00a0<strong>Director t\u00e9cnico:<\/strong>\u00a0Gregorio P\u00e9rez.\u00a0<strong>Suplentes:\u00a0<\/strong>Jorge Fleitas, Gerardo Alcoba, Emiliano Alb\u00edn, Mauro Guevgeozian.<\/p>\n<p style=\"text-align: justify;\"><strong>GOLES:<\/strong>\u00a060&#8242; Sebasti\u00e1n Rosano (P), 63&#8242; Gonzalo Bueno (N), 90&#8242; Alvaro Recoba (N) de penal.<\/p>\n<p style=\"text-align: justify;\"><strong>Tarjeta roja:<\/strong>\u00a088&#8242; Jadson Viera (N).<\/p>\n<p style=\"text-align: justify;\"><strong>Tarjetas amarillas<\/strong>: 38&#8242; Alexis Rol\u00edn (N), 44&#8242; Math\u00edas Abero (N) y Walter L\u00f3pez (P), 52&#8242; Edison Torres (P), 82&#8242; Jadson Viera (N), 84&#8242; Carlos Valdez (P), 85&#8242; Darwin Torres (N), 86&#8242; Mat\u00edas Cabrera (N), 90&#8242; Alvaro Recoba (N).<\/p>\n","protected":false},"excerpt":{"rendered":"<p>Una tribuna y media cant\u00f3 m\u00e1s que dos tribunas y media. Tuvo que llegar un penal a los 90 minutos de juego para que los de enfrente se animaran. La fiesta en las tribunas fue carbonera de principio a fin y la Barra Amsterdam dej\u00f3 todo en el partido. Qued\u00f3 demostrado que a pesar de [&hellip;]<\/p>\n","protected":false},"author":13,"featured_media":9356,"comment_status":"open","ping_status":"closed","sticky":false,"template":"","format":"standard","meta":{"footnotes":""},"categories":[13],"tags":[88],"yoast_head":"<!-- This site is optimized with the Yoast SEO plugin v23.2 - https:\/\/yoast.com\/wordpress\/plugins\/seo\/ -->\n<title>Un equipo en la cancha, una hinchada en el Estadio - Padre y Decano - El Sitio del Pueblo<\/title>\n<meta name=\"robots\" content=\"index, follow, max-snippet:-1, max-image-preview:large, max-video-preview:-1\" \/>\n<link rel=\"canonical\" href=\"https:\/\/www.padreydecano.com\/cms\/partidos\/solo-un-equipo-en-la-cancha-solo-una-hinchada-en-el-estadio\/\" \/>\n<meta property=\"og:locale\" content=\"es_ES\" \/>\n<meta property=\"og:type\" content=\"article\" \/>\n<meta property=\"og:title\" content=\"Un equipo en la cancha, una hinchada en el Estadio - Padre y Decano - El Sitio del Pueblo\" \/>\n<meta property=\"og:description\" content=\"Una tribuna y media cant\u00f3 m\u00e1s que dos tribunas y media. Tuvo que llegar un penal a los 90 minutos de juego para que los de enfrente se animaran. La fiesta en las tribunas fue carbonera de principio a fin y la Barra Amsterdam dej\u00f3 todo en el partido. Qued\u00f3 demostrado que a pesar de [&hellip;]\" \/>\n<meta property=\"og:url\" content=\"https:\/\/www.padreydecano.com\/cms\/partidos\/solo-un-equipo-en-la-cancha-solo-una-hinchada-en-el-estadio\/\" \/>\n<meta property=\"og:site_name\" content=\"Padre y Decano - El Sitio del Pueblo\" \/>\n<meta property=\"article:published_time\" content=\"2011-11-20T22:54:06+00:00\" \/>\n<meta property=\"article:modified_time\" content=\"2012-06-08T03:56:51+00:00\" \/>\n<meta property=\"og:image\" content=\"https:\/\/www.padreydecano.com\/cms\/wp-content\/uploads\/2011\/11\/sliderclasicoapertura.jpg\" \/>\n\t<meta property=\"og:image:width\" content=\"646\" \/>\n\t<meta property=\"og:image:height\" content=\"259\" \/>\n\t<meta property=\"og:image:type\" content=\"image\/jpeg\" \/>\n<meta name=\"author\" content=\"Moderador\" \/>\n<meta name=\"twitter:card\" content=\"summary_large_image\" \/>\n<meta name=\"twitter:label1\" content=\"Escrito por\" \/>\n\t<meta name=\"twitter:data1\" content=\"Moderador\" \/>\n\t<meta name=\"twitter:label2\" content=\"Tiempo de lectura\" \/>\n\t<meta name=\"twitter:data2\" content=\"3 minutos\" \/>\n<script type=\"application\/ld+json\" class=\"yoast-schema-graph\">{\"@context\":\"https:\/\/schema.org\",\"@graph\":[{\"@type\":\"Article\",\"@id\":\"https:\/\/www.padreydecano.com\/cms\/partidos\/solo-un-equipo-en-la-cancha-solo-una-hinchada-en-el-estadio\/#article\",\"isPartOf\":{\"@id\":\"https:\/\/www.padreydecano.com\/cms\/partidos\/solo-un-equipo-en-la-cancha-solo-una-hinchada-en-el-estadio\/\"},\"author\":{\"name\":\"Moderador\",\"@id\":\"https:\/\/www.padreydecano.com\/cms\/#\/schema\/person\/d93e9e537230ae052c194251d9a1def2\"},\"headline\":\"Un equipo en la cancha, una hinchada en el Estadio\",\"datePublished\":\"2011-11-20T22:54:06+00:00\",\"dateModified\":\"2012-06-08T03:56:51+00:00\",\"mainEntityOfPage\":{\"@id\":\"https:\/\/www.padreydecano.com\/cms\/partidos\/solo-un-equipo-en-la-cancha-solo-una-hinchada-en-el-estadio\/\"},\"wordCount\":658,\"commentCount\":45,\"publisher\":{\"@id\":\"https:\/\/www.padreydecano.com\/cms\/#organization\"},\"image\":{\"@id\":\"https:\/\/www.padreydecano.com\/cms\/partidos\/solo-un-equipo-en-la-cancha-solo-una-hinchada-en-el-estadio\/#primaryimage\"},\"thumbnailUrl\":\"https:\/\/www.padreydecano.com\/cms\/wp-content\/uploads\/2011\/11\/sliderclasicoapertura.jpg\",\"keywords\":[\"Torneo Apertura 2011\"],\"articleSection\":[\"Partidos\"],\"inLanguage\":\"es\",\"potentialAction\":[{\"@type\":\"CommentAction\",\"name\":\"Comment\",\"target\":[\"https:\/\/www.padreydecano.com\/cms\/partidos\/solo-un-equipo-en-la-cancha-solo-una-hinchada-en-el-estadio\/#respond\"]}]},{\"@type\":\"WebPage\",\"@id\":\"https:\/\/www.padreydecano.com\/cms\/partidos\/solo-un-equipo-en-la-cancha-solo-una-hinchada-en-el-estadio\/\",\"url\":\"https:\/\/www.padreydecano.com\/cms\/partidos\/solo-un-equipo-en-la-cancha-solo-una-hinchada-en-el-estadio\/\",\"name\":\"Un equipo en la cancha, una hinchada en el Estadio - Padre y Decano - El Sitio del Pueblo\",\"isPartOf\":{\"@id\":\"https:\/\/www.padreydecano.com\/cms\/#website\"},\"primaryImageOfPage\":{\"@id\":\"https:\/\/www.padreydecano.com\/cms\/partidos\/solo-un-equipo-en-la-cancha-solo-una-hinchada-en-el-estadio\/#primaryimage\"},\"image\":{\"@id\":\"https:\/\/www.padreydecano.com\/cms\/partidos\/solo-un-equipo-en-la-cancha-solo-una-hinchada-en-el-estadio\/#primaryimage\"},\"thumbnailUrl\":\"https:\/\/www.padreydecano.com\/cms\/wp-content\/uploads\/2011\/11\/sliderclasicoapertura.jpg\",\"datePublished\":\"2011-11-20T22:54:06+00:00\",\"dateModified\":\"2012-06-08T03:56:51+00:00\",\"breadcrumb\":{\"@id\":\"https:\/\/www.padreydecano.com\/cms\/partidos\/solo-un-equipo-en-la-cancha-solo-una-hinchada-en-el-estadio\/#breadcrumb\"},\"inLanguage\":\"es\",\"potentialAction\":[{\"@type\":\"ReadAction\",\"target\":[\"https:\/\/www.padreydecano.com\/cms\/partidos\/solo-un-equipo-en-la-cancha-solo-una-hinchada-en-el-estadio\/\"]}]},{\"@type\":\"ImageObject\",\"inLanguage\":\"es\",\"@id\":\"https:\/\/www.padreydecano.com\/cms\/partidos\/solo-un-equipo-en-la-cancha-solo-una-hinchada-en-el-estadio\/#primaryimage\",\"url\":\"https:\/\/www.padreydecano.com\/cms\/wp-content\/uploads\/2011\/11\/sliderclasicoapertura.jpg\",\"contentUrl\":\"https:\/\/www.padreydecano.com\/cms\/wp-content\/uploads\/2011\/11\/sliderclasicoapertura.jpg\",\"width\":\"646\",\"height\":\"259\"},{\"@type\":\"BreadcrumbList\",\"@id\":\"https:\/\/www.padreydecano.com\/cms\/partidos\/solo-un-equipo-en-la-cancha-solo-una-hinchada-en-el-estadio\/#breadcrumb\",\"itemListElement\":[{\"@type\":\"ListItem\",\"position\":1,\"name\":\"Portada\",\"item\":\"https:\/\/www.padreydecano.com\/cms\/\"},{\"@type\":\"ListItem\",\"position\":2,\"name\":\"Un equipo en la cancha, una hinchada en el Estadio\"}]},{\"@type\":\"WebSite\",\"@id\":\"https:\/\/www.padreydecano.com\/cms\/#website\",\"url\":\"https:\/\/www.padreydecano.com\/cms\/\",\"name\":\"Padre y Decano - El Sitio del Pueblo\",\"description\":\"Club Atl\u00e9tico Pe\u00f1arol\",\"publisher\":{\"@id\":\"https:\/\/www.padreydecano.com\/cms\/#organization\"},\"potentialAction\":[{\"@type\":\"SearchAction\",\"target\":{\"@type\":\"EntryPoint\",\"urlTemplate\":\"https:\/\/www.padreydecano.com\/cms\/?s={search_term_string}\"},\"query-input\":\"required name=search_term_string\"}],\"inLanguage\":\"es\"},{\"@type\":\"Organization\",\"@id\":\"https:\/\/www.padreydecano.com\/cms\/#organization\",\"name\":\"Padre y Decano\",\"url\":\"https:\/\/www.padreydecano.com\/cms\/\",\"logo\":{\"@type\":\"ImageObject\",\"inLanguage\":\"es\",\"@id\":\"https:\/\/www.padreydecano.com\/cms\/#\/schema\/logo\/image\/\",\"url\":\"https:\/\/www.padreydecano.com\/cms\/wp-content\/uploads\/2022\/01\/avatar-square.png\",\"contentUrl\":\"https:\/\/www.padreydecano.com\/cms\/wp-content\/uploads\/2022\/01\/avatar-square.png\",\"width\":1500,\"height\":1500,\"caption\":\"Padre y Decano\"},\"image\":{\"@id\":\"https:\/\/www.padreydecano.com\/cms\/#\/schema\/logo\/image\/\"}},{\"@type\":\"Person\",\"@id\":\"https:\/\/www.padreydecano.com\/cms\/#\/schema\/person\/d93e9e537230ae052c194251d9a1def2\",\"name\":\"Moderador\",\"image\":{\"@type\":\"ImageObject\",\"inLanguage\":\"es\",\"@id\":\"https:\/\/www.padreydecano.com\/cms\/#\/schema\/person\/image\/\",\"url\":\"https:\/\/secure.gravatar.com\/avatar\/2587727bf8a53bd3da4ec49f01bea66e?s=96&d=https%3A%2F%2Fpadreydecano.com%2Fcms%2Fwp-content%2Fthemes%2Fpyd-theme%2Fimg%2Fdefault-avatar.png&r=g\",\"contentUrl\":\"https:\/\/secure.gravatar.com\/avatar\/2587727bf8a53bd3da4ec49f01bea66e?s=96&d=https%3A%2F%2Fpadreydecano.com%2Fcms%2Fwp-content%2Fthemes%2Fpyd-theme%2Fimg%2Fdefault-avatar.png&r=g\",\"caption\":\"Moderador\"}}]}<\/script>\n<!-- \/ Yoast SEO plugin. -->","yoast_head_json":{"title":"Un equipo en la cancha, una hinchada en el Estadio - Padre y Decano - El Sitio del Pueblo","robots":{"index":"index","follow":"follow","max-snippet":"max-snippet:-1","max-image-preview":"max-image-preview:large","max-video-preview":"max-video-preview:-1"},"canonical":"https:\/\/www.padreydecano.com\/cms\/partidos\/solo-un-equipo-en-la-cancha-solo-una-hinchada-en-el-estadio\/","og_locale":"es_ES","og_type":"article","og_title":"Un equipo en la cancha, una hinchada en el Estadio - Padre y Decano - El Sitio del Pueblo","og_description":"Una tribuna y media cant\u00f3 m\u00e1s que dos tribunas y media. Tuvo que llegar un penal a los 90 minutos de juego para que los de enfrente se animaran. La fiesta en las tribunas fue carbonera de principio a fin y la Barra Amsterdam dej\u00f3 todo en el partido. Qued\u00f3 demostrado que a pesar de [&hellip;]","og_url":"https:\/\/www.padreydecano.com\/cms\/partidos\/solo-un-equipo-en-la-cancha-solo-una-hinchada-en-el-estadio\/","og_site_name":"Padre y Decano - El Sitio del Pueblo","article_published_time":"2011-11-20T22:54:06+00:00","article_modified_time":"2012-06-08T03:56:51+00:00","og_image":[{"width":646,"height":259,"url":"https:\/\/www.padreydecano.com\/cms\/wp-content\/uploads\/2011\/11\/sliderclasicoapertura.jpg","type":"image\/jpeg"}],"author":"Moderador","twitter_card":"summary_large_image","twitter_misc":{"Escrito por":"Moderador","Tiempo de lectura":"3 minutos"},"schema":{"@context":"https:\/\/schema.org","@graph":[{"@type":"Article","@id":"https:\/\/www.padreydecano.com\/cms\/partidos\/solo-un-equipo-en-la-cancha-solo-una-hinchada-en-el-estadio\/#article","isPartOf":{"@id":"https:\/\/www.padreydecano.com\/cms\/partidos\/solo-un-equipo-en-la-cancha-solo-una-hinchada-en-el-estadio\/"},"author":{"name":"Moderador","@id":"https:\/\/www.padreydecano.com\/cms\/#\/schema\/person\/d93e9e537230ae052c194251d9a1def2"},"headline":"Un equipo en la cancha, una hinchada en el Estadio","datePublished":"2011-11-20T22:54:06+00:00","dateModified":"2012-06-08T03:56:51+00:00","mainEntityOfPage":{"@id":"https:\/\/www.padreydecano.com\/cms\/partidos\/solo-un-equipo-en-la-cancha-solo-una-hinchada-en-el-estadio\/"},"wordCount":658,"commentCount":45,"publisher":{"@id":"https:\/\/www.padreydecano.com\/cms\/#organization"},"image":{"@id":"https:\/\/www.padreydecano.com\/cms\/partidos\/solo-un-equipo-en-la-cancha-solo-una-hinchada-en-el-estadio\/#primaryimage"},"thumbnailUrl":"https:\/\/www.padreydecano.com\/cms\/wp-content\/uploads\/2011\/11\/sliderclasicoapertura.jpg","keywords":["Torneo Apertura 2011"],"articleSection":["Partidos"],"inLanguage":"es","potentialAction":[{"@type":"CommentAction","name":"Comment","target":["https:\/\/www.padreydecano.com\/cms\/partidos\/solo-un-equipo-en-la-cancha-solo-una-hinchada-en-el-estadio\/#respond"]}]},{"@type":"WebPage","@id":"https:\/\/www.padreydecano.com\/cms\/partidos\/solo-un-equipo-en-la-cancha-solo-una-hinchada-en-el-estadio\/","url":"https:\/\/www.padreydecano.com\/cms\/partidos\/solo-un-equipo-en-la-cancha-solo-una-hinchada-en-el-estadio\/","name":"Un equipo en la cancha, una hinchada en el Estadio - Padre y Decano - El Sitio del Pueblo","isPartOf":{"@id":"https:\/\/www.padreydecano.com\/cms\/#website"},"primaryImageOfPage":{"@id":"https:\/\/www.padreydecano.com\/cms\/partidos\/solo-un-equipo-en-la-cancha-solo-una-hinchada-en-el-estadio\/#primaryimage"},"image":{"@id":"https:\/\/www.padreydecano.com\/cms\/partidos\/solo-un-equipo-en-la-cancha-solo-una-hinchada-en-el-estadio\/#primaryimage"},"thumbnailUrl":"https:\/\/www.padreydecano.com\/cms\/wp-content\/uploads\/2011\/11\/sliderclasicoapertura.jpg","datePublished":"2011-11-20T22:54:06+00:00","dateModified":"2012-06-08T03:56:51+00:00","breadcrumb":{"@id":"https:\/\/www.padreydecano.com\/cms\/partidos\/solo-un-equipo-en-la-cancha-solo-una-hinchada-en-el-estadio\/#breadcrumb"},"inLanguage":"es","potentialAction":[{"@type":"ReadAction","target":["https:\/\/www.padreydecano.com\/cms\/partidos\/solo-un-equipo-en-la-cancha-solo-una-hinchada-en-el-estadio\/"]}]},{"@type":"ImageObject","inLanguage":"es","@id":"https:\/\/www.padreydecano.com\/cms\/partidos\/solo-un-equipo-en-la-cancha-solo-una-hinchada-en-el-estadio\/#primaryimage","url":"https:\/\/www.padreydecano.com\/cms\/wp-content\/uploads\/2011\/11\/sliderclasicoapertura.jpg","contentUrl":"https:\/\/www.padreydecano.com\/cms\/wp-content\/uploads\/2011\/11\/sliderclasicoapertura.jpg","width":"646","height":"259"},{"@type":"BreadcrumbList","@id":"https:\/\/www.padreydecano.com\/cms\/partidos\/solo-un-equipo-en-la-cancha-solo-una-hinchada-en-el-estadio\/#breadcrumb","itemListElement":[{"@type":"ListItem","position":1,"name":"Portada","item":"https:\/\/www.padreydecano.com\/cms\/"},{"@type":"ListItem","position":2,"name":"Un equipo en la cancha, una hinchada en el Estadio"}]},{"@type":"WebSite","@id":"https:\/\/www.padreydecano.com\/cms\/#website","url":"https:\/\/www.padreydecano.com\/cms\/","name":"Padre y Decano - El Sitio del Pueblo","description":"Club Atl\u00e9tico Pe\u00f1arol","publisher":{"@id":"https:\/\/www.padreydecano.com\/cms\/#organization"},"potentialAction":[{"@type":"SearchAction","target":{"@type":"EntryPoint","urlTemplate":"https:\/\/www.padreydecano.com\/cms\/?s={search_term_string}"},"query-input":"required name=search_term_string"}],"inLanguage":"es"},{"@type":"Organization","@id":"https:\/\/www.padreydecano.com\/cms\/#organization","name":"Padre y Decano","url":"https:\/\/www.padreydecano.com\/cms\/","logo":{"@type":"ImageObject","inLanguage":"es","@id":"https:\/\/www.padreydecano.com\/cms\/#\/schema\/logo\/image\/","url":"https:\/\/www.padreydecano.com\/cms\/wp-content\/uploads\/2022\/01\/avatar-square.png","contentUrl":"https:\/\/www.padreydecano.com\/cms\/wp-content\/uploads\/2022\/01\/avatar-square.png","width":1500,"height":1500,"caption":"Padre y Decano"},"image":{"@id":"https:\/\/www.padreydecano.com\/cms\/#\/schema\/logo\/image\/"}},{"@type":"Person","@id":"https:\/\/www.padreydecano.com\/cms\/#\/schema\/person\/d93e9e537230ae052c194251d9a1def2","name":"Moderador","image":{"@type":"ImageObject","inLanguage":"es","@id":"https:\/\/www.padreydecano.com\/cms\/#\/schema\/person\/image\/","url":"https:\/\/secure.gravatar.com\/avatar\/2587727bf8a53bd3da4ec49f01bea66e?s=96&d=https%3A%2F%2Fpadreydecano.com%2Fcms%2Fwp-content%2Fthemes%2Fpyd-theme%2Fimg%2Fdefault-avatar.png&r=g","contentUrl":"https:\/\/secure.gravatar.com\/avatar\/2587727bf8a53bd3da4ec49f01bea66e?s=96&d=https%3A%2F%2Fpadreydecano.com%2Fcms%2Fwp-content%2Fthemes%2Fpyd-theme%2Fimg%2Fdefault-avatar.png&r=g","caption":"Moderador"}}]}},"_links":{"self":[{"href":"https:\/\/www.padreydecano.com\/cms\/wp-json\/wp\/v2\/posts\/9354"}],"collection":[{"href":"https:\/\/www.padreydecano.com\/cms\/wp-json\/wp\/v2\/posts"}],"about":[{"href":"https:\/\/www.padreydecano.com\/cms\/wp-json\/wp\/v2\/types\/post"}],"author":[{"embeddable":true,"href":"https:\/\/www.padreydecano.com\/cms\/wp-json\/wp\/v2\/users\/13"}],"replies":[{"embeddable":true,"href":"https:\/\/www.padreydecano.com\/cms\/wp-json\/wp\/v2\/comments?post=9354"}],"version-history":[{"count":0,"href":"https:\/\/www.padreydecano.com\/cms\/wp-json\/wp\/v2\/posts\/9354\/revisions"}],"wp:featuredmedia":[{"embeddable":true,"href":"https:\/\/www.padreydecano.com\/cms\/wp-json\/wp\/v2\/media\/9356"}],"wp:attachment":[{"href":"https:\/\/www.padreydecano.com\/cms\/wp-json\/wp\/v2\/media?parent=9354"}],"wp:term":[{"taxonomy":"category","embeddable":true,"href":"https:\/\/www.padreydecano.com\/cms\/wp-json\/wp\/v2\/categories?post=9354"},{"taxonomy":"post_tag","embeddable":true,"href":"https:\/\/www.padreydecano.com\/cms\/wp-json\/wp\/v2\/tags?post=9354"}],"curies":[{"name":"wp","href":"https:\/\/api.w.org\/{rel}","templated":true}]}}