{"id":8947,"date":"2011-11-16T18:00:45","date_gmt":"2011-11-16T20:00:45","guid":{"rendered":"http:\/\/www.padreydecano.com\/cms\/?p=8947"},"modified":"2011-11-23T23:17:51","modified_gmt":"2011-11-24T01:17:51","slug":"nacional-arregla-campeonatos","status":"publish","type":"post","link":"https:\/\/www.padreydecano.com\/cms\/columnas\/nacional-arregla-campeonatos\/","title":{"rendered":"La cocina (peluquer\u00eda) de campeonatos"},"content":{"rendered":"<p style=\"text-align: justify;\"><img loading=\"lazy\" decoding=\"async\" class=\"size-medium wp-image-8962 alignright\" src=\"https:\/\/www.padreydecano.com\/cms\/wp-content\/uploads\/2011\/11\/barberia-en-cuba-242x300.jpg\" alt=\"\" width=\"145\" height=\"180\" srcset=\"https:\/\/www.padreydecano.com\/cms\/wp-content\/uploads\/2011\/11\/barberia-en-cuba-242x300.jpg 242w, https:\/\/www.padreydecano.com\/cms\/wp-content\/uploads\/2011\/11\/barberia-en-cuba.jpg 325w\" sizes=\"(max-width: 145px) 100vw, 145px\" \/>En este \u00faltimo tiempo palabras y frases como \u00e9tica, honestidad, el bien del f\u00fatbol, cultura, entre otras, han sonado constantemente, casi que transform\u00e1ndose en un clich\u00e9 bastante rid\u00edculo y agotador para el hincha. En el d\u00eda de hoy te contamos una historia que muchos tal vez no sepan, y que se remite al a\u00f1o posterior al Quinquenio del tradicional rival, lo cual deja un manto de dudas y sospechas en la forma en que ese club obtuvo cinco a\u00f1os seguidos el campeonato local.<\/p>\n<p style=\"text-align: justify;\">Sin hacer demasiado pre\u00e1mbulo, citamos a continuaci\u00f3n un cap\u00edtulo dentro del libro <em>Memorias de la Pelota<\/em>, del prestigioso periodista Alfredo Etchandy, quien a pesar de ser confeso hincha de Pe\u00f1arol, siempre se lo ha destacado por su imparcialidad y objetividad a la hora de brindar su opini\u00f3n a las diferentes audiencias.<\/p>\n<p style=\"text-align: justify;\">Soborno en el f\u00fatbol\u2026<br \/>\n<strong>LA DENUNCIA DE SAGASTUME<\/strong><\/p>\n<p style=\"text-align: justify;\">Sucedi\u00f3 en 1944 y caus\u00f3 una verdadera conmoci\u00f3n en el f\u00fatbol uruguayo. El lateral de Montevideo Wanderers, Julio Sagastume, <strong>denunci\u00f3 un intento de soborno<\/strong> y puso en marcha una serie de consecuencias l\u00f3gicas ante la gravedad de la informaci\u00f3n.<\/p>\n<p style=\"text-align: justify;\">El jugador declar\u00f3 que Roberto Pissoni Rivero, a quien conoc\u00eda de una <strong>peluquer\u00eda de la Avda. 8 de Octubre,<\/strong> lo encontr\u00f3 en un caf\u00e9 de la Curva de Maro\u00f1as y le solicit\u00f3 para hablarle en privado. All\u00ed, <strong>le ofreci\u00f3 de parte de hinchas de Nacional la suma de quinientos pesos para que su desempe\u00f1o no ofreciera obst\u00e1culos para el triunfo tricolor en el partido con los bohemios<\/strong>.<\/p>\n<p style=\"text-align: justify;\">Ante ello, el futbolista advirti\u00f3 a los dirigentes y se realiz\u00f3 la denuncia policial, concurriendo a una segunda cita con la compa\u00f1\u00eda de dos funcionarios de investigaciones a efectos de comprobar el ofrecimiento. Una vez que se logr\u00f3 el objetivo, Pissoni fue detenido y luego de un extenso interrogatorio, sostuvo que <strong>actuaba de parte de Juan Novaro, Gerente del Club Nacional de Football<\/strong>, quien tambi\u00e9n fue detenido. Dicha persona acept\u00f3 lo ocurrido y dijo que lo hac\u00eda por amor a su instituci\u00f3n, pero en forma personal, soslayando cualquier participaci\u00f3n de los dirigentes albos.<\/p>\n<p style=\"text-align: justify;\">Ante el giro de los hechos y distintas denuncias recibidas sobre casos anteriores con apuestas incluidas, se realiz\u00f3 una profunda investigaci\u00f3n policial para esclarecer esos episodios, pero a pesar de la detenci\u00f3n de varias personas no se pudo comprobar la relaci\u00f3n de los involucrados en esta situaci\u00f3n con los sucesos ocurridos en el pasado.<\/p>\n<p style=\"text-align: justify;\">Mientras los imputados fueron puestos a disposici\u00f3n de la justicia, el Presidente de Nacional, Dr. Rodolfo Gorriti, se mostr\u00f3 apesadumbrado por la situaci\u00f3n repudiando la misma. La Comisi\u00f3n Directiva hizo una declaraci\u00f3n p\u00fablica con la siguiente resoluci\u00f3n: \u201c1\u00ba) Suspender hasta tanto se aclaren en todos sus detalles los sucesos acaecidos, al Gerente de la Instituci\u00f3n. 2\u00ba) Hacer p\u00fablica declaraci\u00f3n de su repudio a la actuaci\u00f3n que haya cabido a las personas participantes de este desgraciado episodio que envuelve a la Instituci\u00f3n. 3\u00ba) Ponerse enteramente a disposici\u00f3n de la Asociaci\u00f3n Uruguaya de Football a los efectos que juzgue conveniente. Montevideo, setiembre 16 de 1944. Firmado Rodolfo Gorriti, presidente. Santiago Acu\u00f1a Possolo, secretario\u201d<\/p>\n<p style=\"text-align: justify;\">Un hecho triste que se hizo p\u00fablico gracias a la honestidad y valent\u00eda de Julio Sagastume que efectu\u00f3 la denuncia del caso. Muchas veces se habl\u00f3 de la existencia de este tipo de situaciones pero en pocas ocasiones se lleg\u00f3 a la comprobaci\u00f3n de las mismas. En esta oportunidad, todos conocieron los sucesos por la amplia cobertura period\u00edstica y los involucrados resultaron desenmascarados, quedando a la disposici\u00f3n de la justicia competente.<\/p>\n<p style=\"text-align: right;\"><em>\u00abLa Cultura Nacional que pregonan los dirigentes de Nacional, es una mentira\u00bb<\/em><br \/>\nJos\u00e9 Luis Palma, presidente de Liverpool.<\/p>\n<p style=\"text-align: right;\"><em>\u201cNo vengan con eso de Cultura Nacional. No existe\u201d.<\/em><br \/>\nHugo De Le\u00f3n. Gloria de ellos.<\/p>\n<p style=\"text-align: center;\"><a href=\"https:\/\/www.padreydecano.com\/cms\/wp-content\/uploads\/2011\/11\/hugodeleon.jpg\" rel=\"shadowbox[sbpost-8947];player=img;\"><img loading=\"lazy\" decoding=\"async\" class=\"aligncenter size-medium wp-image-8949\" src=\"https:\/\/www.padreydecano.com\/cms\/wp-content\/uploads\/2011\/11\/hugodeleon-300x166.jpg\" alt=\"\" width=\"300\" height=\"166\" srcset=\"https:\/\/www.padreydecano.com\/cms\/wp-content\/uploads\/2011\/11\/hugodeleon-300x166.jpg 300w, https:\/\/www.padreydecano.com\/cms\/wp-content\/uploads\/2011\/11\/hugodeleon.jpg 318w\" sizes=\"(max-width: 300px) 100vw, 300px\" \/><\/a><\/p>\n<p style=\"text-align: justify;\">Como dice un gran amigo, \u201cno se deje enga\u00f1ar, en casa se lo van a agradecer\u201d. Nosotros te seguiremos contando <a href=\"https:\/\/www.padreydecano.com\/cms\/tag\/la-verdad-de-la-milanesa\/\" target=\"_blank\">La Verdad de la Milanesa<\/a>.<\/p>\n<p><a href=\"https:\/\/www.padreydecano.com\/cms\/tag\/la-verdad-de-la-milanesa\/\"><img decoding=\"async\" class=\"alignright foto-sin-formato\" src=\"https:\/\/www.padreydecano.com\/cms\/wp-users-files\/autor-columna\/milanesa.jpg\" alt=\"\" \/><\/a><\/p>\n","protected":false},"excerpt":{"rendered":"<p>En este \u00faltimo tiempo palabras y frases como \u00e9tica, honestidad, el bien del f\u00fatbol, cultura, entre otras, han sonado constantemente, casi que transform\u00e1ndose en un clich\u00e9 bastante rid\u00edculo y agotador para el hincha. En el d\u00eda de hoy te contamos una historia que muchos tal vez no sepan, y que se remite al a\u00f1o posterior [&hellip;]<\/p>\n","protected":false},"author":13,"featured_media":8948,"comment_status":"open","ping_status":"closed","sticky":false,"template":"","format":"standard","meta":{"footnotes":""},"categories":[28],"tags":[48],"yoast_head":"<!-- This site is optimized with the Yoast SEO plugin v23.2 - https:\/\/yoast.com\/wordpress\/plugins\/seo\/ -->\n<title>La cocina (peluquer\u00eda) de campeonatos - Padre y Decano - El Sitio del Pueblo<\/title>\n<meta name=\"robots\" content=\"index, follow, max-snippet:-1, max-image-preview:large, max-video-preview:-1\" \/>\n<link rel=\"canonical\" href=\"https:\/\/www.padreydecano.com\/cms\/columnas\/nacional-arregla-campeonatos\/\" \/>\n<meta property=\"og:locale\" content=\"es_ES\" \/>\n<meta property=\"og:type\" content=\"article\" \/>\n<meta property=\"og:title\" content=\"La cocina (peluquer\u00eda) de campeonatos - Padre y Decano - El Sitio del Pueblo\" \/>\n<meta property=\"og:description\" content=\"En este \u00faltimo tiempo palabras y frases como \u00e9tica, honestidad, el bien del f\u00fatbol, cultura, entre otras, han sonado constantemente, casi que transform\u00e1ndose en un clich\u00e9 bastante rid\u00edculo y agotador para el hincha. En el d\u00eda de hoy te contamos una historia que muchos tal vez no sepan, y que se remite al a\u00f1o posterior [&hellip;]\" \/>\n<meta property=\"og:url\" content=\"https:\/\/www.padreydecano.com\/cms\/columnas\/nacional-arregla-campeonatos\/\" \/>\n<meta property=\"og:site_name\" content=\"Padre y Decano - El Sitio del Pueblo\" \/>\n<meta property=\"article:published_time\" content=\"2011-11-16T20:00:45+00:00\" \/>\n<meta property=\"article:modified_time\" content=\"2011-11-24T01:17:51+00:00\" \/>\n<meta property=\"og:image\" content=\"https:\/\/www.padreydecano.com\/cms\/wp-content\/uploads\/2011\/11\/soborno.jpg\" \/>\n\t<meta property=\"og:image:width\" content=\"300\" \/>\n\t<meta property=\"og:image:height\" content=\"350\" \/>\n\t<meta property=\"og:image:type\" content=\"image\/jpeg\" \/>\n<meta name=\"author\" content=\"Moderador\" \/>\n<meta name=\"twitter:card\" content=\"summary_large_image\" \/>\n<meta name=\"twitter:label1\" content=\"Escrito por\" \/>\n\t<meta name=\"twitter:data1\" content=\"Moderador\" \/>\n\t<meta name=\"twitter:label2\" content=\"Tiempo de lectura\" \/>\n\t<meta name=\"twitter:data2\" content=\"3 minutos\" \/>\n<script type=\"application\/ld+json\" class=\"yoast-schema-graph\">{\"@context\":\"https:\/\/schema.org\",\"@graph\":[{\"@type\":\"Article\",\"@id\":\"https:\/\/www.padreydecano.com\/cms\/columnas\/nacional-arregla-campeonatos\/#article\",\"isPartOf\":{\"@id\":\"https:\/\/www.padreydecano.com\/cms\/columnas\/nacional-arregla-campeonatos\/\"},\"author\":{\"name\":\"Moderador\",\"@id\":\"https:\/\/www.padreydecano.com\/cms\/#\/schema\/person\/d93e9e537230ae052c194251d9a1def2\"},\"headline\":\"La cocina (peluquer\u00eda) de campeonatos\",\"datePublished\":\"2011-11-16T20:00:45+00:00\",\"dateModified\":\"2011-11-24T01:17:51+00:00\",\"mainEntityOfPage\":{\"@id\":\"https:\/\/www.padreydecano.com\/cms\/columnas\/nacional-arregla-campeonatos\/\"},\"wordCount\":685,\"commentCount\":10,\"publisher\":{\"@id\":\"https:\/\/www.padreydecano.com\/cms\/#organization\"},\"image\":{\"@id\":\"https:\/\/www.padreydecano.com\/cms\/columnas\/nacional-arregla-campeonatos\/#primaryimage\"},\"thumbnailUrl\":\"https:\/\/www.padreydecano.com\/cms\/wp-content\/uploads\/2011\/11\/soborno.jpg\",\"keywords\":[\"La verdad de la milanesa\"],\"articleSection\":[\"Columnas\"],\"inLanguage\":\"es\",\"potentialAction\":[{\"@type\":\"CommentAction\",\"name\":\"Comment\",\"target\":[\"https:\/\/www.padreydecano.com\/cms\/columnas\/nacional-arregla-campeonatos\/#respond\"]}]},{\"@type\":\"WebPage\",\"@id\":\"https:\/\/www.padreydecano.com\/cms\/columnas\/nacional-arregla-campeonatos\/\",\"url\":\"https:\/\/www.padreydecano.com\/cms\/columnas\/nacional-arregla-campeonatos\/\",\"name\":\"La cocina (peluquer\u00eda) de campeonatos - Padre y Decano - El Sitio del Pueblo\",\"isPartOf\":{\"@id\":\"https:\/\/www.padreydecano.com\/cms\/#website\"},\"primaryImageOfPage\":{\"@id\":\"https:\/\/www.padreydecano.com\/cms\/columnas\/nacional-arregla-campeonatos\/#primaryimage\"},\"image\":{\"@id\":\"https:\/\/www.padreydecano.com\/cms\/columnas\/nacional-arregla-campeonatos\/#primaryimage\"},\"thumbnailUrl\":\"https:\/\/www.padreydecano.com\/cms\/wp-content\/uploads\/2011\/11\/soborno.jpg\",\"datePublished\":\"2011-11-16T20:00:45+00:00\",\"dateModified\":\"2011-11-24T01:17:51+00:00\",\"breadcrumb\":{\"@id\":\"https:\/\/www.padreydecano.com\/cms\/columnas\/nacional-arregla-campeonatos\/#breadcrumb\"},\"inLanguage\":\"es\",\"potentialAction\":[{\"@type\":\"ReadAction\",\"target\":[\"https:\/\/www.padreydecano.com\/cms\/columnas\/nacional-arregla-campeonatos\/\"]}]},{\"@type\":\"ImageObject\",\"inLanguage\":\"es\",\"@id\":\"https:\/\/www.padreydecano.com\/cms\/columnas\/nacional-arregla-campeonatos\/#primaryimage\",\"url\":\"https:\/\/www.padreydecano.com\/cms\/wp-content\/uploads\/2011\/11\/soborno.jpg\",\"contentUrl\":\"https:\/\/www.padreydecano.com\/cms\/wp-content\/uploads\/2011\/11\/soborno.jpg\",\"width\":\"300\",\"height\":\"350\"},{\"@type\":\"BreadcrumbList\",\"@id\":\"https:\/\/www.padreydecano.com\/cms\/columnas\/nacional-arregla-campeonatos\/#breadcrumb\",\"itemListElement\":[{\"@type\":\"ListItem\",\"position\":1,\"name\":\"Portada\",\"item\":\"https:\/\/www.padreydecano.com\/cms\/\"},{\"@type\":\"ListItem\",\"position\":2,\"name\":\"La cocina (peluquer\u00eda) de campeonatos\"}]},{\"@type\":\"WebSite\",\"@id\":\"https:\/\/www.padreydecano.com\/cms\/#website\",\"url\":\"https:\/\/www.padreydecano.com\/cms\/\",\"name\":\"Padre y Decano - El Sitio del Pueblo\",\"description\":\"Club Atl\u00e9tico Pe\u00f1arol\",\"publisher\":{\"@id\":\"https:\/\/www.padreydecano.com\/cms\/#organization\"},\"potentialAction\":[{\"@type\":\"SearchAction\",\"target\":{\"@type\":\"EntryPoint\",\"urlTemplate\":\"https:\/\/www.padreydecano.com\/cms\/?s={search_term_string}\"},\"query-input\":\"required name=search_term_string\"}],\"inLanguage\":\"es\"},{\"@type\":\"Organization\",\"@id\":\"https:\/\/www.padreydecano.com\/cms\/#organization\",\"name\":\"Padre y Decano\",\"url\":\"https:\/\/www.padreydecano.com\/cms\/\",\"logo\":{\"@type\":\"ImageObject\",\"inLanguage\":\"es\",\"@id\":\"https:\/\/www.padreydecano.com\/cms\/#\/schema\/logo\/image\/\",\"url\":\"https:\/\/www.padreydecano.com\/cms\/wp-content\/uploads\/2022\/01\/avatar-square.png\",\"contentUrl\":\"https:\/\/www.padreydecano.com\/cms\/wp-content\/uploads\/2022\/01\/avatar-square.png\",\"width\":1500,\"height\":1500,\"caption\":\"Padre y Decano\"},\"image\":{\"@id\":\"https:\/\/www.padreydecano.com\/cms\/#\/schema\/logo\/image\/\"}},{\"@type\":\"Person\",\"@id\":\"https:\/\/www.padreydecano.com\/cms\/#\/schema\/person\/d93e9e537230ae052c194251d9a1def2\",\"name\":\"Moderador\",\"image\":{\"@type\":\"ImageObject\",\"inLanguage\":\"es\",\"@id\":\"https:\/\/www.padreydecano.com\/cms\/#\/schema\/person\/image\/\",\"url\":\"https:\/\/secure.gravatar.com\/avatar\/2587727bf8a53bd3da4ec49f01bea66e?s=96&d=https%3A%2F%2Fpadreydecano.com%2Fcms%2Fwp-content%2Fthemes%2Fpyd-theme%2Fimg%2Fdefault-avatar.png&r=g\",\"contentUrl\":\"https:\/\/secure.gravatar.com\/avatar\/2587727bf8a53bd3da4ec49f01bea66e?s=96&d=https%3A%2F%2Fpadreydecano.com%2Fcms%2Fwp-content%2Fthemes%2Fpyd-theme%2Fimg%2Fdefault-avatar.png&r=g\",\"caption\":\"Moderador\"}}]}<\/script>\n<!-- \/ Yoast SEO plugin. -->","yoast_head_json":{"title":"La cocina (peluquer\u00eda) de campeonatos - Padre y Decano - El Sitio del Pueblo","robots":{"index":"index","follow":"follow","max-snippet":"max-snippet:-1","max-image-preview":"max-image-preview:large","max-video-preview":"max-video-preview:-1"},"canonical":"https:\/\/www.padreydecano.com\/cms\/columnas\/nacional-arregla-campeonatos\/","og_locale":"es_ES","og_type":"article","og_title":"La cocina (peluquer\u00eda) de campeonatos - Padre y Decano - El Sitio del Pueblo","og_description":"En este \u00faltimo tiempo palabras y frases como \u00e9tica, honestidad, el bien del f\u00fatbol, cultura, entre otras, han sonado constantemente, casi que transform\u00e1ndose en un clich\u00e9 bastante rid\u00edculo y agotador para el hincha. En el d\u00eda de hoy te contamos una historia que muchos tal vez no sepan, y que se remite al a\u00f1o posterior [&hellip;]","og_url":"https:\/\/www.padreydecano.com\/cms\/columnas\/nacional-arregla-campeonatos\/","og_site_name":"Padre y Decano - El Sitio del Pueblo","article_published_time":"2011-11-16T20:00:45+00:00","article_modified_time":"2011-11-24T01:17:51+00:00","og_image":[{"width":300,"height":350,"url":"https:\/\/www.padreydecano.com\/cms\/wp-content\/uploads\/2011\/11\/soborno.jpg","type":"image\/jpeg"}],"author":"Moderador","twitter_card":"summary_large_image","twitter_misc":{"Escrito por":"Moderador","Tiempo de lectura":"3 minutos"},"schema":{"@context":"https:\/\/schema.org","@graph":[{"@type":"Article","@id":"https:\/\/www.padreydecano.com\/cms\/columnas\/nacional-arregla-campeonatos\/#article","isPartOf":{"@id":"https:\/\/www.padreydecano.com\/cms\/columnas\/nacional-arregla-campeonatos\/"},"author":{"name":"Moderador","@id":"https:\/\/www.padreydecano.com\/cms\/#\/schema\/person\/d93e9e537230ae052c194251d9a1def2"},"headline":"La cocina (peluquer\u00eda) de campeonatos","datePublished":"2011-11-16T20:00:45+00:00","dateModified":"2011-11-24T01:17:51+00:00","mainEntityOfPage":{"@id":"https:\/\/www.padreydecano.com\/cms\/columnas\/nacional-arregla-campeonatos\/"},"wordCount":685,"commentCount":10,"publisher":{"@id":"https:\/\/www.padreydecano.com\/cms\/#organization"},"image":{"@id":"https:\/\/www.padreydecano.com\/cms\/columnas\/nacional-arregla-campeonatos\/#primaryimage"},"thumbnailUrl":"https:\/\/www.padreydecano.com\/cms\/wp-content\/uploads\/2011\/11\/soborno.jpg","keywords":["La verdad de la milanesa"],"articleSection":["Columnas"],"inLanguage":"es","potentialAction":[{"@type":"CommentAction","name":"Comment","target":["https:\/\/www.padreydecano.com\/cms\/columnas\/nacional-arregla-campeonatos\/#respond"]}]},{"@type":"WebPage","@id":"https:\/\/www.padreydecano.com\/cms\/columnas\/nacional-arregla-campeonatos\/","url":"https:\/\/www.padreydecano.com\/cms\/columnas\/nacional-arregla-campeonatos\/","name":"La cocina (peluquer\u00eda) de campeonatos - Padre y Decano - El Sitio del Pueblo","isPartOf":{"@id":"https:\/\/www.padreydecano.com\/cms\/#website"},"primaryImageOfPage":{"@id":"https:\/\/www.padreydecano.com\/cms\/columnas\/nacional-arregla-campeonatos\/#primaryimage"},"image":{"@id":"https:\/\/www.padreydecano.com\/cms\/columnas\/nacional-arregla-campeonatos\/#primaryimage"},"thumbnailUrl":"https:\/\/www.padreydecano.com\/cms\/wp-content\/uploads\/2011\/11\/soborno.jpg","datePublished":"2011-11-16T20:00:45+00:00","dateModified":"2011-11-24T01:17:51+00:00","breadcrumb":{"@id":"https:\/\/www.padreydecano.com\/cms\/columnas\/nacional-arregla-campeonatos\/#breadcrumb"},"inLanguage":"es","potentialAction":[{"@type":"ReadAction","target":["https:\/\/www.padreydecano.com\/cms\/columnas\/nacional-arregla-campeonatos\/"]}]},{"@type":"ImageObject","inLanguage":"es","@id":"https:\/\/www.padreydecano.com\/cms\/columnas\/nacional-arregla-campeonatos\/#primaryimage","url":"https:\/\/www.padreydecano.com\/cms\/wp-content\/uploads\/2011\/11\/soborno.jpg","contentUrl":"https:\/\/www.padreydecano.com\/cms\/wp-content\/uploads\/2011\/11\/soborno.jpg","width":"300","height":"350"},{"@type":"BreadcrumbList","@id":"https:\/\/www.padreydecano.com\/cms\/columnas\/nacional-arregla-campeonatos\/#breadcrumb","itemListElement":[{"@type":"ListItem","position":1,"name":"Portada","item":"https:\/\/www.padreydecano.com\/cms\/"},{"@type":"ListItem","position":2,"name":"La cocina (peluquer\u00eda) de campeonatos"}]},{"@type":"WebSite","@id":"https:\/\/www.padreydecano.com\/cms\/#website","url":"https:\/\/www.padreydecano.com\/cms\/","name":"Padre y Decano - El Sitio del Pueblo","description":"Club Atl\u00e9tico Pe\u00f1arol","publisher":{"@id":"https:\/\/www.padreydecano.com\/cms\/#organization"},"potentialAction":[{"@type":"SearchAction","target":{"@type":"EntryPoint","urlTemplate":"https:\/\/www.padreydecano.com\/cms\/?s={search_term_string}"},"query-input":"required name=search_term_string"}],"inLanguage":"es"},{"@type":"Organization","@id":"https:\/\/www.padreydecano.com\/cms\/#organization","name":"Padre y Decano","url":"https:\/\/www.padreydecano.com\/cms\/","logo":{"@type":"ImageObject","inLanguage":"es","@id":"https:\/\/www.padreydecano.com\/cms\/#\/schema\/logo\/image\/","url":"https:\/\/www.padreydecano.com\/cms\/wp-content\/uploads\/2022\/01\/avatar-square.png","contentUrl":"https:\/\/www.padreydecano.com\/cms\/wp-content\/uploads\/2022\/01\/avatar-square.png","width":1500,"height":1500,"caption":"Padre y Decano"},"image":{"@id":"https:\/\/www.padreydecano.com\/cms\/#\/schema\/logo\/image\/"}},{"@type":"Person","@id":"https:\/\/www.padreydecano.com\/cms\/#\/schema\/person\/d93e9e537230ae052c194251d9a1def2","name":"Moderador","image":{"@type":"ImageObject","inLanguage":"es","@id":"https:\/\/www.padreydecano.com\/cms\/#\/schema\/person\/image\/","url":"https:\/\/secure.gravatar.com\/avatar\/2587727bf8a53bd3da4ec49f01bea66e?s=96&d=https%3A%2F%2Fpadreydecano.com%2Fcms%2Fwp-content%2Fthemes%2Fpyd-theme%2Fimg%2Fdefault-avatar.png&r=g","contentUrl":"https:\/\/secure.gravatar.com\/avatar\/2587727bf8a53bd3da4ec49f01bea66e?s=96&d=https%3A%2F%2Fpadreydecano.com%2Fcms%2Fwp-content%2Fthemes%2Fpyd-theme%2Fimg%2Fdefault-avatar.png&r=g","caption":"Moderador"}}]}},"_links":{"self":[{"href":"https:\/\/www.padreydecano.com\/cms\/wp-json\/wp\/v2\/posts\/8947"}],"collection":[{"href":"https:\/\/www.padreydecano.com\/cms\/wp-json\/wp\/v2\/posts"}],"about":[{"href":"https:\/\/www.padreydecano.com\/cms\/wp-json\/wp\/v2\/types\/post"}],"author":[{"embeddable":true,"href":"https:\/\/www.padreydecano.com\/cms\/wp-json\/wp\/v2\/users\/13"}],"replies":[{"embeddable":true,"href":"https:\/\/www.padreydecano.com\/cms\/wp-json\/wp\/v2\/comments?post=8947"}],"version-history":[{"count":0,"href":"https:\/\/www.padreydecano.com\/cms\/wp-json\/wp\/v2\/posts\/8947\/revisions"}],"wp:featuredmedia":[{"embeddable":true,"href":"https:\/\/www.padreydecano.com\/cms\/wp-json\/wp\/v2\/media\/8948"}],"wp:attachment":[{"href":"https:\/\/www.padreydecano.com\/cms\/wp-json\/wp\/v2\/media?parent=8947"}],"wp:term":[{"taxonomy":"category","embeddable":true,"href":"https:\/\/www.padreydecano.com\/cms\/wp-json\/wp\/v2\/categories?post=8947"},{"taxonomy":"post_tag","embeddable":true,"href":"https:\/\/www.padreydecano.com\/cms\/wp-json\/wp\/v2\/tags?post=8947"}],"curies":[{"name":"wp","href":"https:\/\/api.w.org\/{rel}","templated":true}]}}