{"id":8703,"date":"2011-11-14T19:52:08","date_gmt":"2011-11-14T21:52:08","guid":{"rendered":"http:\/\/www.padreydecano.com\/cms\/?p=8703"},"modified":"2011-11-15T11:50:28","modified_gmt":"2011-11-15T13:50:28","slug":"ultima-semana-de-manyas-la-pelicula","status":"publish","type":"post","link":"https:\/\/www.padreydecano.com\/cms\/noticias\/ultima-semana-de-manyas-la-pelicula\/","title":{"rendered":"\u00daltima semana de \u00abManyas: La Pel\u00edcula\u00bb"},"content":{"rendered":"<p style=\"text-align: justify;\">Entramos en la \u00faltima semana de la exhibici\u00f3n de \u00abManyas: La Pel\u00edcula\u00bb y <span style=\"color: #ffcc02;\"><strong>Padre y Decano<\/strong><\/span> te invita nuevamente a que vayas a verla. Como lo hicimos desde un principio, seguimos apoyando a la primera pel\u00edcula de hinchas en el Uruguay, la decana. Si no la viste, o la quer\u00e9s volver a ver, esta semana es tu \u00faltima oportunidad.<br \/>\nAprovecha a ir al <a href=\"http:\/\/www.moviecenter.com.uy\/cine\/7509_Manyas---La-Pelicula\/\">Movie Center<\/a> est\u00e1 \u00faltima semana, emocionate una vez m\u00e1s con la pel\u00edcula de todos.<br \/>\n\u00abManyas\u00bb es la pel\u00edcula uruguaya con mayor apertura de la historia. M\u00e1s de 40.000 espectadores ya se emocionaron, ahora falt\u00e1s vos. La hinchada m\u00e1s grande del mundo, que tiene la <a title=\"La Bandera m\u00e1s Grande del Mundo\" href=\"https:\/\/www.padreydecano.com\/cms\/la-bandera-mas-grande-del-mundo\/\" target=\"_blank\">bandera m\u00e1s grande del mundo<\/a>, que supo ser la m\u00e1s seguidora en la Copa Libertadores, tambi\u00e9n demostr\u00f3 su fanatismo y fidelidad en el cine.<\/p>\n<p><strong>Horarios en la p\u00e1gina de Movie Center:<\/strong><br \/>\n<strong>Martes 15:<\/strong> 15:45 &#8211; 17:50 &#8211; 19:50 &#8211; 21:50 hs.<br \/>\n<strong>Miercoles 16:<\/strong> 15:45 &#8211; 17:50 &#8211; 19:50 &#8211; 21:50 hs.<br \/>\n<strong>Jueves 17:<\/strong> 15:45 &#8211; 17:50 &#8211; 19:50 &#8211; 21:50 hs.<\/p>\n<p>Gracias a todos por haber apoyado esta pel\u00edcula pagando una entrada de cine.<\/p>\n<p><a href=\"https:\/\/www.padreydecano.com\/cms\/wp-content\/uploads\/2011\/11\/Avisos-MANYA-La-Pel\u00edcula-\u00daltima-Semana-2.jpg\" rel=\"shadowbox[sbpost-8703];player=img;\"><img loading=\"lazy\" decoding=\"async\" class=\"aligncenter size-medium wp-image-8704\" title=\"Afiche Manyas \u00daltima Semana\" src=\"https:\/\/www.padreydecano.com\/cms\/wp-content\/uploads\/2011\/11\/Avisos-MANYA-La-Pel\u00edcula-\u00daltima-Semana-2-300x200.jpg\" alt=\"\" width=\"300\" height=\"200\" srcset=\"https:\/\/www.padreydecano.com\/cms\/wp-content\/uploads\/2011\/11\/Avisos-MANYA-La-Pel\u00edcula-\u00daltima-Semana-2-300x200.jpg 300w, https:\/\/www.padreydecano.com\/cms\/wp-content\/uploads\/2011\/11\/Avisos-MANYA-La-Pel\u00edcula-\u00daltima-Semana-2.jpg 700w\" sizes=\"(max-width: 300px) 100vw, 300px\" \/><\/a><\/p>\n","protected":false},"excerpt":{"rendered":"<p>Entramos en la \u00faltima semana de la exhibici\u00f3n de \u00abManyas: La Pel\u00edcula\u00bb y Padre y Decano te invita nuevamente a que vayas a verla. Como lo hicimos desde un principio, seguimos apoyando a la primera pel\u00edcula de hinchas en el Uruguay, la decana. Si no la viste, o la quer\u00e9s volver a ver, esta semana [&hellip;]<\/p>\n","protected":false},"author":13,"featured_media":8704,"comment_status":"open","ping_status":"closed","sticky":false,"template":"","format":"standard","meta":{"footnotes":""},"categories":[1],"tags":[54],"yoast_head":"<!-- This site is optimized with the Yoast SEO plugin v23.2 - https:\/\/yoast.com\/wordpress\/plugins\/seo\/ -->\n<title>\u00daltima semana de &quot;Manyas: La Pel\u00edcula&quot; - Padre y Decano - El Sitio del Pueblo<\/title>\n<meta name=\"robots\" content=\"index, follow, max-snippet:-1, max-image-preview:large, max-video-preview:-1\" \/>\n<link rel=\"canonical\" href=\"https:\/\/www.padreydecano.com\/cms\/noticias\/ultima-semana-de-manyas-la-pelicula\/\" \/>\n<meta property=\"og:locale\" content=\"es_ES\" \/>\n<meta property=\"og:type\" content=\"article\" \/>\n<meta property=\"og:title\" content=\"\u00daltima semana de &quot;Manyas: La Pel\u00edcula&quot; - Padre y Decano - El Sitio del Pueblo\" \/>\n<meta property=\"og:description\" content=\"Entramos en la \u00faltima semana de la exhibici\u00f3n de \u00abManyas: La Pel\u00edcula\u00bb y Padre y Decano te invita nuevamente a que vayas a verla. Como lo hicimos desde un principio, seguimos apoyando a la primera pel\u00edcula de hinchas en el Uruguay, la decana. Si no la viste, o la quer\u00e9s volver a ver, esta semana [&hellip;]\" \/>\n<meta property=\"og:url\" content=\"https:\/\/www.padreydecano.com\/cms\/noticias\/ultima-semana-de-manyas-la-pelicula\/\" \/>\n<meta property=\"og:site_name\" content=\"Padre y Decano - El Sitio del Pueblo\" \/>\n<meta property=\"article:published_time\" content=\"2011-11-14T21:52:08+00:00\" \/>\n<meta property=\"article:modified_time\" content=\"2011-11-15T13:50:28+00:00\" \/>\n<meta property=\"og:image\" content=\"https:\/\/www.padreydecano.com\/cms\/wp-content\/uploads\/2011\/11\/Avisos-MANYA-La-Pel\u00edcula-\u00daltima-Semana-2.jpg\" \/>\n\t<meta property=\"og:image:width\" content=\"700\" \/>\n\t<meta property=\"og:image:height\" content=\"468\" \/>\n\t<meta property=\"og:image:type\" content=\"image\/jpeg\" \/>\n<meta name=\"author\" content=\"Moderador\" \/>\n<meta name=\"twitter:card\" content=\"summary_large_image\" \/>\n<meta name=\"twitter:label1\" content=\"Escrito por\" \/>\n\t<meta name=\"twitter:data1\" content=\"Moderador\" \/>\n\t<meta name=\"twitter:label2\" content=\"Tiempo de lectura\" \/>\n\t<meta name=\"twitter:data2\" content=\"1 minuto\" \/>\n<script type=\"application\/ld+json\" class=\"yoast-schema-graph\">{\"@context\":\"https:\/\/schema.org\",\"@graph\":[{\"@type\":\"Article\",\"@id\":\"https:\/\/www.padreydecano.com\/cms\/noticias\/ultima-semana-de-manyas-la-pelicula\/#article\",\"isPartOf\":{\"@id\":\"https:\/\/www.padreydecano.com\/cms\/noticias\/ultima-semana-de-manyas-la-pelicula\/\"},\"author\":{\"name\":\"Moderador\",\"@id\":\"https:\/\/www.padreydecano.com\/cms\/#\/schema\/person\/d93e9e537230ae052c194251d9a1def2\"},\"headline\":\"\u00daltima semana de \u00abManyas: La Pel\u00edcula\u00bb\",\"datePublished\":\"2011-11-14T21:52:08+00:00\",\"dateModified\":\"2011-11-15T13:50:28+00:00\",\"mainEntityOfPage\":{\"@id\":\"https:\/\/www.padreydecano.com\/cms\/noticias\/ultima-semana-de-manyas-la-pelicula\/\"},\"wordCount\":187,\"commentCount\":5,\"publisher\":{\"@id\":\"https:\/\/www.padreydecano.com\/cms\/#organization\"},\"image\":{\"@id\":\"https:\/\/www.padreydecano.com\/cms\/noticias\/ultima-semana-de-manyas-la-pelicula\/#primaryimage\"},\"thumbnailUrl\":\"https:\/\/www.padreydecano.com\/cms\/wp-content\/uploads\/2011\/11\/Avisos-MANYA-La-Pel\u00edcula-\u00daltima-Semana-2.jpg\",\"keywords\":[\"Manyas: La pel\u00edcula\"],\"articleSection\":[\"Noticias\"],\"inLanguage\":\"es\",\"potentialAction\":[{\"@type\":\"CommentAction\",\"name\":\"Comment\",\"target\":[\"https:\/\/www.padreydecano.com\/cms\/noticias\/ultima-semana-de-manyas-la-pelicula\/#respond\"]}]},{\"@type\":\"WebPage\",\"@id\":\"https:\/\/www.padreydecano.com\/cms\/noticias\/ultima-semana-de-manyas-la-pelicula\/\",\"url\":\"https:\/\/www.padreydecano.com\/cms\/noticias\/ultima-semana-de-manyas-la-pelicula\/\",\"name\":\"\u00daltima semana de \\\"Manyas: La Pel\u00edcula\\\" - Padre y Decano - El Sitio del Pueblo\",\"isPartOf\":{\"@id\":\"https:\/\/www.padreydecano.com\/cms\/#website\"},\"primaryImageOfPage\":{\"@id\":\"https:\/\/www.padreydecano.com\/cms\/noticias\/ultima-semana-de-manyas-la-pelicula\/#primaryimage\"},\"image\":{\"@id\":\"https:\/\/www.padreydecano.com\/cms\/noticias\/ultima-semana-de-manyas-la-pelicula\/#primaryimage\"},\"thumbnailUrl\":\"https:\/\/www.padreydecano.com\/cms\/wp-content\/uploads\/2011\/11\/Avisos-MANYA-La-Pel\u00edcula-\u00daltima-Semana-2.jpg\",\"datePublished\":\"2011-11-14T21:52:08+00:00\",\"dateModified\":\"2011-11-15T13:50:28+00:00\",\"breadcrumb\":{\"@id\":\"https:\/\/www.padreydecano.com\/cms\/noticias\/ultima-semana-de-manyas-la-pelicula\/#breadcrumb\"},\"inLanguage\":\"es\",\"potentialAction\":[{\"@type\":\"ReadAction\",\"target\":[\"https:\/\/www.padreydecano.com\/cms\/noticias\/ultima-semana-de-manyas-la-pelicula\/\"]}]},{\"@type\":\"ImageObject\",\"inLanguage\":\"es\",\"@id\":\"https:\/\/www.padreydecano.com\/cms\/noticias\/ultima-semana-de-manyas-la-pelicula\/#primaryimage\",\"url\":\"https:\/\/www.padreydecano.com\/cms\/wp-content\/uploads\/2011\/11\/Avisos-MANYA-La-Pel\u00edcula-\u00daltima-Semana-2.jpg\",\"contentUrl\":\"https:\/\/www.padreydecano.com\/cms\/wp-content\/uploads\/2011\/11\/Avisos-MANYA-La-Pel\u00edcula-\u00daltima-Semana-2.jpg\",\"width\":\"700\",\"height\":\"468\"},{\"@type\":\"BreadcrumbList\",\"@id\":\"https:\/\/www.padreydecano.com\/cms\/noticias\/ultima-semana-de-manyas-la-pelicula\/#breadcrumb\",\"itemListElement\":[{\"@type\":\"ListItem\",\"position\":1,\"name\":\"Portada\",\"item\":\"https:\/\/www.padreydecano.com\/cms\/\"},{\"@type\":\"ListItem\",\"position\":2,\"name\":\"\u00daltima semana de \u00abManyas: La Pel\u00edcula\u00bb\"}]},{\"@type\":\"WebSite\",\"@id\":\"https:\/\/www.padreydecano.com\/cms\/#website\",\"url\":\"https:\/\/www.padreydecano.com\/cms\/\",\"name\":\"Padre y Decano - El Sitio del Pueblo\",\"description\":\"Club Atl\u00e9tico Pe\u00f1arol\",\"publisher\":{\"@id\":\"https:\/\/www.padreydecano.com\/cms\/#organization\"},\"potentialAction\":[{\"@type\":\"SearchAction\",\"target\":{\"@type\":\"EntryPoint\",\"urlTemplate\":\"https:\/\/www.padreydecano.com\/cms\/?s={search_term_string}\"},\"query-input\":\"required name=search_term_string\"}],\"inLanguage\":\"es\"},{\"@type\":\"Organization\",\"@id\":\"https:\/\/www.padreydecano.com\/cms\/#organization\",\"name\":\"Padre y Decano\",\"url\":\"https:\/\/www.padreydecano.com\/cms\/\",\"logo\":{\"@type\":\"ImageObject\",\"inLanguage\":\"es\",\"@id\":\"https:\/\/www.padreydecano.com\/cms\/#\/schema\/logo\/image\/\",\"url\":\"https:\/\/www.padreydecano.com\/cms\/wp-content\/uploads\/2022\/01\/avatar-square.png\",\"contentUrl\":\"https:\/\/www.padreydecano.com\/cms\/wp-content\/uploads\/2022\/01\/avatar-square.png\",\"width\":1500,\"height\":1500,\"caption\":\"Padre y Decano\"},\"image\":{\"@id\":\"https:\/\/www.padreydecano.com\/cms\/#\/schema\/logo\/image\/\"}},{\"@type\":\"Person\",\"@id\":\"https:\/\/www.padreydecano.com\/cms\/#\/schema\/person\/d93e9e537230ae052c194251d9a1def2\",\"name\":\"Moderador\",\"image\":{\"@type\":\"ImageObject\",\"inLanguage\":\"es\",\"@id\":\"https:\/\/www.padreydecano.com\/cms\/#\/schema\/person\/image\/\",\"url\":\"https:\/\/secure.gravatar.com\/avatar\/2587727bf8a53bd3da4ec49f01bea66e?s=96&d=https%3A%2F%2Fpadreydecano.com%2Fcms%2Fwp-content%2Fthemes%2Fpyd-theme%2Fimg%2Fdefault-avatar.png&r=g\",\"contentUrl\":\"https:\/\/secure.gravatar.com\/avatar\/2587727bf8a53bd3da4ec49f01bea66e?s=96&d=https%3A%2F%2Fpadreydecano.com%2Fcms%2Fwp-content%2Fthemes%2Fpyd-theme%2Fimg%2Fdefault-avatar.png&r=g\",\"caption\":\"Moderador\"}}]}<\/script>\n<!-- \/ Yoast SEO plugin. -->","yoast_head_json":{"title":"\u00daltima semana de \"Manyas: La Pel\u00edcula\" - Padre y Decano - El Sitio del Pueblo","robots":{"index":"index","follow":"follow","max-snippet":"max-snippet:-1","max-image-preview":"max-image-preview:large","max-video-preview":"max-video-preview:-1"},"canonical":"https:\/\/www.padreydecano.com\/cms\/noticias\/ultima-semana-de-manyas-la-pelicula\/","og_locale":"es_ES","og_type":"article","og_title":"\u00daltima semana de \"Manyas: La Pel\u00edcula\" - Padre y Decano - El Sitio del Pueblo","og_description":"Entramos en la \u00faltima semana de la exhibici\u00f3n de \u00abManyas: La Pel\u00edcula\u00bb y Padre y Decano te invita nuevamente a que vayas a verla. Como lo hicimos desde un principio, seguimos apoyando a la primera pel\u00edcula de hinchas en el Uruguay, la decana. Si no la viste, o la quer\u00e9s volver a ver, esta semana [&hellip;]","og_url":"https:\/\/www.padreydecano.com\/cms\/noticias\/ultima-semana-de-manyas-la-pelicula\/","og_site_name":"Padre y Decano - El Sitio del Pueblo","article_published_time":"2011-11-14T21:52:08+00:00","article_modified_time":"2011-11-15T13:50:28+00:00","og_image":[{"width":700,"height":468,"url":"https:\/\/www.padreydecano.com\/cms\/wp-content\/uploads\/2011\/11\/Avisos-MANYA-La-Pel\u00edcula-\u00daltima-Semana-2.jpg","type":"image\/jpeg"}],"author":"Moderador","twitter_card":"summary_large_image","twitter_misc":{"Escrito por":"Moderador","Tiempo de lectura":"1 minuto"},"schema":{"@context":"https:\/\/schema.org","@graph":[{"@type":"Article","@id":"https:\/\/www.padreydecano.com\/cms\/noticias\/ultima-semana-de-manyas-la-pelicula\/#article","isPartOf":{"@id":"https:\/\/www.padreydecano.com\/cms\/noticias\/ultima-semana-de-manyas-la-pelicula\/"},"author":{"name":"Moderador","@id":"https:\/\/www.padreydecano.com\/cms\/#\/schema\/person\/d93e9e537230ae052c194251d9a1def2"},"headline":"\u00daltima semana de \u00abManyas: La Pel\u00edcula\u00bb","datePublished":"2011-11-14T21:52:08+00:00","dateModified":"2011-11-15T13:50:28+00:00","mainEntityOfPage":{"@id":"https:\/\/www.padreydecano.com\/cms\/noticias\/ultima-semana-de-manyas-la-pelicula\/"},"wordCount":187,"commentCount":5,"publisher":{"@id":"https:\/\/www.padreydecano.com\/cms\/#organization"},"image":{"@id":"https:\/\/www.padreydecano.com\/cms\/noticias\/ultima-semana-de-manyas-la-pelicula\/#primaryimage"},"thumbnailUrl":"https:\/\/www.padreydecano.com\/cms\/wp-content\/uploads\/2011\/11\/Avisos-MANYA-La-Pel\u00edcula-\u00daltima-Semana-2.jpg","keywords":["Manyas: La pel\u00edcula"],"articleSection":["Noticias"],"inLanguage":"es","potentialAction":[{"@type":"CommentAction","name":"Comment","target":["https:\/\/www.padreydecano.com\/cms\/noticias\/ultima-semana-de-manyas-la-pelicula\/#respond"]}]},{"@type":"WebPage","@id":"https:\/\/www.padreydecano.com\/cms\/noticias\/ultima-semana-de-manyas-la-pelicula\/","url":"https:\/\/www.padreydecano.com\/cms\/noticias\/ultima-semana-de-manyas-la-pelicula\/","name":"\u00daltima semana de \"Manyas: La Pel\u00edcula\" - Padre y Decano - El Sitio del Pueblo","isPartOf":{"@id":"https:\/\/www.padreydecano.com\/cms\/#website"},"primaryImageOfPage":{"@id":"https:\/\/www.padreydecano.com\/cms\/noticias\/ultima-semana-de-manyas-la-pelicula\/#primaryimage"},"image":{"@id":"https:\/\/www.padreydecano.com\/cms\/noticias\/ultima-semana-de-manyas-la-pelicula\/#primaryimage"},"thumbnailUrl":"https:\/\/www.padreydecano.com\/cms\/wp-content\/uploads\/2011\/11\/Avisos-MANYA-La-Pel\u00edcula-\u00daltima-Semana-2.jpg","datePublished":"2011-11-14T21:52:08+00:00","dateModified":"2011-11-15T13:50:28+00:00","breadcrumb":{"@id":"https:\/\/www.padreydecano.com\/cms\/noticias\/ultima-semana-de-manyas-la-pelicula\/#breadcrumb"},"inLanguage":"es","potentialAction":[{"@type":"ReadAction","target":["https:\/\/www.padreydecano.com\/cms\/noticias\/ultima-semana-de-manyas-la-pelicula\/"]}]},{"@type":"ImageObject","inLanguage":"es","@id":"https:\/\/www.padreydecano.com\/cms\/noticias\/ultima-semana-de-manyas-la-pelicula\/#primaryimage","url":"https:\/\/www.padreydecano.com\/cms\/wp-content\/uploads\/2011\/11\/Avisos-MANYA-La-Pel\u00edcula-\u00daltima-Semana-2.jpg","contentUrl":"https:\/\/www.padreydecano.com\/cms\/wp-content\/uploads\/2011\/11\/Avisos-MANYA-La-Pel\u00edcula-\u00daltima-Semana-2.jpg","width":"700","height":"468"},{"@type":"BreadcrumbList","@id":"https:\/\/www.padreydecano.com\/cms\/noticias\/ultima-semana-de-manyas-la-pelicula\/#breadcrumb","itemListElement":[{"@type":"ListItem","position":1,"name":"Portada","item":"https:\/\/www.padreydecano.com\/cms\/"},{"@type":"ListItem","position":2,"name":"\u00daltima semana de \u00abManyas: La Pel\u00edcula\u00bb"}]},{"@type":"WebSite","@id":"https:\/\/www.padreydecano.com\/cms\/#website","url":"https:\/\/www.padreydecano.com\/cms\/","name":"Padre y Decano - El Sitio del Pueblo","description":"Club Atl\u00e9tico Pe\u00f1arol","publisher":{"@id":"https:\/\/www.padreydecano.com\/cms\/#organization"},"potentialAction":[{"@type":"SearchAction","target":{"@type":"EntryPoint","urlTemplate":"https:\/\/www.padreydecano.com\/cms\/?s={search_term_string}"},"query-input":"required name=search_term_string"}],"inLanguage":"es"},{"@type":"Organization","@id":"https:\/\/www.padreydecano.com\/cms\/#organization","name":"Padre y Decano","url":"https:\/\/www.padreydecano.com\/cms\/","logo":{"@type":"ImageObject","inLanguage":"es","@id":"https:\/\/www.padreydecano.com\/cms\/#\/schema\/logo\/image\/","url":"https:\/\/www.padreydecano.com\/cms\/wp-content\/uploads\/2022\/01\/avatar-square.png","contentUrl":"https:\/\/www.padreydecano.com\/cms\/wp-content\/uploads\/2022\/01\/avatar-square.png","width":1500,"height":1500,"caption":"Padre y Decano"},"image":{"@id":"https:\/\/www.padreydecano.com\/cms\/#\/schema\/logo\/image\/"}},{"@type":"Person","@id":"https:\/\/www.padreydecano.com\/cms\/#\/schema\/person\/d93e9e537230ae052c194251d9a1def2","name":"Moderador","image":{"@type":"ImageObject","inLanguage":"es","@id":"https:\/\/www.padreydecano.com\/cms\/#\/schema\/person\/image\/","url":"https:\/\/secure.gravatar.com\/avatar\/2587727bf8a53bd3da4ec49f01bea66e?s=96&d=https%3A%2F%2Fpadreydecano.com%2Fcms%2Fwp-content%2Fthemes%2Fpyd-theme%2Fimg%2Fdefault-avatar.png&r=g","contentUrl":"https:\/\/secure.gravatar.com\/avatar\/2587727bf8a53bd3da4ec49f01bea66e?s=96&d=https%3A%2F%2Fpadreydecano.com%2Fcms%2Fwp-content%2Fthemes%2Fpyd-theme%2Fimg%2Fdefault-avatar.png&r=g","caption":"Moderador"}}]}},"_links":{"self":[{"href":"https:\/\/www.padreydecano.com\/cms\/wp-json\/wp\/v2\/posts\/8703"}],"collection":[{"href":"https:\/\/www.padreydecano.com\/cms\/wp-json\/wp\/v2\/posts"}],"about":[{"href":"https:\/\/www.padreydecano.com\/cms\/wp-json\/wp\/v2\/types\/post"}],"author":[{"embeddable":true,"href":"https:\/\/www.padreydecano.com\/cms\/wp-json\/wp\/v2\/users\/13"}],"replies":[{"embeddable":true,"href":"https:\/\/www.padreydecano.com\/cms\/wp-json\/wp\/v2\/comments?post=8703"}],"version-history":[{"count":0,"href":"https:\/\/www.padreydecano.com\/cms\/wp-json\/wp\/v2\/posts\/8703\/revisions"}],"wp:featuredmedia":[{"embeddable":true,"href":"https:\/\/www.padreydecano.com\/cms\/wp-json\/wp\/v2\/media\/8704"}],"wp:attachment":[{"href":"https:\/\/www.padreydecano.com\/cms\/wp-json\/wp\/v2\/media?parent=8703"}],"wp:term":[{"taxonomy":"category","embeddable":true,"href":"https:\/\/www.padreydecano.com\/cms\/wp-json\/wp\/v2\/categories?post=8703"},{"taxonomy":"post_tag","embeddable":true,"href":"https:\/\/www.padreydecano.com\/cms\/wp-json\/wp\/v2\/tags?post=8703"}],"curies":[{"name":"wp","href":"https:\/\/api.w.org\/{rel}","templated":true}]}}