{"id":8506,"date":"2011-11-13T20:04:12","date_gmt":"2011-11-13T22:04:12","guid":{"rendered":"http:\/\/www.padreydecano.com\/cms\/?p=8506"},"modified":"2012-11-23T11:02:46","modified_gmt":"2012-11-23T13:02:46","slug":"el-domingo-hay-que-ganar-o-ganar","status":"publish","type":"post","link":"https:\/\/www.padreydecano.com\/cms\/partidos\/el-domingo-hay-que-ganar-o-ganar\/","title":{"rendered":"El domingo hay que ganar o ganar"},"content":{"rendered":"<p style=\"text-align: justify;\"><a href=\"https:\/\/www.padreydecano.com\/cms\/wp-content\/uploads\/2011\/11\/PE\u00d1AROLWANDERERSAPERTURA20111.jpg\" rel=\"shadowbox[sbpost-8506];player=img;\"><img loading=\"lazy\" decoding=\"async\" class=\"size-medium wp-image-8512 alignright\" src=\"https:\/\/www.padreydecano.com\/cms\/wp-content\/uploads\/2011\/11\/PE\u00d1AROLWANDERERSAPERTURA20111-300x225.jpg\" alt=\"\" width=\"210\" height=\"158\" srcset=\"https:\/\/www.padreydecano.com\/cms\/wp-content\/uploads\/2011\/11\/PE\u00d1AROLWANDERERSAPERTURA20111-300x225.jpg 300w, https:\/\/www.padreydecano.com\/cms\/wp-content\/uploads\/2011\/11\/PE\u00d1AROLWANDERERSAPERTURA20111.jpg 800w\" sizes=\"(max-width: 210px) 100vw, 210px\" \/><\/a>No hay excusas, no hay otra opci\u00f3n. El domingo que viene nos tenemos que llevar los 3 puntos del Estadio Centenario como sea. De los \u00faltimos 9 puntos hicimos 1, hicimos un gol en la hora luego de 3 partidos, nos quedamos sin Marcelo Zalayeta para el cl\u00e1sico y el equipo jug\u00f3 el peor partido del campeonato por lejos. Por la fecha 12 del Apertura ca\u00edmos derrotados 2 a 1 ante un Wanderers que hab\u00eda ganado s\u00f3lo 3 partidos en el torneo. Adem\u00e1s, perdimos la punta a manos de Danubio. Reiteramos, el domingo hay que ganar.<\/p>\n<p style=\"text-align: justify;\">Hacer un an\u00e1lisis en caliente de lo que fue este partido no servir\u00eda de nada. La mente tiene que estar puesta 100% en ganar el cl\u00e1sico, y tenemos un t\u00e9cnico cl\u00e1sico por excelencia. S\u00f3lo dos cosas con respecto al partido. La primera es que casualmente anularon un gol l\u00edcito carbonero. La otra es que hay que pas\u00e1rsela a los de amarillo y negro.<\/p>\n<p style=\"text-align: justify;\"><span style=\"color: #ffcc02;\"><strong>Ficha del partido<\/strong><\/span><br \/>\n<strong>PE\u00d1AROL 1:2 WANDERERS<\/strong><\/p>\n<p style=\"text-align: justify;\"><strong>Cancha:<\/strong>\u00a0Estadio Centenario.\u00a0\u00a0<strong>Jueces:<\/strong>\u00a0Roberto Silvera, Robert Muniz y Juan Guevara.<\/p>\n<p style=\"text-align: justify;\"><strong>PE\u00d1AROL:<\/strong>\u00a0Fabi\u00e1n\u00a0\u00a0Carini, Emiliano Alb\u00edn (45&#8242; Sebasti\u00e1n Rosano), Carlos Valdez, Alejandro Gonz\u00e1lez, Dar\u00edo Rodr\u00edguez, Nicol\u00e1s Amodio (45&#8242; Facundo Guich\u00f3n), Nicol\u00e1s Freitas, Sebasti\u00e1n Crist\u00f3foro, Pedro, Jonathan Siles (68&#8242; Jorge Zambrana) y Marcelo Zalayeta.\u00a0<strong>Director T\u00e9cnico:<\/strong>\u00a0Gregorio P\u00e9rez.\u00a0<strong>Suplentes:<\/strong>\u00a0Jorge Fleitas, Gerardo Alcoba, Emilio Mac Eachen, Mauro Guevgeozian.<\/p>\n<p style=\"text-align: justify;\"><strong>WANDERERS:<\/strong>\u00a0Rodrigo Odriozola, Jonathan Sandoval, Sergio Rodr\u00edguez, Mat\u00edas Quagliotti, Maximiliano Olivera, Javier Cabrera, Santiago Mart\u00ednez, Juan Ram\u00f3n Curbelo, Maximiliano Rodr\u00edguez (47&#8242; Malaquias Da Silva, Diogo,), Antonio Pacheco (81&#8242; Guzm\u00e1n Pereira) y Richard Mercado (62&#8242; Gast\u00f3n Rodr\u00edguez).\u00a0<strong>Director T\u00e9cnico:<\/strong>\u00a0Daniel Carre\u00f1o.<strong>Suplentes:\u00a0<\/strong>Javier Castillo, Marcelo M\u00e9ndez, Federico Dom\u00ednguez,\u00a0 Santiago Lamanna.<\/p>\n<p style=\"text-align: justify;\"><strong>Goles:<\/strong>\u00a032&#8242; y 34&#8242; Richard Mercado (W), 90&#8242; Sebasti\u00e1n Rosano (P)..<\/p>\n<p style=\"text-align: justify;\"><strong>Tarjetas amarillas:<\/strong>\u00a07&#8242; Sebasti\u00e1n Mart\u00ednez (W), 40&#8242; Nicol\u00e1s Freitas (W), 43&#8242; Carlos Valdez (P),\u00a0 71&#8242; Marcelo Zalayeta (P), 73&#8242; Jorge Zambrana (P), 80&#8242; Dar\u00edo Rodr\u00edguez (P), 90&#8242; Gast\u00f3n Rodr\u00edguez (W).<\/p>\n<p style=\"text-align: justify;\"><strong>Tarjetas rojas:<\/strong>\u00a070&#8242; Santiago Mart\u00ednez (W) y 86&#8242; Marcelo Zalayeta (P), Juan Ram\u00f3n Curbelo (W).<\/p>\n","protected":false},"excerpt":{"rendered":"<p>No hay excusas, no hay otra opci\u00f3n. El domingo que viene nos tenemos que llevar los 3 puntos del Estadio Centenario como sea. De los \u00faltimos 9 puntos hicimos 1, hicimos un gol en la hora luego de 3 partidos, nos quedamos sin Marcelo Zalayeta para el cl\u00e1sico y el equipo jug\u00f3 el peor partido [&hellip;]<\/p>\n","protected":false},"author":13,"featured_media":8511,"comment_status":"open","ping_status":"closed","sticky":false,"template":"","format":"standard","meta":{"footnotes":""},"categories":[13],"tags":[88],"yoast_head":"<!-- This site is optimized with the Yoast SEO plugin v23.2 - https:\/\/yoast.com\/wordpress\/plugins\/seo\/ -->\n<title>El domingo hay que ganar o ganar - Padre y Decano - El Sitio del Pueblo<\/title>\n<meta name=\"robots\" content=\"index, follow, max-snippet:-1, max-image-preview:large, max-video-preview:-1\" \/>\n<link rel=\"canonical\" href=\"https:\/\/www.padreydecano.com\/cms\/partidos\/el-domingo-hay-que-ganar-o-ganar\/\" \/>\n<meta property=\"og:locale\" content=\"es_ES\" \/>\n<meta property=\"og:type\" content=\"article\" \/>\n<meta property=\"og:title\" content=\"El domingo hay que ganar o ganar - Padre y Decano - El Sitio del Pueblo\" \/>\n<meta property=\"og:description\" content=\"No hay excusas, no hay otra opci\u00f3n. El domingo que viene nos tenemos que llevar los 3 puntos del Estadio Centenario como sea. De los \u00faltimos 9 puntos hicimos 1, hicimos un gol en la hora luego de 3 partidos, nos quedamos sin Marcelo Zalayeta para el cl\u00e1sico y el equipo jug\u00f3 el peor partido [&hellip;]\" \/>\n<meta property=\"og:url\" content=\"https:\/\/www.padreydecano.com\/cms\/partidos\/el-domingo-hay-que-ganar-o-ganar\/\" \/>\n<meta property=\"og:site_name\" content=\"Padre y Decano - El Sitio del Pueblo\" \/>\n<meta property=\"article:published_time\" content=\"2011-11-13T22:04:12+00:00\" \/>\n<meta property=\"article:modified_time\" content=\"2012-11-23T13:02:46+00:00\" \/>\n<meta property=\"og:image\" content=\"https:\/\/www.padreydecano.com\/cms\/wp-content\/uploads\/2011\/11\/PE\u00d1AROLWANDERERSAPERTURA2011.jpg\" \/>\n\t<meta property=\"og:image:width\" content=\"646\" \/>\n\t<meta property=\"og:image:height\" content=\"259\" \/>\n\t<meta property=\"og:image:type\" content=\"image\/jpeg\" \/>\n<meta name=\"author\" content=\"Moderador\" \/>\n<meta name=\"twitter:card\" content=\"summary_large_image\" \/>\n<meta name=\"twitter:label1\" content=\"Escrito por\" \/>\n\t<meta name=\"twitter:data1\" content=\"Moderador\" \/>\n\t<meta name=\"twitter:label2\" content=\"Tiempo de lectura\" \/>\n\t<meta name=\"twitter:data2\" content=\"2 minutos\" \/>\n<script type=\"application\/ld+json\" class=\"yoast-schema-graph\">{\"@context\":\"https:\/\/schema.org\",\"@graph\":[{\"@type\":\"Article\",\"@id\":\"https:\/\/www.padreydecano.com\/cms\/partidos\/el-domingo-hay-que-ganar-o-ganar\/#article\",\"isPartOf\":{\"@id\":\"https:\/\/www.padreydecano.com\/cms\/partidos\/el-domingo-hay-que-ganar-o-ganar\/\"},\"author\":{\"name\":\"Moderador\",\"@id\":\"https:\/\/www.padreydecano.com\/cms\/#\/schema\/person\/d93e9e537230ae052c194251d9a1def2\"},\"headline\":\"El domingo hay que ganar o ganar\",\"datePublished\":\"2011-11-13T22:04:12+00:00\",\"dateModified\":\"2012-11-23T13:02:46+00:00\",\"mainEntityOfPage\":{\"@id\":\"https:\/\/www.padreydecano.com\/cms\/partidos\/el-domingo-hay-que-ganar-o-ganar\/\"},\"wordCount\":357,\"commentCount\":12,\"publisher\":{\"@id\":\"https:\/\/www.padreydecano.com\/cms\/#organization\"},\"image\":{\"@id\":\"https:\/\/www.padreydecano.com\/cms\/partidos\/el-domingo-hay-que-ganar-o-ganar\/#primaryimage\"},\"thumbnailUrl\":\"https:\/\/www.padreydecano.com\/cms\/wp-content\/uploads\/2011\/11\/PE\u00d1AROLWANDERERSAPERTURA2011.jpg\",\"keywords\":[\"Torneo Apertura 2011\"],\"articleSection\":[\"Partidos\"],\"inLanguage\":\"es\",\"potentialAction\":[{\"@type\":\"CommentAction\",\"name\":\"Comment\",\"target\":[\"https:\/\/www.padreydecano.com\/cms\/partidos\/el-domingo-hay-que-ganar-o-ganar\/#respond\"]}]},{\"@type\":\"WebPage\",\"@id\":\"https:\/\/www.padreydecano.com\/cms\/partidos\/el-domingo-hay-que-ganar-o-ganar\/\",\"url\":\"https:\/\/www.padreydecano.com\/cms\/partidos\/el-domingo-hay-que-ganar-o-ganar\/\",\"name\":\"El domingo hay que ganar o ganar - Padre y Decano - El Sitio del Pueblo\",\"isPartOf\":{\"@id\":\"https:\/\/www.padreydecano.com\/cms\/#website\"},\"primaryImageOfPage\":{\"@id\":\"https:\/\/www.padreydecano.com\/cms\/partidos\/el-domingo-hay-que-ganar-o-ganar\/#primaryimage\"},\"image\":{\"@id\":\"https:\/\/www.padreydecano.com\/cms\/partidos\/el-domingo-hay-que-ganar-o-ganar\/#primaryimage\"},\"thumbnailUrl\":\"https:\/\/www.padreydecano.com\/cms\/wp-content\/uploads\/2011\/11\/PE\u00d1AROLWANDERERSAPERTURA2011.jpg\",\"datePublished\":\"2011-11-13T22:04:12+00:00\",\"dateModified\":\"2012-11-23T13:02:46+00:00\",\"breadcrumb\":{\"@id\":\"https:\/\/www.padreydecano.com\/cms\/partidos\/el-domingo-hay-que-ganar-o-ganar\/#breadcrumb\"},\"inLanguage\":\"es\",\"potentialAction\":[{\"@type\":\"ReadAction\",\"target\":[\"https:\/\/www.padreydecano.com\/cms\/partidos\/el-domingo-hay-que-ganar-o-ganar\/\"]}]},{\"@type\":\"ImageObject\",\"inLanguage\":\"es\",\"@id\":\"https:\/\/www.padreydecano.com\/cms\/partidos\/el-domingo-hay-que-ganar-o-ganar\/#primaryimage\",\"url\":\"https:\/\/www.padreydecano.com\/cms\/wp-content\/uploads\/2011\/11\/PE\u00d1AROLWANDERERSAPERTURA2011.jpg\",\"contentUrl\":\"https:\/\/www.padreydecano.com\/cms\/wp-content\/uploads\/2011\/11\/PE\u00d1AROLWANDERERSAPERTURA2011.jpg\",\"width\":\"646\",\"height\":\"259\"},{\"@type\":\"BreadcrumbList\",\"@id\":\"https:\/\/www.padreydecano.com\/cms\/partidos\/el-domingo-hay-que-ganar-o-ganar\/#breadcrumb\",\"itemListElement\":[{\"@type\":\"ListItem\",\"position\":1,\"name\":\"Portada\",\"item\":\"https:\/\/www.padreydecano.com\/cms\/\"},{\"@type\":\"ListItem\",\"position\":2,\"name\":\"El domingo hay que ganar o ganar\"}]},{\"@type\":\"WebSite\",\"@id\":\"https:\/\/www.padreydecano.com\/cms\/#website\",\"url\":\"https:\/\/www.padreydecano.com\/cms\/\",\"name\":\"Padre y Decano - El Sitio del Pueblo\",\"description\":\"Club Atl\u00e9tico Pe\u00f1arol\",\"publisher\":{\"@id\":\"https:\/\/www.padreydecano.com\/cms\/#organization\"},\"potentialAction\":[{\"@type\":\"SearchAction\",\"target\":{\"@type\":\"EntryPoint\",\"urlTemplate\":\"https:\/\/www.padreydecano.com\/cms\/?s={search_term_string}\"},\"query-input\":\"required name=search_term_string\"}],\"inLanguage\":\"es\"},{\"@type\":\"Organization\",\"@id\":\"https:\/\/www.padreydecano.com\/cms\/#organization\",\"name\":\"Padre y Decano\",\"url\":\"https:\/\/www.padreydecano.com\/cms\/\",\"logo\":{\"@type\":\"ImageObject\",\"inLanguage\":\"es\",\"@id\":\"https:\/\/www.padreydecano.com\/cms\/#\/schema\/logo\/image\/\",\"url\":\"https:\/\/www.padreydecano.com\/cms\/wp-content\/uploads\/2022\/01\/avatar-square.png\",\"contentUrl\":\"https:\/\/www.padreydecano.com\/cms\/wp-content\/uploads\/2022\/01\/avatar-square.png\",\"width\":1500,\"height\":1500,\"caption\":\"Padre y Decano\"},\"image\":{\"@id\":\"https:\/\/www.padreydecano.com\/cms\/#\/schema\/logo\/image\/\"}},{\"@type\":\"Person\",\"@id\":\"https:\/\/www.padreydecano.com\/cms\/#\/schema\/person\/d93e9e537230ae052c194251d9a1def2\",\"name\":\"Moderador\",\"image\":{\"@type\":\"ImageObject\",\"inLanguage\":\"es\",\"@id\":\"https:\/\/www.padreydecano.com\/cms\/#\/schema\/person\/image\/\",\"url\":\"https:\/\/secure.gravatar.com\/avatar\/2587727bf8a53bd3da4ec49f01bea66e?s=96&d=https%3A%2F%2Fpadreydecano.com%2Fcms%2Fwp-content%2Fthemes%2Fpyd-theme%2Fimg%2Fdefault-avatar.png&r=g\",\"contentUrl\":\"https:\/\/secure.gravatar.com\/avatar\/2587727bf8a53bd3da4ec49f01bea66e?s=96&d=https%3A%2F%2Fpadreydecano.com%2Fcms%2Fwp-content%2Fthemes%2Fpyd-theme%2Fimg%2Fdefault-avatar.png&r=g\",\"caption\":\"Moderador\"}}]}<\/script>\n<!-- \/ Yoast SEO plugin. -->","yoast_head_json":{"title":"El domingo hay que ganar o ganar - Padre y Decano - El Sitio del Pueblo","robots":{"index":"index","follow":"follow","max-snippet":"max-snippet:-1","max-image-preview":"max-image-preview:large","max-video-preview":"max-video-preview:-1"},"canonical":"https:\/\/www.padreydecano.com\/cms\/partidos\/el-domingo-hay-que-ganar-o-ganar\/","og_locale":"es_ES","og_type":"article","og_title":"El domingo hay que ganar o ganar - Padre y Decano - El Sitio del Pueblo","og_description":"No hay excusas, no hay otra opci\u00f3n. El domingo que viene nos tenemos que llevar los 3 puntos del Estadio Centenario como sea. De los \u00faltimos 9 puntos hicimos 1, hicimos un gol en la hora luego de 3 partidos, nos quedamos sin Marcelo Zalayeta para el cl\u00e1sico y el equipo jug\u00f3 el peor partido [&hellip;]","og_url":"https:\/\/www.padreydecano.com\/cms\/partidos\/el-domingo-hay-que-ganar-o-ganar\/","og_site_name":"Padre y Decano - El Sitio del Pueblo","article_published_time":"2011-11-13T22:04:12+00:00","article_modified_time":"2012-11-23T13:02:46+00:00","og_image":[{"width":646,"height":259,"url":"https:\/\/www.padreydecano.com\/cms\/wp-content\/uploads\/2011\/11\/PE\u00d1AROLWANDERERSAPERTURA2011.jpg","type":"image\/jpeg"}],"author":"Moderador","twitter_card":"summary_large_image","twitter_misc":{"Escrito por":"Moderador","Tiempo de lectura":"2 minutos"},"schema":{"@context":"https:\/\/schema.org","@graph":[{"@type":"Article","@id":"https:\/\/www.padreydecano.com\/cms\/partidos\/el-domingo-hay-que-ganar-o-ganar\/#article","isPartOf":{"@id":"https:\/\/www.padreydecano.com\/cms\/partidos\/el-domingo-hay-que-ganar-o-ganar\/"},"author":{"name":"Moderador","@id":"https:\/\/www.padreydecano.com\/cms\/#\/schema\/person\/d93e9e537230ae052c194251d9a1def2"},"headline":"El domingo hay que ganar o ganar","datePublished":"2011-11-13T22:04:12+00:00","dateModified":"2012-11-23T13:02:46+00:00","mainEntityOfPage":{"@id":"https:\/\/www.padreydecano.com\/cms\/partidos\/el-domingo-hay-que-ganar-o-ganar\/"},"wordCount":357,"commentCount":12,"publisher":{"@id":"https:\/\/www.padreydecano.com\/cms\/#organization"},"image":{"@id":"https:\/\/www.padreydecano.com\/cms\/partidos\/el-domingo-hay-que-ganar-o-ganar\/#primaryimage"},"thumbnailUrl":"https:\/\/www.padreydecano.com\/cms\/wp-content\/uploads\/2011\/11\/PE\u00d1AROLWANDERERSAPERTURA2011.jpg","keywords":["Torneo Apertura 2011"],"articleSection":["Partidos"],"inLanguage":"es","potentialAction":[{"@type":"CommentAction","name":"Comment","target":["https:\/\/www.padreydecano.com\/cms\/partidos\/el-domingo-hay-que-ganar-o-ganar\/#respond"]}]},{"@type":"WebPage","@id":"https:\/\/www.padreydecano.com\/cms\/partidos\/el-domingo-hay-que-ganar-o-ganar\/","url":"https:\/\/www.padreydecano.com\/cms\/partidos\/el-domingo-hay-que-ganar-o-ganar\/","name":"El domingo hay que ganar o ganar - Padre y Decano - El Sitio del Pueblo","isPartOf":{"@id":"https:\/\/www.padreydecano.com\/cms\/#website"},"primaryImageOfPage":{"@id":"https:\/\/www.padreydecano.com\/cms\/partidos\/el-domingo-hay-que-ganar-o-ganar\/#primaryimage"},"image":{"@id":"https:\/\/www.padreydecano.com\/cms\/partidos\/el-domingo-hay-que-ganar-o-ganar\/#primaryimage"},"thumbnailUrl":"https:\/\/www.padreydecano.com\/cms\/wp-content\/uploads\/2011\/11\/PE\u00d1AROLWANDERERSAPERTURA2011.jpg","datePublished":"2011-11-13T22:04:12+00:00","dateModified":"2012-11-23T13:02:46+00:00","breadcrumb":{"@id":"https:\/\/www.padreydecano.com\/cms\/partidos\/el-domingo-hay-que-ganar-o-ganar\/#breadcrumb"},"inLanguage":"es","potentialAction":[{"@type":"ReadAction","target":["https:\/\/www.padreydecano.com\/cms\/partidos\/el-domingo-hay-que-ganar-o-ganar\/"]}]},{"@type":"ImageObject","inLanguage":"es","@id":"https:\/\/www.padreydecano.com\/cms\/partidos\/el-domingo-hay-que-ganar-o-ganar\/#primaryimage","url":"https:\/\/www.padreydecano.com\/cms\/wp-content\/uploads\/2011\/11\/PE\u00d1AROLWANDERERSAPERTURA2011.jpg","contentUrl":"https:\/\/www.padreydecano.com\/cms\/wp-content\/uploads\/2011\/11\/PE\u00d1AROLWANDERERSAPERTURA2011.jpg","width":"646","height":"259"},{"@type":"BreadcrumbList","@id":"https:\/\/www.padreydecano.com\/cms\/partidos\/el-domingo-hay-que-ganar-o-ganar\/#breadcrumb","itemListElement":[{"@type":"ListItem","position":1,"name":"Portada","item":"https:\/\/www.padreydecano.com\/cms\/"},{"@type":"ListItem","position":2,"name":"El domingo hay que ganar o ganar"}]},{"@type":"WebSite","@id":"https:\/\/www.padreydecano.com\/cms\/#website","url":"https:\/\/www.padreydecano.com\/cms\/","name":"Padre y Decano - El Sitio del Pueblo","description":"Club Atl\u00e9tico Pe\u00f1arol","publisher":{"@id":"https:\/\/www.padreydecano.com\/cms\/#organization"},"potentialAction":[{"@type":"SearchAction","target":{"@type":"EntryPoint","urlTemplate":"https:\/\/www.padreydecano.com\/cms\/?s={search_term_string}"},"query-input":"required name=search_term_string"}],"inLanguage":"es"},{"@type":"Organization","@id":"https:\/\/www.padreydecano.com\/cms\/#organization","name":"Padre y Decano","url":"https:\/\/www.padreydecano.com\/cms\/","logo":{"@type":"ImageObject","inLanguage":"es","@id":"https:\/\/www.padreydecano.com\/cms\/#\/schema\/logo\/image\/","url":"https:\/\/www.padreydecano.com\/cms\/wp-content\/uploads\/2022\/01\/avatar-square.png","contentUrl":"https:\/\/www.padreydecano.com\/cms\/wp-content\/uploads\/2022\/01\/avatar-square.png","width":1500,"height":1500,"caption":"Padre y Decano"},"image":{"@id":"https:\/\/www.padreydecano.com\/cms\/#\/schema\/logo\/image\/"}},{"@type":"Person","@id":"https:\/\/www.padreydecano.com\/cms\/#\/schema\/person\/d93e9e537230ae052c194251d9a1def2","name":"Moderador","image":{"@type":"ImageObject","inLanguage":"es","@id":"https:\/\/www.padreydecano.com\/cms\/#\/schema\/person\/image\/","url":"https:\/\/secure.gravatar.com\/avatar\/2587727bf8a53bd3da4ec49f01bea66e?s=96&d=https%3A%2F%2Fpadreydecano.com%2Fcms%2Fwp-content%2Fthemes%2Fpyd-theme%2Fimg%2Fdefault-avatar.png&r=g","contentUrl":"https:\/\/secure.gravatar.com\/avatar\/2587727bf8a53bd3da4ec49f01bea66e?s=96&d=https%3A%2F%2Fpadreydecano.com%2Fcms%2Fwp-content%2Fthemes%2Fpyd-theme%2Fimg%2Fdefault-avatar.png&r=g","caption":"Moderador"}}]}},"_links":{"self":[{"href":"https:\/\/www.padreydecano.com\/cms\/wp-json\/wp\/v2\/posts\/8506"}],"collection":[{"href":"https:\/\/www.padreydecano.com\/cms\/wp-json\/wp\/v2\/posts"}],"about":[{"href":"https:\/\/www.padreydecano.com\/cms\/wp-json\/wp\/v2\/types\/post"}],"author":[{"embeddable":true,"href":"https:\/\/www.padreydecano.com\/cms\/wp-json\/wp\/v2\/users\/13"}],"replies":[{"embeddable":true,"href":"https:\/\/www.padreydecano.com\/cms\/wp-json\/wp\/v2\/comments?post=8506"}],"version-history":[{"count":0,"href":"https:\/\/www.padreydecano.com\/cms\/wp-json\/wp\/v2\/posts\/8506\/revisions"}],"wp:featuredmedia":[{"embeddable":true,"href":"https:\/\/www.padreydecano.com\/cms\/wp-json\/wp\/v2\/media\/8511"}],"wp:attachment":[{"href":"https:\/\/www.padreydecano.com\/cms\/wp-json\/wp\/v2\/media?parent=8506"}],"wp:term":[{"taxonomy":"category","embeddable":true,"href":"https:\/\/www.padreydecano.com\/cms\/wp-json\/wp\/v2\/categories?post=8506"},{"taxonomy":"post_tag","embeddable":true,"href":"https:\/\/www.padreydecano.com\/cms\/wp-json\/wp\/v2\/tags?post=8506"}],"curies":[{"name":"wp","href":"https:\/\/api.w.org\/{rel}","templated":true}]}}