{"id":8175,"date":"2011-11-09T16:19:47","date_gmt":"2011-11-09T18:19:47","guid":{"rendered":"http:\/\/www.padreydecano.com\/cms\/?p=8175"},"modified":"2011-11-10T08:04:32","modified_gmt":"2011-11-10T10:04:32","slug":"manyas-la-pelicula-en-new-york","status":"publish","type":"post","link":"https:\/\/www.padreydecano.com\/cms\/penas\/manyas-la-pelicula-en-new-york\/","title":{"rendered":"\u00abManyas: La Pel\u00edcula\u00bb en New York"},"content":{"rendered":"<p style=\"text-align: justify;\">La pel\u00edcula Many<a href=\"https:\/\/www.padreydecano.com\/cms\/wp-content\/uploads\/2011\/11\/Manyas-en-EEUU.jpg\" rel=\"shadowbox[sbpost-8175];player=img;\"><img loading=\"lazy\" decoding=\"async\" class=\"alignleft size-medium wp-image-8200\" title=\"\" src=\"https:\/\/www.padreydecano.com\/cms\/wp-content\/uploads\/2011\/11\/Manyas-en-EEUU-300x197.jpg\" alt=\"\" width=\"300\" height=\"197\" srcset=\"https:\/\/www.padreydecano.com\/cms\/wp-content\/uploads\/2011\/11\/Manyas-en-EEUU-300x197.jpg 300w, https:\/\/www.padreydecano.com\/cms\/wp-content\/uploads\/2011\/11\/Manyas-en-EEUU.jpg 720w\" sizes=\"(max-width: 300px) 100vw, 300px\" \/><\/a>as va a tener su primer funci\u00f3n en el exterior. Despu\u00e9s de varias idas y vueltas se logr\u00f3 exponer la pel\u00edcula fuera de fronteras gracias al esfuerzo de los productores y de la Pe\u00f1a que han trabajado en conjunto para llevar a cabo esta funci\u00f3n especial. La movida la organiza <a href=\"https:\/\/www.padreydecano.com\/cms\/usa\/\">la Pe\u00f1a de New York<\/a>, cuyo n\u00fameros de contacto son 631-392-8574 y 917-627-8997.<\/p>\n<p style=\"text-align: justify;\">La funci\u00f3n ser\u00e1 el s\u00e1bado 19 de noviembre a las\u00a0<span class=\"dtstart\">18:00<\/span> hs (\u00fanica funci\u00f3n) en\u00a0<span class=\"profileName fn ginormousProfileName fwb\"><a href=\"http:\/\/www.facebook.com\/pages\/87-lafayette-street\/263277167031730\" target=\"_blank\">87 Lafayette Street<\/a><\/span>. Apurate a comprar tu entrada que la capacidad es limitados.<br \/>\nMientras tanto, la pel\u00edcula en Montevideo sigue en cartel en Moviecenter en todos los horarios de la semana. Ya se vendieron m\u00e1s de 40 mil entradas y la pel\u00edcula entre semana a pesar de estar hace varios d\u00edas, vende la misma cantidad que la pel\u00edcula 3 Millones, por ejemplo.<\/p>\n<p>En el interior este fin de semana la pel\u00edcula tendr\u00e1 funciones en:<\/p>\n<ul>\n<li><span class=\"messageBody\" data-ft=\"{&quot;type&quot;:3}\">Colonia del Sacramento &#8211; S\u00e1bado 12 y Domingo 13 de noviembre en Colonia Shopping. En los <\/span><span class=\"messageBody\" data-ft=\"{&quot;type&quot;:3}\">siguientes horarios : 17.00, 18.45, 20.30 y 22.30 horas.<\/span><\/li>\n<li>Nueva Helvecia &#8211; Domingo 13 de noviembre<\/li>\n<li>Canelones &#8211; Domingo 13 de noviembre en el Cine Teatro Politeama. Horario: 19:30 y a las 21:30 hs.<\/li>\n<\/ul>\n<p style=\"text-align: justify;\">Si no la vistes no te la pod\u00e9s perder!!!<\/p>\n","protected":false},"excerpt":{"rendered":"<p>La pel\u00edcula Manyas va a tener su primer funci\u00f3n en el exterior. Despu\u00e9s de varias idas y vueltas se logr\u00f3 exponer la pel\u00edcula fuera de fronteras gracias al esfuerzo de los productores y de la Pe\u00f1a que han trabajado en conjunto para llevar a cabo esta funci\u00f3n especial. La movida la organiza la Pe\u00f1a de [&hellip;]<\/p>\n","protected":false},"author":2,"featured_media":8200,"comment_status":"open","ping_status":"closed","sticky":false,"template":"","format":"standard","meta":{"footnotes":""},"categories":[42],"tags":[54],"yoast_head":"<!-- This site is optimized with the Yoast SEO plugin v23.2 - https:\/\/yoast.com\/wordpress\/plugins\/seo\/ -->\n<title>&quot;Manyas: La Pel\u00edcula&quot; en New York - Padre y Decano - El Sitio del Pueblo<\/title>\n<meta name=\"robots\" content=\"index, follow, max-snippet:-1, max-image-preview:large, max-video-preview:-1\" \/>\n<link rel=\"canonical\" href=\"https:\/\/www.padreydecano.com\/cms\/penas\/manyas-la-pelicula-en-new-york\/\" \/>\n<meta property=\"og:locale\" content=\"es_ES\" \/>\n<meta property=\"og:type\" content=\"article\" \/>\n<meta property=\"og:title\" content=\"&quot;Manyas: La Pel\u00edcula&quot; en New York - Padre y Decano - El Sitio del Pueblo\" \/>\n<meta property=\"og:description\" content=\"La pel\u00edcula Manyas va a tener su primer funci\u00f3n en el exterior. Despu\u00e9s de varias idas y vueltas se logr\u00f3 exponer la pel\u00edcula fuera de fronteras gracias al esfuerzo de los productores y de la Pe\u00f1a que han trabajado en conjunto para llevar a cabo esta funci\u00f3n especial. La movida la organiza la Pe\u00f1a de [&hellip;]\" \/>\n<meta property=\"og:url\" content=\"https:\/\/www.padreydecano.com\/cms\/penas\/manyas-la-pelicula-en-new-york\/\" \/>\n<meta property=\"og:site_name\" content=\"Padre y Decano - El Sitio del Pueblo\" \/>\n<meta property=\"article:published_time\" content=\"2011-11-09T18:19:47+00:00\" \/>\n<meta property=\"article:modified_time\" content=\"2011-11-10T10:04:32+00:00\" \/>\n<meta property=\"og:image\" content=\"https:\/\/www.padreydecano.com\/cms\/wp-content\/uploads\/2011\/11\/Manyas-en-EEUU.jpg\" \/>\n\t<meta property=\"og:image:width\" content=\"720\" \/>\n\t<meta property=\"og:image:height\" content=\"473\" \/>\n\t<meta property=\"og:image:type\" content=\"image\/jpeg\" \/>\n<meta name=\"author\" content=\"Gonzalo16\" \/>\n<meta name=\"twitter:card\" content=\"summary_large_image\" \/>\n<meta name=\"twitter:label1\" content=\"Escrito por\" \/>\n\t<meta name=\"twitter:data1\" content=\"Gonzalo16\" \/>\n\t<meta name=\"twitter:label2\" content=\"Tiempo de lectura\" \/>\n\t<meta name=\"twitter:data2\" content=\"1 minuto\" \/>\n<script type=\"application\/ld+json\" class=\"yoast-schema-graph\">{\"@context\":\"https:\/\/schema.org\",\"@graph\":[{\"@type\":\"Article\",\"@id\":\"https:\/\/www.padreydecano.com\/cms\/penas\/manyas-la-pelicula-en-new-york\/#article\",\"isPartOf\":{\"@id\":\"https:\/\/www.padreydecano.com\/cms\/penas\/manyas-la-pelicula-en-new-york\/\"},\"author\":{\"name\":\"Gonzalo16\",\"@id\":\"https:\/\/www.padreydecano.com\/cms\/#\/schema\/person\/7fe41e3e335700ebd387196df2f9a8d4\"},\"headline\":\"\u00abManyas: La Pel\u00edcula\u00bb en New York\",\"datePublished\":\"2011-11-09T18:19:47+00:00\",\"dateModified\":\"2011-11-10T10:04:32+00:00\",\"mainEntityOfPage\":{\"@id\":\"https:\/\/www.padreydecano.com\/cms\/penas\/manyas-la-pelicula-en-new-york\/\"},\"wordCount\":226,\"commentCount\":2,\"publisher\":{\"@id\":\"https:\/\/www.padreydecano.com\/cms\/#organization\"},\"image\":{\"@id\":\"https:\/\/www.padreydecano.com\/cms\/penas\/manyas-la-pelicula-en-new-york\/#primaryimage\"},\"thumbnailUrl\":\"https:\/\/www.padreydecano.com\/cms\/wp-content\/uploads\/2011\/11\/Manyas-en-EEUU.jpg\",\"keywords\":[\"Manyas: La pel\u00edcula\"],\"articleSection\":[\"Pe\u00f1as\"],\"inLanguage\":\"es\",\"potentialAction\":[{\"@type\":\"CommentAction\",\"name\":\"Comment\",\"target\":[\"https:\/\/www.padreydecano.com\/cms\/penas\/manyas-la-pelicula-en-new-york\/#respond\"]}]},{\"@type\":\"WebPage\",\"@id\":\"https:\/\/www.padreydecano.com\/cms\/penas\/manyas-la-pelicula-en-new-york\/\",\"url\":\"https:\/\/www.padreydecano.com\/cms\/penas\/manyas-la-pelicula-en-new-york\/\",\"name\":\"\\\"Manyas: La Pel\u00edcula\\\" en New York - Padre y Decano - El Sitio del Pueblo\",\"isPartOf\":{\"@id\":\"https:\/\/www.padreydecano.com\/cms\/#website\"},\"primaryImageOfPage\":{\"@id\":\"https:\/\/www.padreydecano.com\/cms\/penas\/manyas-la-pelicula-en-new-york\/#primaryimage\"},\"image\":{\"@id\":\"https:\/\/www.padreydecano.com\/cms\/penas\/manyas-la-pelicula-en-new-york\/#primaryimage\"},\"thumbnailUrl\":\"https:\/\/www.padreydecano.com\/cms\/wp-content\/uploads\/2011\/11\/Manyas-en-EEUU.jpg\",\"datePublished\":\"2011-11-09T18:19:47+00:00\",\"dateModified\":\"2011-11-10T10:04:32+00:00\",\"breadcrumb\":{\"@id\":\"https:\/\/www.padreydecano.com\/cms\/penas\/manyas-la-pelicula-en-new-york\/#breadcrumb\"},\"inLanguage\":\"es\",\"potentialAction\":[{\"@type\":\"ReadAction\",\"target\":[\"https:\/\/www.padreydecano.com\/cms\/penas\/manyas-la-pelicula-en-new-york\/\"]}]},{\"@type\":\"ImageObject\",\"inLanguage\":\"es\",\"@id\":\"https:\/\/www.padreydecano.com\/cms\/penas\/manyas-la-pelicula-en-new-york\/#primaryimage\",\"url\":\"https:\/\/www.padreydecano.com\/cms\/wp-content\/uploads\/2011\/11\/Manyas-en-EEUU.jpg\",\"contentUrl\":\"https:\/\/www.padreydecano.com\/cms\/wp-content\/uploads\/2011\/11\/Manyas-en-EEUU.jpg\",\"width\":\"720\",\"height\":\"473\"},{\"@type\":\"BreadcrumbList\",\"@id\":\"https:\/\/www.padreydecano.com\/cms\/penas\/manyas-la-pelicula-en-new-york\/#breadcrumb\",\"itemListElement\":[{\"@type\":\"ListItem\",\"position\":1,\"name\":\"Portada\",\"item\":\"https:\/\/www.padreydecano.com\/cms\/\"},{\"@type\":\"ListItem\",\"position\":2,\"name\":\"\u00abManyas: La Pel\u00edcula\u00bb en New York\"}]},{\"@type\":\"WebSite\",\"@id\":\"https:\/\/www.padreydecano.com\/cms\/#website\",\"url\":\"https:\/\/www.padreydecano.com\/cms\/\",\"name\":\"Padre y Decano - El Sitio del Pueblo\",\"description\":\"Club Atl\u00e9tico Pe\u00f1arol\",\"publisher\":{\"@id\":\"https:\/\/www.padreydecano.com\/cms\/#organization\"},\"potentialAction\":[{\"@type\":\"SearchAction\",\"target\":{\"@type\":\"EntryPoint\",\"urlTemplate\":\"https:\/\/www.padreydecano.com\/cms\/?s={search_term_string}\"},\"query-input\":\"required name=search_term_string\"}],\"inLanguage\":\"es\"},{\"@type\":\"Organization\",\"@id\":\"https:\/\/www.padreydecano.com\/cms\/#organization\",\"name\":\"Padre y Decano\",\"url\":\"https:\/\/www.padreydecano.com\/cms\/\",\"logo\":{\"@type\":\"ImageObject\",\"inLanguage\":\"es\",\"@id\":\"https:\/\/www.padreydecano.com\/cms\/#\/schema\/logo\/image\/\",\"url\":\"https:\/\/www.padreydecano.com\/cms\/wp-content\/uploads\/2022\/01\/avatar-square.png\",\"contentUrl\":\"https:\/\/www.padreydecano.com\/cms\/wp-content\/uploads\/2022\/01\/avatar-square.png\",\"width\":1500,\"height\":1500,\"caption\":\"Padre y Decano\"},\"image\":{\"@id\":\"https:\/\/www.padreydecano.com\/cms\/#\/schema\/logo\/image\/\"}},{\"@type\":\"Person\",\"@id\":\"https:\/\/www.padreydecano.com\/cms\/#\/schema\/person\/7fe41e3e335700ebd387196df2f9a8d4\",\"name\":\"Gonzalo16\",\"image\":{\"@type\":\"ImageObject\",\"inLanguage\":\"es\",\"@id\":\"https:\/\/www.padreydecano.com\/cms\/#\/schema\/person\/image\/\",\"url\":\"https:\/\/secure.gravatar.com\/avatar\/4d5cdd49803a2313c01f77e3dfc05d81?s=96&d=https%3A%2F%2Fpadreydecano.com%2Fcms%2Fwp-content%2Fthemes%2Fpyd-theme%2Fimg%2Fdefault-avatar.png&r=g\",\"contentUrl\":\"https:\/\/secure.gravatar.com\/avatar\/4d5cdd49803a2313c01f77e3dfc05d81?s=96&d=https%3A%2F%2Fpadreydecano.com%2Fcms%2Fwp-content%2Fthemes%2Fpyd-theme%2Fimg%2Fdefault-avatar.png&r=g\",\"caption\":\"Gonzalo16\"}}]}<\/script>\n<!-- \/ Yoast SEO plugin. -->","yoast_head_json":{"title":"\"Manyas: La Pel\u00edcula\" en New York - Padre y Decano - El Sitio del Pueblo","robots":{"index":"index","follow":"follow","max-snippet":"max-snippet:-1","max-image-preview":"max-image-preview:large","max-video-preview":"max-video-preview:-1"},"canonical":"https:\/\/www.padreydecano.com\/cms\/penas\/manyas-la-pelicula-en-new-york\/","og_locale":"es_ES","og_type":"article","og_title":"\"Manyas: La Pel\u00edcula\" en New York - Padre y Decano - El Sitio del Pueblo","og_description":"La pel\u00edcula Manyas va a tener su primer funci\u00f3n en el exterior. Despu\u00e9s de varias idas y vueltas se logr\u00f3 exponer la pel\u00edcula fuera de fronteras gracias al esfuerzo de los productores y de la Pe\u00f1a que han trabajado en conjunto para llevar a cabo esta funci\u00f3n especial. La movida la organiza la Pe\u00f1a de [&hellip;]","og_url":"https:\/\/www.padreydecano.com\/cms\/penas\/manyas-la-pelicula-en-new-york\/","og_site_name":"Padre y Decano - El Sitio del Pueblo","article_published_time":"2011-11-09T18:19:47+00:00","article_modified_time":"2011-11-10T10:04:32+00:00","og_image":[{"width":720,"height":473,"url":"https:\/\/www.padreydecano.com\/cms\/wp-content\/uploads\/2011\/11\/Manyas-en-EEUU.jpg","type":"image\/jpeg"}],"author":"Gonzalo16","twitter_card":"summary_large_image","twitter_misc":{"Escrito por":"Gonzalo16","Tiempo de lectura":"1 minuto"},"schema":{"@context":"https:\/\/schema.org","@graph":[{"@type":"Article","@id":"https:\/\/www.padreydecano.com\/cms\/penas\/manyas-la-pelicula-en-new-york\/#article","isPartOf":{"@id":"https:\/\/www.padreydecano.com\/cms\/penas\/manyas-la-pelicula-en-new-york\/"},"author":{"name":"Gonzalo16","@id":"https:\/\/www.padreydecano.com\/cms\/#\/schema\/person\/7fe41e3e335700ebd387196df2f9a8d4"},"headline":"\u00abManyas: La Pel\u00edcula\u00bb en New York","datePublished":"2011-11-09T18:19:47+00:00","dateModified":"2011-11-10T10:04:32+00:00","mainEntityOfPage":{"@id":"https:\/\/www.padreydecano.com\/cms\/penas\/manyas-la-pelicula-en-new-york\/"},"wordCount":226,"commentCount":2,"publisher":{"@id":"https:\/\/www.padreydecano.com\/cms\/#organization"},"image":{"@id":"https:\/\/www.padreydecano.com\/cms\/penas\/manyas-la-pelicula-en-new-york\/#primaryimage"},"thumbnailUrl":"https:\/\/www.padreydecano.com\/cms\/wp-content\/uploads\/2011\/11\/Manyas-en-EEUU.jpg","keywords":["Manyas: La pel\u00edcula"],"articleSection":["Pe\u00f1as"],"inLanguage":"es","potentialAction":[{"@type":"CommentAction","name":"Comment","target":["https:\/\/www.padreydecano.com\/cms\/penas\/manyas-la-pelicula-en-new-york\/#respond"]}]},{"@type":"WebPage","@id":"https:\/\/www.padreydecano.com\/cms\/penas\/manyas-la-pelicula-en-new-york\/","url":"https:\/\/www.padreydecano.com\/cms\/penas\/manyas-la-pelicula-en-new-york\/","name":"\"Manyas: La Pel\u00edcula\" en New York - Padre y Decano - El Sitio del Pueblo","isPartOf":{"@id":"https:\/\/www.padreydecano.com\/cms\/#website"},"primaryImageOfPage":{"@id":"https:\/\/www.padreydecano.com\/cms\/penas\/manyas-la-pelicula-en-new-york\/#primaryimage"},"image":{"@id":"https:\/\/www.padreydecano.com\/cms\/penas\/manyas-la-pelicula-en-new-york\/#primaryimage"},"thumbnailUrl":"https:\/\/www.padreydecano.com\/cms\/wp-content\/uploads\/2011\/11\/Manyas-en-EEUU.jpg","datePublished":"2011-11-09T18:19:47+00:00","dateModified":"2011-11-10T10:04:32+00:00","breadcrumb":{"@id":"https:\/\/www.padreydecano.com\/cms\/penas\/manyas-la-pelicula-en-new-york\/#breadcrumb"},"inLanguage":"es","potentialAction":[{"@type":"ReadAction","target":["https:\/\/www.padreydecano.com\/cms\/penas\/manyas-la-pelicula-en-new-york\/"]}]},{"@type":"ImageObject","inLanguage":"es","@id":"https:\/\/www.padreydecano.com\/cms\/penas\/manyas-la-pelicula-en-new-york\/#primaryimage","url":"https:\/\/www.padreydecano.com\/cms\/wp-content\/uploads\/2011\/11\/Manyas-en-EEUU.jpg","contentUrl":"https:\/\/www.padreydecano.com\/cms\/wp-content\/uploads\/2011\/11\/Manyas-en-EEUU.jpg","width":"720","height":"473"},{"@type":"BreadcrumbList","@id":"https:\/\/www.padreydecano.com\/cms\/penas\/manyas-la-pelicula-en-new-york\/#breadcrumb","itemListElement":[{"@type":"ListItem","position":1,"name":"Portada","item":"https:\/\/www.padreydecano.com\/cms\/"},{"@type":"ListItem","position":2,"name":"\u00abManyas: La Pel\u00edcula\u00bb en New York"}]},{"@type":"WebSite","@id":"https:\/\/www.padreydecano.com\/cms\/#website","url":"https:\/\/www.padreydecano.com\/cms\/","name":"Padre y Decano - El Sitio del Pueblo","description":"Club Atl\u00e9tico Pe\u00f1arol","publisher":{"@id":"https:\/\/www.padreydecano.com\/cms\/#organization"},"potentialAction":[{"@type":"SearchAction","target":{"@type":"EntryPoint","urlTemplate":"https:\/\/www.padreydecano.com\/cms\/?s={search_term_string}"},"query-input":"required name=search_term_string"}],"inLanguage":"es"},{"@type":"Organization","@id":"https:\/\/www.padreydecano.com\/cms\/#organization","name":"Padre y Decano","url":"https:\/\/www.padreydecano.com\/cms\/","logo":{"@type":"ImageObject","inLanguage":"es","@id":"https:\/\/www.padreydecano.com\/cms\/#\/schema\/logo\/image\/","url":"https:\/\/www.padreydecano.com\/cms\/wp-content\/uploads\/2022\/01\/avatar-square.png","contentUrl":"https:\/\/www.padreydecano.com\/cms\/wp-content\/uploads\/2022\/01\/avatar-square.png","width":1500,"height":1500,"caption":"Padre y Decano"},"image":{"@id":"https:\/\/www.padreydecano.com\/cms\/#\/schema\/logo\/image\/"}},{"@type":"Person","@id":"https:\/\/www.padreydecano.com\/cms\/#\/schema\/person\/7fe41e3e335700ebd387196df2f9a8d4","name":"Gonzalo16","image":{"@type":"ImageObject","inLanguage":"es","@id":"https:\/\/www.padreydecano.com\/cms\/#\/schema\/person\/image\/","url":"https:\/\/secure.gravatar.com\/avatar\/4d5cdd49803a2313c01f77e3dfc05d81?s=96&d=https%3A%2F%2Fpadreydecano.com%2Fcms%2Fwp-content%2Fthemes%2Fpyd-theme%2Fimg%2Fdefault-avatar.png&r=g","contentUrl":"https:\/\/secure.gravatar.com\/avatar\/4d5cdd49803a2313c01f77e3dfc05d81?s=96&d=https%3A%2F%2Fpadreydecano.com%2Fcms%2Fwp-content%2Fthemes%2Fpyd-theme%2Fimg%2Fdefault-avatar.png&r=g","caption":"Gonzalo16"}}]}},"_links":{"self":[{"href":"https:\/\/www.padreydecano.com\/cms\/wp-json\/wp\/v2\/posts\/8175"}],"collection":[{"href":"https:\/\/www.padreydecano.com\/cms\/wp-json\/wp\/v2\/posts"}],"about":[{"href":"https:\/\/www.padreydecano.com\/cms\/wp-json\/wp\/v2\/types\/post"}],"author":[{"embeddable":true,"href":"https:\/\/www.padreydecano.com\/cms\/wp-json\/wp\/v2\/users\/2"}],"replies":[{"embeddable":true,"href":"https:\/\/www.padreydecano.com\/cms\/wp-json\/wp\/v2\/comments?post=8175"}],"version-history":[{"count":0,"href":"https:\/\/www.padreydecano.com\/cms\/wp-json\/wp\/v2\/posts\/8175\/revisions"}],"wp:featuredmedia":[{"embeddable":true,"href":"https:\/\/www.padreydecano.com\/cms\/wp-json\/wp\/v2\/media\/8200"}],"wp:attachment":[{"href":"https:\/\/www.padreydecano.com\/cms\/wp-json\/wp\/v2\/media?parent=8175"}],"wp:term":[{"taxonomy":"category","embeddable":true,"href":"https:\/\/www.padreydecano.com\/cms\/wp-json\/wp\/v2\/categories?post=8175"},{"taxonomy":"post_tag","embeddable":true,"href":"https:\/\/www.padreydecano.com\/cms\/wp-json\/wp\/v2\/tags?post=8175"}],"curies":[{"name":"wp","href":"https:\/\/api.w.org\/{rel}","templated":true}]}}