{"id":81495,"date":"2025-04-08T15:02:09","date_gmt":"2025-04-08T18:02:09","guid":{"rendered":"https:\/\/www.padreydecano.com\/cms\/?p=81495"},"modified":"2025-04-08T17:48:21","modified_gmt":"2025-04-08T20:48:21","slug":"primer-enfrentamiento","status":"publish","type":"post","link":"https:\/\/www.padreydecano.com\/cms\/noticias\/primer-enfrentamiento\/","title":{"rendered":"Primer enfrentamiento"},"content":{"rendered":"<p><img loading=\"lazy\" decoding=\"async\" class=\"alignnone size-medium wp-image-81496\" src=\"https:\/\/www.padreydecano.com\/cms\/wp-content\/uploads\/2025\/04\/0f6645a6-1114-464f-93dc-b8f933bf908b-800x533.jpeg\" alt=\"\" width=\"800\" height=\"533\" srcset=\"https:\/\/www.padreydecano.com\/cms\/wp-content\/uploads\/2025\/04\/0f6645a6-1114-464f-93dc-b8f933bf908b-800x533.jpeg 800w, https:\/\/www.padreydecano.com\/cms\/wp-content\/uploads\/2025\/04\/0f6645a6-1114-464f-93dc-b8f933bf908b-1280x853.jpeg 1280w, https:\/\/www.padreydecano.com\/cms\/wp-content\/uploads\/2025\/04\/0f6645a6-1114-464f-93dc-b8f933bf908b-768x512.jpeg 768w, https:\/\/www.padreydecano.com\/cms\/wp-content\/uploads\/2025\/04\/0f6645a6-1114-464f-93dc-b8f933bf908b-1536x1024.jpeg 1536w, https:\/\/www.padreydecano.com\/cms\/wp-content\/uploads\/2025\/04\/0f6645a6-1114-464f-93dc-b8f933bf908b-300x200.jpeg 300w, https:\/\/www.padreydecano.com\/cms\/wp-content\/uploads\/2025\/04\/0f6645a6-1114-464f-93dc-b8f933bf908b-128x85.jpeg 128w, https:\/\/www.padreydecano.com\/cms\/wp-content\/uploads\/2025\/04\/0f6645a6-1114-464f-93dc-b8f933bf908b-32x21.jpeg 32w, https:\/\/www.padreydecano.com\/cms\/wp-content\/uploads\/2025\/04\/0f6645a6-1114-464f-93dc-b8f933bf908b.jpeg 2048w\" sizes=\"(max-width: 800px) 100vw, 800px\" \/><\/p>\n<p><strong>El decano del f\u00fatbol uruguayo enfrentar\u00e1 a San Antonio Bulo Bulo por la segunda fecha de la fase de grupos de la Copa Libertadores 2025. Conoc\u00e9 m\u00e1s del rival ac\u00e1.<\/strong><\/p>\n<p>San Antonio es un equipo boliviano con sede en Entre R\u00edos a 265 kilometros de Cochabamba. Fue fundado en el 1962 pero reci\u00e9n en 2024 lleg\u00f3 a la Primera Divisi\u00f3n del f\u00fatbol de Bolivia. En solo tres a\u00f1os, pas\u00f3 de ser un equipo de la Tercera divisi\u00f3n a conquistar la maxima categor\u00eda.<\/p>\n<p><span style=\"color: #ffcc00;\"><strong>\u00bfC\u00f3mo clasific\u00f3 a la edicion 2025 de la Copa Libertadores?<\/strong><\/span><\/p>\n<p>El 5 de mayo de 2024 se consagr\u00f3 campe\u00f3n del Torneo Apertura boliviano y de esta forma, clasific\u00f3 por primera vez en su historia al m\u00e1ximo torneo continental a nivel de clubes. M\u00e1s all\u00e1 de un gran primer semestre, posteriormente, en el Torneo Clausura termin\u00f3 en la posici\u00f3n n\u00famero 13 sobre 15 equipos que disputan el campeonato.<\/p>\n<p>La \u00fanica actividad oficial que disputaron en este 2025, fueron 3 partidos. Las primeras dos fechas del torneo boliviano donde perdieron 2 a 0 ante Academia Boliviana de Balonpie y lo m\u00e1s reciente a nivel local es la victoria de Bulo Bulo ante Wilsterman 2 a 0. En el plano internacional debutaron con un sorpresivo triunfo ante Olimpia De Paraguay 3 a 2.<\/p>\n<p>San Antonio esta integrado en su gran mayor\u00eda por futbolistas nacidos en Bolivia. No tiene figuras destacadas en su plantilla pero si cuenta con algunos jugadores que militaron en el ascenso de Argentina como el arquero Rodrigo Saracho, el zaguero Brian Salvareschi y el delantero German Rivero ex Plaza Colonia y Defensor Sporting.<\/p>\n<p>El estadio en el que juega el futuro adversario del carbonero es el \u00abDr. Carlos Villegas\u00bb situado en Entre R\u00edos donde no hay altura ya que se juega a nivel del mar. De todas formas, el club boliviano ha decidido, para disputar la Copa Libertadores, mover la local\u00eda a Cochabamba donde la altitud es de 2500 metros sobre el nivel del mar, similar a la de Bogot\u00e1, Colombia. Ah\u00ed disput\u00f3 su primer partido en el m\u00e1ximo torneo continental, en el Estadio F\u00e9lix Capriles.<\/p>\n<p>En el futbol siempre hay sorpresas y eso es una de las tantas cosas que lo hacen \u00fanico y apasionante, pero es l\u00f3gico afirmar que a Pe\u00f1arol le toc\u00f3, en la previa, uno de los equipos mas accesibles de esta edici\u00f3n de la Copa Libertadores 2025.<\/p>\n<p><strong>Agust\u00edn Mart\u00ednez\u00a0<\/strong><\/p>\n","protected":false},"excerpt":{"rendered":"<p>El decano del f\u00fatbol uruguayo enfrentar\u00e1 a San Antonio Bulo Bulo por la segunda fecha de la fase de grupos de la Copa Libertadores 2025. Conoc\u00e9 m\u00e1s del rival ac\u00e1. San Antonio es un equipo boliviano con sede en Entre R\u00edos a 265 kilometros de Cochabamba. Fue fundado en el 1962 pero reci\u00e9n en 2024 [&hellip;]<\/p>\n","protected":false},"author":27,"featured_media":81496,"comment_status":"open","ping_status":"closed","sticky":false,"template":"","format":"standard","meta":{"footnotes":""},"categories":[1],"tags":[625],"yoast_head":"<!-- This site is optimized with the Yoast SEO plugin v23.2 - https:\/\/yoast.com\/wordpress\/plugins\/seo\/ -->\n<title>Primer enfrentamiento - Padre y Decano - El Sitio del Pueblo<\/title>\n<meta name=\"robots\" content=\"index, follow, max-snippet:-1, max-image-preview:large, max-video-preview:-1\" \/>\n<link rel=\"canonical\" href=\"https:\/\/www.padreydecano.com\/cms\/noticias\/primer-enfrentamiento\/\" \/>\n<meta property=\"og:locale\" content=\"es_ES\" \/>\n<meta property=\"og:type\" content=\"article\" \/>\n<meta property=\"og:title\" content=\"Primer enfrentamiento - Padre y Decano - El Sitio del Pueblo\" \/>\n<meta property=\"og:description\" content=\"El decano del f\u00fatbol uruguayo enfrentar\u00e1 a San Antonio Bulo Bulo por la segunda fecha de la fase de grupos de la Copa Libertadores 2025. Conoc\u00e9 m\u00e1s del rival ac\u00e1. San Antonio es un equipo boliviano con sede en Entre R\u00edos a 265 kilometros de Cochabamba. Fue fundado en el 1962 pero reci\u00e9n en 2024 [&hellip;]\" \/>\n<meta property=\"og:url\" content=\"https:\/\/www.padreydecano.com\/cms\/noticias\/primer-enfrentamiento\/\" \/>\n<meta property=\"og:site_name\" content=\"Padre y Decano - El Sitio del Pueblo\" \/>\n<meta property=\"article:published_time\" content=\"2025-04-08T18:02:09+00:00\" \/>\n<meta property=\"article:modified_time\" content=\"2025-04-08T20:48:21+00:00\" \/>\n<meta property=\"og:image\" content=\"https:\/\/www.padreydecano.com\/cms\/wp-content\/uploads\/2025\/04\/0f6645a6-1114-464f-93dc-b8f933bf908b.jpeg\" \/>\n\t<meta property=\"og:image:width\" content=\"2048\" \/>\n\t<meta property=\"og:image:height\" content=\"1365\" \/>\n\t<meta property=\"og:image:type\" content=\"image\/jpeg\" \/>\n<meta name=\"author\" content=\"Redactores Padre y Decano\" \/>\n<meta name=\"twitter:card\" content=\"summary_large_image\" \/>\n<meta name=\"twitter:label1\" content=\"Escrito por\" \/>\n\t<meta name=\"twitter:data1\" content=\"Redactores Padre y Decano\" \/>\n\t<meta name=\"twitter:label2\" content=\"Tiempo de lectura\" \/>\n\t<meta name=\"twitter:data2\" content=\"3 minutos\" \/>\n<script type=\"application\/ld+json\" class=\"yoast-schema-graph\">{\"@context\":\"https:\/\/schema.org\",\"@graph\":[{\"@type\":\"Article\",\"@id\":\"https:\/\/www.padreydecano.com\/cms\/noticias\/primer-enfrentamiento\/#article\",\"isPartOf\":{\"@id\":\"https:\/\/www.padreydecano.com\/cms\/noticias\/primer-enfrentamiento\/\"},\"author\":{\"name\":\"Redactores Padre y Decano\",\"@id\":\"https:\/\/www.padreydecano.com\/cms\/#\/schema\/person\/37aae8f93aa78e4c5385497f056e3246\"},\"headline\":\"Primer enfrentamiento\",\"datePublished\":\"2025-04-08T18:02:09+00:00\",\"dateModified\":\"2025-04-08T20:48:21+00:00\",\"mainEntityOfPage\":{\"@id\":\"https:\/\/www.padreydecano.com\/cms\/noticias\/primer-enfrentamiento\/\"},\"wordCount\":405,\"commentCount\":1,\"publisher\":{\"@id\":\"https:\/\/www.padreydecano.com\/cms\/#organization\"},\"image\":{\"@id\":\"https:\/\/www.padreydecano.com\/cms\/noticias\/primer-enfrentamiento\/#primaryimage\"},\"thumbnailUrl\":\"https:\/\/www.padreydecano.com\/cms\/wp-content\/uploads\/2025\/04\/0f6645a6-1114-464f-93dc-b8f933bf908b.jpeg\",\"keywords\":[\"Copa Libertadores 2025\"],\"articleSection\":[\"Noticias\"],\"inLanguage\":\"es\",\"potentialAction\":[{\"@type\":\"CommentAction\",\"name\":\"Comment\",\"target\":[\"https:\/\/www.padreydecano.com\/cms\/noticias\/primer-enfrentamiento\/#respond\"]}]},{\"@type\":\"WebPage\",\"@id\":\"https:\/\/www.padreydecano.com\/cms\/noticias\/primer-enfrentamiento\/\",\"url\":\"https:\/\/www.padreydecano.com\/cms\/noticias\/primer-enfrentamiento\/\",\"name\":\"Primer enfrentamiento - Padre y Decano - El Sitio del Pueblo\",\"isPartOf\":{\"@id\":\"https:\/\/www.padreydecano.com\/cms\/#website\"},\"primaryImageOfPage\":{\"@id\":\"https:\/\/www.padreydecano.com\/cms\/noticias\/primer-enfrentamiento\/#primaryimage\"},\"image\":{\"@id\":\"https:\/\/www.padreydecano.com\/cms\/noticias\/primer-enfrentamiento\/#primaryimage\"},\"thumbnailUrl\":\"https:\/\/www.padreydecano.com\/cms\/wp-content\/uploads\/2025\/04\/0f6645a6-1114-464f-93dc-b8f933bf908b.jpeg\",\"datePublished\":\"2025-04-08T18:02:09+00:00\",\"dateModified\":\"2025-04-08T20:48:21+00:00\",\"breadcrumb\":{\"@id\":\"https:\/\/www.padreydecano.com\/cms\/noticias\/primer-enfrentamiento\/#breadcrumb\"},\"inLanguage\":\"es\",\"potentialAction\":[{\"@type\":\"ReadAction\",\"target\":[\"https:\/\/www.padreydecano.com\/cms\/noticias\/primer-enfrentamiento\/\"]}]},{\"@type\":\"ImageObject\",\"inLanguage\":\"es\",\"@id\":\"https:\/\/www.padreydecano.com\/cms\/noticias\/primer-enfrentamiento\/#primaryimage\",\"url\":\"https:\/\/www.padreydecano.com\/cms\/wp-content\/uploads\/2025\/04\/0f6645a6-1114-464f-93dc-b8f933bf908b.jpeg\",\"contentUrl\":\"https:\/\/www.padreydecano.com\/cms\/wp-content\/uploads\/2025\/04\/0f6645a6-1114-464f-93dc-b8f933bf908b.jpeg\",\"width\":2048,\"height\":1365},{\"@type\":\"BreadcrumbList\",\"@id\":\"https:\/\/www.padreydecano.com\/cms\/noticias\/primer-enfrentamiento\/#breadcrumb\",\"itemListElement\":[{\"@type\":\"ListItem\",\"position\":1,\"name\":\"Portada\",\"item\":\"https:\/\/www.padreydecano.com\/cms\/\"},{\"@type\":\"ListItem\",\"position\":2,\"name\":\"Primer enfrentamiento\"}]},{\"@type\":\"WebSite\",\"@id\":\"https:\/\/www.padreydecano.com\/cms\/#website\",\"url\":\"https:\/\/www.padreydecano.com\/cms\/\",\"name\":\"Padre y Decano - El Sitio del Pueblo\",\"description\":\"Club Atl\u00e9tico Pe\u00f1arol\",\"publisher\":{\"@id\":\"https:\/\/www.padreydecano.com\/cms\/#organization\"},\"potentialAction\":[{\"@type\":\"SearchAction\",\"target\":{\"@type\":\"EntryPoint\",\"urlTemplate\":\"https:\/\/www.padreydecano.com\/cms\/?s={search_term_string}\"},\"query-input\":\"required name=search_term_string\"}],\"inLanguage\":\"es\"},{\"@type\":\"Organization\",\"@id\":\"https:\/\/www.padreydecano.com\/cms\/#organization\",\"name\":\"Padre y Decano\",\"url\":\"https:\/\/www.padreydecano.com\/cms\/\",\"logo\":{\"@type\":\"ImageObject\",\"inLanguage\":\"es\",\"@id\":\"https:\/\/www.padreydecano.com\/cms\/#\/schema\/logo\/image\/\",\"url\":\"https:\/\/www.padreydecano.com\/cms\/wp-content\/uploads\/2022\/01\/avatar-square.png\",\"contentUrl\":\"https:\/\/www.padreydecano.com\/cms\/wp-content\/uploads\/2022\/01\/avatar-square.png\",\"width\":1500,\"height\":1500,\"caption\":\"Padre y Decano\"},\"image\":{\"@id\":\"https:\/\/www.padreydecano.com\/cms\/#\/schema\/logo\/image\/\"}},{\"@type\":\"Person\",\"@id\":\"https:\/\/www.padreydecano.com\/cms\/#\/schema\/person\/37aae8f93aa78e4c5385497f056e3246\",\"name\":\"Redactores Padre y Decano\",\"image\":{\"@type\":\"ImageObject\",\"inLanguage\":\"es\",\"@id\":\"https:\/\/www.padreydecano.com\/cms\/#\/schema\/person\/image\/\",\"url\":\"https:\/\/secure.gravatar.com\/avatar\/8810c4b9081192b118b104af54549af8?s=96&d=https%3A%2F%2Fpadreydecano.com%2Fcms%2Fwp-content%2Fthemes%2Fpyd-theme%2Fimg%2Fdefault-avatar.png&r=g\",\"contentUrl\":\"https:\/\/secure.gravatar.com\/avatar\/8810c4b9081192b118b104af54549af8?s=96&d=https%3A%2F%2Fpadreydecano.com%2Fcms%2Fwp-content%2Fthemes%2Fpyd-theme%2Fimg%2Fdefault-avatar.png&r=g\",\"caption\":\"Redactores Padre y Decano\"},\"sameAs\":[\"http:\/\/www.padreydecano.com\"]}]}<\/script>\n<!-- \/ Yoast SEO plugin. -->","yoast_head_json":{"title":"Primer enfrentamiento - Padre y Decano - El Sitio del Pueblo","robots":{"index":"index","follow":"follow","max-snippet":"max-snippet:-1","max-image-preview":"max-image-preview:large","max-video-preview":"max-video-preview:-1"},"canonical":"https:\/\/www.padreydecano.com\/cms\/noticias\/primer-enfrentamiento\/","og_locale":"es_ES","og_type":"article","og_title":"Primer enfrentamiento - Padre y Decano - El Sitio del Pueblo","og_description":"El decano del f\u00fatbol uruguayo enfrentar\u00e1 a San Antonio Bulo Bulo por la segunda fecha de la fase de grupos de la Copa Libertadores 2025. Conoc\u00e9 m\u00e1s del rival ac\u00e1. San Antonio es un equipo boliviano con sede en Entre R\u00edos a 265 kilometros de Cochabamba. Fue fundado en el 1962 pero reci\u00e9n en 2024 [&hellip;]","og_url":"https:\/\/www.padreydecano.com\/cms\/noticias\/primer-enfrentamiento\/","og_site_name":"Padre y Decano - El Sitio del Pueblo","article_published_time":"2025-04-08T18:02:09+00:00","article_modified_time":"2025-04-08T20:48:21+00:00","og_image":[{"width":2048,"height":1365,"url":"https:\/\/www.padreydecano.com\/cms\/wp-content\/uploads\/2025\/04\/0f6645a6-1114-464f-93dc-b8f933bf908b.jpeg","type":"image\/jpeg"}],"author":"Redactores Padre y Decano","twitter_card":"summary_large_image","twitter_misc":{"Escrito por":"Redactores Padre y Decano","Tiempo de lectura":"3 minutos"},"schema":{"@context":"https:\/\/schema.org","@graph":[{"@type":"Article","@id":"https:\/\/www.padreydecano.com\/cms\/noticias\/primer-enfrentamiento\/#article","isPartOf":{"@id":"https:\/\/www.padreydecano.com\/cms\/noticias\/primer-enfrentamiento\/"},"author":{"name":"Redactores Padre y Decano","@id":"https:\/\/www.padreydecano.com\/cms\/#\/schema\/person\/37aae8f93aa78e4c5385497f056e3246"},"headline":"Primer enfrentamiento","datePublished":"2025-04-08T18:02:09+00:00","dateModified":"2025-04-08T20:48:21+00:00","mainEntityOfPage":{"@id":"https:\/\/www.padreydecano.com\/cms\/noticias\/primer-enfrentamiento\/"},"wordCount":405,"commentCount":1,"publisher":{"@id":"https:\/\/www.padreydecano.com\/cms\/#organization"},"image":{"@id":"https:\/\/www.padreydecano.com\/cms\/noticias\/primer-enfrentamiento\/#primaryimage"},"thumbnailUrl":"https:\/\/www.padreydecano.com\/cms\/wp-content\/uploads\/2025\/04\/0f6645a6-1114-464f-93dc-b8f933bf908b.jpeg","keywords":["Copa Libertadores 2025"],"articleSection":["Noticias"],"inLanguage":"es","potentialAction":[{"@type":"CommentAction","name":"Comment","target":["https:\/\/www.padreydecano.com\/cms\/noticias\/primer-enfrentamiento\/#respond"]}]},{"@type":"WebPage","@id":"https:\/\/www.padreydecano.com\/cms\/noticias\/primer-enfrentamiento\/","url":"https:\/\/www.padreydecano.com\/cms\/noticias\/primer-enfrentamiento\/","name":"Primer enfrentamiento - Padre y Decano - El Sitio del Pueblo","isPartOf":{"@id":"https:\/\/www.padreydecano.com\/cms\/#website"},"primaryImageOfPage":{"@id":"https:\/\/www.padreydecano.com\/cms\/noticias\/primer-enfrentamiento\/#primaryimage"},"image":{"@id":"https:\/\/www.padreydecano.com\/cms\/noticias\/primer-enfrentamiento\/#primaryimage"},"thumbnailUrl":"https:\/\/www.padreydecano.com\/cms\/wp-content\/uploads\/2025\/04\/0f6645a6-1114-464f-93dc-b8f933bf908b.jpeg","datePublished":"2025-04-08T18:02:09+00:00","dateModified":"2025-04-08T20:48:21+00:00","breadcrumb":{"@id":"https:\/\/www.padreydecano.com\/cms\/noticias\/primer-enfrentamiento\/#breadcrumb"},"inLanguage":"es","potentialAction":[{"@type":"ReadAction","target":["https:\/\/www.padreydecano.com\/cms\/noticias\/primer-enfrentamiento\/"]}]},{"@type":"ImageObject","inLanguage":"es","@id":"https:\/\/www.padreydecano.com\/cms\/noticias\/primer-enfrentamiento\/#primaryimage","url":"https:\/\/www.padreydecano.com\/cms\/wp-content\/uploads\/2025\/04\/0f6645a6-1114-464f-93dc-b8f933bf908b.jpeg","contentUrl":"https:\/\/www.padreydecano.com\/cms\/wp-content\/uploads\/2025\/04\/0f6645a6-1114-464f-93dc-b8f933bf908b.jpeg","width":2048,"height":1365},{"@type":"BreadcrumbList","@id":"https:\/\/www.padreydecano.com\/cms\/noticias\/primer-enfrentamiento\/#breadcrumb","itemListElement":[{"@type":"ListItem","position":1,"name":"Portada","item":"https:\/\/www.padreydecano.com\/cms\/"},{"@type":"ListItem","position":2,"name":"Primer enfrentamiento"}]},{"@type":"WebSite","@id":"https:\/\/www.padreydecano.com\/cms\/#website","url":"https:\/\/www.padreydecano.com\/cms\/","name":"Padre y Decano - El Sitio del Pueblo","description":"Club Atl\u00e9tico Pe\u00f1arol","publisher":{"@id":"https:\/\/www.padreydecano.com\/cms\/#organization"},"potentialAction":[{"@type":"SearchAction","target":{"@type":"EntryPoint","urlTemplate":"https:\/\/www.padreydecano.com\/cms\/?s={search_term_string}"},"query-input":"required name=search_term_string"}],"inLanguage":"es"},{"@type":"Organization","@id":"https:\/\/www.padreydecano.com\/cms\/#organization","name":"Padre y Decano","url":"https:\/\/www.padreydecano.com\/cms\/","logo":{"@type":"ImageObject","inLanguage":"es","@id":"https:\/\/www.padreydecano.com\/cms\/#\/schema\/logo\/image\/","url":"https:\/\/www.padreydecano.com\/cms\/wp-content\/uploads\/2022\/01\/avatar-square.png","contentUrl":"https:\/\/www.padreydecano.com\/cms\/wp-content\/uploads\/2022\/01\/avatar-square.png","width":1500,"height":1500,"caption":"Padre y Decano"},"image":{"@id":"https:\/\/www.padreydecano.com\/cms\/#\/schema\/logo\/image\/"}},{"@type":"Person","@id":"https:\/\/www.padreydecano.com\/cms\/#\/schema\/person\/37aae8f93aa78e4c5385497f056e3246","name":"Redactores Padre y Decano","image":{"@type":"ImageObject","inLanguage":"es","@id":"https:\/\/www.padreydecano.com\/cms\/#\/schema\/person\/image\/","url":"https:\/\/secure.gravatar.com\/avatar\/8810c4b9081192b118b104af54549af8?s=96&d=https%3A%2F%2Fpadreydecano.com%2Fcms%2Fwp-content%2Fthemes%2Fpyd-theme%2Fimg%2Fdefault-avatar.png&r=g","contentUrl":"https:\/\/secure.gravatar.com\/avatar\/8810c4b9081192b118b104af54549af8?s=96&d=https%3A%2F%2Fpadreydecano.com%2Fcms%2Fwp-content%2Fthemes%2Fpyd-theme%2Fimg%2Fdefault-avatar.png&r=g","caption":"Redactores Padre y Decano"},"sameAs":["http:\/\/www.padreydecano.com"]}]}},"_links":{"self":[{"href":"https:\/\/www.padreydecano.com\/cms\/wp-json\/wp\/v2\/posts\/81495"}],"collection":[{"href":"https:\/\/www.padreydecano.com\/cms\/wp-json\/wp\/v2\/posts"}],"about":[{"href":"https:\/\/www.padreydecano.com\/cms\/wp-json\/wp\/v2\/types\/post"}],"author":[{"embeddable":true,"href":"https:\/\/www.padreydecano.com\/cms\/wp-json\/wp\/v2\/users\/27"}],"replies":[{"embeddable":true,"href":"https:\/\/www.padreydecano.com\/cms\/wp-json\/wp\/v2\/comments?post=81495"}],"version-history":[{"count":0,"href":"https:\/\/www.padreydecano.com\/cms\/wp-json\/wp\/v2\/posts\/81495\/revisions"}],"wp:featuredmedia":[{"embeddable":true,"href":"https:\/\/www.padreydecano.com\/cms\/wp-json\/wp\/v2\/media\/81496"}],"wp:attachment":[{"href":"https:\/\/www.padreydecano.com\/cms\/wp-json\/wp\/v2\/media?parent=81495"}],"wp:term":[{"taxonomy":"category","embeddable":true,"href":"https:\/\/www.padreydecano.com\/cms\/wp-json\/wp\/v2\/categories?post=81495"},{"taxonomy":"post_tag","embeddable":true,"href":"https:\/\/www.padreydecano.com\/cms\/wp-json\/wp\/v2\/tags?post=81495"}],"curies":[{"name":"wp","href":"https:\/\/api.w.org\/{rel}","templated":true}]}}