{"id":81443,"date":"2025-02-24T19:25:03","date_gmt":"2025-02-24T22:25:03","guid":{"rendered":"https:\/\/www.padreydecano.com\/cms\/?p=81443"},"modified":"2025-02-24T19:25:03","modified_gmt":"2025-02-24T22:25:03","slug":"sumando-practicas","status":"publish","type":"post","link":"https:\/\/www.padreydecano.com\/cms\/noticias\/sumando-practicas\/","title":{"rendered":"Sumando pr\u00e1cticas"},"content":{"rendered":"<p><img loading=\"lazy\" decoding=\"async\" class=\"alignnone size-medium wp-image-81444\" src=\"https:\/\/www.padreydecano.com\/cms\/wp-content\/uploads\/2025\/02\/IMG_8638-800x600.jpeg\" alt=\"\" width=\"800\" height=\"600\" srcset=\"https:\/\/www.padreydecano.com\/cms\/wp-content\/uploads\/2025\/02\/IMG_8638-800x600.jpeg 800w, https:\/\/www.padreydecano.com\/cms\/wp-content\/uploads\/2025\/02\/IMG_8638-1280x960.jpeg 1280w, https:\/\/www.padreydecano.com\/cms\/wp-content\/uploads\/2025\/02\/IMG_8638-768x576.jpeg 768w, https:\/\/www.padreydecano.com\/cms\/wp-content\/uploads\/2025\/02\/IMG_8638-1536x1152.jpeg 1536w, https:\/\/www.padreydecano.com\/cms\/wp-content\/uploads\/2025\/02\/IMG_8638-2048x1536.jpeg 2048w, https:\/\/www.padreydecano.com\/cms\/wp-content\/uploads\/2025\/02\/IMG_8638-300x225.jpeg 300w, https:\/\/www.padreydecano.com\/cms\/wp-content\/uploads\/2025\/02\/IMG_8638-128x96.jpeg 128w, https:\/\/www.padreydecano.com\/cms\/wp-content\/uploads\/2025\/02\/IMG_8638-32x24.jpeg 32w\" sizes=\"(max-width: 800px) 100vw, 800px\" \/><\/p>\n<p><strong>Pe\u00f1arol entren\u00f3 con un mix de jugadores que no sumaron o sumaron pocos minutos frente a River Plate m\u00e1s alg\u00fan juvenil.<\/strong><\/p>\n<p>El carbonero llev\u00f3 a cabo un entrenamiento en la Ciudad Deportiva N\u00e9stor \u201cTito\u201d Gon\u00e7alves con jugadores que disputaron pocos minutos o no ingresaron en el empate ante River Plate en el Parque Saroldi por la tercera fecha del Torneo Clausura 2025.<\/p>\n<p>Adem\u00e1s de los jugadores del primer equipo, tambi\u00e9n estuvieron presentes algunos juveniles, entre ellos el caso de Rodrigo \u00c1lvez, que viene entrenando con el primer equipo.<\/p>\n<p>En la pr\u00e1ctica, se realiz\u00f3 un reducido en el que se enfrentaron 2 equipos.<\/p>\n<p><span style=\"color: #ffcc00;\"><strong>Naranja:<\/strong> <\/span>Guillermo De Amores, Dami\u00e1n Su\u00e1rez, Rodrigo \u00c1lvez, Gast\u00f3n Silva, Ignacio Sosa, David Terans, y Felipe Avenatti.<\/p>\n<p><span style=\"color: #ffcc00;\"><strong>Negro:<\/strong><\/span> Emilio Irureta, Nahuel Herrera. Mateo Ureta, Camilo Mayada, Eric Remedi, Jaime B\u00e1ez y Alexander Machado.<\/p>\n<p>En la jornada de ma\u00f1ana el plantel tendr\u00e1 descanso y volver\u00e1n a los entrenamientos el pr\u00f3ximo mi\u00e9rcoles.<\/p>\n<p>El pr\u00f3ximo fin de semana no habr\u00e1 actividad oficial por la asunci\u00f3n de Yamand\u00fa Orsi como nuevo presidente de la Rep\u00fablica, el carbonero disputar\u00e1 partidos de entrenamiento para tener actividad.<\/p>\n<div class=\"user-wrapper\"><a class=\"userlink\"href=\"https:\/\/twitter.com\/ftrucce18\" target=\"_blank\"><figure><img decoding=\"async\" src=\"http:\/\/www.padreydecano.com\/cms\/wp-users-files\/postfirmas\/ftrucce.jpg\" \/><\/figure><p class=\"user\"><strong>Franco Trucce<\/strong><br \/>@FTrucce18<\/p><\/a><\/div>\n","protected":false},"excerpt":{"rendered":"<p>Pe\u00f1arol entren\u00f3 con un mix de jugadores que no sumaron o sumaron pocos minutos frente a River Plate m\u00e1s alg\u00fan juvenil. El carbonero llev\u00f3 a cabo un entrenamiento en la Ciudad Deportiva N\u00e9stor \u201cTito\u201d Gon\u00e7alves con jugadores que disputaron pocos minutos o no ingresaron en el empate ante River Plate en el Parque Saroldi por [&hellip;]<\/p>\n","protected":false},"author":27,"featured_media":81444,"comment_status":"open","ping_status":"closed","sticky":false,"template":"","format":"standard","meta":{"footnotes":""},"categories":[1],"tags":[],"yoast_head":"<!-- This site is optimized with the Yoast SEO plugin v23.2 - https:\/\/yoast.com\/wordpress\/plugins\/seo\/ -->\n<title>Sumando pr\u00e1cticas - Padre y Decano - El Sitio del Pueblo<\/title>\n<meta name=\"robots\" content=\"index, follow, max-snippet:-1, max-image-preview:large, max-video-preview:-1\" \/>\n<link rel=\"canonical\" href=\"https:\/\/www.padreydecano.com\/cms\/noticias\/sumando-practicas\/\" \/>\n<meta property=\"og:locale\" content=\"es_ES\" \/>\n<meta property=\"og:type\" content=\"article\" \/>\n<meta property=\"og:title\" content=\"Sumando pr\u00e1cticas - Padre y Decano - El Sitio del Pueblo\" \/>\n<meta property=\"og:description\" content=\"Pe\u00f1arol entren\u00f3 con un mix de jugadores que no sumaron o sumaron pocos minutos frente a River Plate m\u00e1s alg\u00fan juvenil. El carbonero llev\u00f3 a cabo un entrenamiento en la Ciudad Deportiva N\u00e9stor \u201cTito\u201d Gon\u00e7alves con jugadores que disputaron pocos minutos o no ingresaron en el empate ante River Plate en el Parque Saroldi por [&hellip;]\" \/>\n<meta property=\"og:url\" content=\"https:\/\/www.padreydecano.com\/cms\/noticias\/sumando-practicas\/\" \/>\n<meta property=\"og:site_name\" content=\"Padre y Decano - El Sitio del Pueblo\" \/>\n<meta property=\"article:published_time\" content=\"2025-02-24T22:25:03+00:00\" \/>\n<meta property=\"og:image\" content=\"https:\/\/www.padreydecano.com\/cms\/wp-content\/uploads\/2025\/02\/IMG_8638-scaled.jpeg\" \/>\n\t<meta property=\"og:image:width\" content=\"2560\" \/>\n\t<meta property=\"og:image:height\" content=\"1920\" \/>\n\t<meta property=\"og:image:type\" content=\"image\/jpeg\" \/>\n<meta name=\"author\" content=\"Redactores Padre y Decano\" \/>\n<meta name=\"twitter:card\" content=\"summary_large_image\" \/>\n<meta name=\"twitter:label1\" content=\"Escrito por\" \/>\n\t<meta name=\"twitter:data1\" content=\"Redactores Padre y Decano\" \/>\n\t<meta name=\"twitter:label2\" content=\"Tiempo de lectura\" \/>\n\t<meta name=\"twitter:data2\" content=\"2 minutos\" \/>\n<script type=\"application\/ld+json\" class=\"yoast-schema-graph\">{\"@context\":\"https:\/\/schema.org\",\"@graph\":[{\"@type\":\"Article\",\"@id\":\"https:\/\/www.padreydecano.com\/cms\/noticias\/sumando-practicas\/#article\",\"isPartOf\":{\"@id\":\"https:\/\/www.padreydecano.com\/cms\/noticias\/sumando-practicas\/\"},\"author\":{\"name\":\"Redactores Padre y Decano\",\"@id\":\"https:\/\/www.padreydecano.com\/cms\/#\/schema\/person\/37aae8f93aa78e4c5385497f056e3246\"},\"headline\":\"Sumando pr\u00e1cticas\",\"datePublished\":\"2025-02-24T22:25:03+00:00\",\"dateModified\":\"2025-02-24T22:25:03+00:00\",\"mainEntityOfPage\":{\"@id\":\"https:\/\/www.padreydecano.com\/cms\/noticias\/sumando-practicas\/\"},\"wordCount\":203,\"commentCount\":0,\"publisher\":{\"@id\":\"https:\/\/www.padreydecano.com\/cms\/#organization\"},\"image\":{\"@id\":\"https:\/\/www.padreydecano.com\/cms\/noticias\/sumando-practicas\/#primaryimage\"},\"thumbnailUrl\":\"https:\/\/www.padreydecano.com\/cms\/wp-content\/uploads\/2025\/02\/IMG_8638-scaled.jpeg\",\"articleSection\":[\"Noticias\"],\"inLanguage\":\"es\",\"potentialAction\":[{\"@type\":\"CommentAction\",\"name\":\"Comment\",\"target\":[\"https:\/\/www.padreydecano.com\/cms\/noticias\/sumando-practicas\/#respond\"]}]},{\"@type\":\"WebPage\",\"@id\":\"https:\/\/www.padreydecano.com\/cms\/noticias\/sumando-practicas\/\",\"url\":\"https:\/\/www.padreydecano.com\/cms\/noticias\/sumando-practicas\/\",\"name\":\"Sumando pr\u00e1cticas - Padre y Decano - El Sitio del Pueblo\",\"isPartOf\":{\"@id\":\"https:\/\/www.padreydecano.com\/cms\/#website\"},\"primaryImageOfPage\":{\"@id\":\"https:\/\/www.padreydecano.com\/cms\/noticias\/sumando-practicas\/#primaryimage\"},\"image\":{\"@id\":\"https:\/\/www.padreydecano.com\/cms\/noticias\/sumando-practicas\/#primaryimage\"},\"thumbnailUrl\":\"https:\/\/www.padreydecano.com\/cms\/wp-content\/uploads\/2025\/02\/IMG_8638-scaled.jpeg\",\"datePublished\":\"2025-02-24T22:25:03+00:00\",\"dateModified\":\"2025-02-24T22:25:03+00:00\",\"breadcrumb\":{\"@id\":\"https:\/\/www.padreydecano.com\/cms\/noticias\/sumando-practicas\/#breadcrumb\"},\"inLanguage\":\"es\",\"potentialAction\":[{\"@type\":\"ReadAction\",\"target\":[\"https:\/\/www.padreydecano.com\/cms\/noticias\/sumando-practicas\/\"]}]},{\"@type\":\"ImageObject\",\"inLanguage\":\"es\",\"@id\":\"https:\/\/www.padreydecano.com\/cms\/noticias\/sumando-practicas\/#primaryimage\",\"url\":\"https:\/\/www.padreydecano.com\/cms\/wp-content\/uploads\/2025\/02\/IMG_8638-scaled.jpeg\",\"contentUrl\":\"https:\/\/www.padreydecano.com\/cms\/wp-content\/uploads\/2025\/02\/IMG_8638-scaled.jpeg\",\"width\":2560,\"height\":1920},{\"@type\":\"BreadcrumbList\",\"@id\":\"https:\/\/www.padreydecano.com\/cms\/noticias\/sumando-practicas\/#breadcrumb\",\"itemListElement\":[{\"@type\":\"ListItem\",\"position\":1,\"name\":\"Portada\",\"item\":\"https:\/\/www.padreydecano.com\/cms\/\"},{\"@type\":\"ListItem\",\"position\":2,\"name\":\"Sumando pr\u00e1cticas\"}]},{\"@type\":\"WebSite\",\"@id\":\"https:\/\/www.padreydecano.com\/cms\/#website\",\"url\":\"https:\/\/www.padreydecano.com\/cms\/\",\"name\":\"Padre y Decano - El Sitio del Pueblo\",\"description\":\"Club Atl\u00e9tico Pe\u00f1arol\",\"publisher\":{\"@id\":\"https:\/\/www.padreydecano.com\/cms\/#organization\"},\"potentialAction\":[{\"@type\":\"SearchAction\",\"target\":{\"@type\":\"EntryPoint\",\"urlTemplate\":\"https:\/\/www.padreydecano.com\/cms\/?s={search_term_string}\"},\"query-input\":\"required name=search_term_string\"}],\"inLanguage\":\"es\"},{\"@type\":\"Organization\",\"@id\":\"https:\/\/www.padreydecano.com\/cms\/#organization\",\"name\":\"Padre y Decano\",\"url\":\"https:\/\/www.padreydecano.com\/cms\/\",\"logo\":{\"@type\":\"ImageObject\",\"inLanguage\":\"es\",\"@id\":\"https:\/\/www.padreydecano.com\/cms\/#\/schema\/logo\/image\/\",\"url\":\"https:\/\/www.padreydecano.com\/cms\/wp-content\/uploads\/2022\/01\/avatar-square.png\",\"contentUrl\":\"https:\/\/www.padreydecano.com\/cms\/wp-content\/uploads\/2022\/01\/avatar-square.png\",\"width\":1500,\"height\":1500,\"caption\":\"Padre y Decano\"},\"image\":{\"@id\":\"https:\/\/www.padreydecano.com\/cms\/#\/schema\/logo\/image\/\"}},{\"@type\":\"Person\",\"@id\":\"https:\/\/www.padreydecano.com\/cms\/#\/schema\/person\/37aae8f93aa78e4c5385497f056e3246\",\"name\":\"Redactores Padre y Decano\",\"image\":{\"@type\":\"ImageObject\",\"inLanguage\":\"es\",\"@id\":\"https:\/\/www.padreydecano.com\/cms\/#\/schema\/person\/image\/\",\"url\":\"https:\/\/secure.gravatar.com\/avatar\/8810c4b9081192b118b104af54549af8?s=96&d=https%3A%2F%2Fpadreydecano.com%2Fcms%2Fwp-content%2Fthemes%2Fpyd-theme%2Fimg%2Fdefault-avatar.png&r=g\",\"contentUrl\":\"https:\/\/secure.gravatar.com\/avatar\/8810c4b9081192b118b104af54549af8?s=96&d=https%3A%2F%2Fpadreydecano.com%2Fcms%2Fwp-content%2Fthemes%2Fpyd-theme%2Fimg%2Fdefault-avatar.png&r=g\",\"caption\":\"Redactores Padre y Decano\"},\"sameAs\":[\"http:\/\/www.padreydecano.com\"]}]}<\/script>\n<!-- \/ Yoast SEO plugin. -->","yoast_head_json":{"title":"Sumando pr\u00e1cticas - Padre y Decano - El Sitio del Pueblo","robots":{"index":"index","follow":"follow","max-snippet":"max-snippet:-1","max-image-preview":"max-image-preview:large","max-video-preview":"max-video-preview:-1"},"canonical":"https:\/\/www.padreydecano.com\/cms\/noticias\/sumando-practicas\/","og_locale":"es_ES","og_type":"article","og_title":"Sumando pr\u00e1cticas - Padre y Decano - El Sitio del Pueblo","og_description":"Pe\u00f1arol entren\u00f3 con un mix de jugadores que no sumaron o sumaron pocos minutos frente a River Plate m\u00e1s alg\u00fan juvenil. El carbonero llev\u00f3 a cabo un entrenamiento en la Ciudad Deportiva N\u00e9stor \u201cTito\u201d Gon\u00e7alves con jugadores que disputaron pocos minutos o no ingresaron en el empate ante River Plate en el Parque Saroldi por [&hellip;]","og_url":"https:\/\/www.padreydecano.com\/cms\/noticias\/sumando-practicas\/","og_site_name":"Padre y Decano - El Sitio del Pueblo","article_published_time":"2025-02-24T22:25:03+00:00","og_image":[{"width":2560,"height":1920,"url":"https:\/\/www.padreydecano.com\/cms\/wp-content\/uploads\/2025\/02\/IMG_8638-scaled.jpeg","type":"image\/jpeg"}],"author":"Redactores Padre y Decano","twitter_card":"summary_large_image","twitter_misc":{"Escrito por":"Redactores Padre y Decano","Tiempo de lectura":"2 minutos"},"schema":{"@context":"https:\/\/schema.org","@graph":[{"@type":"Article","@id":"https:\/\/www.padreydecano.com\/cms\/noticias\/sumando-practicas\/#article","isPartOf":{"@id":"https:\/\/www.padreydecano.com\/cms\/noticias\/sumando-practicas\/"},"author":{"name":"Redactores Padre y Decano","@id":"https:\/\/www.padreydecano.com\/cms\/#\/schema\/person\/37aae8f93aa78e4c5385497f056e3246"},"headline":"Sumando pr\u00e1cticas","datePublished":"2025-02-24T22:25:03+00:00","dateModified":"2025-02-24T22:25:03+00:00","mainEntityOfPage":{"@id":"https:\/\/www.padreydecano.com\/cms\/noticias\/sumando-practicas\/"},"wordCount":203,"commentCount":0,"publisher":{"@id":"https:\/\/www.padreydecano.com\/cms\/#organization"},"image":{"@id":"https:\/\/www.padreydecano.com\/cms\/noticias\/sumando-practicas\/#primaryimage"},"thumbnailUrl":"https:\/\/www.padreydecano.com\/cms\/wp-content\/uploads\/2025\/02\/IMG_8638-scaled.jpeg","articleSection":["Noticias"],"inLanguage":"es","potentialAction":[{"@type":"CommentAction","name":"Comment","target":["https:\/\/www.padreydecano.com\/cms\/noticias\/sumando-practicas\/#respond"]}]},{"@type":"WebPage","@id":"https:\/\/www.padreydecano.com\/cms\/noticias\/sumando-practicas\/","url":"https:\/\/www.padreydecano.com\/cms\/noticias\/sumando-practicas\/","name":"Sumando pr\u00e1cticas - Padre y Decano - El Sitio del Pueblo","isPartOf":{"@id":"https:\/\/www.padreydecano.com\/cms\/#website"},"primaryImageOfPage":{"@id":"https:\/\/www.padreydecano.com\/cms\/noticias\/sumando-practicas\/#primaryimage"},"image":{"@id":"https:\/\/www.padreydecano.com\/cms\/noticias\/sumando-practicas\/#primaryimage"},"thumbnailUrl":"https:\/\/www.padreydecano.com\/cms\/wp-content\/uploads\/2025\/02\/IMG_8638-scaled.jpeg","datePublished":"2025-02-24T22:25:03+00:00","dateModified":"2025-02-24T22:25:03+00:00","breadcrumb":{"@id":"https:\/\/www.padreydecano.com\/cms\/noticias\/sumando-practicas\/#breadcrumb"},"inLanguage":"es","potentialAction":[{"@type":"ReadAction","target":["https:\/\/www.padreydecano.com\/cms\/noticias\/sumando-practicas\/"]}]},{"@type":"ImageObject","inLanguage":"es","@id":"https:\/\/www.padreydecano.com\/cms\/noticias\/sumando-practicas\/#primaryimage","url":"https:\/\/www.padreydecano.com\/cms\/wp-content\/uploads\/2025\/02\/IMG_8638-scaled.jpeg","contentUrl":"https:\/\/www.padreydecano.com\/cms\/wp-content\/uploads\/2025\/02\/IMG_8638-scaled.jpeg","width":2560,"height":1920},{"@type":"BreadcrumbList","@id":"https:\/\/www.padreydecano.com\/cms\/noticias\/sumando-practicas\/#breadcrumb","itemListElement":[{"@type":"ListItem","position":1,"name":"Portada","item":"https:\/\/www.padreydecano.com\/cms\/"},{"@type":"ListItem","position":2,"name":"Sumando pr\u00e1cticas"}]},{"@type":"WebSite","@id":"https:\/\/www.padreydecano.com\/cms\/#website","url":"https:\/\/www.padreydecano.com\/cms\/","name":"Padre y Decano - El Sitio del Pueblo","description":"Club Atl\u00e9tico Pe\u00f1arol","publisher":{"@id":"https:\/\/www.padreydecano.com\/cms\/#organization"},"potentialAction":[{"@type":"SearchAction","target":{"@type":"EntryPoint","urlTemplate":"https:\/\/www.padreydecano.com\/cms\/?s={search_term_string}"},"query-input":"required name=search_term_string"}],"inLanguage":"es"},{"@type":"Organization","@id":"https:\/\/www.padreydecano.com\/cms\/#organization","name":"Padre y Decano","url":"https:\/\/www.padreydecano.com\/cms\/","logo":{"@type":"ImageObject","inLanguage":"es","@id":"https:\/\/www.padreydecano.com\/cms\/#\/schema\/logo\/image\/","url":"https:\/\/www.padreydecano.com\/cms\/wp-content\/uploads\/2022\/01\/avatar-square.png","contentUrl":"https:\/\/www.padreydecano.com\/cms\/wp-content\/uploads\/2022\/01\/avatar-square.png","width":1500,"height":1500,"caption":"Padre y Decano"},"image":{"@id":"https:\/\/www.padreydecano.com\/cms\/#\/schema\/logo\/image\/"}},{"@type":"Person","@id":"https:\/\/www.padreydecano.com\/cms\/#\/schema\/person\/37aae8f93aa78e4c5385497f056e3246","name":"Redactores Padre y Decano","image":{"@type":"ImageObject","inLanguage":"es","@id":"https:\/\/www.padreydecano.com\/cms\/#\/schema\/person\/image\/","url":"https:\/\/secure.gravatar.com\/avatar\/8810c4b9081192b118b104af54549af8?s=96&d=https%3A%2F%2Fpadreydecano.com%2Fcms%2Fwp-content%2Fthemes%2Fpyd-theme%2Fimg%2Fdefault-avatar.png&r=g","contentUrl":"https:\/\/secure.gravatar.com\/avatar\/8810c4b9081192b118b104af54549af8?s=96&d=https%3A%2F%2Fpadreydecano.com%2Fcms%2Fwp-content%2Fthemes%2Fpyd-theme%2Fimg%2Fdefault-avatar.png&r=g","caption":"Redactores Padre y Decano"},"sameAs":["http:\/\/www.padreydecano.com"]}]}},"_links":{"self":[{"href":"https:\/\/www.padreydecano.com\/cms\/wp-json\/wp\/v2\/posts\/81443"}],"collection":[{"href":"https:\/\/www.padreydecano.com\/cms\/wp-json\/wp\/v2\/posts"}],"about":[{"href":"https:\/\/www.padreydecano.com\/cms\/wp-json\/wp\/v2\/types\/post"}],"author":[{"embeddable":true,"href":"https:\/\/www.padreydecano.com\/cms\/wp-json\/wp\/v2\/users\/27"}],"replies":[{"embeddable":true,"href":"https:\/\/www.padreydecano.com\/cms\/wp-json\/wp\/v2\/comments?post=81443"}],"version-history":[{"count":0,"href":"https:\/\/www.padreydecano.com\/cms\/wp-json\/wp\/v2\/posts\/81443\/revisions"}],"wp:featuredmedia":[{"embeddable":true,"href":"https:\/\/www.padreydecano.com\/cms\/wp-json\/wp\/v2\/media\/81444"}],"wp:attachment":[{"href":"https:\/\/www.padreydecano.com\/cms\/wp-json\/wp\/v2\/media?parent=81443"}],"wp:term":[{"taxonomy":"category","embeddable":true,"href":"https:\/\/www.padreydecano.com\/cms\/wp-json\/wp\/v2\/categories?post=81443"},{"taxonomy":"post_tag","embeddable":true,"href":"https:\/\/www.padreydecano.com\/cms\/wp-json\/wp\/v2\/tags?post=81443"}],"curies":[{"name":"wp","href":"https:\/\/api.w.org\/{rel}","templated":true}]}}