{"id":81315,"date":"2024-10-31T12:23:22","date_gmt":"2024-10-31T15:23:22","guid":{"rendered":"https:\/\/www.padreydecano.com\/cms\/?p=81315"},"modified":"2024-10-31T15:39:54","modified_gmt":"2024-10-31T18:39:54","slug":"cabeza-en-alto","status":"publish","type":"post","link":"https:\/\/www.padreydecano.com\/cms\/partidos\/cabeza-en-alto\/","title":{"rendered":"Cabeza en alto"},"content":{"rendered":"<p><img loading=\"lazy\" decoding=\"async\" class=\"alignnone size-medium wp-image-81316\" src=\"https:\/\/www.padreydecano.com\/cms\/wp-content\/uploads\/2024\/10\/84a970b8-cc83-42d2-b2f1-06b5ab400c32-800x534.jpeg\" alt=\"\" width=\"800\" height=\"534\" srcset=\"https:\/\/www.padreydecano.com\/cms\/wp-content\/uploads\/2024\/10\/84a970b8-cc83-42d2-b2f1-06b5ab400c32-800x534.jpeg 800w, https:\/\/www.padreydecano.com\/cms\/wp-content\/uploads\/2024\/10\/84a970b8-cc83-42d2-b2f1-06b5ab400c32-1280x854.jpeg 1280w, https:\/\/www.padreydecano.com\/cms\/wp-content\/uploads\/2024\/10\/84a970b8-cc83-42d2-b2f1-06b5ab400c32-768x512.jpeg 768w, https:\/\/www.padreydecano.com\/cms\/wp-content\/uploads\/2024\/10\/84a970b8-cc83-42d2-b2f1-06b5ab400c32-1536x1024.jpeg 1536w, https:\/\/www.padreydecano.com\/cms\/wp-content\/uploads\/2024\/10\/84a970b8-cc83-42d2-b2f1-06b5ab400c32-300x200.jpeg 300w, https:\/\/www.padreydecano.com\/cms\/wp-content\/uploads\/2024\/10\/84a970b8-cc83-42d2-b2f1-06b5ab400c32-128x85.jpeg 128w, https:\/\/www.padreydecano.com\/cms\/wp-content\/uploads\/2024\/10\/84a970b8-cc83-42d2-b2f1-06b5ab400c32-32x21.jpeg 32w, https:\/\/www.padreydecano.com\/cms\/wp-content\/uploads\/2024\/10\/84a970b8-cc83-42d2-b2f1-06b5ab400c32.jpeg 1600w\" sizes=\"(max-width: 800px) 100vw, 800px\" \/><\/p>\n<p><strong>Pese al gran partido y la victoria en el Centenario, Pe\u00f1arol no pude acceder a la final de la Libertadores. Se termin\u00f3 el sue\u00f1o del 2024, pero la ilusi\u00f3n seguir\u00e1 viva hasta lograr la obsesi\u00f3n de todo el pueblo.<\/strong><\/p>\n<p>El padre y decano del f\u00fatbol uruguayo recibi\u00f3 a Botafogo en el m\u00edtico Estadio Centenario por la vuelta de la semifinal de la Copa Libertadores2024.<\/p>\n<p>Era muy dif\u00edcil revertir el marcador luego de la derrota sufrida en R\u00edo de Janeiro, donde Pe\u00f1arol cay\u00f3 5 a 0 por unos fat\u00eddicos 28 minutos en los que se vino abajo lo hecho en el primer tiempo.<\/p>\n<p>De igual manera el equipo deb\u00eda irse con la frente en alto por la gran Copa realizada y as\u00ed fue. Las tribunas del Centenario se colmaron como hac\u00eda tiempo no ocurr\u00eda y el equipo se comprometi\u00f3 con la causa. Por el resultado de la ida era muy dif\u00edcil, a\u00fan as\u00ed luchamos todos juntos hasta el final y nos llegamos a ilusionar con lo imposible.<\/p>\n<p>Pe\u00f1arol gan\u00f3 3 a 1 con 2 golazos de Jaime B\u00e1ez y el tercero por parte de Facundo Batista instantes despu\u00e9s del descuento visitante. Existieron m\u00e1s oportunidades de convertir que lamentablemente no se concretaron, pero que exista viva la ilusi\u00f3n real de dar vuelta un 5 a 0 en la llave demuestra lo que fue el empuje y adhesi\u00f3n del carbonero, dentro y fuera de la cancha.<\/p>\n<p>Una gran Libertadores por parte de Pe\u00f1arol, super\u00f3 la fase de grupos, espina que ten\u00eda por no poder hacerlo desde hace 13 a\u00f1os, logr\u00f3 superar a un rival con altura, otros de los fat\u00eddicos antecedentes del mirasol, sum\u00f3 7 victorias gan\u00e1ndole a 6 rivales distintos, entre ellos a 3 rivales brasile\u00f1os dejando afuera al Flamengo con victoria en el Maracan\u00e1 y venciendo a los 2 equipos que ser\u00e1n finalistas de la Copa.<\/p>\n<p>Se termin\u00f3 el sue\u00f1o de conquistarla en 2024, pero la ilusi\u00f3n permanecer\u00e1 hasta conseguirla, y no vamos a parar hasta entonces, porque es la obsesi\u00f3n de toda nuestra vida.<\/p>\n<div class=\"user-wrapper\"><a class=\"userlink\"href=\"https:\/\/twitter.com\/ftrucce18\" target=\"_blank\"><figure><img decoding=\"async\" src=\"http:\/\/www.padreydecano.com\/cms\/wp-users-files\/postfirmas\/ftrucce.jpg\" \/><\/figure><p class=\"user\"><strong>Franco Trucce<\/strong><br \/>@FTrucce18<\/p><\/a><\/div>\n","protected":false},"excerpt":{"rendered":"<p>Pese al gran partido y la victoria en el Centenario, Pe\u00f1arol no pude acceder a la final de la Libertadores. Se termin\u00f3 el sue\u00f1o del 2024, pero la ilusi\u00f3n seguir\u00e1 viva hasta lograr la obsesi\u00f3n de todo el pueblo. El padre y decano del f\u00fatbol uruguayo recibi\u00f3 a Botafogo en el m\u00edtico Estadio Centenario por [&hellip;]<\/p>\n","protected":false},"author":27,"featured_media":81316,"comment_status":"open","ping_status":"closed","sticky":false,"template":"","format":"standard","meta":{"footnotes":""},"categories":[13],"tags":[614],"yoast_head":"<!-- This site is optimized with the Yoast SEO plugin v23.2 - https:\/\/yoast.com\/wordpress\/plugins\/seo\/ -->\n<title>Cabeza en alto - Padre y Decano - El Sitio del Pueblo<\/title>\n<meta name=\"robots\" content=\"index, follow, max-snippet:-1, max-image-preview:large, max-video-preview:-1\" \/>\n<link rel=\"canonical\" href=\"https:\/\/www.padreydecano.com\/cms\/partidos\/cabeza-en-alto\/\" \/>\n<meta property=\"og:locale\" content=\"es_ES\" \/>\n<meta property=\"og:type\" content=\"article\" \/>\n<meta property=\"og:title\" content=\"Cabeza en alto - Padre y Decano - El Sitio del Pueblo\" \/>\n<meta property=\"og:description\" content=\"Pese al gran partido y la victoria en el Centenario, Pe\u00f1arol no pude acceder a la final de la Libertadores. Se termin\u00f3 el sue\u00f1o del 2024, pero la ilusi\u00f3n seguir\u00e1 viva hasta lograr la obsesi\u00f3n de todo el pueblo. El padre y decano del f\u00fatbol uruguayo recibi\u00f3 a Botafogo en el m\u00edtico Estadio Centenario por [&hellip;]\" \/>\n<meta property=\"og:url\" content=\"https:\/\/www.padreydecano.com\/cms\/partidos\/cabeza-en-alto\/\" \/>\n<meta property=\"og:site_name\" content=\"Padre y Decano - El Sitio del Pueblo\" \/>\n<meta property=\"article:published_time\" content=\"2024-10-31T15:23:22+00:00\" \/>\n<meta property=\"article:modified_time\" content=\"2024-10-31T18:39:54+00:00\" \/>\n<meta property=\"og:image\" content=\"https:\/\/www.padreydecano.com\/cms\/wp-content\/uploads\/2024\/10\/84a970b8-cc83-42d2-b2f1-06b5ab400c32.jpeg\" \/>\n\t<meta property=\"og:image:width\" content=\"1600\" \/>\n\t<meta property=\"og:image:height\" content=\"1067\" \/>\n\t<meta property=\"og:image:type\" content=\"image\/jpeg\" \/>\n<meta name=\"author\" content=\"Redactores Padre y Decano\" \/>\n<meta name=\"twitter:card\" content=\"summary_large_image\" \/>\n<meta name=\"twitter:label1\" content=\"Escrito por\" \/>\n\t<meta name=\"twitter:data1\" content=\"Redactores Padre y Decano\" \/>\n\t<meta name=\"twitter:label2\" content=\"Tiempo de lectura\" \/>\n\t<meta name=\"twitter:data2\" content=\"2 minutos\" \/>\n<script type=\"application\/ld+json\" class=\"yoast-schema-graph\">{\"@context\":\"https:\/\/schema.org\",\"@graph\":[{\"@type\":\"Article\",\"@id\":\"https:\/\/www.padreydecano.com\/cms\/partidos\/cabeza-en-alto\/#article\",\"isPartOf\":{\"@id\":\"https:\/\/www.padreydecano.com\/cms\/partidos\/cabeza-en-alto\/\"},\"author\":{\"name\":\"Redactores Padre y Decano\",\"@id\":\"https:\/\/www.padreydecano.com\/cms\/#\/schema\/person\/37aae8f93aa78e4c5385497f056e3246\"},\"headline\":\"Cabeza en alto\",\"datePublished\":\"2024-10-31T15:23:22+00:00\",\"dateModified\":\"2024-10-31T18:39:54+00:00\",\"mainEntityOfPage\":{\"@id\":\"https:\/\/www.padreydecano.com\/cms\/partidos\/cabeza-en-alto\/\"},\"wordCount\":354,\"commentCount\":5,\"publisher\":{\"@id\":\"https:\/\/www.padreydecano.com\/cms\/#organization\"},\"image\":{\"@id\":\"https:\/\/www.padreydecano.com\/cms\/partidos\/cabeza-en-alto\/#primaryimage\"},\"thumbnailUrl\":\"https:\/\/www.padreydecano.com\/cms\/wp-content\/uploads\/2024\/10\/84a970b8-cc83-42d2-b2f1-06b5ab400c32.jpeg\",\"keywords\":[\"Copa Libertadores 2024\"],\"articleSection\":[\"Partidos\"],\"inLanguage\":\"es\",\"potentialAction\":[{\"@type\":\"CommentAction\",\"name\":\"Comment\",\"target\":[\"https:\/\/www.padreydecano.com\/cms\/partidos\/cabeza-en-alto\/#respond\"]}]},{\"@type\":\"WebPage\",\"@id\":\"https:\/\/www.padreydecano.com\/cms\/partidos\/cabeza-en-alto\/\",\"url\":\"https:\/\/www.padreydecano.com\/cms\/partidos\/cabeza-en-alto\/\",\"name\":\"Cabeza en alto - Padre y Decano - El Sitio del Pueblo\",\"isPartOf\":{\"@id\":\"https:\/\/www.padreydecano.com\/cms\/#website\"},\"primaryImageOfPage\":{\"@id\":\"https:\/\/www.padreydecano.com\/cms\/partidos\/cabeza-en-alto\/#primaryimage\"},\"image\":{\"@id\":\"https:\/\/www.padreydecano.com\/cms\/partidos\/cabeza-en-alto\/#primaryimage\"},\"thumbnailUrl\":\"https:\/\/www.padreydecano.com\/cms\/wp-content\/uploads\/2024\/10\/84a970b8-cc83-42d2-b2f1-06b5ab400c32.jpeg\",\"datePublished\":\"2024-10-31T15:23:22+00:00\",\"dateModified\":\"2024-10-31T18:39:54+00:00\",\"breadcrumb\":{\"@id\":\"https:\/\/www.padreydecano.com\/cms\/partidos\/cabeza-en-alto\/#breadcrumb\"},\"inLanguage\":\"es\",\"potentialAction\":[{\"@type\":\"ReadAction\",\"target\":[\"https:\/\/www.padreydecano.com\/cms\/partidos\/cabeza-en-alto\/\"]}]},{\"@type\":\"ImageObject\",\"inLanguage\":\"es\",\"@id\":\"https:\/\/www.padreydecano.com\/cms\/partidos\/cabeza-en-alto\/#primaryimage\",\"url\":\"https:\/\/www.padreydecano.com\/cms\/wp-content\/uploads\/2024\/10\/84a970b8-cc83-42d2-b2f1-06b5ab400c32.jpeg\",\"contentUrl\":\"https:\/\/www.padreydecano.com\/cms\/wp-content\/uploads\/2024\/10\/84a970b8-cc83-42d2-b2f1-06b5ab400c32.jpeg\",\"width\":1600,\"height\":1067},{\"@type\":\"BreadcrumbList\",\"@id\":\"https:\/\/www.padreydecano.com\/cms\/partidos\/cabeza-en-alto\/#breadcrumb\",\"itemListElement\":[{\"@type\":\"ListItem\",\"position\":1,\"name\":\"Portada\",\"item\":\"https:\/\/www.padreydecano.com\/cms\/\"},{\"@type\":\"ListItem\",\"position\":2,\"name\":\"Cabeza en alto\"}]},{\"@type\":\"WebSite\",\"@id\":\"https:\/\/www.padreydecano.com\/cms\/#website\",\"url\":\"https:\/\/www.padreydecano.com\/cms\/\",\"name\":\"Padre y Decano - El Sitio del Pueblo\",\"description\":\"Club Atl\u00e9tico Pe\u00f1arol\",\"publisher\":{\"@id\":\"https:\/\/www.padreydecano.com\/cms\/#organization\"},\"potentialAction\":[{\"@type\":\"SearchAction\",\"target\":{\"@type\":\"EntryPoint\",\"urlTemplate\":\"https:\/\/www.padreydecano.com\/cms\/?s={search_term_string}\"},\"query-input\":\"required name=search_term_string\"}],\"inLanguage\":\"es\"},{\"@type\":\"Organization\",\"@id\":\"https:\/\/www.padreydecano.com\/cms\/#organization\",\"name\":\"Padre y Decano\",\"url\":\"https:\/\/www.padreydecano.com\/cms\/\",\"logo\":{\"@type\":\"ImageObject\",\"inLanguage\":\"es\",\"@id\":\"https:\/\/www.padreydecano.com\/cms\/#\/schema\/logo\/image\/\",\"url\":\"https:\/\/www.padreydecano.com\/cms\/wp-content\/uploads\/2022\/01\/avatar-square.png\",\"contentUrl\":\"https:\/\/www.padreydecano.com\/cms\/wp-content\/uploads\/2022\/01\/avatar-square.png\",\"width\":1500,\"height\":1500,\"caption\":\"Padre y Decano\"},\"image\":{\"@id\":\"https:\/\/www.padreydecano.com\/cms\/#\/schema\/logo\/image\/\"}},{\"@type\":\"Person\",\"@id\":\"https:\/\/www.padreydecano.com\/cms\/#\/schema\/person\/37aae8f93aa78e4c5385497f056e3246\",\"name\":\"Redactores Padre y Decano\",\"image\":{\"@type\":\"ImageObject\",\"inLanguage\":\"es\",\"@id\":\"https:\/\/www.padreydecano.com\/cms\/#\/schema\/person\/image\/\",\"url\":\"https:\/\/secure.gravatar.com\/avatar\/8810c4b9081192b118b104af54549af8?s=96&d=https%3A%2F%2Fpadreydecano.com%2Fcms%2Fwp-content%2Fthemes%2Fpyd-theme%2Fimg%2Fdefault-avatar.png&r=g\",\"contentUrl\":\"https:\/\/secure.gravatar.com\/avatar\/8810c4b9081192b118b104af54549af8?s=96&d=https%3A%2F%2Fpadreydecano.com%2Fcms%2Fwp-content%2Fthemes%2Fpyd-theme%2Fimg%2Fdefault-avatar.png&r=g\",\"caption\":\"Redactores Padre y Decano\"},\"sameAs\":[\"http:\/\/www.padreydecano.com\"]}]}<\/script>\n<!-- \/ Yoast SEO plugin. -->","yoast_head_json":{"title":"Cabeza en alto - Padre y Decano - El Sitio del Pueblo","robots":{"index":"index","follow":"follow","max-snippet":"max-snippet:-1","max-image-preview":"max-image-preview:large","max-video-preview":"max-video-preview:-1"},"canonical":"https:\/\/www.padreydecano.com\/cms\/partidos\/cabeza-en-alto\/","og_locale":"es_ES","og_type":"article","og_title":"Cabeza en alto - Padre y Decano - El Sitio del Pueblo","og_description":"Pese al gran partido y la victoria en el Centenario, Pe\u00f1arol no pude acceder a la final de la Libertadores. Se termin\u00f3 el sue\u00f1o del 2024, pero la ilusi\u00f3n seguir\u00e1 viva hasta lograr la obsesi\u00f3n de todo el pueblo. El padre y decano del f\u00fatbol uruguayo recibi\u00f3 a Botafogo en el m\u00edtico Estadio Centenario por [&hellip;]","og_url":"https:\/\/www.padreydecano.com\/cms\/partidos\/cabeza-en-alto\/","og_site_name":"Padre y Decano - El Sitio del Pueblo","article_published_time":"2024-10-31T15:23:22+00:00","article_modified_time":"2024-10-31T18:39:54+00:00","og_image":[{"width":1600,"height":1067,"url":"https:\/\/www.padreydecano.com\/cms\/wp-content\/uploads\/2024\/10\/84a970b8-cc83-42d2-b2f1-06b5ab400c32.jpeg","type":"image\/jpeg"}],"author":"Redactores Padre y Decano","twitter_card":"summary_large_image","twitter_misc":{"Escrito por":"Redactores Padre y Decano","Tiempo de lectura":"2 minutos"},"schema":{"@context":"https:\/\/schema.org","@graph":[{"@type":"Article","@id":"https:\/\/www.padreydecano.com\/cms\/partidos\/cabeza-en-alto\/#article","isPartOf":{"@id":"https:\/\/www.padreydecano.com\/cms\/partidos\/cabeza-en-alto\/"},"author":{"name":"Redactores Padre y Decano","@id":"https:\/\/www.padreydecano.com\/cms\/#\/schema\/person\/37aae8f93aa78e4c5385497f056e3246"},"headline":"Cabeza en alto","datePublished":"2024-10-31T15:23:22+00:00","dateModified":"2024-10-31T18:39:54+00:00","mainEntityOfPage":{"@id":"https:\/\/www.padreydecano.com\/cms\/partidos\/cabeza-en-alto\/"},"wordCount":354,"commentCount":5,"publisher":{"@id":"https:\/\/www.padreydecano.com\/cms\/#organization"},"image":{"@id":"https:\/\/www.padreydecano.com\/cms\/partidos\/cabeza-en-alto\/#primaryimage"},"thumbnailUrl":"https:\/\/www.padreydecano.com\/cms\/wp-content\/uploads\/2024\/10\/84a970b8-cc83-42d2-b2f1-06b5ab400c32.jpeg","keywords":["Copa Libertadores 2024"],"articleSection":["Partidos"],"inLanguage":"es","potentialAction":[{"@type":"CommentAction","name":"Comment","target":["https:\/\/www.padreydecano.com\/cms\/partidos\/cabeza-en-alto\/#respond"]}]},{"@type":"WebPage","@id":"https:\/\/www.padreydecano.com\/cms\/partidos\/cabeza-en-alto\/","url":"https:\/\/www.padreydecano.com\/cms\/partidos\/cabeza-en-alto\/","name":"Cabeza en alto - Padre y Decano - El Sitio del Pueblo","isPartOf":{"@id":"https:\/\/www.padreydecano.com\/cms\/#website"},"primaryImageOfPage":{"@id":"https:\/\/www.padreydecano.com\/cms\/partidos\/cabeza-en-alto\/#primaryimage"},"image":{"@id":"https:\/\/www.padreydecano.com\/cms\/partidos\/cabeza-en-alto\/#primaryimage"},"thumbnailUrl":"https:\/\/www.padreydecano.com\/cms\/wp-content\/uploads\/2024\/10\/84a970b8-cc83-42d2-b2f1-06b5ab400c32.jpeg","datePublished":"2024-10-31T15:23:22+00:00","dateModified":"2024-10-31T18:39:54+00:00","breadcrumb":{"@id":"https:\/\/www.padreydecano.com\/cms\/partidos\/cabeza-en-alto\/#breadcrumb"},"inLanguage":"es","potentialAction":[{"@type":"ReadAction","target":["https:\/\/www.padreydecano.com\/cms\/partidos\/cabeza-en-alto\/"]}]},{"@type":"ImageObject","inLanguage":"es","@id":"https:\/\/www.padreydecano.com\/cms\/partidos\/cabeza-en-alto\/#primaryimage","url":"https:\/\/www.padreydecano.com\/cms\/wp-content\/uploads\/2024\/10\/84a970b8-cc83-42d2-b2f1-06b5ab400c32.jpeg","contentUrl":"https:\/\/www.padreydecano.com\/cms\/wp-content\/uploads\/2024\/10\/84a970b8-cc83-42d2-b2f1-06b5ab400c32.jpeg","width":1600,"height":1067},{"@type":"BreadcrumbList","@id":"https:\/\/www.padreydecano.com\/cms\/partidos\/cabeza-en-alto\/#breadcrumb","itemListElement":[{"@type":"ListItem","position":1,"name":"Portada","item":"https:\/\/www.padreydecano.com\/cms\/"},{"@type":"ListItem","position":2,"name":"Cabeza en alto"}]},{"@type":"WebSite","@id":"https:\/\/www.padreydecano.com\/cms\/#website","url":"https:\/\/www.padreydecano.com\/cms\/","name":"Padre y Decano - El Sitio del Pueblo","description":"Club Atl\u00e9tico Pe\u00f1arol","publisher":{"@id":"https:\/\/www.padreydecano.com\/cms\/#organization"},"potentialAction":[{"@type":"SearchAction","target":{"@type":"EntryPoint","urlTemplate":"https:\/\/www.padreydecano.com\/cms\/?s={search_term_string}"},"query-input":"required name=search_term_string"}],"inLanguage":"es"},{"@type":"Organization","@id":"https:\/\/www.padreydecano.com\/cms\/#organization","name":"Padre y Decano","url":"https:\/\/www.padreydecano.com\/cms\/","logo":{"@type":"ImageObject","inLanguage":"es","@id":"https:\/\/www.padreydecano.com\/cms\/#\/schema\/logo\/image\/","url":"https:\/\/www.padreydecano.com\/cms\/wp-content\/uploads\/2022\/01\/avatar-square.png","contentUrl":"https:\/\/www.padreydecano.com\/cms\/wp-content\/uploads\/2022\/01\/avatar-square.png","width":1500,"height":1500,"caption":"Padre y Decano"},"image":{"@id":"https:\/\/www.padreydecano.com\/cms\/#\/schema\/logo\/image\/"}},{"@type":"Person","@id":"https:\/\/www.padreydecano.com\/cms\/#\/schema\/person\/37aae8f93aa78e4c5385497f056e3246","name":"Redactores Padre y Decano","image":{"@type":"ImageObject","inLanguage":"es","@id":"https:\/\/www.padreydecano.com\/cms\/#\/schema\/person\/image\/","url":"https:\/\/secure.gravatar.com\/avatar\/8810c4b9081192b118b104af54549af8?s=96&d=https%3A%2F%2Fpadreydecano.com%2Fcms%2Fwp-content%2Fthemes%2Fpyd-theme%2Fimg%2Fdefault-avatar.png&r=g","contentUrl":"https:\/\/secure.gravatar.com\/avatar\/8810c4b9081192b118b104af54549af8?s=96&d=https%3A%2F%2Fpadreydecano.com%2Fcms%2Fwp-content%2Fthemes%2Fpyd-theme%2Fimg%2Fdefault-avatar.png&r=g","caption":"Redactores Padre y Decano"},"sameAs":["http:\/\/www.padreydecano.com"]}]}},"_links":{"self":[{"href":"https:\/\/www.padreydecano.com\/cms\/wp-json\/wp\/v2\/posts\/81315"}],"collection":[{"href":"https:\/\/www.padreydecano.com\/cms\/wp-json\/wp\/v2\/posts"}],"about":[{"href":"https:\/\/www.padreydecano.com\/cms\/wp-json\/wp\/v2\/types\/post"}],"author":[{"embeddable":true,"href":"https:\/\/www.padreydecano.com\/cms\/wp-json\/wp\/v2\/users\/27"}],"replies":[{"embeddable":true,"href":"https:\/\/www.padreydecano.com\/cms\/wp-json\/wp\/v2\/comments?post=81315"}],"version-history":[{"count":0,"href":"https:\/\/www.padreydecano.com\/cms\/wp-json\/wp\/v2\/posts\/81315\/revisions"}],"wp:featuredmedia":[{"embeddable":true,"href":"https:\/\/www.padreydecano.com\/cms\/wp-json\/wp\/v2\/media\/81316"}],"wp:attachment":[{"href":"https:\/\/www.padreydecano.com\/cms\/wp-json\/wp\/v2\/media?parent=81315"}],"wp:term":[{"taxonomy":"category","embeddable":true,"href":"https:\/\/www.padreydecano.com\/cms\/wp-json\/wp\/v2\/categories?post=81315"},{"taxonomy":"post_tag","embeddable":true,"href":"https:\/\/www.padreydecano.com\/cms\/wp-json\/wp\/v2\/tags?post=81315"}],"curies":[{"name":"wp","href":"https:\/\/api.w.org\/{rel}","templated":true}]}}