{"id":81300,"date":"2024-10-14T22:15:54","date_gmt":"2024-10-15T01:15:54","guid":{"rendered":"https:\/\/www.padreydecano.com\/cms\/?p=81300"},"modified":"2024-10-16T14:31:23","modified_gmt":"2024-10-16T17:31:23","slug":"futsal-fin-de-semana-historico","status":"publish","type":"post","link":"https:\/\/www.padreydecano.com\/cms\/otras-disciplinas\/futsal-fin-de-semana-historico\/","title":{"rendered":"Futsal: Fin de semana hist\u00f3rico"},"content":{"rendered":"<p class=\"s4\"><strong><span class=\"s5\"><span class=\"bumpedFont15\"><img loading=\"lazy\" decoding=\"async\" class=\"aligncenter wp-image-81301 size-full\" src=\"https:\/\/www.padreydecano.com\/cms\/wp-content\/uploads\/2024\/10\/1c7c5498-68fb-4a1a-b138-005e2dc19181.jpeg\" alt=\"\" width=\"1152\" height=\"2048\" srcset=\"https:\/\/www.padreydecano.com\/cms\/wp-content\/uploads\/2024\/10\/1c7c5498-68fb-4a1a-b138-005e2dc19181.jpeg 1152w, https:\/\/www.padreydecano.com\/cms\/wp-content\/uploads\/2024\/10\/1c7c5498-68fb-4a1a-b138-005e2dc19181-450x800.jpeg 450w, https:\/\/www.padreydecano.com\/cms\/wp-content\/uploads\/2024\/10\/1c7c5498-68fb-4a1a-b138-005e2dc19181-720x1280.jpeg 720w, https:\/\/www.padreydecano.com\/cms\/wp-content\/uploads\/2024\/10\/1c7c5498-68fb-4a1a-b138-005e2dc19181-768x1365.jpeg 768w, https:\/\/www.padreydecano.com\/cms\/wp-content\/uploads\/2024\/10\/1c7c5498-68fb-4a1a-b138-005e2dc19181-864x1536.jpeg 864w, https:\/\/www.padreydecano.com\/cms\/wp-content\/uploads\/2024\/10\/1c7c5498-68fb-4a1a-b138-005e2dc19181-169x300.jpeg 169w, https:\/\/www.padreydecano.com\/cms\/wp-content\/uploads\/2024\/10\/1c7c5498-68fb-4a1a-b138-005e2dc19181-72x128.jpeg 72w, https:\/\/www.padreydecano.com\/cms\/wp-content\/uploads\/2024\/10\/1c7c5498-68fb-4a1a-b138-005e2dc19181-18x32.jpeg 18w\" sizes=\"(max-width: 1152px) 100vw, 1152px\" \/><br \/>\nEl pasado fin de semana se vivi\u00f3 una de las jornadas m\u00e1s importantes en la historia del F\u00fatbol Sala del Club Atl\u00e9tico Pe\u00f1arol. El elenco Femenino consigui\u00f3 el Septenio ante Nacional en Las Piedras, mientras que las tres categor\u00edas del Masculino jugaron por primera vez un partido oficial en el Palacio Cr Gast\u00f3n Guelfi ante Urupan.<\/span><\/span><\/strong><\/p>\n<p class=\"s4\">\u200b<span class=\"s2\"><span class=\"bumpedFont15\">La actividad dio inicio el d\u00eda s\u00e1bado a la hora 15 en el Polideportivo de Las Piedras, all\u00ed en la segunda final de la temporada, el equipo comandado por Andr\u00e9s Izquierdo demostr\u00f3 su jerarqu\u00eda y se impuso 4 a 2 a Nacional despu\u00e9s de comenzar perdiendo por 2 a 0. Los goles de las carboneras fueron convertidos por Naiara Ferrari (x2), Shamila Gonz\u00e1lez y Lourdes Viana.<\/span><\/span><\/p>\n<p class=\"s4\">\u200b<span class=\"s2\"><span class=\"bumpedFont15\">Este es el s\u00e9ptimo t\u00edtulo logrado de forma consecutiva para las carboneras, quienes compiten en AUF desde 2018. En el transcurso de estos a\u00f1os se coronaron 5 veces ante Nacional, una contra Rampla Juniors y otra frente a UTU. Desde 2004 a la fecha Pe\u00f1arol es el equipo m\u00e1s ganador.<\/span><\/span><\/p>\n<p class=\"s4\">\u200b<span class=\"s2\"><span class=\"bumpedFont15\">En el transcurso de la temporada lograron ir de menos a m\u00e1s, logrando una remontada para la historia. Cosecharon 32 puntos en 14 encuentros disputados por el Campeonato Clasificatorio, donde terminaron en el segundo lugar de la tabla. Se impusieron ante las acad\u00e9micas en los dos partidos de semifinales, derrotaron al tradicional rival en una definici\u00f3n con desventaja deportiva y se consagraron otra vez ante las tricolores dando vuelta el compromiso.<\/span><\/span><\/p>\n<p class=\"s4\">\u200b<span class=\"s2\"><span class=\"bumpedFont15\">El d\u00eda domingo se dio un hecho que quedar\u00e1 grabado para siempre en la gloriosa historia del F\u00fatbol Sala pe\u00f1arolense; por primera vez de 1995 se ofici\u00f3 de local en el Palacio en el marco de las competencias AUF.<\/span><\/span><\/p>\n<p class=\"s4\">\u200b<span class=\"s2\"><span class=\"bumpedFont15\">El partido que dio inicio a la actividad fue el de la Sub 17. En el mismo el resultado fue adverso, los dirigidos por Mat\u00edas Libbi cayeron derrotados por 2 a 0 y cierran su participaci\u00f3n por este a\u00f1o.<\/span><\/span><\/p>\n<p class=\"s4\">\u200b<span class=\"s2\"><span class=\"bumpedFont15\">A la hora 18 fue el turno del momento de esplendor de la jornada, el partido de la Primera Divisi\u00f3n. Con una multitud de hinchas en la tribuna Dr. Constante Turturiello, alentando con sus c\u00e1nticos y banderas, se sell\u00f3 el triunfo por 4 a 2 ante los pandenses con goles de Pablo Lanza, Nicol\u00e1s Ordoqui, Brandon D\u00edaz y Maximiliano Navarro.<\/span><\/span><\/p>\n<p class=\"s4\">\u200b<span class=\"s2\"><span class=\"bumpedFont15\">Tras este resultado, los conducidos por el argentino Facundo Ruscica sellan su participaci\u00f3n en semifinales tras culminar el Clasificatorio en punta con 46 puntos en 16 enfrentamientos.<\/span><\/span><\/p>\n<p class=\"s4\">\u200b<span class=\"s2\"><span class=\"bumpedFont15\">La pr\u00f3xima disputa, ya en fase eliminatoria, ser\u00e1 ante Old Christians como visitante en el gimnasio del Club Juventud de Colonia. El partido de vuelta, posterior a la semana de la primera vuelta electoral, se jugar\u00e1 nuevamente en la casa de Pe\u00f1arol.<\/span><\/span><\/p>\n<p class=\"s4\">\u200b<span class=\"s2\"><span class=\"bumpedFont15\">El cierre de la fecha en el recinto aurinegro fue a la hora 20, con el partido del equipo liderado por Ignacio Buggiano. Con anotaciones de Mateo Silva, Facundo Fern\u00e1ndez, Ezequiel Ferreira y Federico Arellano lograron la victoria por 4 a 0 y terminaron la primera fase con 39 puntos acumulados. En playoffs enfrentar\u00e1n a Racing que acab\u00f3 cuarto.<\/span><\/span><\/p>\n<p class=\"s4\">\u200b<span class=\"s2\"><span class=\"bumpedFont15\">Adem\u00e1s de los partidos, el evento cont\u00f3 con dos merecidos homenajes: uno de ellos a Carlos Silva, hist\u00f3rico dirigente de la disciplina que cumpli\u00f3 30 a\u00f1os en su funci\u00f3n y el otro a las campeonas del Septenio.<\/span><\/span><\/p>\n<p class=\"s4\"><div class=\"user-wrapper\"><a class=\"userlink\" href=\"https:\/\/x.com\/martinezberriel \" target=\"_blank\"><figure><img decoding=\"async\" src=\"http:\/\/www.padreydecano.com\/cms\/wp-users-files\/postfirmas\/fedemartinez.jpg\" \/><\/figure><p class=\"user\"><strong>Federico Mart\u00ednez<\/strong><br \/>@martinezberriel<\/p><\/a><\/div>\u200b<\/p>\n","protected":false},"excerpt":{"rendered":"<p>El pasado fin de semana se vivi\u00f3 una de las jornadas m\u00e1s importantes en la historia del F\u00fatbol Sala del Club Atl\u00e9tico Pe\u00f1arol. El elenco Femenino consigui\u00f3 el Septenio ante Nacional en Las Piedras, mientras que las tres categor\u00edas del Masculino jugaron por primera vez un partido oficial en el Palacio Cr Gast\u00f3n Guelfi ante [&hellip;]<\/p>\n","protected":false},"author":27,"featured_media":81302,"comment_status":"open","ping_status":"closed","sticky":false,"template":"","format":"standard","meta":{"footnotes":""},"categories":[27],"tags":[34,354],"yoast_head":"<!-- This site is optimized with the Yoast SEO plugin v23.2 - https:\/\/yoast.com\/wordpress\/plugins\/seo\/ -->\n<title>Futsal: Fin de semana hist\u00f3rico - Padre y Decano - El Sitio del Pueblo<\/title>\n<meta name=\"robots\" content=\"index, follow, max-snippet:-1, max-image-preview:large, max-video-preview:-1\" \/>\n<link rel=\"canonical\" href=\"https:\/\/www.padreydecano.com\/cms\/otras-disciplinas\/futsal-fin-de-semana-historico\/\" \/>\n<meta property=\"og:locale\" content=\"es_ES\" \/>\n<meta property=\"og:type\" content=\"article\" \/>\n<meta property=\"og:title\" content=\"Futsal: Fin de semana hist\u00f3rico - Padre y Decano - El Sitio del Pueblo\" \/>\n<meta property=\"og:description\" content=\"El pasado fin de semana se vivi\u00f3 una de las jornadas m\u00e1s importantes en la historia del F\u00fatbol Sala del Club Atl\u00e9tico Pe\u00f1arol. El elenco Femenino consigui\u00f3 el Septenio ante Nacional en Las Piedras, mientras que las tres categor\u00edas del Masculino jugaron por primera vez un partido oficial en el Palacio Cr Gast\u00f3n Guelfi ante [&hellip;]\" \/>\n<meta property=\"og:url\" content=\"https:\/\/www.padreydecano.com\/cms\/otras-disciplinas\/futsal-fin-de-semana-historico\/\" \/>\n<meta property=\"og:site_name\" content=\"Padre y Decano - El Sitio del Pueblo\" \/>\n<meta property=\"article:published_time\" content=\"2024-10-15T01:15:54+00:00\" \/>\n<meta property=\"article:modified_time\" content=\"2024-10-16T17:31:23+00:00\" \/>\n<meta property=\"og:image\" content=\"https:\/\/www.padreydecano.com\/cms\/wp-content\/uploads\/2024\/10\/18fe0318-d3b0-41c7-81e6-3193f95e6ec9.jpeg\" \/>\n\t<meta property=\"og:image:width\" content=\"1280\" \/>\n\t<meta property=\"og:image:height\" content=\"1600\" \/>\n\t<meta property=\"og:image:type\" content=\"image\/jpeg\" \/>\n<meta name=\"author\" content=\"Redactores Padre y Decano\" \/>\n<meta name=\"twitter:card\" content=\"summary_large_image\" \/>\n<meta name=\"twitter:label1\" content=\"Escrito por\" \/>\n\t<meta name=\"twitter:data1\" content=\"Redactores Padre y Decano\" \/>\n\t<meta name=\"twitter:label2\" content=\"Tiempo de lectura\" \/>\n\t<meta name=\"twitter:data2\" content=\"3 minutos\" \/>\n<script type=\"application\/ld+json\" class=\"yoast-schema-graph\">{\"@context\":\"https:\/\/schema.org\",\"@graph\":[{\"@type\":\"Article\",\"@id\":\"https:\/\/www.padreydecano.com\/cms\/otras-disciplinas\/futsal-fin-de-semana-historico\/#article\",\"isPartOf\":{\"@id\":\"https:\/\/www.padreydecano.com\/cms\/otras-disciplinas\/futsal-fin-de-semana-historico\/\"},\"author\":{\"name\":\"Redactores Padre y Decano\",\"@id\":\"https:\/\/www.padreydecano.com\/cms\/#\/schema\/person\/37aae8f93aa78e4c5385497f056e3246\"},\"headline\":\"Futsal: Fin de semana hist\u00f3rico\",\"datePublished\":\"2024-10-15T01:15:54+00:00\",\"dateModified\":\"2024-10-16T17:31:23+00:00\",\"mainEntityOfPage\":{\"@id\":\"https:\/\/www.padreydecano.com\/cms\/otras-disciplinas\/futsal-fin-de-semana-historico\/\"},\"wordCount\":568,\"commentCount\":0,\"publisher\":{\"@id\":\"https:\/\/www.padreydecano.com\/cms\/#organization\"},\"image\":{\"@id\":\"https:\/\/www.padreydecano.com\/cms\/otras-disciplinas\/futsal-fin-de-semana-historico\/#primaryimage\"},\"thumbnailUrl\":\"https:\/\/www.padreydecano.com\/cms\/wp-content\/uploads\/2024\/10\/18fe0318-d3b0-41c7-81e6-3193f95e6ec9.jpeg\",\"keywords\":[\"Futsal\",\"Futsal Femenino\"],\"articleSection\":[\"Otras disciplinas\"],\"inLanguage\":\"es\",\"potentialAction\":[{\"@type\":\"CommentAction\",\"name\":\"Comment\",\"target\":[\"https:\/\/www.padreydecano.com\/cms\/otras-disciplinas\/futsal-fin-de-semana-historico\/#respond\"]}]},{\"@type\":\"WebPage\",\"@id\":\"https:\/\/www.padreydecano.com\/cms\/otras-disciplinas\/futsal-fin-de-semana-historico\/\",\"url\":\"https:\/\/www.padreydecano.com\/cms\/otras-disciplinas\/futsal-fin-de-semana-historico\/\",\"name\":\"Futsal: Fin de semana hist\u00f3rico - Padre y Decano - El Sitio del Pueblo\",\"isPartOf\":{\"@id\":\"https:\/\/www.padreydecano.com\/cms\/#website\"},\"primaryImageOfPage\":{\"@id\":\"https:\/\/www.padreydecano.com\/cms\/otras-disciplinas\/futsal-fin-de-semana-historico\/#primaryimage\"},\"image\":{\"@id\":\"https:\/\/www.padreydecano.com\/cms\/otras-disciplinas\/futsal-fin-de-semana-historico\/#primaryimage\"},\"thumbnailUrl\":\"https:\/\/www.padreydecano.com\/cms\/wp-content\/uploads\/2024\/10\/18fe0318-d3b0-41c7-81e6-3193f95e6ec9.jpeg\",\"datePublished\":\"2024-10-15T01:15:54+00:00\",\"dateModified\":\"2024-10-16T17:31:23+00:00\",\"breadcrumb\":{\"@id\":\"https:\/\/www.padreydecano.com\/cms\/otras-disciplinas\/futsal-fin-de-semana-historico\/#breadcrumb\"},\"inLanguage\":\"es\",\"potentialAction\":[{\"@type\":\"ReadAction\",\"target\":[\"https:\/\/www.padreydecano.com\/cms\/otras-disciplinas\/futsal-fin-de-semana-historico\/\"]}]},{\"@type\":\"ImageObject\",\"inLanguage\":\"es\",\"@id\":\"https:\/\/www.padreydecano.com\/cms\/otras-disciplinas\/futsal-fin-de-semana-historico\/#primaryimage\",\"url\":\"https:\/\/www.padreydecano.com\/cms\/wp-content\/uploads\/2024\/10\/18fe0318-d3b0-41c7-81e6-3193f95e6ec9.jpeg\",\"contentUrl\":\"https:\/\/www.padreydecano.com\/cms\/wp-content\/uploads\/2024\/10\/18fe0318-d3b0-41c7-81e6-3193f95e6ec9.jpeg\",\"width\":1280,\"height\":1600},{\"@type\":\"BreadcrumbList\",\"@id\":\"https:\/\/www.padreydecano.com\/cms\/otras-disciplinas\/futsal-fin-de-semana-historico\/#breadcrumb\",\"itemListElement\":[{\"@type\":\"ListItem\",\"position\":1,\"name\":\"Portada\",\"item\":\"https:\/\/www.padreydecano.com\/cms\/\"},{\"@type\":\"ListItem\",\"position\":2,\"name\":\"Futsal: Fin de semana hist\u00f3rico\"}]},{\"@type\":\"WebSite\",\"@id\":\"https:\/\/www.padreydecano.com\/cms\/#website\",\"url\":\"https:\/\/www.padreydecano.com\/cms\/\",\"name\":\"Padre y Decano - El Sitio del Pueblo\",\"description\":\"Club Atl\u00e9tico Pe\u00f1arol\",\"publisher\":{\"@id\":\"https:\/\/www.padreydecano.com\/cms\/#organization\"},\"potentialAction\":[{\"@type\":\"SearchAction\",\"target\":{\"@type\":\"EntryPoint\",\"urlTemplate\":\"https:\/\/www.padreydecano.com\/cms\/?s={search_term_string}\"},\"query-input\":\"required name=search_term_string\"}],\"inLanguage\":\"es\"},{\"@type\":\"Organization\",\"@id\":\"https:\/\/www.padreydecano.com\/cms\/#organization\",\"name\":\"Padre y Decano\",\"url\":\"https:\/\/www.padreydecano.com\/cms\/\",\"logo\":{\"@type\":\"ImageObject\",\"inLanguage\":\"es\",\"@id\":\"https:\/\/www.padreydecano.com\/cms\/#\/schema\/logo\/image\/\",\"url\":\"https:\/\/www.padreydecano.com\/cms\/wp-content\/uploads\/2022\/01\/avatar-square.png\",\"contentUrl\":\"https:\/\/www.padreydecano.com\/cms\/wp-content\/uploads\/2022\/01\/avatar-square.png\",\"width\":1500,\"height\":1500,\"caption\":\"Padre y Decano\"},\"image\":{\"@id\":\"https:\/\/www.padreydecano.com\/cms\/#\/schema\/logo\/image\/\"}},{\"@type\":\"Person\",\"@id\":\"https:\/\/www.padreydecano.com\/cms\/#\/schema\/person\/37aae8f93aa78e4c5385497f056e3246\",\"name\":\"Redactores Padre y Decano\",\"image\":{\"@type\":\"ImageObject\",\"inLanguage\":\"es\",\"@id\":\"https:\/\/www.padreydecano.com\/cms\/#\/schema\/person\/image\/\",\"url\":\"https:\/\/secure.gravatar.com\/avatar\/8810c4b9081192b118b104af54549af8?s=96&d=https%3A%2F%2Fpadreydecano.com%2Fcms%2Fwp-content%2Fthemes%2Fpyd-theme%2Fimg%2Fdefault-avatar.png&r=g\",\"contentUrl\":\"https:\/\/secure.gravatar.com\/avatar\/8810c4b9081192b118b104af54549af8?s=96&d=https%3A%2F%2Fpadreydecano.com%2Fcms%2Fwp-content%2Fthemes%2Fpyd-theme%2Fimg%2Fdefault-avatar.png&r=g\",\"caption\":\"Redactores Padre y Decano\"},\"sameAs\":[\"http:\/\/www.padreydecano.com\"]}]}<\/script>\n<!-- \/ Yoast SEO plugin. -->","yoast_head_json":{"title":"Futsal: Fin de semana hist\u00f3rico - Padre y Decano - El Sitio del Pueblo","robots":{"index":"index","follow":"follow","max-snippet":"max-snippet:-1","max-image-preview":"max-image-preview:large","max-video-preview":"max-video-preview:-1"},"canonical":"https:\/\/www.padreydecano.com\/cms\/otras-disciplinas\/futsal-fin-de-semana-historico\/","og_locale":"es_ES","og_type":"article","og_title":"Futsal: Fin de semana hist\u00f3rico - Padre y Decano - El Sitio del Pueblo","og_description":"El pasado fin de semana se vivi\u00f3 una de las jornadas m\u00e1s importantes en la historia del F\u00fatbol Sala del Club Atl\u00e9tico Pe\u00f1arol. El elenco Femenino consigui\u00f3 el Septenio ante Nacional en Las Piedras, mientras que las tres categor\u00edas del Masculino jugaron por primera vez un partido oficial en el Palacio Cr Gast\u00f3n Guelfi ante [&hellip;]","og_url":"https:\/\/www.padreydecano.com\/cms\/otras-disciplinas\/futsal-fin-de-semana-historico\/","og_site_name":"Padre y Decano - El Sitio del Pueblo","article_published_time":"2024-10-15T01:15:54+00:00","article_modified_time":"2024-10-16T17:31:23+00:00","og_image":[{"width":1280,"height":1600,"url":"https:\/\/www.padreydecano.com\/cms\/wp-content\/uploads\/2024\/10\/18fe0318-d3b0-41c7-81e6-3193f95e6ec9.jpeg","type":"image\/jpeg"}],"author":"Redactores Padre y Decano","twitter_card":"summary_large_image","twitter_misc":{"Escrito por":"Redactores Padre y Decano","Tiempo de lectura":"3 minutos"},"schema":{"@context":"https:\/\/schema.org","@graph":[{"@type":"Article","@id":"https:\/\/www.padreydecano.com\/cms\/otras-disciplinas\/futsal-fin-de-semana-historico\/#article","isPartOf":{"@id":"https:\/\/www.padreydecano.com\/cms\/otras-disciplinas\/futsal-fin-de-semana-historico\/"},"author":{"name":"Redactores Padre y Decano","@id":"https:\/\/www.padreydecano.com\/cms\/#\/schema\/person\/37aae8f93aa78e4c5385497f056e3246"},"headline":"Futsal: Fin de semana hist\u00f3rico","datePublished":"2024-10-15T01:15:54+00:00","dateModified":"2024-10-16T17:31:23+00:00","mainEntityOfPage":{"@id":"https:\/\/www.padreydecano.com\/cms\/otras-disciplinas\/futsal-fin-de-semana-historico\/"},"wordCount":568,"commentCount":0,"publisher":{"@id":"https:\/\/www.padreydecano.com\/cms\/#organization"},"image":{"@id":"https:\/\/www.padreydecano.com\/cms\/otras-disciplinas\/futsal-fin-de-semana-historico\/#primaryimage"},"thumbnailUrl":"https:\/\/www.padreydecano.com\/cms\/wp-content\/uploads\/2024\/10\/18fe0318-d3b0-41c7-81e6-3193f95e6ec9.jpeg","keywords":["Futsal","Futsal Femenino"],"articleSection":["Otras disciplinas"],"inLanguage":"es","potentialAction":[{"@type":"CommentAction","name":"Comment","target":["https:\/\/www.padreydecano.com\/cms\/otras-disciplinas\/futsal-fin-de-semana-historico\/#respond"]}]},{"@type":"WebPage","@id":"https:\/\/www.padreydecano.com\/cms\/otras-disciplinas\/futsal-fin-de-semana-historico\/","url":"https:\/\/www.padreydecano.com\/cms\/otras-disciplinas\/futsal-fin-de-semana-historico\/","name":"Futsal: Fin de semana hist\u00f3rico - Padre y Decano - El Sitio del Pueblo","isPartOf":{"@id":"https:\/\/www.padreydecano.com\/cms\/#website"},"primaryImageOfPage":{"@id":"https:\/\/www.padreydecano.com\/cms\/otras-disciplinas\/futsal-fin-de-semana-historico\/#primaryimage"},"image":{"@id":"https:\/\/www.padreydecano.com\/cms\/otras-disciplinas\/futsal-fin-de-semana-historico\/#primaryimage"},"thumbnailUrl":"https:\/\/www.padreydecano.com\/cms\/wp-content\/uploads\/2024\/10\/18fe0318-d3b0-41c7-81e6-3193f95e6ec9.jpeg","datePublished":"2024-10-15T01:15:54+00:00","dateModified":"2024-10-16T17:31:23+00:00","breadcrumb":{"@id":"https:\/\/www.padreydecano.com\/cms\/otras-disciplinas\/futsal-fin-de-semana-historico\/#breadcrumb"},"inLanguage":"es","potentialAction":[{"@type":"ReadAction","target":["https:\/\/www.padreydecano.com\/cms\/otras-disciplinas\/futsal-fin-de-semana-historico\/"]}]},{"@type":"ImageObject","inLanguage":"es","@id":"https:\/\/www.padreydecano.com\/cms\/otras-disciplinas\/futsal-fin-de-semana-historico\/#primaryimage","url":"https:\/\/www.padreydecano.com\/cms\/wp-content\/uploads\/2024\/10\/18fe0318-d3b0-41c7-81e6-3193f95e6ec9.jpeg","contentUrl":"https:\/\/www.padreydecano.com\/cms\/wp-content\/uploads\/2024\/10\/18fe0318-d3b0-41c7-81e6-3193f95e6ec9.jpeg","width":1280,"height":1600},{"@type":"BreadcrumbList","@id":"https:\/\/www.padreydecano.com\/cms\/otras-disciplinas\/futsal-fin-de-semana-historico\/#breadcrumb","itemListElement":[{"@type":"ListItem","position":1,"name":"Portada","item":"https:\/\/www.padreydecano.com\/cms\/"},{"@type":"ListItem","position":2,"name":"Futsal: Fin de semana hist\u00f3rico"}]},{"@type":"WebSite","@id":"https:\/\/www.padreydecano.com\/cms\/#website","url":"https:\/\/www.padreydecano.com\/cms\/","name":"Padre y Decano - El Sitio del Pueblo","description":"Club Atl\u00e9tico Pe\u00f1arol","publisher":{"@id":"https:\/\/www.padreydecano.com\/cms\/#organization"},"potentialAction":[{"@type":"SearchAction","target":{"@type":"EntryPoint","urlTemplate":"https:\/\/www.padreydecano.com\/cms\/?s={search_term_string}"},"query-input":"required name=search_term_string"}],"inLanguage":"es"},{"@type":"Organization","@id":"https:\/\/www.padreydecano.com\/cms\/#organization","name":"Padre y Decano","url":"https:\/\/www.padreydecano.com\/cms\/","logo":{"@type":"ImageObject","inLanguage":"es","@id":"https:\/\/www.padreydecano.com\/cms\/#\/schema\/logo\/image\/","url":"https:\/\/www.padreydecano.com\/cms\/wp-content\/uploads\/2022\/01\/avatar-square.png","contentUrl":"https:\/\/www.padreydecano.com\/cms\/wp-content\/uploads\/2022\/01\/avatar-square.png","width":1500,"height":1500,"caption":"Padre y Decano"},"image":{"@id":"https:\/\/www.padreydecano.com\/cms\/#\/schema\/logo\/image\/"}},{"@type":"Person","@id":"https:\/\/www.padreydecano.com\/cms\/#\/schema\/person\/37aae8f93aa78e4c5385497f056e3246","name":"Redactores Padre y Decano","image":{"@type":"ImageObject","inLanguage":"es","@id":"https:\/\/www.padreydecano.com\/cms\/#\/schema\/person\/image\/","url":"https:\/\/secure.gravatar.com\/avatar\/8810c4b9081192b118b104af54549af8?s=96&d=https%3A%2F%2Fpadreydecano.com%2Fcms%2Fwp-content%2Fthemes%2Fpyd-theme%2Fimg%2Fdefault-avatar.png&r=g","contentUrl":"https:\/\/secure.gravatar.com\/avatar\/8810c4b9081192b118b104af54549af8?s=96&d=https%3A%2F%2Fpadreydecano.com%2Fcms%2Fwp-content%2Fthemes%2Fpyd-theme%2Fimg%2Fdefault-avatar.png&r=g","caption":"Redactores Padre y Decano"},"sameAs":["http:\/\/www.padreydecano.com"]}]}},"_links":{"self":[{"href":"https:\/\/www.padreydecano.com\/cms\/wp-json\/wp\/v2\/posts\/81300"}],"collection":[{"href":"https:\/\/www.padreydecano.com\/cms\/wp-json\/wp\/v2\/posts"}],"about":[{"href":"https:\/\/www.padreydecano.com\/cms\/wp-json\/wp\/v2\/types\/post"}],"author":[{"embeddable":true,"href":"https:\/\/www.padreydecano.com\/cms\/wp-json\/wp\/v2\/users\/27"}],"replies":[{"embeddable":true,"href":"https:\/\/www.padreydecano.com\/cms\/wp-json\/wp\/v2\/comments?post=81300"}],"version-history":[{"count":0,"href":"https:\/\/www.padreydecano.com\/cms\/wp-json\/wp\/v2\/posts\/81300\/revisions"}],"wp:featuredmedia":[{"embeddable":true,"href":"https:\/\/www.padreydecano.com\/cms\/wp-json\/wp\/v2\/media\/81302"}],"wp:attachment":[{"href":"https:\/\/www.padreydecano.com\/cms\/wp-json\/wp\/v2\/media?parent=81300"}],"wp:term":[{"taxonomy":"category","embeddable":true,"href":"https:\/\/www.padreydecano.com\/cms\/wp-json\/wp\/v2\/categories?post=81300"},{"taxonomy":"post_tag","embeddable":true,"href":"https:\/\/www.padreydecano.com\/cms\/wp-json\/wp\/v2\/tags?post=81300"}],"curies":[{"name":"wp","href":"https:\/\/api.w.org\/{rel}","templated":true}]}}