{"id":81297,"date":"2024-10-12T18:56:15","date_gmt":"2024-10-12T21:56:15","guid":{"rendered":"https:\/\/www.padreydecano.com\/cms\/?p=81297"},"modified":"2024-10-14T11:14:57","modified_gmt":"2024-10-14T14:14:57","slug":"entradas-agotadas-2","status":"publish","type":"post","link":"https:\/\/www.padreydecano.com\/cms\/noticias\/entradas-agotadas-2\/","title":{"rendered":"Entradas agotadas"},"content":{"rendered":"<p><strong>Los socios de Pe\u00f1arol agotaron todas sus localidades para el encuentro de vuelta ante Botafogo en el Estadio Campe\u00f3n del Siglo, 18 d\u00edas antes del partido.<\/strong><\/p>\n<p>Apenas 3 d\u00edas de venta para socios, el primero de ellos enlazado al ranking de asistencia, bastaron para que los socios aurinegros adquieran el total de localidades para el encuentro ante Botafogo, por la vuelta de las semifinales de la Copa Libertadores 2024.<\/p>\n<p>El partido se jugar\u00e1 el mi\u00e9rcoles 30 de octubre a las 21:30 horas en el escenario mirasol. Nuevamente se espera un recibimiento hist\u00f3rico y se sigue recolectando dinero entre los hinchas carboneros para, entre todos, volver a dejar al continente hablando de la hinchada de Pe\u00f1arol.<\/p>\n<p><img loading=\"lazy\" decoding=\"async\" class=\"alignnone size-medium wp-image-81298\" src=\"https:\/\/www.padreydecano.com\/cms\/wp-content\/uploads\/2024\/10\/IMG_5244-640x800.jpeg\" alt=\"\" width=\"640\" height=\"800\" srcset=\"https:\/\/www.padreydecano.com\/cms\/wp-content\/uploads\/2024\/10\/IMG_5244-640x800.jpeg 640w, https:\/\/www.padreydecano.com\/cms\/wp-content\/uploads\/2024\/10\/IMG_5244-1024x1280.jpeg 1024w, https:\/\/www.padreydecano.com\/cms\/wp-content\/uploads\/2024\/10\/IMG_5244-768x960.jpeg 768w, https:\/\/www.padreydecano.com\/cms\/wp-content\/uploads\/2024\/10\/IMG_5244-240x300.jpeg 240w, https:\/\/www.padreydecano.com\/cms\/wp-content\/uploads\/2024\/10\/IMG_5244-102x128.jpeg 102w, https:\/\/www.padreydecano.com\/cms\/wp-content\/uploads\/2024\/10\/IMG_5244-26x32.jpeg 26w, https:\/\/www.padreydecano.com\/cms\/wp-content\/uploads\/2024\/10\/IMG_5244.jpeg 1080w\" sizes=\"(max-width: 640px) 100vw, 640px\" \/><\/p>\n<p>El partido de ida se jugar\u00e1 el mi\u00e9rcoles 23 de octubre, tambi\u00e9n a las 21:30 en R\u00edo de Janeiro. Para este encuentro los hinchas de Pe\u00f1arol tambi\u00e9n agotaron las 4 mil entradas puestas a disposici\u00f3n por el conjunto brasile\u00f1o. El decano del f\u00fatbol uruguayo es el equipo que m\u00e1s p\u00fablico llev\u00f3 de visitante en la actual Copa Libertadores.<\/p>\n<div class=\"user-wrapper\"><a class=\"userlink\"href=\"https:\/\/twitter.com\/ftrucce18\" target=\"_blank\"><figure><img decoding=\"async\" src=\"http:\/\/www.padreydecano.com\/cms\/wp-users-files\/postfirmas\/ftrucce.jpg\" \/><\/figure><p class=\"user\"><strong>Franco Trucce<\/strong><br \/>@FTrucce18<\/p><\/a><\/div>\n","protected":false},"excerpt":{"rendered":"<p>Los socios de Pe\u00f1arol agotaron todas sus localidades para el encuentro de vuelta ante Botafogo en el Estadio Campe\u00f3n del Siglo, 18 d\u00edas antes del partido. Apenas 3 d\u00edas de venta para socios, el primero de ellos enlazado al ranking de asistencia, bastaron para que los socios aurinegros adquieran el total de localidades para el [&hellip;]<\/p>\n","protected":false},"author":27,"featured_media":81299,"comment_status":"open","ping_status":"closed","sticky":false,"template":"","format":"standard","meta":{"footnotes":""},"categories":[1],"tags":[614],"yoast_head":"<!-- This site is optimized with the Yoast SEO plugin v23.2 - https:\/\/yoast.com\/wordpress\/plugins\/seo\/ -->\n<title>Entradas agotadas - Padre y Decano - El Sitio del Pueblo<\/title>\n<meta name=\"robots\" content=\"index, follow, max-snippet:-1, max-image-preview:large, max-video-preview:-1\" \/>\n<link rel=\"canonical\" href=\"https:\/\/www.padreydecano.com\/cms\/noticias\/entradas-agotadas-2\/\" \/>\n<meta property=\"og:locale\" content=\"es_ES\" \/>\n<meta property=\"og:type\" content=\"article\" \/>\n<meta property=\"og:title\" content=\"Entradas agotadas - Padre y Decano - El Sitio del Pueblo\" \/>\n<meta property=\"og:description\" content=\"Los socios de Pe\u00f1arol agotaron todas sus localidades para el encuentro de vuelta ante Botafogo en el Estadio Campe\u00f3n del Siglo, 18 d\u00edas antes del partido. Apenas 3 d\u00edas de venta para socios, el primero de ellos enlazado al ranking de asistencia, bastaron para que los socios aurinegros adquieran el total de localidades para el [&hellip;]\" \/>\n<meta property=\"og:url\" content=\"https:\/\/www.padreydecano.com\/cms\/noticias\/entradas-agotadas-2\/\" \/>\n<meta property=\"og:site_name\" content=\"Padre y Decano - El Sitio del Pueblo\" \/>\n<meta property=\"article:published_time\" content=\"2024-10-12T21:56:15+00:00\" \/>\n<meta property=\"article:modified_time\" content=\"2024-10-14T14:14:57+00:00\" \/>\n<meta property=\"og:image\" content=\"https:\/\/www.padreydecano.com\/cms\/wp-content\/uploads\/2024\/10\/IMG_5232-scaled.jpeg\" \/>\n\t<meta property=\"og:image:width\" content=\"2560\" \/>\n\t<meta property=\"og:image:height\" content=\"1702\" \/>\n\t<meta property=\"og:image:type\" content=\"image\/jpeg\" \/>\n<meta name=\"author\" content=\"Redactores Padre y Decano\" \/>\n<meta name=\"twitter:card\" content=\"summary_large_image\" \/>\n<meta name=\"twitter:label1\" content=\"Escrito por\" \/>\n\t<meta name=\"twitter:data1\" content=\"Redactores Padre y Decano\" \/>\n\t<meta name=\"twitter:label2\" content=\"Tiempo de lectura\" \/>\n\t<meta name=\"twitter:data2\" content=\"2 minutos\" \/>\n<script type=\"application\/ld+json\" class=\"yoast-schema-graph\">{\"@context\":\"https:\/\/schema.org\",\"@graph\":[{\"@type\":\"Article\",\"@id\":\"https:\/\/www.padreydecano.com\/cms\/noticias\/entradas-agotadas-2\/#article\",\"isPartOf\":{\"@id\":\"https:\/\/www.padreydecano.com\/cms\/noticias\/entradas-agotadas-2\/\"},\"author\":{\"name\":\"Redactores Padre y Decano\",\"@id\":\"https:\/\/www.padreydecano.com\/cms\/#\/schema\/person\/37aae8f93aa78e4c5385497f056e3246\"},\"headline\":\"Entradas agotadas\",\"datePublished\":\"2024-10-12T21:56:15+00:00\",\"dateModified\":\"2024-10-14T14:14:57+00:00\",\"mainEntityOfPage\":{\"@id\":\"https:\/\/www.padreydecano.com\/cms\/noticias\/entradas-agotadas-2\/\"},\"wordCount\":185,\"commentCount\":0,\"publisher\":{\"@id\":\"https:\/\/www.padreydecano.com\/cms\/#organization\"},\"image\":{\"@id\":\"https:\/\/www.padreydecano.com\/cms\/noticias\/entradas-agotadas-2\/#primaryimage\"},\"thumbnailUrl\":\"https:\/\/www.padreydecano.com\/cms\/wp-content\/uploads\/2024\/10\/IMG_5232-scaled.jpeg\",\"keywords\":[\"Copa Libertadores 2024\"],\"articleSection\":[\"Noticias\"],\"inLanguage\":\"es\",\"potentialAction\":[{\"@type\":\"CommentAction\",\"name\":\"Comment\",\"target\":[\"https:\/\/www.padreydecano.com\/cms\/noticias\/entradas-agotadas-2\/#respond\"]}]},{\"@type\":\"WebPage\",\"@id\":\"https:\/\/www.padreydecano.com\/cms\/noticias\/entradas-agotadas-2\/\",\"url\":\"https:\/\/www.padreydecano.com\/cms\/noticias\/entradas-agotadas-2\/\",\"name\":\"Entradas agotadas - Padre y Decano - El Sitio del Pueblo\",\"isPartOf\":{\"@id\":\"https:\/\/www.padreydecano.com\/cms\/#website\"},\"primaryImageOfPage\":{\"@id\":\"https:\/\/www.padreydecano.com\/cms\/noticias\/entradas-agotadas-2\/#primaryimage\"},\"image\":{\"@id\":\"https:\/\/www.padreydecano.com\/cms\/noticias\/entradas-agotadas-2\/#primaryimage\"},\"thumbnailUrl\":\"https:\/\/www.padreydecano.com\/cms\/wp-content\/uploads\/2024\/10\/IMG_5232-scaled.jpeg\",\"datePublished\":\"2024-10-12T21:56:15+00:00\",\"dateModified\":\"2024-10-14T14:14:57+00:00\",\"breadcrumb\":{\"@id\":\"https:\/\/www.padreydecano.com\/cms\/noticias\/entradas-agotadas-2\/#breadcrumb\"},\"inLanguage\":\"es\",\"potentialAction\":[{\"@type\":\"ReadAction\",\"target\":[\"https:\/\/www.padreydecano.com\/cms\/noticias\/entradas-agotadas-2\/\"]}]},{\"@type\":\"ImageObject\",\"inLanguage\":\"es\",\"@id\":\"https:\/\/www.padreydecano.com\/cms\/noticias\/entradas-agotadas-2\/#primaryimage\",\"url\":\"https:\/\/www.padreydecano.com\/cms\/wp-content\/uploads\/2024\/10\/IMG_5232-scaled.jpeg\",\"contentUrl\":\"https:\/\/www.padreydecano.com\/cms\/wp-content\/uploads\/2024\/10\/IMG_5232-scaled.jpeg\",\"width\":2560,\"height\":1702},{\"@type\":\"BreadcrumbList\",\"@id\":\"https:\/\/www.padreydecano.com\/cms\/noticias\/entradas-agotadas-2\/#breadcrumb\",\"itemListElement\":[{\"@type\":\"ListItem\",\"position\":1,\"name\":\"Portada\",\"item\":\"https:\/\/www.padreydecano.com\/cms\/\"},{\"@type\":\"ListItem\",\"position\":2,\"name\":\"Entradas agotadas\"}]},{\"@type\":\"WebSite\",\"@id\":\"https:\/\/www.padreydecano.com\/cms\/#website\",\"url\":\"https:\/\/www.padreydecano.com\/cms\/\",\"name\":\"Padre y Decano - El Sitio del Pueblo\",\"description\":\"Club Atl\u00e9tico Pe\u00f1arol\",\"publisher\":{\"@id\":\"https:\/\/www.padreydecano.com\/cms\/#organization\"},\"potentialAction\":[{\"@type\":\"SearchAction\",\"target\":{\"@type\":\"EntryPoint\",\"urlTemplate\":\"https:\/\/www.padreydecano.com\/cms\/?s={search_term_string}\"},\"query-input\":\"required name=search_term_string\"}],\"inLanguage\":\"es\"},{\"@type\":\"Organization\",\"@id\":\"https:\/\/www.padreydecano.com\/cms\/#organization\",\"name\":\"Padre y Decano\",\"url\":\"https:\/\/www.padreydecano.com\/cms\/\",\"logo\":{\"@type\":\"ImageObject\",\"inLanguage\":\"es\",\"@id\":\"https:\/\/www.padreydecano.com\/cms\/#\/schema\/logo\/image\/\",\"url\":\"https:\/\/www.padreydecano.com\/cms\/wp-content\/uploads\/2022\/01\/avatar-square.png\",\"contentUrl\":\"https:\/\/www.padreydecano.com\/cms\/wp-content\/uploads\/2022\/01\/avatar-square.png\",\"width\":1500,\"height\":1500,\"caption\":\"Padre y Decano\"},\"image\":{\"@id\":\"https:\/\/www.padreydecano.com\/cms\/#\/schema\/logo\/image\/\"}},{\"@type\":\"Person\",\"@id\":\"https:\/\/www.padreydecano.com\/cms\/#\/schema\/person\/37aae8f93aa78e4c5385497f056e3246\",\"name\":\"Redactores Padre y Decano\",\"image\":{\"@type\":\"ImageObject\",\"inLanguage\":\"es\",\"@id\":\"https:\/\/www.padreydecano.com\/cms\/#\/schema\/person\/image\/\",\"url\":\"https:\/\/secure.gravatar.com\/avatar\/8810c4b9081192b118b104af54549af8?s=96&d=https%3A%2F%2Fpadreydecano.com%2Fcms%2Fwp-content%2Fthemes%2Fpyd-theme%2Fimg%2Fdefault-avatar.png&r=g\",\"contentUrl\":\"https:\/\/secure.gravatar.com\/avatar\/8810c4b9081192b118b104af54549af8?s=96&d=https%3A%2F%2Fpadreydecano.com%2Fcms%2Fwp-content%2Fthemes%2Fpyd-theme%2Fimg%2Fdefault-avatar.png&r=g\",\"caption\":\"Redactores Padre y Decano\"},\"sameAs\":[\"http:\/\/www.padreydecano.com\"]}]}<\/script>\n<!-- \/ Yoast SEO plugin. -->","yoast_head_json":{"title":"Entradas agotadas - Padre y Decano - El Sitio del Pueblo","robots":{"index":"index","follow":"follow","max-snippet":"max-snippet:-1","max-image-preview":"max-image-preview:large","max-video-preview":"max-video-preview:-1"},"canonical":"https:\/\/www.padreydecano.com\/cms\/noticias\/entradas-agotadas-2\/","og_locale":"es_ES","og_type":"article","og_title":"Entradas agotadas - Padre y Decano - El Sitio del Pueblo","og_description":"Los socios de Pe\u00f1arol agotaron todas sus localidades para el encuentro de vuelta ante Botafogo en el Estadio Campe\u00f3n del Siglo, 18 d\u00edas antes del partido. Apenas 3 d\u00edas de venta para socios, el primero de ellos enlazado al ranking de asistencia, bastaron para que los socios aurinegros adquieran el total de localidades para el [&hellip;]","og_url":"https:\/\/www.padreydecano.com\/cms\/noticias\/entradas-agotadas-2\/","og_site_name":"Padre y Decano - El Sitio del Pueblo","article_published_time":"2024-10-12T21:56:15+00:00","article_modified_time":"2024-10-14T14:14:57+00:00","og_image":[{"width":2560,"height":1702,"url":"https:\/\/www.padreydecano.com\/cms\/wp-content\/uploads\/2024\/10\/IMG_5232-scaled.jpeg","type":"image\/jpeg"}],"author":"Redactores Padre y Decano","twitter_card":"summary_large_image","twitter_misc":{"Escrito por":"Redactores Padre y Decano","Tiempo de lectura":"2 minutos"},"schema":{"@context":"https:\/\/schema.org","@graph":[{"@type":"Article","@id":"https:\/\/www.padreydecano.com\/cms\/noticias\/entradas-agotadas-2\/#article","isPartOf":{"@id":"https:\/\/www.padreydecano.com\/cms\/noticias\/entradas-agotadas-2\/"},"author":{"name":"Redactores Padre y Decano","@id":"https:\/\/www.padreydecano.com\/cms\/#\/schema\/person\/37aae8f93aa78e4c5385497f056e3246"},"headline":"Entradas agotadas","datePublished":"2024-10-12T21:56:15+00:00","dateModified":"2024-10-14T14:14:57+00:00","mainEntityOfPage":{"@id":"https:\/\/www.padreydecano.com\/cms\/noticias\/entradas-agotadas-2\/"},"wordCount":185,"commentCount":0,"publisher":{"@id":"https:\/\/www.padreydecano.com\/cms\/#organization"},"image":{"@id":"https:\/\/www.padreydecano.com\/cms\/noticias\/entradas-agotadas-2\/#primaryimage"},"thumbnailUrl":"https:\/\/www.padreydecano.com\/cms\/wp-content\/uploads\/2024\/10\/IMG_5232-scaled.jpeg","keywords":["Copa Libertadores 2024"],"articleSection":["Noticias"],"inLanguage":"es","potentialAction":[{"@type":"CommentAction","name":"Comment","target":["https:\/\/www.padreydecano.com\/cms\/noticias\/entradas-agotadas-2\/#respond"]}]},{"@type":"WebPage","@id":"https:\/\/www.padreydecano.com\/cms\/noticias\/entradas-agotadas-2\/","url":"https:\/\/www.padreydecano.com\/cms\/noticias\/entradas-agotadas-2\/","name":"Entradas agotadas - Padre y Decano - El Sitio del Pueblo","isPartOf":{"@id":"https:\/\/www.padreydecano.com\/cms\/#website"},"primaryImageOfPage":{"@id":"https:\/\/www.padreydecano.com\/cms\/noticias\/entradas-agotadas-2\/#primaryimage"},"image":{"@id":"https:\/\/www.padreydecano.com\/cms\/noticias\/entradas-agotadas-2\/#primaryimage"},"thumbnailUrl":"https:\/\/www.padreydecano.com\/cms\/wp-content\/uploads\/2024\/10\/IMG_5232-scaled.jpeg","datePublished":"2024-10-12T21:56:15+00:00","dateModified":"2024-10-14T14:14:57+00:00","breadcrumb":{"@id":"https:\/\/www.padreydecano.com\/cms\/noticias\/entradas-agotadas-2\/#breadcrumb"},"inLanguage":"es","potentialAction":[{"@type":"ReadAction","target":["https:\/\/www.padreydecano.com\/cms\/noticias\/entradas-agotadas-2\/"]}]},{"@type":"ImageObject","inLanguage":"es","@id":"https:\/\/www.padreydecano.com\/cms\/noticias\/entradas-agotadas-2\/#primaryimage","url":"https:\/\/www.padreydecano.com\/cms\/wp-content\/uploads\/2024\/10\/IMG_5232-scaled.jpeg","contentUrl":"https:\/\/www.padreydecano.com\/cms\/wp-content\/uploads\/2024\/10\/IMG_5232-scaled.jpeg","width":2560,"height":1702},{"@type":"BreadcrumbList","@id":"https:\/\/www.padreydecano.com\/cms\/noticias\/entradas-agotadas-2\/#breadcrumb","itemListElement":[{"@type":"ListItem","position":1,"name":"Portada","item":"https:\/\/www.padreydecano.com\/cms\/"},{"@type":"ListItem","position":2,"name":"Entradas agotadas"}]},{"@type":"WebSite","@id":"https:\/\/www.padreydecano.com\/cms\/#website","url":"https:\/\/www.padreydecano.com\/cms\/","name":"Padre y Decano - El Sitio del Pueblo","description":"Club Atl\u00e9tico Pe\u00f1arol","publisher":{"@id":"https:\/\/www.padreydecano.com\/cms\/#organization"},"potentialAction":[{"@type":"SearchAction","target":{"@type":"EntryPoint","urlTemplate":"https:\/\/www.padreydecano.com\/cms\/?s={search_term_string}"},"query-input":"required name=search_term_string"}],"inLanguage":"es"},{"@type":"Organization","@id":"https:\/\/www.padreydecano.com\/cms\/#organization","name":"Padre y Decano","url":"https:\/\/www.padreydecano.com\/cms\/","logo":{"@type":"ImageObject","inLanguage":"es","@id":"https:\/\/www.padreydecano.com\/cms\/#\/schema\/logo\/image\/","url":"https:\/\/www.padreydecano.com\/cms\/wp-content\/uploads\/2022\/01\/avatar-square.png","contentUrl":"https:\/\/www.padreydecano.com\/cms\/wp-content\/uploads\/2022\/01\/avatar-square.png","width":1500,"height":1500,"caption":"Padre y Decano"},"image":{"@id":"https:\/\/www.padreydecano.com\/cms\/#\/schema\/logo\/image\/"}},{"@type":"Person","@id":"https:\/\/www.padreydecano.com\/cms\/#\/schema\/person\/37aae8f93aa78e4c5385497f056e3246","name":"Redactores Padre y Decano","image":{"@type":"ImageObject","inLanguage":"es","@id":"https:\/\/www.padreydecano.com\/cms\/#\/schema\/person\/image\/","url":"https:\/\/secure.gravatar.com\/avatar\/8810c4b9081192b118b104af54549af8?s=96&d=https%3A%2F%2Fpadreydecano.com%2Fcms%2Fwp-content%2Fthemes%2Fpyd-theme%2Fimg%2Fdefault-avatar.png&r=g","contentUrl":"https:\/\/secure.gravatar.com\/avatar\/8810c4b9081192b118b104af54549af8?s=96&d=https%3A%2F%2Fpadreydecano.com%2Fcms%2Fwp-content%2Fthemes%2Fpyd-theme%2Fimg%2Fdefault-avatar.png&r=g","caption":"Redactores Padre y Decano"},"sameAs":["http:\/\/www.padreydecano.com"]}]}},"_links":{"self":[{"href":"https:\/\/www.padreydecano.com\/cms\/wp-json\/wp\/v2\/posts\/81297"}],"collection":[{"href":"https:\/\/www.padreydecano.com\/cms\/wp-json\/wp\/v2\/posts"}],"about":[{"href":"https:\/\/www.padreydecano.com\/cms\/wp-json\/wp\/v2\/types\/post"}],"author":[{"embeddable":true,"href":"https:\/\/www.padreydecano.com\/cms\/wp-json\/wp\/v2\/users\/27"}],"replies":[{"embeddable":true,"href":"https:\/\/www.padreydecano.com\/cms\/wp-json\/wp\/v2\/comments?post=81297"}],"version-history":[{"count":0,"href":"https:\/\/www.padreydecano.com\/cms\/wp-json\/wp\/v2\/posts\/81297\/revisions"}],"wp:featuredmedia":[{"embeddable":true,"href":"https:\/\/www.padreydecano.com\/cms\/wp-json\/wp\/v2\/media\/81299"}],"wp:attachment":[{"href":"https:\/\/www.padreydecano.com\/cms\/wp-json\/wp\/v2\/media?parent=81297"}],"wp:term":[{"taxonomy":"category","embeddable":true,"href":"https:\/\/www.padreydecano.com\/cms\/wp-json\/wp\/v2\/categories?post=81297"},{"taxonomy":"post_tag","embeddable":true,"href":"https:\/\/www.padreydecano.com\/cms\/wp-json\/wp\/v2\/tags?post=81297"}],"curies":[{"name":"wp","href":"https:\/\/api.w.org\/{rel}","templated":true}]}}