{"id":81288,"date":"2024-10-10T09:46:46","date_gmt":"2024-10-10T12:46:46","guid":{"rendered":"https:\/\/www.padreydecano.com\/cms\/?p=81288"},"modified":"2024-10-10T11:52:40","modified_gmt":"2024-10-10T14:52:40","slug":"los-mandados-del-clasico","status":"publish","type":"post","link":"https:\/\/www.padreydecano.com\/cms\/noticias\/los-mandados-del-clasico\/","title":{"rendered":"Los mandados del cl\u00e1sico"},"content":{"rendered":"<p><strong>Los protagonistas de las pol\u00e9micas del cl\u00e1sico fueron premiados con partidos en eliminatorias y Pe\u00f1arol sigue demostrando su falta de peso en la AUF.<\/strong><\/p>\n<p>Pe\u00f1arol cay\u00f3 en el cl\u00e1sico del Torneo Clausura con un tendencioso arbitraje de Leodan Gonz\u00e1lez como juez principal y con Christian Ferreyra en el VAR. El tradicional adversario cort\u00f3 constantemente el juego del carbonero con falta, algunas no sancionadas y otras groseras cobradas pero sin recibir tarjeta.<\/p>\n<p><strong>Sebasti\u00e1n Coates realiz\u00f3 4 faltas de amarilla<\/strong>, la primera a los 11 minutos por llegar tarde y entrar duro ante Leo Fern\u00e1ndez, la segunda cortando un contraataque por parte de Eduardo Darias, la tercera ya en el segundo tiempo por llegar tarde y golpear a Maximiliano Silvera y por \u00faltimo, falta fuerte en el piso a Gast\u00f3n Ram\u00edrez sin pelota, incluso en esta oportunidad ni siquiera se sancion\u00f3 la infracci\u00f3n. Pese a la reiteraci\u00f3n y fuerza en las faltas, no fue amonestado.<\/p>\n<p>Otros 2 jugadores que realizaron reiteraci\u00f3n de faltas fueron Castro, que cort\u00f3 2 ataques de manera clara y Sanabria, que lleg\u00f3 a las 5 infracciones sin recibir tarjeta. El \u00e1rbitro colabor\u00f3 en el juego del equipo locatario inclinando la cancha y permitiendo cortar el juego. <span style=\"color: #ffcc00;\"><strong>\u00a1Ning\u00fan jugador de Nacional fue amonestado durante el partido!<\/strong><\/span><\/p>\n<p><strong>Detalles de varias acciones \u00abpol\u00e9micas\u00bb:<\/strong><\/p>\n<blockquote class=\"twitter-tweet\">\n<p dir=\"ltr\" lang=\"es\">Jugamos mal, los suplentes entraron MAL, y deportivamente fuimos superados. Ahora&#8230;<\/p>\n<p>Minuto 11. Coates tarde y fuerte. Amarilla. No sac\u00f3. <a href=\"https:\/\/t.co\/HJLa2IACp8\">pic.twitter.com\/HJLa2IACp8<\/a><\/p>\n<p>\u2014 Fedde70 (@Fedde70) <a href=\"https:\/\/twitter.com\/Fedde70\/status\/1843298503147364757?ref_src=twsrc%5Etfw\">October 7, 2024<\/a><\/p><\/blockquote>\n<p><script async src=\"https:\/\/platform.twitter.com\/widgets.js\" charset=\"utf-8\"><\/script><\/p>\n<p>Sin embargo, la pol\u00e9mica m\u00e1s grosera de la tarde fue la roja perdonada a B\u00e1ez luego de meterle un planchazo a Cabrera en el cierre del primer tiempo. El \u00e1rbitro estaba cerca de la jugada y la apreci\u00f3 en cancha, lo mismo el l\u00ednea y por supuesto, desde el VAR Christian Ferreyra pudo apreciar todo con varias c\u00e1maras y tomas diferentes. No se sancion\u00f3 falta, se le perdon\u00f3 la tarjeta roja e incluso la amonestaci\u00f3n, absolutamente toda la terna arbitral <strong>dej\u00f3 pasar una clara tarjeta roja en un cl\u00e1sico que dejaba al local con un hombre de menos para todo el complemento.<\/strong><\/p>\n<p><strong>Video:<\/strong><\/p>\n<blockquote class=\"twitter-tweet\">\n<p dir=\"ltr\" lang=\"es\">Ni siquiera demoraron el tiro libre para hablarle por el auricular. Poco serio. Roja clar\u00edsima. <a href=\"https:\/\/t.co\/Hg6JGTHC4q\">pic.twitter.com\/Hg6JGTHC4q<\/a><\/p>\n<p>\u2014 Bruno Mazza (@BrunoCURCC) <a href=\"https:\/\/twitter.com\/BrunoCURCC\/status\/1843018278257762546?ref_src=twsrc%5Etfw\">October 6, 2024<\/a><\/p><\/blockquote>\n<p><script async src=\"https:\/\/platform.twitter.com\/widgets.js\" charset=\"utf-8\"><\/script><\/p>\n<p>Lo cierto es que se midi\u00f3 con diferente vara las incidencias de juego y el \u00e1rbitro le tuvo demasiada paciencia a los jugadores albos, como si fuera un compa\u00f1ero de equipo, mientras que a los carboneros no les tuvo piedad a la hora de sancionar y amonestar. Adem\u00e1s de que la tarjeta roja perdonada y todas las divididas sancionadas a favor del mismo equipo condicionaron en el humor del equipo, que si bien no logr\u00f3 un buen juego, ni planteo e incluso pec\u00f3 de falta de actitud, debi\u00f3 jugar contra m\u00e1s de 11 jugadores.<\/p>\n<p>Incluso como curiosidad, en la previa del partido, Christian Ferreyra (a cargo del VAR) salud\u00f3 a Diego Polenta, capit\u00e1n rival que camin\u00f3 por la puerta del vestuario de los \u00e1rbitros, y le dialog\u00f3 que est\u00e9 tranquilo.<\/p>\n<p><strong>Video:\u00a0<\/strong><\/p>\n<blockquote class=\"twitter-tweet\">\n<p dir=\"ltr\" lang=\"es\">\u201cTranquilo\u201d<\/p>\n<p>\u270d\ufe0f| Christian Ferreyra a Diego Polenta <a href=\"https:\/\/t.co\/dSOJaId08W\">pic.twitter.com\/dSOJaId08W<\/a><\/p>\n<p>\u2014 Diego Vicente (@DiegoVicente09) <a href=\"https:\/\/twitter.com\/DiegoVicente09\/status\/1842998656091467842?ref_src=twsrc%5Etfw\">October 6, 2024<\/a><\/p><\/blockquote>\n<p><script async src=\"https:\/\/platform.twitter.com\/widgets.js\" charset=\"utf-8\"><\/script><\/p>\n<p><strong>Por si fuera poco y hablando m\u00e1s all\u00e1 de lo deportivo, sobre el final del encuentro la hinchada local comenz\u00f3 a arrojar bengalas y bombas de estruendo a la cancha, aturdiendo a 2 de sus propios jugadores que cayeron al suelo, y la decisi\u00f3n del \u00e1rbitro fue simplemente parar el partido unos minutos y advertir a los parciales, en 2 oportunidades sin pasar a una medida mayor.<\/strong><\/p>\n<p>El mismo \u00e1rbitro en 2022 suspendi\u00f3 el encuentro entre Pe\u00f1arol y Boston River en el Parque Viera por la supuesta presencia de un arma en la tribuna en la que se encontraba la parcialidad carbonera, lo cierto es que la presciencia del arma nunca se constat\u00f3 pero de igual manera Leod\u00e1n suspendi\u00f3 el encuentro d\u00e1ndole el partido perdido a Pe\u00f1arol y se analiz\u00f3 quitarle un punto al aurinegro en la Tabla Anual, algo que finalmente no ocurri\u00f3 porque ese punto no influ\u00eda en nada. Pero en esta oportunidad y viendo los incidentes frente a sus ojos, dej\u00f3 pasar el tema y prioriz\u00f3 el partido por sobre la integridad f\u00edsica de los jugadores.<\/p>\n<p>En 2016, Leod\u00e1n suspendi\u00f3 el cl\u00e1sico del Campeonato Uruguayo Especial debido a incidentes en la Tribuna \u00c1msterdam en la previa del cotejo. En aquella oportunidad la hinchada de Pe\u00f1arol sufri\u00f3 maltrato policial que culmin\u00f3 en una represi\u00f3n y en dicha ocasi\u00f3n al juez no le tembl\u00f3 el pulso para suspender el encuentro. Parecer\u00eda que la decisi\u00f3n de Leod\u00e1n depende del color de la camiseta.<\/p>\n<p>Pe\u00f1arol tom\u00f3 el tema arbitral como principal en el Consejo Directivo posterior a la derrota cl\u00e1sica y solicit\u00f3 en una carta realizada a Ignacio Alonso (presidente de la Asociaci\u00f3n Uruguaya de F\u00fatbol) que se revisen los errores de los \u00faltimos encuentros, revisi\u00f3n del procedimiento del VAR, trasparencia en la designaci\u00f3n de los \u00e1rbitros y que se den sanciones ejemplares cuando se comprueben errores arbitrales.<\/p>\n<p>Adem\u00e1s, representantes de Pe\u00f1arol se reunir\u00e1n tanto con Ignacio Alonso como con el colegio de \u00e1rbitros para presentar sus quejar y buscar soluciones de aqu\u00ed en m\u00e1s.<\/p>\n\n\t\t<style type=\"text\/css\">\n\t\t\t#gallery-1 {\n\t\t\t\tmargin: auto;\n\t\t\t}\n\t\t\t#gallery-1 .gallery-item {\n\t\t\t\tfloat: left;\n\t\t\t\tmargin-top: 10px;\n\t\t\t\ttext-align: center;\n\t\t\t\twidth: 33%;\n\t\t\t}\n\t\t\t#gallery-1 img {\n\t\t\t\tborder: 2px solid #cfcfcf;\n\t\t\t}\n\t\t\t#gallery-1 .gallery-caption {\n\t\t\t\tmargin-left: 0;\n\t\t\t}\n\t\t\t\/* see gallery_shortcode() in wp-includes\/media.php *\/\n\t\t<\/style>\n\t\t<div id='gallery-1' class='gallery galleryid-81288 gallery-columns-3 gallery-size-thumbnail'><dl class='gallery-item'>\n\t\t\t<dt class='gallery-icon portrait'>\n\t\t\t\t<a href='https:\/\/www.padreydecano.com\/cms\/wp-content\/uploads\/2024\/10\/IMG_5191.jpeg' rel='shadowbox[sbalbum-81288];player=img;'><img loading=\"lazy\" decoding=\"async\" width=\"350\" height=\"350\" src=\"https:\/\/www.padreydecano.com\/cms\/wp-content\/uploads\/2024\/10\/IMG_5191-350x350.jpeg\" class=\"attachment-thumbnail size-thumbnail\" alt=\"\" srcset=\"https:\/\/www.padreydecano.com\/cms\/wp-content\/uploads\/2024\/10\/IMG_5191-350x350.jpeg 350w, https:\/\/www.padreydecano.com\/cms\/wp-content\/uploads\/2024\/10\/IMG_5191-300x300.jpeg 300w\" sizes=\"(max-width: 350px) 100vw, 350px\" \/><\/a>\n\t\t\t<\/dt><\/dl><dl class='gallery-item'>\n\t\t\t<dt class='gallery-icon portrait'>\n\t\t\t\t<a href='https:\/\/www.padreydecano.com\/cms\/wp-content\/uploads\/2024\/10\/IMG_5192.jpeg' rel='shadowbox[sbalbum-81288];player=img;'><img loading=\"lazy\" decoding=\"async\" width=\"350\" height=\"350\" src=\"https:\/\/www.padreydecano.com\/cms\/wp-content\/uploads\/2024\/10\/IMG_5192-350x350.jpeg\" class=\"attachment-thumbnail size-thumbnail\" alt=\"\" srcset=\"https:\/\/www.padreydecano.com\/cms\/wp-content\/uploads\/2024\/10\/IMG_5192-350x350.jpeg 350w, https:\/\/www.padreydecano.com\/cms\/wp-content\/uploads\/2024\/10\/IMG_5192-300x300.jpeg 300w, https:\/\/www.padreydecano.com\/cms\/wp-content\/uploads\/2024\/10\/IMG_5192-32x32.jpeg 32w\" sizes=\"(max-width: 350px) 100vw, 350px\" \/><\/a>\n\t\t\t<\/dt><\/dl>\n\t\t\t<br style='clear: both' \/>\n\t\t<\/div>\n\n<p>Un d\u00eda despu\u00e9s de hacer p\u00fablica la carta a Ignacio Alonso y la reuni\u00f3n con el colegio, ambos protagonistas arbitrales del partido cl\u00e1sico fueron designados para actuar en partidos de eliminatorias. Estos partidos son los de mayor r\u00e9dito econ\u00f3mico a los que puede aspirar un juez uruguayo en estas fechas.<\/p>\n<p><strong>Christian Ferreyra ser\u00e1 el arbitro VAR de Venezuela &#8211; Argentina (fecha 9 Eliminatorias Sudamericanas).<\/strong><\/p>\n<p><strong>Leod\u00e1n Gonz\u00e1lez ser\u00e1 el \u00e1rbitro VAR de Brasil &#8211; Per\u00fa (fecha 10 Eliminatorias Sudamericanas).<\/strong><\/p>\n<p>M\u00e1s que de haber sido advertidos e incluso de manejarse castigos, parece que fueron premiados por su actuaci\u00f3n en el partido cl\u00e1sico.<\/p>\n<p>Pe\u00f1arol viene siendo perjudicado por el arbitraje, en las \u00faltimas 2 fechas perdi\u00f3 5 unidades. En primera instancia ante Racing, con un gol anulado por posici\u00f3n adelantada en la que nunca queda claro que el jugador aurinegro est\u00e1 por delante de la l\u00ednea de la pelota y luego por un penal no sancionado por una falta a Cabrera en la que en el VAR dice que \u201cno existe contacto\u201d, cuando el atacante es claramente derribado, y luego en el cl\u00e1sico con un arbitraje m\u00e1s que tendencioso.<\/p>\n<p><img loading=\"lazy\" decoding=\"async\" class=\"alignnone size-medium wp-image-81268\" src=\"https:\/\/www.padreydecano.com\/cms\/wp-content\/uploads\/2024\/10\/20240930_clausura_fecha05_CAPeA\u00b1arolvsRacingCM_JMA_047-800x532.jpg\" alt=\"\" width=\"800\" height=\"532\" srcset=\"https:\/\/www.padreydecano.com\/cms\/wp-content\/uploads\/2024\/10\/20240930_clausura_fecha05_CAPeA\u00b1arolvsRacingCM_JMA_047-800x532.jpg 800w, https:\/\/www.padreydecano.com\/cms\/wp-content\/uploads\/2024\/10\/20240930_clausura_fecha05_CAPeA\u00b1arolvsRacingCM_JMA_047-1280x851.jpg 1280w, https:\/\/www.padreydecano.com\/cms\/wp-content\/uploads\/2024\/10\/20240930_clausura_fecha05_CAPeA\u00b1arolvsRacingCM_JMA_047-768x511.jpg 768w, https:\/\/www.padreydecano.com\/cms\/wp-content\/uploads\/2024\/10\/20240930_clausura_fecha05_CAPeA\u00b1arolvsRacingCM_JMA_047-1536x1021.jpg 1536w, https:\/\/www.padreydecano.com\/cms\/wp-content\/uploads\/2024\/10\/20240930_clausura_fecha05_CAPeA\u00b1arolvsRacingCM_JMA_047-2048x1362.jpg 2048w, https:\/\/www.padreydecano.com\/cms\/wp-content\/uploads\/2024\/10\/20240930_clausura_fecha05_CAPeA\u00b1arolvsRacingCM_JMA_047-300x200.jpg 300w, https:\/\/www.padreydecano.com\/cms\/wp-content\/uploads\/2024\/10\/20240930_clausura_fecha05_CAPeA\u00b1arolvsRacingCM_JMA_047-128x85.jpg 128w, https:\/\/www.padreydecano.com\/cms\/wp-content\/uploads\/2024\/10\/20240930_clausura_fecha05_CAPeA\u00b1arolvsRacingCM_JMA_047-32x21.jpg 32w\" sizes=\"(max-width: 800px) 100vw, 800px\" \/><\/p>\n<p><strong>Viendo lo que fueron los \u00faltimos campeonatos, teniendo el recuerdo del Uruguayo 2021 a\u00fan bastante fresco, sin estar Pe\u00f1arol representado en el ejecutivo de la AUF y con la actual guerra pol\u00edtica, es dif\u00edcil pensar que no continuar\u00e1n los errores arbitrales a favor y en contra de los mismos equipos, tal como viene ocurriendo.<\/strong><\/p>\n<p>Para la pr\u00f3xima fecha ante Deportivo Maldonado, al carbonero lo arbitrar\u00e1 Javier Burgos, recordado por reiterados errores que perjudicaron a Pe\u00f1arol, como el penal inventado a favor de Sud Am\u00e9rica sobre la hora para igualar el encuentro, o la clara mano no sancionada dentro del \u00e1rea frente a Progreso en un partido que culmin\u00f3 en empate o recientemente, la amarilla sancionada a Washington Aguerre por dominar el bal\u00f3n durante un partido y posterior expulsi\u00f3n a Javier M\u00e9ndez sin explicaci\u00f3n racional. Por su parte, Nacional contar\u00e1 con la participaci\u00f3n de Andr\u00e9s Cunha en el VAR en su partido ante Cerro Largo en Melo, uno de los mayores referentes de la instituci\u00f3n alba en los \u00faltimos a\u00f1os.<\/p>\n<p>El mencionado partido entre Nacional y Cerro Largo se iba a disputar en primera instancia el d\u00eda s\u00e1bado, pero finalmente se jugar\u00e1 el domingo a pedido de Nacional y sin que pudiera tener voz y voto Cerro Largo. El presidente Arach\u00e1n, Ernesto Dehl, dialog\u00f3 en \u201cQuiero F\u00fatbol\u201d de Sport 890 sobre la fijaci\u00f3n y sostuvo:<strong> \u201c<span style=\"color: #ffcc00;\">Hay clubes que tienen beneficios.<\/span> El circo tiene que seguir y los payasos tenemos que seguir divirtiendo a la gente. Est\u00e1n destrozando el f\u00fatbol\u201d<\/strong>.<\/p>\n<p>Entre los 2 equipos grandes del f\u00fatbol uruguayo se ve una diferencia muy importante de peso a la hora de tomar decisiones, Pe\u00f1arol no puede siquiera tener representaci\u00f3n en el ejecutivo mientras que Nacional maneja los horarios y fechas de encuentros a su antojo.<\/p>\n<p>No sirven los estados de WhatApps, ni los comentarios en Twitter ni intentar chicanear en los medios de comunicaci\u00f3n, hoy Pe\u00f1arol est\u00e1 siendo perjudicado y no se est\u00e1 dando la talla a la hora de defenderlo. Los partidos y<strong> los campeonatos<\/strong> tambi\u00e9n se ganan afuera de la cancha.<\/p>\n<div class=\"user-wrapper\"><a class=\"userlink\"href=\"https:\/\/twitter.com\/ftrucce18\" target=\"_blank\"><figure><img decoding=\"async\" src=\"http:\/\/www.padreydecano.com\/cms\/wp-users-files\/postfirmas\/ftrucce.jpg\" \/><\/figure><p class=\"user\"><strong>Franco Trucce<\/strong><br \/>@FTrucce18<\/p><\/a><\/div>\n","protected":false},"excerpt":{"rendered":"<p>Los protagonistas de las pol\u00e9micas del cl\u00e1sico fueron premiados con partidos en eliminatorias y Pe\u00f1arol sigue demostrando su falta de peso en la AUF. Pe\u00f1arol cay\u00f3 en el cl\u00e1sico del Torneo Clausura con un tendencioso arbitraje de Leodan Gonz\u00e1lez como juez principal y con Christian Ferreyra en el VAR. El tradicional adversario cort\u00f3 constantemente el [&hellip;]<\/p>\n","protected":false},"author":27,"featured_media":81294,"comment_status":"open","ping_status":"closed","sticky":false,"template":"","format":"standard","meta":{"footnotes":""},"categories":[1],"tags":[610],"yoast_head":"<!-- This site is optimized with the Yoast SEO plugin v23.2 - https:\/\/yoast.com\/wordpress\/plugins\/seo\/ -->\n<title>Los mandados del cl\u00e1sico - Padre y Decano - El Sitio del Pueblo<\/title>\n<meta name=\"robots\" content=\"index, follow, max-snippet:-1, max-image-preview:large, max-video-preview:-1\" \/>\n<link rel=\"canonical\" href=\"https:\/\/www.padreydecano.com\/cms\/noticias\/los-mandados-del-clasico\/\" \/>\n<meta property=\"og:locale\" content=\"es_ES\" \/>\n<meta property=\"og:type\" content=\"article\" \/>\n<meta property=\"og:title\" content=\"Los mandados del cl\u00e1sico - Padre y Decano - El Sitio del Pueblo\" \/>\n<meta property=\"og:description\" content=\"Los protagonistas de las pol\u00e9micas del cl\u00e1sico fueron premiados con partidos en eliminatorias y Pe\u00f1arol sigue demostrando su falta de peso en la AUF. Pe\u00f1arol cay\u00f3 en el cl\u00e1sico del Torneo Clausura con un tendencioso arbitraje de Leodan Gonz\u00e1lez como juez principal y con Christian Ferreyra en el VAR. El tradicional adversario cort\u00f3 constantemente el [&hellip;]\" \/>\n<meta property=\"og:url\" content=\"https:\/\/www.padreydecano.com\/cms\/noticias\/los-mandados-del-clasico\/\" \/>\n<meta property=\"og:site_name\" content=\"Padre y Decano - El Sitio del Pueblo\" \/>\n<meta property=\"article:published_time\" content=\"2024-10-10T12:46:46+00:00\" \/>\n<meta property=\"article:modified_time\" content=\"2024-10-10T14:52:40+00:00\" \/>\n<meta property=\"og:image\" content=\"https:\/\/www.padreydecano.com\/cms\/wp-content\/uploads\/2024\/10\/20241006_clausura_fecha06_parquecentral_CNacionaldFvsCAPenarol_JMA_057-scaled.jpg\" \/>\n\t<meta property=\"og:image:width\" content=\"2560\" \/>\n\t<meta property=\"og:image:height\" content=\"1702\" \/>\n\t<meta property=\"og:image:type\" content=\"image\/jpeg\" \/>\n<meta name=\"author\" content=\"Redactores Padre y Decano\" \/>\n<meta name=\"twitter:card\" content=\"summary_large_image\" \/>\n<meta name=\"twitter:label1\" content=\"Escrito por\" \/>\n\t<meta name=\"twitter:data1\" content=\"Redactores Padre y Decano\" \/>\n\t<meta name=\"twitter:label2\" content=\"Tiempo de lectura\" \/>\n\t<meta name=\"twitter:data2\" content=\"7 minutos\" \/>\n<script type=\"application\/ld+json\" class=\"yoast-schema-graph\">{\"@context\":\"https:\/\/schema.org\",\"@graph\":[{\"@type\":\"Article\",\"@id\":\"https:\/\/www.padreydecano.com\/cms\/noticias\/los-mandados-del-clasico\/#article\",\"isPartOf\":{\"@id\":\"https:\/\/www.padreydecano.com\/cms\/noticias\/los-mandados-del-clasico\/\"},\"author\":{\"name\":\"Redactores Padre y Decano\",\"@id\":\"https:\/\/www.padreydecano.com\/cms\/#\/schema\/person\/37aae8f93aa78e4c5385497f056e3246\"},\"headline\":\"Los mandados del cl\u00e1sico\",\"datePublished\":\"2024-10-10T12:46:46+00:00\",\"dateModified\":\"2024-10-10T14:52:40+00:00\",\"mainEntityOfPage\":{\"@id\":\"https:\/\/www.padreydecano.com\/cms\/noticias\/los-mandados-del-clasico\/\"},\"wordCount\":1463,\"commentCount\":1,\"publisher\":{\"@id\":\"https:\/\/www.padreydecano.com\/cms\/#organization\"},\"image\":{\"@id\":\"https:\/\/www.padreydecano.com\/cms\/noticias\/los-mandados-del-clasico\/#primaryimage\"},\"thumbnailUrl\":\"https:\/\/www.padreydecano.com\/cms\/wp-content\/uploads\/2024\/10\/20241006_clausura_fecha06_parquecentral_CNacionaldFvsCAPenarol_JMA_057-scaled.jpg\",\"keywords\":[\"Campeonato Uruguayo 2024\"],\"articleSection\":[\"Noticias\"],\"inLanguage\":\"es\",\"potentialAction\":[{\"@type\":\"CommentAction\",\"name\":\"Comment\",\"target\":[\"https:\/\/www.padreydecano.com\/cms\/noticias\/los-mandados-del-clasico\/#respond\"]}]},{\"@type\":\"WebPage\",\"@id\":\"https:\/\/www.padreydecano.com\/cms\/noticias\/los-mandados-del-clasico\/\",\"url\":\"https:\/\/www.padreydecano.com\/cms\/noticias\/los-mandados-del-clasico\/\",\"name\":\"Los mandados del cl\u00e1sico - Padre y Decano - El Sitio del Pueblo\",\"isPartOf\":{\"@id\":\"https:\/\/www.padreydecano.com\/cms\/#website\"},\"primaryImageOfPage\":{\"@id\":\"https:\/\/www.padreydecano.com\/cms\/noticias\/los-mandados-del-clasico\/#primaryimage\"},\"image\":{\"@id\":\"https:\/\/www.padreydecano.com\/cms\/noticias\/los-mandados-del-clasico\/#primaryimage\"},\"thumbnailUrl\":\"https:\/\/www.padreydecano.com\/cms\/wp-content\/uploads\/2024\/10\/20241006_clausura_fecha06_parquecentral_CNacionaldFvsCAPenarol_JMA_057-scaled.jpg\",\"datePublished\":\"2024-10-10T12:46:46+00:00\",\"dateModified\":\"2024-10-10T14:52:40+00:00\",\"breadcrumb\":{\"@id\":\"https:\/\/www.padreydecano.com\/cms\/noticias\/los-mandados-del-clasico\/#breadcrumb\"},\"inLanguage\":\"es\",\"potentialAction\":[{\"@type\":\"ReadAction\",\"target\":[\"https:\/\/www.padreydecano.com\/cms\/noticias\/los-mandados-del-clasico\/\"]}]},{\"@type\":\"ImageObject\",\"inLanguage\":\"es\",\"@id\":\"https:\/\/www.padreydecano.com\/cms\/noticias\/los-mandados-del-clasico\/#primaryimage\",\"url\":\"https:\/\/www.padreydecano.com\/cms\/wp-content\/uploads\/2024\/10\/20241006_clausura_fecha06_parquecentral_CNacionaldFvsCAPenarol_JMA_057-scaled.jpg\",\"contentUrl\":\"https:\/\/www.padreydecano.com\/cms\/wp-content\/uploads\/2024\/10\/20241006_clausura_fecha06_parquecentral_CNacionaldFvsCAPenarol_JMA_057-scaled.jpg\",\"width\":2560,\"height\":1702},{\"@type\":\"BreadcrumbList\",\"@id\":\"https:\/\/www.padreydecano.com\/cms\/noticias\/los-mandados-del-clasico\/#breadcrumb\",\"itemListElement\":[{\"@type\":\"ListItem\",\"position\":1,\"name\":\"Portada\",\"item\":\"https:\/\/www.padreydecano.com\/cms\/\"},{\"@type\":\"ListItem\",\"position\":2,\"name\":\"Los mandados del cl\u00e1sico\"}]},{\"@type\":\"WebSite\",\"@id\":\"https:\/\/www.padreydecano.com\/cms\/#website\",\"url\":\"https:\/\/www.padreydecano.com\/cms\/\",\"name\":\"Padre y Decano - El Sitio del Pueblo\",\"description\":\"Club Atl\u00e9tico Pe\u00f1arol\",\"publisher\":{\"@id\":\"https:\/\/www.padreydecano.com\/cms\/#organization\"},\"potentialAction\":[{\"@type\":\"SearchAction\",\"target\":{\"@type\":\"EntryPoint\",\"urlTemplate\":\"https:\/\/www.padreydecano.com\/cms\/?s={search_term_string}\"},\"query-input\":\"required name=search_term_string\"}],\"inLanguage\":\"es\"},{\"@type\":\"Organization\",\"@id\":\"https:\/\/www.padreydecano.com\/cms\/#organization\",\"name\":\"Padre y Decano\",\"url\":\"https:\/\/www.padreydecano.com\/cms\/\",\"logo\":{\"@type\":\"ImageObject\",\"inLanguage\":\"es\",\"@id\":\"https:\/\/www.padreydecano.com\/cms\/#\/schema\/logo\/image\/\",\"url\":\"https:\/\/www.padreydecano.com\/cms\/wp-content\/uploads\/2022\/01\/avatar-square.png\",\"contentUrl\":\"https:\/\/www.padreydecano.com\/cms\/wp-content\/uploads\/2022\/01\/avatar-square.png\",\"width\":1500,\"height\":1500,\"caption\":\"Padre y Decano\"},\"image\":{\"@id\":\"https:\/\/www.padreydecano.com\/cms\/#\/schema\/logo\/image\/\"}},{\"@type\":\"Person\",\"@id\":\"https:\/\/www.padreydecano.com\/cms\/#\/schema\/person\/37aae8f93aa78e4c5385497f056e3246\",\"name\":\"Redactores Padre y Decano\",\"image\":{\"@type\":\"ImageObject\",\"inLanguage\":\"es\",\"@id\":\"https:\/\/www.padreydecano.com\/cms\/#\/schema\/person\/image\/\",\"url\":\"https:\/\/secure.gravatar.com\/avatar\/8810c4b9081192b118b104af54549af8?s=96&d=https%3A%2F%2Fpadreydecano.com%2Fcms%2Fwp-content%2Fthemes%2Fpyd-theme%2Fimg%2Fdefault-avatar.png&r=g\",\"contentUrl\":\"https:\/\/secure.gravatar.com\/avatar\/8810c4b9081192b118b104af54549af8?s=96&d=https%3A%2F%2Fpadreydecano.com%2Fcms%2Fwp-content%2Fthemes%2Fpyd-theme%2Fimg%2Fdefault-avatar.png&r=g\",\"caption\":\"Redactores Padre y Decano\"},\"sameAs\":[\"http:\/\/www.padreydecano.com\"]}]}<\/script>\n<!-- \/ Yoast SEO plugin. -->","yoast_head_json":{"title":"Los mandados del cl\u00e1sico - Padre y Decano - El Sitio del Pueblo","robots":{"index":"index","follow":"follow","max-snippet":"max-snippet:-1","max-image-preview":"max-image-preview:large","max-video-preview":"max-video-preview:-1"},"canonical":"https:\/\/www.padreydecano.com\/cms\/noticias\/los-mandados-del-clasico\/","og_locale":"es_ES","og_type":"article","og_title":"Los mandados del cl\u00e1sico - Padre y Decano - El Sitio del Pueblo","og_description":"Los protagonistas de las pol\u00e9micas del cl\u00e1sico fueron premiados con partidos en eliminatorias y Pe\u00f1arol sigue demostrando su falta de peso en la AUF. Pe\u00f1arol cay\u00f3 en el cl\u00e1sico del Torneo Clausura con un tendencioso arbitraje de Leodan Gonz\u00e1lez como juez principal y con Christian Ferreyra en el VAR. El tradicional adversario cort\u00f3 constantemente el [&hellip;]","og_url":"https:\/\/www.padreydecano.com\/cms\/noticias\/los-mandados-del-clasico\/","og_site_name":"Padre y Decano - El Sitio del Pueblo","article_published_time":"2024-10-10T12:46:46+00:00","article_modified_time":"2024-10-10T14:52:40+00:00","og_image":[{"width":2560,"height":1702,"url":"https:\/\/www.padreydecano.com\/cms\/wp-content\/uploads\/2024\/10\/20241006_clausura_fecha06_parquecentral_CNacionaldFvsCAPenarol_JMA_057-scaled.jpg","type":"image\/jpeg"}],"author":"Redactores Padre y Decano","twitter_card":"summary_large_image","twitter_misc":{"Escrito por":"Redactores Padre y Decano","Tiempo de lectura":"7 minutos"},"schema":{"@context":"https:\/\/schema.org","@graph":[{"@type":"Article","@id":"https:\/\/www.padreydecano.com\/cms\/noticias\/los-mandados-del-clasico\/#article","isPartOf":{"@id":"https:\/\/www.padreydecano.com\/cms\/noticias\/los-mandados-del-clasico\/"},"author":{"name":"Redactores Padre y Decano","@id":"https:\/\/www.padreydecano.com\/cms\/#\/schema\/person\/37aae8f93aa78e4c5385497f056e3246"},"headline":"Los mandados del cl\u00e1sico","datePublished":"2024-10-10T12:46:46+00:00","dateModified":"2024-10-10T14:52:40+00:00","mainEntityOfPage":{"@id":"https:\/\/www.padreydecano.com\/cms\/noticias\/los-mandados-del-clasico\/"},"wordCount":1463,"commentCount":1,"publisher":{"@id":"https:\/\/www.padreydecano.com\/cms\/#organization"},"image":{"@id":"https:\/\/www.padreydecano.com\/cms\/noticias\/los-mandados-del-clasico\/#primaryimage"},"thumbnailUrl":"https:\/\/www.padreydecano.com\/cms\/wp-content\/uploads\/2024\/10\/20241006_clausura_fecha06_parquecentral_CNacionaldFvsCAPenarol_JMA_057-scaled.jpg","keywords":["Campeonato Uruguayo 2024"],"articleSection":["Noticias"],"inLanguage":"es","potentialAction":[{"@type":"CommentAction","name":"Comment","target":["https:\/\/www.padreydecano.com\/cms\/noticias\/los-mandados-del-clasico\/#respond"]}]},{"@type":"WebPage","@id":"https:\/\/www.padreydecano.com\/cms\/noticias\/los-mandados-del-clasico\/","url":"https:\/\/www.padreydecano.com\/cms\/noticias\/los-mandados-del-clasico\/","name":"Los mandados del cl\u00e1sico - Padre y Decano - El Sitio del Pueblo","isPartOf":{"@id":"https:\/\/www.padreydecano.com\/cms\/#website"},"primaryImageOfPage":{"@id":"https:\/\/www.padreydecano.com\/cms\/noticias\/los-mandados-del-clasico\/#primaryimage"},"image":{"@id":"https:\/\/www.padreydecano.com\/cms\/noticias\/los-mandados-del-clasico\/#primaryimage"},"thumbnailUrl":"https:\/\/www.padreydecano.com\/cms\/wp-content\/uploads\/2024\/10\/20241006_clausura_fecha06_parquecentral_CNacionaldFvsCAPenarol_JMA_057-scaled.jpg","datePublished":"2024-10-10T12:46:46+00:00","dateModified":"2024-10-10T14:52:40+00:00","breadcrumb":{"@id":"https:\/\/www.padreydecano.com\/cms\/noticias\/los-mandados-del-clasico\/#breadcrumb"},"inLanguage":"es","potentialAction":[{"@type":"ReadAction","target":["https:\/\/www.padreydecano.com\/cms\/noticias\/los-mandados-del-clasico\/"]}]},{"@type":"ImageObject","inLanguage":"es","@id":"https:\/\/www.padreydecano.com\/cms\/noticias\/los-mandados-del-clasico\/#primaryimage","url":"https:\/\/www.padreydecano.com\/cms\/wp-content\/uploads\/2024\/10\/20241006_clausura_fecha06_parquecentral_CNacionaldFvsCAPenarol_JMA_057-scaled.jpg","contentUrl":"https:\/\/www.padreydecano.com\/cms\/wp-content\/uploads\/2024\/10\/20241006_clausura_fecha06_parquecentral_CNacionaldFvsCAPenarol_JMA_057-scaled.jpg","width":2560,"height":1702},{"@type":"BreadcrumbList","@id":"https:\/\/www.padreydecano.com\/cms\/noticias\/los-mandados-del-clasico\/#breadcrumb","itemListElement":[{"@type":"ListItem","position":1,"name":"Portada","item":"https:\/\/www.padreydecano.com\/cms\/"},{"@type":"ListItem","position":2,"name":"Los mandados del cl\u00e1sico"}]},{"@type":"WebSite","@id":"https:\/\/www.padreydecano.com\/cms\/#website","url":"https:\/\/www.padreydecano.com\/cms\/","name":"Padre y Decano - El Sitio del Pueblo","description":"Club Atl\u00e9tico Pe\u00f1arol","publisher":{"@id":"https:\/\/www.padreydecano.com\/cms\/#organization"},"potentialAction":[{"@type":"SearchAction","target":{"@type":"EntryPoint","urlTemplate":"https:\/\/www.padreydecano.com\/cms\/?s={search_term_string}"},"query-input":"required name=search_term_string"}],"inLanguage":"es"},{"@type":"Organization","@id":"https:\/\/www.padreydecano.com\/cms\/#organization","name":"Padre y Decano","url":"https:\/\/www.padreydecano.com\/cms\/","logo":{"@type":"ImageObject","inLanguage":"es","@id":"https:\/\/www.padreydecano.com\/cms\/#\/schema\/logo\/image\/","url":"https:\/\/www.padreydecano.com\/cms\/wp-content\/uploads\/2022\/01\/avatar-square.png","contentUrl":"https:\/\/www.padreydecano.com\/cms\/wp-content\/uploads\/2022\/01\/avatar-square.png","width":1500,"height":1500,"caption":"Padre y Decano"},"image":{"@id":"https:\/\/www.padreydecano.com\/cms\/#\/schema\/logo\/image\/"}},{"@type":"Person","@id":"https:\/\/www.padreydecano.com\/cms\/#\/schema\/person\/37aae8f93aa78e4c5385497f056e3246","name":"Redactores Padre y Decano","image":{"@type":"ImageObject","inLanguage":"es","@id":"https:\/\/www.padreydecano.com\/cms\/#\/schema\/person\/image\/","url":"https:\/\/secure.gravatar.com\/avatar\/8810c4b9081192b118b104af54549af8?s=96&d=https%3A%2F%2Fpadreydecano.com%2Fcms%2Fwp-content%2Fthemes%2Fpyd-theme%2Fimg%2Fdefault-avatar.png&r=g","contentUrl":"https:\/\/secure.gravatar.com\/avatar\/8810c4b9081192b118b104af54549af8?s=96&d=https%3A%2F%2Fpadreydecano.com%2Fcms%2Fwp-content%2Fthemes%2Fpyd-theme%2Fimg%2Fdefault-avatar.png&r=g","caption":"Redactores Padre y Decano"},"sameAs":["http:\/\/www.padreydecano.com"]}]}},"_links":{"self":[{"href":"https:\/\/www.padreydecano.com\/cms\/wp-json\/wp\/v2\/posts\/81288"}],"collection":[{"href":"https:\/\/www.padreydecano.com\/cms\/wp-json\/wp\/v2\/posts"}],"about":[{"href":"https:\/\/www.padreydecano.com\/cms\/wp-json\/wp\/v2\/types\/post"}],"author":[{"embeddable":true,"href":"https:\/\/www.padreydecano.com\/cms\/wp-json\/wp\/v2\/users\/27"}],"replies":[{"embeddable":true,"href":"https:\/\/www.padreydecano.com\/cms\/wp-json\/wp\/v2\/comments?post=81288"}],"version-history":[{"count":0,"href":"https:\/\/www.padreydecano.com\/cms\/wp-json\/wp\/v2\/posts\/81288\/revisions"}],"wp:featuredmedia":[{"embeddable":true,"href":"https:\/\/www.padreydecano.com\/cms\/wp-json\/wp\/v2\/media\/81294"}],"wp:attachment":[{"href":"https:\/\/www.padreydecano.com\/cms\/wp-json\/wp\/v2\/media?parent=81288"}],"wp:term":[{"taxonomy":"category","embeddable":true,"href":"https:\/\/www.padreydecano.com\/cms\/wp-json\/wp\/v2\/categories?post=81288"},{"taxonomy":"post_tag","embeddable":true,"href":"https:\/\/www.padreydecano.com\/cms\/wp-json\/wp\/v2\/tags?post=81288"}],"curies":[{"name":"wp","href":"https:\/\/api.w.org\/{rel}","templated":true}]}}