{"id":81253,"date":"2024-09-27T13:03:34","date_gmt":"2024-09-27T16:03:34","guid":{"rendered":"https:\/\/www.padreydecano.com\/cms\/?p=81253"},"modified":"2024-09-27T15:01:19","modified_gmt":"2024-09-27T18:01:19","slug":"semifinalistas","status":"publish","type":"post","link":"https:\/\/www.padreydecano.com\/cms\/partidos\/semifinalistas\/","title":{"rendered":"\u00a1SEMIFINALISTAS!"},"content":{"rendered":"<p><img loading=\"lazy\" decoding=\"async\" class=\"alignnone size-medium wp-image-81254\" src=\"https:\/\/www.padreydecano.com\/cms\/wp-content\/uploads\/2024\/09\/20240926_libertadores_cuartos_vuelta_cds_CAPeA\u00b1arolvsCRFlamengo_JMA_114-800x532.jpg\" alt=\"\" width=\"800\" height=\"532\" srcset=\"https:\/\/www.padreydecano.com\/cms\/wp-content\/uploads\/2024\/09\/20240926_libertadores_cuartos_vuelta_cds_CAPeA\u00b1arolvsCRFlamengo_JMA_114-800x532.jpg 800w, https:\/\/www.padreydecano.com\/cms\/wp-content\/uploads\/2024\/09\/20240926_libertadores_cuartos_vuelta_cds_CAPeA\u00b1arolvsCRFlamengo_JMA_114-1280x851.jpg 1280w, https:\/\/www.padreydecano.com\/cms\/wp-content\/uploads\/2024\/09\/20240926_libertadores_cuartos_vuelta_cds_CAPeA\u00b1arolvsCRFlamengo_JMA_114-768x510.jpg 768w, https:\/\/www.padreydecano.com\/cms\/wp-content\/uploads\/2024\/09\/20240926_libertadores_cuartos_vuelta_cds_CAPeA\u00b1arolvsCRFlamengo_JMA_114-1536x1021.jpg 1536w, https:\/\/www.padreydecano.com\/cms\/wp-content\/uploads\/2024\/09\/20240926_libertadores_cuartos_vuelta_cds_CAPeA\u00b1arolvsCRFlamengo_JMA_114-2048x1361.jpg 2048w, https:\/\/www.padreydecano.com\/cms\/wp-content\/uploads\/2024\/09\/20240926_libertadores_cuartos_vuelta_cds_CAPeA\u00b1arolvsCRFlamengo_JMA_114-300x199.jpg 300w, https:\/\/www.padreydecano.com\/cms\/wp-content\/uploads\/2024\/09\/20240926_libertadores_cuartos_vuelta_cds_CAPeA\u00b1arolvsCRFlamengo_JMA_114-128x85.jpg 128w, https:\/\/www.padreydecano.com\/cms\/wp-content\/uploads\/2024\/09\/20240926_libertadores_cuartos_vuelta_cds_CAPeA\u00b1arolvsCRFlamengo_JMA_114-32x21.jpg 32w\" sizes=\"(max-width: 800px) 100vw, 800px\" \/><\/p>\n<p><strong>El capo del continente super\u00f3 a Flamengo y avanz\u00f3 a las semifinales de la Copa Libertadores de Am\u00e9rica. Pe\u00f1arol se enfrentar\u00e1 a Botafogo en busca de un lugar en la final.<\/strong><\/p>\n<p>El decano del f\u00fatbol uruguayo volvi\u00f3 a ser protagonista de una verdadera noche de Copa Libertadores, el torneo de clubes m\u00e1s importante de todos. En un Estadio Campe\u00f3n del Siglo totalmente repleto y con un incre\u00edble recibimiento como nos tiene acostumbrado la mejor hinchada del continente, el equipo dirigido por Diego Aguirre igual\u00f3 cero a cero ante el equipo brasile\u00f1o y avanz\u00f3 a las semifinales de la Copa.<\/p>\n<blockquote class=\"twitter-tweet\">\n<p dir=\"ltr\" lang=\"es\">QUE TODOS SEPAN QUE VOLVI\u00d3 PE\u00d1AROL, EL CAPO DEL CONTINENTE <a href=\"https:\/\/t.co\/KRUHZucoMs\">pic.twitter.com\/KRUHZucoMs<\/a><\/p>\n<p>\u2014 padreydecano.com (@padreydecanocom) <a href=\"https:\/\/twitter.com\/padreydecanocom\/status\/1839623827086590343?ref_src=twsrc%5Etfw\">September 27, 2024<\/a><\/p><\/blockquote>\n<p><script async src=\"https:\/\/platform.twitter.com\/widgets.js\" charset=\"utf-8\"><\/script><\/p>\n<p>Un equipo aguerrido, compacto, con confianza e ilusi\u00f3n y que se siente representado por la camiseta, el escudo y el hincha, que dej\u00f3 todo dentro de la cancha y logr\u00f3 lo que muchos no cre\u00edan, superar a uno de los equipos m\u00e1s importantes y con mayor presupuesto de Brasil y del f\u00fatbol sudamericano. La victoria en el Maracan\u00e1 por 1 a o dej\u00f3 al carbonero en la puerta de la clasificaci\u00f3n, pero deb\u00eda sellarla en Montevideo. Con un papel m\u00e1s defensivo y con el cuchillo entre los dientes, el aurinegro no dej\u00f3 nada libre a la suerte y defendi\u00f3 cada pelota con su vida.<\/p>\n<p>13 a\u00f1os despu\u00e9s de la \u00faltima vez, aquella victoria en el global ante la Univerdiad Cat\u00f3lica con el ag\u00f3nico gol de Fabi\u00e1n Estoyanoff, hoy Pe\u00f1arol vuelve a superar la fase de cuartos de final y meterse a semifinales. En aquella oportunidad tambi\u00e9n lo hizo bajos las \u00f3rdenes de Diego Aguirre, el due\u00f1o de la ilusi\u00f3n de cada hincha mirasol.<\/p>\n<p>Hoy el continente entero habla de Pe\u00f1arol y su regreso a los 4 mejores de Am\u00e9rica, por su juego, por su garra, por su personalidad y por su gente y sus recibimientos, hoy el mundo vuelve a ver una vez m\u00e1s lo que es Pe\u00f1arol y su gente.<\/p>\n<p>En las semifinales del certamen los dirigidos por La Fiera se medir\u00e1n ante Botafogo, tercer equipo brasile\u00f1o con el que se enfrentar\u00e1 Pe\u00f1arol en la edici\u00f3n 2024. El partido de ida se jugar\u00e1 en R\u00edo de Janeiro el 22, 23 o 24 de octubre, la vuelta ser\u00e1 en el Estadio Campe\u00f3n del Siglo una semana despu\u00e9s.<\/p>\n<p><strong>Y dale alegr\u00eda alegr\u00eda a mi coraz\u00f3n, la Copa Libertadores es mi obsesi\u00f3n\u2026<\/strong><\/p>\n<div class=\"user-wrapper\"><a class=\"userlink\"href=\"https:\/\/twitter.com\/ftrucce18\" target=\"_blank\"><figure><img decoding=\"async\" src=\"http:\/\/www.padreydecano.com\/cms\/wp-users-files\/postfirmas\/ftrucce.jpg\" \/><\/figure><p class=\"user\"><strong>Franco Trucce<\/strong><br \/>@FTrucce18<\/p><\/a><\/div>\n","protected":false},"excerpt":{"rendered":"<p>El capo del continente super\u00f3 a Flamengo y avanz\u00f3 a las semifinales de la Copa Libertadores de Am\u00e9rica. Pe\u00f1arol se enfrentar\u00e1 a Botafogo en busca de un lugar en la final. El decano del f\u00fatbol uruguayo volvi\u00f3 a ser protagonista de una verdadera noche de Copa Libertadores, el torneo de clubes m\u00e1s importante de todos. [&hellip;]<\/p>\n","protected":false},"author":27,"featured_media":81254,"comment_status":"open","ping_status":"closed","sticky":false,"template":"","format":"standard","meta":{"footnotes":""},"categories":[13],"tags":[614],"yoast_head":"<!-- This site is optimized with the Yoast SEO plugin v23.2 - https:\/\/yoast.com\/wordpress\/plugins\/seo\/ -->\n<title>\u00a1SEMIFINALISTAS! - Padre y Decano - El Sitio del Pueblo<\/title>\n<meta name=\"robots\" content=\"index, follow, max-snippet:-1, max-image-preview:large, max-video-preview:-1\" \/>\n<link rel=\"canonical\" href=\"https:\/\/www.padreydecano.com\/cms\/partidos\/semifinalistas\/\" \/>\n<meta property=\"og:locale\" content=\"es_ES\" \/>\n<meta property=\"og:type\" content=\"article\" \/>\n<meta property=\"og:title\" content=\"\u00a1SEMIFINALISTAS! - Padre y Decano - El Sitio del Pueblo\" \/>\n<meta property=\"og:description\" content=\"El capo del continente super\u00f3 a Flamengo y avanz\u00f3 a las semifinales de la Copa Libertadores de Am\u00e9rica. Pe\u00f1arol se enfrentar\u00e1 a Botafogo en busca de un lugar en la final. El decano del f\u00fatbol uruguayo volvi\u00f3 a ser protagonista de una verdadera noche de Copa Libertadores, el torneo de clubes m\u00e1s importante de todos. [&hellip;]\" \/>\n<meta property=\"og:url\" content=\"https:\/\/www.padreydecano.com\/cms\/partidos\/semifinalistas\/\" \/>\n<meta property=\"og:site_name\" content=\"Padre y Decano - El Sitio del Pueblo\" \/>\n<meta property=\"article:published_time\" content=\"2024-09-27T16:03:34+00:00\" \/>\n<meta property=\"article:modified_time\" content=\"2024-09-27T18:01:19+00:00\" \/>\n<meta property=\"og:image\" content=\"https:\/\/www.padreydecano.com\/cms\/wp-content\/uploads\/2024\/09\/20240926_libertadores_cuartos_vuelta_cds_CAPeA\u00b1arolvsCRFlamengo_JMA_114-scaled.jpg\" \/>\n\t<meta property=\"og:image:width\" content=\"2560\" \/>\n\t<meta property=\"og:image:height\" content=\"1702\" \/>\n\t<meta property=\"og:image:type\" content=\"image\/jpeg\" \/>\n<meta name=\"author\" content=\"Redactores Padre y Decano\" \/>\n<meta name=\"twitter:card\" content=\"summary_large_image\" \/>\n<meta name=\"twitter:label1\" content=\"Escrito por\" \/>\n\t<meta name=\"twitter:data1\" content=\"Redactores Padre y Decano\" \/>\n\t<meta name=\"twitter:label2\" content=\"Tiempo de lectura\" \/>\n\t<meta name=\"twitter:data2\" content=\"3 minutos\" \/>\n<script type=\"application\/ld+json\" class=\"yoast-schema-graph\">{\"@context\":\"https:\/\/schema.org\",\"@graph\":[{\"@type\":\"Article\",\"@id\":\"https:\/\/www.padreydecano.com\/cms\/partidos\/semifinalistas\/#article\",\"isPartOf\":{\"@id\":\"https:\/\/www.padreydecano.com\/cms\/partidos\/semifinalistas\/\"},\"author\":{\"name\":\"Redactores Padre y Decano\",\"@id\":\"https:\/\/www.padreydecano.com\/cms\/#\/schema\/person\/37aae8f93aa78e4c5385497f056e3246\"},\"headline\":\"\u00a1SEMIFINALISTAS!\",\"datePublished\":\"2024-09-27T16:03:34+00:00\",\"dateModified\":\"2024-09-27T18:01:19+00:00\",\"mainEntityOfPage\":{\"@id\":\"https:\/\/www.padreydecano.com\/cms\/partidos\/semifinalistas\/\"},\"wordCount\":431,\"commentCount\":5,\"publisher\":{\"@id\":\"https:\/\/www.padreydecano.com\/cms\/#organization\"},\"image\":{\"@id\":\"https:\/\/www.padreydecano.com\/cms\/partidos\/semifinalistas\/#primaryimage\"},\"thumbnailUrl\":\"https:\/\/www.padreydecano.com\/cms\/wp-content\/uploads\/2024\/09\/20240926_libertadores_cuartos_vuelta_cds_CAPeA\u00b1arolvsCRFlamengo_JMA_114-scaled.jpg\",\"keywords\":[\"Copa Libertadores 2024\"],\"articleSection\":[\"Partidos\"],\"inLanguage\":\"es\",\"potentialAction\":[{\"@type\":\"CommentAction\",\"name\":\"Comment\",\"target\":[\"https:\/\/www.padreydecano.com\/cms\/partidos\/semifinalistas\/#respond\"]}]},{\"@type\":\"WebPage\",\"@id\":\"https:\/\/www.padreydecano.com\/cms\/partidos\/semifinalistas\/\",\"url\":\"https:\/\/www.padreydecano.com\/cms\/partidos\/semifinalistas\/\",\"name\":\"\u00a1SEMIFINALISTAS! - Padre y Decano - El Sitio del Pueblo\",\"isPartOf\":{\"@id\":\"https:\/\/www.padreydecano.com\/cms\/#website\"},\"primaryImageOfPage\":{\"@id\":\"https:\/\/www.padreydecano.com\/cms\/partidos\/semifinalistas\/#primaryimage\"},\"image\":{\"@id\":\"https:\/\/www.padreydecano.com\/cms\/partidos\/semifinalistas\/#primaryimage\"},\"thumbnailUrl\":\"https:\/\/www.padreydecano.com\/cms\/wp-content\/uploads\/2024\/09\/20240926_libertadores_cuartos_vuelta_cds_CAPeA\u00b1arolvsCRFlamengo_JMA_114-scaled.jpg\",\"datePublished\":\"2024-09-27T16:03:34+00:00\",\"dateModified\":\"2024-09-27T18:01:19+00:00\",\"breadcrumb\":{\"@id\":\"https:\/\/www.padreydecano.com\/cms\/partidos\/semifinalistas\/#breadcrumb\"},\"inLanguage\":\"es\",\"potentialAction\":[{\"@type\":\"ReadAction\",\"target\":[\"https:\/\/www.padreydecano.com\/cms\/partidos\/semifinalistas\/\"]}]},{\"@type\":\"ImageObject\",\"inLanguage\":\"es\",\"@id\":\"https:\/\/www.padreydecano.com\/cms\/partidos\/semifinalistas\/#primaryimage\",\"url\":\"https:\/\/www.padreydecano.com\/cms\/wp-content\/uploads\/2024\/09\/20240926_libertadores_cuartos_vuelta_cds_CAPeA\u00b1arolvsCRFlamengo_JMA_114-scaled.jpg\",\"contentUrl\":\"https:\/\/www.padreydecano.com\/cms\/wp-content\/uploads\/2024\/09\/20240926_libertadores_cuartos_vuelta_cds_CAPeA\u00b1arolvsCRFlamengo_JMA_114-scaled.jpg\",\"width\":2560,\"height\":1702},{\"@type\":\"BreadcrumbList\",\"@id\":\"https:\/\/www.padreydecano.com\/cms\/partidos\/semifinalistas\/#breadcrumb\",\"itemListElement\":[{\"@type\":\"ListItem\",\"position\":1,\"name\":\"Portada\",\"item\":\"https:\/\/www.padreydecano.com\/cms\/\"},{\"@type\":\"ListItem\",\"position\":2,\"name\":\"\u00a1SEMIFINALISTAS!\"}]},{\"@type\":\"WebSite\",\"@id\":\"https:\/\/www.padreydecano.com\/cms\/#website\",\"url\":\"https:\/\/www.padreydecano.com\/cms\/\",\"name\":\"Padre y Decano - El Sitio del Pueblo\",\"description\":\"Club Atl\u00e9tico Pe\u00f1arol\",\"publisher\":{\"@id\":\"https:\/\/www.padreydecano.com\/cms\/#organization\"},\"potentialAction\":[{\"@type\":\"SearchAction\",\"target\":{\"@type\":\"EntryPoint\",\"urlTemplate\":\"https:\/\/www.padreydecano.com\/cms\/?s={search_term_string}\"},\"query-input\":\"required name=search_term_string\"}],\"inLanguage\":\"es\"},{\"@type\":\"Organization\",\"@id\":\"https:\/\/www.padreydecano.com\/cms\/#organization\",\"name\":\"Padre y Decano\",\"url\":\"https:\/\/www.padreydecano.com\/cms\/\",\"logo\":{\"@type\":\"ImageObject\",\"inLanguage\":\"es\",\"@id\":\"https:\/\/www.padreydecano.com\/cms\/#\/schema\/logo\/image\/\",\"url\":\"https:\/\/www.padreydecano.com\/cms\/wp-content\/uploads\/2022\/01\/avatar-square.png\",\"contentUrl\":\"https:\/\/www.padreydecano.com\/cms\/wp-content\/uploads\/2022\/01\/avatar-square.png\",\"width\":1500,\"height\":1500,\"caption\":\"Padre y Decano\"},\"image\":{\"@id\":\"https:\/\/www.padreydecano.com\/cms\/#\/schema\/logo\/image\/\"}},{\"@type\":\"Person\",\"@id\":\"https:\/\/www.padreydecano.com\/cms\/#\/schema\/person\/37aae8f93aa78e4c5385497f056e3246\",\"name\":\"Redactores Padre y Decano\",\"image\":{\"@type\":\"ImageObject\",\"inLanguage\":\"es\",\"@id\":\"https:\/\/www.padreydecano.com\/cms\/#\/schema\/person\/image\/\",\"url\":\"https:\/\/secure.gravatar.com\/avatar\/8810c4b9081192b118b104af54549af8?s=96&d=https%3A%2F%2Fpadreydecano.com%2Fcms%2Fwp-content%2Fthemes%2Fpyd-theme%2Fimg%2Fdefault-avatar.png&r=g\",\"contentUrl\":\"https:\/\/secure.gravatar.com\/avatar\/8810c4b9081192b118b104af54549af8?s=96&d=https%3A%2F%2Fpadreydecano.com%2Fcms%2Fwp-content%2Fthemes%2Fpyd-theme%2Fimg%2Fdefault-avatar.png&r=g\",\"caption\":\"Redactores Padre y Decano\"},\"sameAs\":[\"http:\/\/www.padreydecano.com\"]}]}<\/script>\n<!-- \/ Yoast SEO plugin. -->","yoast_head_json":{"title":"\u00a1SEMIFINALISTAS! - Padre y Decano - El Sitio del Pueblo","robots":{"index":"index","follow":"follow","max-snippet":"max-snippet:-1","max-image-preview":"max-image-preview:large","max-video-preview":"max-video-preview:-1"},"canonical":"https:\/\/www.padreydecano.com\/cms\/partidos\/semifinalistas\/","og_locale":"es_ES","og_type":"article","og_title":"\u00a1SEMIFINALISTAS! - Padre y Decano - El Sitio del Pueblo","og_description":"El capo del continente super\u00f3 a Flamengo y avanz\u00f3 a las semifinales de la Copa Libertadores de Am\u00e9rica. Pe\u00f1arol se enfrentar\u00e1 a Botafogo en busca de un lugar en la final. El decano del f\u00fatbol uruguayo volvi\u00f3 a ser protagonista de una verdadera noche de Copa Libertadores, el torneo de clubes m\u00e1s importante de todos. [&hellip;]","og_url":"https:\/\/www.padreydecano.com\/cms\/partidos\/semifinalistas\/","og_site_name":"Padre y Decano - El Sitio del Pueblo","article_published_time":"2024-09-27T16:03:34+00:00","article_modified_time":"2024-09-27T18:01:19+00:00","og_image":[{"width":2560,"height":1702,"url":"https:\/\/www.padreydecano.com\/cms\/wp-content\/uploads\/2024\/09\/20240926_libertadores_cuartos_vuelta_cds_CAPeA\u00b1arolvsCRFlamengo_JMA_114-scaled.jpg","type":"image\/jpeg"}],"author":"Redactores Padre y Decano","twitter_card":"summary_large_image","twitter_misc":{"Escrito por":"Redactores Padre y Decano","Tiempo de lectura":"3 minutos"},"schema":{"@context":"https:\/\/schema.org","@graph":[{"@type":"Article","@id":"https:\/\/www.padreydecano.com\/cms\/partidos\/semifinalistas\/#article","isPartOf":{"@id":"https:\/\/www.padreydecano.com\/cms\/partidos\/semifinalistas\/"},"author":{"name":"Redactores Padre y Decano","@id":"https:\/\/www.padreydecano.com\/cms\/#\/schema\/person\/37aae8f93aa78e4c5385497f056e3246"},"headline":"\u00a1SEMIFINALISTAS!","datePublished":"2024-09-27T16:03:34+00:00","dateModified":"2024-09-27T18:01:19+00:00","mainEntityOfPage":{"@id":"https:\/\/www.padreydecano.com\/cms\/partidos\/semifinalistas\/"},"wordCount":431,"commentCount":5,"publisher":{"@id":"https:\/\/www.padreydecano.com\/cms\/#organization"},"image":{"@id":"https:\/\/www.padreydecano.com\/cms\/partidos\/semifinalistas\/#primaryimage"},"thumbnailUrl":"https:\/\/www.padreydecano.com\/cms\/wp-content\/uploads\/2024\/09\/20240926_libertadores_cuartos_vuelta_cds_CAPeA\u00b1arolvsCRFlamengo_JMA_114-scaled.jpg","keywords":["Copa Libertadores 2024"],"articleSection":["Partidos"],"inLanguage":"es","potentialAction":[{"@type":"CommentAction","name":"Comment","target":["https:\/\/www.padreydecano.com\/cms\/partidos\/semifinalistas\/#respond"]}]},{"@type":"WebPage","@id":"https:\/\/www.padreydecano.com\/cms\/partidos\/semifinalistas\/","url":"https:\/\/www.padreydecano.com\/cms\/partidos\/semifinalistas\/","name":"\u00a1SEMIFINALISTAS! - Padre y Decano - El Sitio del Pueblo","isPartOf":{"@id":"https:\/\/www.padreydecano.com\/cms\/#website"},"primaryImageOfPage":{"@id":"https:\/\/www.padreydecano.com\/cms\/partidos\/semifinalistas\/#primaryimage"},"image":{"@id":"https:\/\/www.padreydecano.com\/cms\/partidos\/semifinalistas\/#primaryimage"},"thumbnailUrl":"https:\/\/www.padreydecano.com\/cms\/wp-content\/uploads\/2024\/09\/20240926_libertadores_cuartos_vuelta_cds_CAPeA\u00b1arolvsCRFlamengo_JMA_114-scaled.jpg","datePublished":"2024-09-27T16:03:34+00:00","dateModified":"2024-09-27T18:01:19+00:00","breadcrumb":{"@id":"https:\/\/www.padreydecano.com\/cms\/partidos\/semifinalistas\/#breadcrumb"},"inLanguage":"es","potentialAction":[{"@type":"ReadAction","target":["https:\/\/www.padreydecano.com\/cms\/partidos\/semifinalistas\/"]}]},{"@type":"ImageObject","inLanguage":"es","@id":"https:\/\/www.padreydecano.com\/cms\/partidos\/semifinalistas\/#primaryimage","url":"https:\/\/www.padreydecano.com\/cms\/wp-content\/uploads\/2024\/09\/20240926_libertadores_cuartos_vuelta_cds_CAPeA\u00b1arolvsCRFlamengo_JMA_114-scaled.jpg","contentUrl":"https:\/\/www.padreydecano.com\/cms\/wp-content\/uploads\/2024\/09\/20240926_libertadores_cuartos_vuelta_cds_CAPeA\u00b1arolvsCRFlamengo_JMA_114-scaled.jpg","width":2560,"height":1702},{"@type":"BreadcrumbList","@id":"https:\/\/www.padreydecano.com\/cms\/partidos\/semifinalistas\/#breadcrumb","itemListElement":[{"@type":"ListItem","position":1,"name":"Portada","item":"https:\/\/www.padreydecano.com\/cms\/"},{"@type":"ListItem","position":2,"name":"\u00a1SEMIFINALISTAS!"}]},{"@type":"WebSite","@id":"https:\/\/www.padreydecano.com\/cms\/#website","url":"https:\/\/www.padreydecano.com\/cms\/","name":"Padre y Decano - El Sitio del Pueblo","description":"Club Atl\u00e9tico Pe\u00f1arol","publisher":{"@id":"https:\/\/www.padreydecano.com\/cms\/#organization"},"potentialAction":[{"@type":"SearchAction","target":{"@type":"EntryPoint","urlTemplate":"https:\/\/www.padreydecano.com\/cms\/?s={search_term_string}"},"query-input":"required name=search_term_string"}],"inLanguage":"es"},{"@type":"Organization","@id":"https:\/\/www.padreydecano.com\/cms\/#organization","name":"Padre y Decano","url":"https:\/\/www.padreydecano.com\/cms\/","logo":{"@type":"ImageObject","inLanguage":"es","@id":"https:\/\/www.padreydecano.com\/cms\/#\/schema\/logo\/image\/","url":"https:\/\/www.padreydecano.com\/cms\/wp-content\/uploads\/2022\/01\/avatar-square.png","contentUrl":"https:\/\/www.padreydecano.com\/cms\/wp-content\/uploads\/2022\/01\/avatar-square.png","width":1500,"height":1500,"caption":"Padre y Decano"},"image":{"@id":"https:\/\/www.padreydecano.com\/cms\/#\/schema\/logo\/image\/"}},{"@type":"Person","@id":"https:\/\/www.padreydecano.com\/cms\/#\/schema\/person\/37aae8f93aa78e4c5385497f056e3246","name":"Redactores Padre y Decano","image":{"@type":"ImageObject","inLanguage":"es","@id":"https:\/\/www.padreydecano.com\/cms\/#\/schema\/person\/image\/","url":"https:\/\/secure.gravatar.com\/avatar\/8810c4b9081192b118b104af54549af8?s=96&d=https%3A%2F%2Fpadreydecano.com%2Fcms%2Fwp-content%2Fthemes%2Fpyd-theme%2Fimg%2Fdefault-avatar.png&r=g","contentUrl":"https:\/\/secure.gravatar.com\/avatar\/8810c4b9081192b118b104af54549af8?s=96&d=https%3A%2F%2Fpadreydecano.com%2Fcms%2Fwp-content%2Fthemes%2Fpyd-theme%2Fimg%2Fdefault-avatar.png&r=g","caption":"Redactores Padre y Decano"},"sameAs":["http:\/\/www.padreydecano.com"]}]}},"_links":{"self":[{"href":"https:\/\/www.padreydecano.com\/cms\/wp-json\/wp\/v2\/posts\/81253"}],"collection":[{"href":"https:\/\/www.padreydecano.com\/cms\/wp-json\/wp\/v2\/posts"}],"about":[{"href":"https:\/\/www.padreydecano.com\/cms\/wp-json\/wp\/v2\/types\/post"}],"author":[{"embeddable":true,"href":"https:\/\/www.padreydecano.com\/cms\/wp-json\/wp\/v2\/users\/27"}],"replies":[{"embeddable":true,"href":"https:\/\/www.padreydecano.com\/cms\/wp-json\/wp\/v2\/comments?post=81253"}],"version-history":[{"count":0,"href":"https:\/\/www.padreydecano.com\/cms\/wp-json\/wp\/v2\/posts\/81253\/revisions"}],"wp:featuredmedia":[{"embeddable":true,"href":"https:\/\/www.padreydecano.com\/cms\/wp-json\/wp\/v2\/media\/81254"}],"wp:attachment":[{"href":"https:\/\/www.padreydecano.com\/cms\/wp-json\/wp\/v2\/media?parent=81253"}],"wp:term":[{"taxonomy":"category","embeddable":true,"href":"https:\/\/www.padreydecano.com\/cms\/wp-json\/wp\/v2\/categories?post=81253"},{"taxonomy":"post_tag","embeddable":true,"href":"https:\/\/www.padreydecano.com\/cms\/wp-json\/wp\/v2\/tags?post=81253"}],"curies":[{"name":"wp","href":"https:\/\/api.w.org\/{rel}","templated":true}]}}