{"id":81023,"date":"2024-05-17T18:51:37","date_gmt":"2024-05-17T21:51:37","guid":{"rendered":"https:\/\/www.padreydecano.com\/cms\/?p=81023"},"modified":"2024-05-20T11:59:14","modified_gmt":"2024-05-20T14:59:14","slug":"gran-arranque-clasico","status":"publish","type":"post","link":"https:\/\/www.padreydecano.com\/cms\/formativas\/gran-arranque-clasico\/","title":{"rendered":"Gran arranque cl\u00e1sico"},"content":{"rendered":"<p><img loading=\"lazy\" decoding=\"async\" class=\"alignnone size-medium wp-image-81024\" src=\"https:\/\/www.padreydecano.com\/cms\/wp-content\/uploads\/2024\/05\/IMG_1003-800x600.jpeg\" alt=\"\" width=\"800\" height=\"600\" srcset=\"https:\/\/www.padreydecano.com\/cms\/wp-content\/uploads\/2024\/05\/IMG_1003-800x600.jpeg 800w, https:\/\/www.padreydecano.com\/cms\/wp-content\/uploads\/2024\/05\/IMG_1003-1280x960.jpeg 1280w, https:\/\/www.padreydecano.com\/cms\/wp-content\/uploads\/2024\/05\/IMG_1003-768x576.jpeg 768w, https:\/\/www.padreydecano.com\/cms\/wp-content\/uploads\/2024\/05\/IMG_1003-1536x1152.jpeg 1536w, https:\/\/www.padreydecano.com\/cms\/wp-content\/uploads\/2024\/05\/IMG_1003-2048x1536.jpeg 2048w, https:\/\/www.padreydecano.com\/cms\/wp-content\/uploads\/2024\/05\/IMG_1003-300x225.jpeg 300w, https:\/\/www.padreydecano.com\/cms\/wp-content\/uploads\/2024\/05\/IMG_1003-128x96.jpeg 128w, https:\/\/www.padreydecano.com\/cms\/wp-content\/uploads\/2024\/05\/IMG_1003-32x24.jpeg 32w\" sizes=\"(max-width: 800px) 100vw, 800px\" \/><\/p>\n<p><strong>Pe\u00f1arol gan\u00f3 los 2 primeros cl\u00e1sicos de la fecha de Formativas. Anteriormente hab\u00eda ganado el cl\u00e1sico de Tercera Divisi\u00f3n y tuvo una buena jornada en AUFI.<\/strong><\/p>\n<p>Comenz\u00f3 la jornada de Formativas por la novena fecha del Torneo Apertura 2024 del Campeonato Uruguayo de Juveniles. Comenz\u00f3 a disputarse Sub 19 y Sub 16, ya que la Sub 17 del carbonero se encuentra disputando un torneo amistoso en Rosario (Argentina).<\/p>\n<p><span style=\"color: #ffcc00;\"><strong>Sub 19:<\/strong> <\/span>Pe\u00f1arol 2-1 Nacional (Mateo Ureta y Stiven Muhlethaler)<\/p>\n<p>Partido re\u00f1ido que Pe\u00f1arol supo sacar adelante. El carbonero comenz\u00f3 ganando r\u00e1pidamente con el gol de Ureta, aunque el tradicional rival logr\u00f3 meterse en partido e igualar el marcador a los pocos minutos.<\/p>\n<p>Si bien el tr\u00e1mite fue parejo, sobre el final de la primera parte, Skunca tuvo un intento que estall\u00f3 en el palo.<\/p>\n<p>Para la segunda parte, Pe\u00f1arol fue de a poco trasform\u00e1ndose en el protagonista del encuentro y se llev\u00f3 el partido luego de un penal convertido por Muhletaler.<\/p>\n<p><span style=\"color: #ffcc00;\"><strong>*Sub 17:<\/strong> <\/span>Postergado<\/p>\n<p><span style=\"color: #ffcc00;\"><strong>Sub 16:<\/strong> <\/span>Pe\u00f1arol 2-0 Nacional (Renzo Cupla y Francisco Fern\u00e1ndez)<\/p>\n<p>Partido cl\u00e1sico ganado con autoridad, Pe\u00f1arol se par\u00f3 en la cancha, lastim\u00f3 en los momentos justos y pudo ganar por m\u00e1s, pero cuando el rival encontr\u00f3 su oportunidad de lastimar el mirasol tambi\u00e9n supo responder en el fondo.<\/p>\n<p>Renzo Cupla abri\u00f3 el marcador en el primer tiempo con una gran definici\u00f3n y en el complemento asisti\u00f3 a Francisco Fern\u00e1ndez, tambi\u00e9n de gran partido cl\u00e1sico, para liquidar el encuentro.<\/p>\n<p>Ma\u00f1ana se jugar\u00e1n los cl\u00e1sicos de Sub 15 y Sub 14 en Las Acacias.<\/p>\n<p>El d\u00eda lunes de esta misma semana, Pe\u00f1arol gan\u00f3 el cl\u00e1sico de Tercera Divisi\u00f3n 2 a 1, con 2 goles de Pablo Nongoy. M\u00e1s sobre el partido click aqu\u00ed.<\/p>\n<p>El pasado fin de semana tambi\u00e9n se jugaron los cl\u00e1sicos por la Fecha 2 de AUFI en Los Cespedes. El carbonero logr\u00f3 culminar la fecha como invicto logrando 3 victorias.<\/p>\n<p><img loading=\"lazy\" decoding=\"async\" class=\"alignnone size-medium wp-image-81025\" src=\"https:\/\/www.padreydecano.com\/cms\/wp-content\/uploads\/2024\/05\/ce2362ea-aed0-418b-b87c-cb78db05c97b-800x800.jpeg\" alt=\"\" width=\"800\" height=\"800\" srcset=\"https:\/\/www.padreydecano.com\/cms\/wp-content\/uploads\/2024\/05\/ce2362ea-aed0-418b-b87c-cb78db05c97b-800x800.jpeg 800w, https:\/\/www.padreydecano.com\/cms\/wp-content\/uploads\/2024\/05\/ce2362ea-aed0-418b-b87c-cb78db05c97b-350x350.jpeg 350w, https:\/\/www.padreydecano.com\/cms\/wp-content\/uploads\/2024\/05\/ce2362ea-aed0-418b-b87c-cb78db05c97b-768x768.jpeg 768w, https:\/\/www.padreydecano.com\/cms\/wp-content\/uploads\/2024\/05\/ce2362ea-aed0-418b-b87c-cb78db05c97b-300x300.jpeg 300w, https:\/\/www.padreydecano.com\/cms\/wp-content\/uploads\/2024\/05\/ce2362ea-aed0-418b-b87c-cb78db05c97b-128x128.jpeg 128w, https:\/\/www.padreydecano.com\/cms\/wp-content\/uploads\/2024\/05\/ce2362ea-aed0-418b-b87c-cb78db05c97b-32x32.jpeg 32w, https:\/\/www.padreydecano.com\/cms\/wp-content\/uploads\/2024\/05\/ce2362ea-aed0-418b-b87c-cb78db05c97b.jpeg 1080w\" sizes=\"(max-width: 800px) 100vw, 800px\" \/><\/p>\n<div class=\"user-wrapper\"><a class=\"userlink\"href=\"https:\/\/twitter.com\/ftrucce18\" target=\"_blank\"><figure><img decoding=\"async\" src=\"http:\/\/www.padreydecano.com\/cms\/wp-users-files\/postfirmas\/ftrucce.jpg\" \/><\/figure><p class=\"user\"><strong>Franco Trucce<\/strong><br \/>@FTrucce18<\/p><\/a><\/div>\n<p>&nbsp;<\/p>\n","protected":false},"excerpt":{"rendered":"<p>Pe\u00f1arol gan\u00f3 los 2 primeros cl\u00e1sicos de la fecha de Formativas. Anteriormente hab\u00eda ganado el cl\u00e1sico de Tercera Divisi\u00f3n y tuvo una buena jornada en AUFI. Comenz\u00f3 la jornada de Formativas por la novena fecha del Torneo Apertura 2024 del Campeonato Uruguayo de Juveniles. Comenz\u00f3 a disputarse Sub 19 y Sub 16, ya que la [&hellip;]<\/p>\n","protected":false},"author":27,"featured_media":81024,"comment_status":"open","ping_status":"closed","sticky":false,"template":"","format":"standard","meta":{"footnotes":""},"categories":[40],"tags":[],"yoast_head":"<!-- This site is optimized with the Yoast SEO plugin v23.2 - https:\/\/yoast.com\/wordpress\/plugins\/seo\/ -->\n<title>Gran arranque cl\u00e1sico - Padre y Decano - El Sitio del Pueblo<\/title>\n<meta name=\"robots\" content=\"index, follow, max-snippet:-1, max-image-preview:large, max-video-preview:-1\" \/>\n<link rel=\"canonical\" href=\"https:\/\/www.padreydecano.com\/cms\/formativas\/gran-arranque-clasico\/\" \/>\n<meta property=\"og:locale\" content=\"es_ES\" \/>\n<meta property=\"og:type\" content=\"article\" \/>\n<meta property=\"og:title\" content=\"Gran arranque cl\u00e1sico - Padre y Decano - El Sitio del Pueblo\" \/>\n<meta property=\"og:description\" content=\"Pe\u00f1arol gan\u00f3 los 2 primeros cl\u00e1sicos de la fecha de Formativas. Anteriormente hab\u00eda ganado el cl\u00e1sico de Tercera Divisi\u00f3n y tuvo una buena jornada en AUFI. Comenz\u00f3 la jornada de Formativas por la novena fecha del Torneo Apertura 2024 del Campeonato Uruguayo de Juveniles. Comenz\u00f3 a disputarse Sub 19 y Sub 16, ya que la [&hellip;]\" \/>\n<meta property=\"og:url\" content=\"https:\/\/www.padreydecano.com\/cms\/formativas\/gran-arranque-clasico\/\" \/>\n<meta property=\"og:site_name\" content=\"Padre y Decano - El Sitio del Pueblo\" \/>\n<meta property=\"article:published_time\" content=\"2024-05-17T21:51:37+00:00\" \/>\n<meta property=\"article:modified_time\" content=\"2024-05-20T14:59:14+00:00\" \/>\n<meta property=\"og:image\" content=\"https:\/\/www.padreydecano.com\/cms\/wp-content\/uploads\/2024\/05\/IMG_1003-scaled.jpeg\" \/>\n\t<meta property=\"og:image:width\" content=\"2560\" \/>\n\t<meta property=\"og:image:height\" content=\"1920\" \/>\n\t<meta property=\"og:image:type\" content=\"image\/jpeg\" \/>\n<meta name=\"author\" content=\"Redactores Padre y Decano\" \/>\n<meta name=\"twitter:card\" content=\"summary_large_image\" \/>\n<meta name=\"twitter:label1\" content=\"Escrito por\" \/>\n\t<meta name=\"twitter:data1\" content=\"Redactores Padre y Decano\" \/>\n\t<meta name=\"twitter:label2\" content=\"Tiempo de lectura\" \/>\n\t<meta name=\"twitter:data2\" content=\"3 minutos\" \/>\n<script type=\"application\/ld+json\" class=\"yoast-schema-graph\">{\"@context\":\"https:\/\/schema.org\",\"@graph\":[{\"@type\":\"Article\",\"@id\":\"https:\/\/www.padreydecano.com\/cms\/formativas\/gran-arranque-clasico\/#article\",\"isPartOf\":{\"@id\":\"https:\/\/www.padreydecano.com\/cms\/formativas\/gran-arranque-clasico\/\"},\"author\":{\"name\":\"Redactores Padre y Decano\",\"@id\":\"https:\/\/www.padreydecano.com\/cms\/#\/schema\/person\/37aae8f93aa78e4c5385497f056e3246\"},\"headline\":\"Gran arranque cl\u00e1sico\",\"datePublished\":\"2024-05-17T21:51:37+00:00\",\"dateModified\":\"2024-05-20T14:59:14+00:00\",\"mainEntityOfPage\":{\"@id\":\"https:\/\/www.padreydecano.com\/cms\/formativas\/gran-arranque-clasico\/\"},\"wordCount\":337,\"commentCount\":0,\"publisher\":{\"@id\":\"https:\/\/www.padreydecano.com\/cms\/#organization\"},\"image\":{\"@id\":\"https:\/\/www.padreydecano.com\/cms\/formativas\/gran-arranque-clasico\/#primaryimage\"},\"thumbnailUrl\":\"https:\/\/www.padreydecano.com\/cms\/wp-content\/uploads\/2024\/05\/IMG_1003-scaled.jpeg\",\"articleSection\":[\"Formativas\"],\"inLanguage\":\"es\",\"potentialAction\":[{\"@type\":\"CommentAction\",\"name\":\"Comment\",\"target\":[\"https:\/\/www.padreydecano.com\/cms\/formativas\/gran-arranque-clasico\/#respond\"]}]},{\"@type\":\"WebPage\",\"@id\":\"https:\/\/www.padreydecano.com\/cms\/formativas\/gran-arranque-clasico\/\",\"url\":\"https:\/\/www.padreydecano.com\/cms\/formativas\/gran-arranque-clasico\/\",\"name\":\"Gran arranque cl\u00e1sico - Padre y Decano - El Sitio del Pueblo\",\"isPartOf\":{\"@id\":\"https:\/\/www.padreydecano.com\/cms\/#website\"},\"primaryImageOfPage\":{\"@id\":\"https:\/\/www.padreydecano.com\/cms\/formativas\/gran-arranque-clasico\/#primaryimage\"},\"image\":{\"@id\":\"https:\/\/www.padreydecano.com\/cms\/formativas\/gran-arranque-clasico\/#primaryimage\"},\"thumbnailUrl\":\"https:\/\/www.padreydecano.com\/cms\/wp-content\/uploads\/2024\/05\/IMG_1003-scaled.jpeg\",\"datePublished\":\"2024-05-17T21:51:37+00:00\",\"dateModified\":\"2024-05-20T14:59:14+00:00\",\"breadcrumb\":{\"@id\":\"https:\/\/www.padreydecano.com\/cms\/formativas\/gran-arranque-clasico\/#breadcrumb\"},\"inLanguage\":\"es\",\"potentialAction\":[{\"@type\":\"ReadAction\",\"target\":[\"https:\/\/www.padreydecano.com\/cms\/formativas\/gran-arranque-clasico\/\"]}]},{\"@type\":\"ImageObject\",\"inLanguage\":\"es\",\"@id\":\"https:\/\/www.padreydecano.com\/cms\/formativas\/gran-arranque-clasico\/#primaryimage\",\"url\":\"https:\/\/www.padreydecano.com\/cms\/wp-content\/uploads\/2024\/05\/IMG_1003-scaled.jpeg\",\"contentUrl\":\"https:\/\/www.padreydecano.com\/cms\/wp-content\/uploads\/2024\/05\/IMG_1003-scaled.jpeg\",\"width\":2560,\"height\":1920},{\"@type\":\"BreadcrumbList\",\"@id\":\"https:\/\/www.padreydecano.com\/cms\/formativas\/gran-arranque-clasico\/#breadcrumb\",\"itemListElement\":[{\"@type\":\"ListItem\",\"position\":1,\"name\":\"Portada\",\"item\":\"https:\/\/www.padreydecano.com\/cms\/\"},{\"@type\":\"ListItem\",\"position\":2,\"name\":\"Gran arranque cl\u00e1sico\"}]},{\"@type\":\"WebSite\",\"@id\":\"https:\/\/www.padreydecano.com\/cms\/#website\",\"url\":\"https:\/\/www.padreydecano.com\/cms\/\",\"name\":\"Padre y Decano - El Sitio del Pueblo\",\"description\":\"Club Atl\u00e9tico Pe\u00f1arol\",\"publisher\":{\"@id\":\"https:\/\/www.padreydecano.com\/cms\/#organization\"},\"potentialAction\":[{\"@type\":\"SearchAction\",\"target\":{\"@type\":\"EntryPoint\",\"urlTemplate\":\"https:\/\/www.padreydecano.com\/cms\/?s={search_term_string}\"},\"query-input\":\"required name=search_term_string\"}],\"inLanguage\":\"es\"},{\"@type\":\"Organization\",\"@id\":\"https:\/\/www.padreydecano.com\/cms\/#organization\",\"name\":\"Padre y Decano\",\"url\":\"https:\/\/www.padreydecano.com\/cms\/\",\"logo\":{\"@type\":\"ImageObject\",\"inLanguage\":\"es\",\"@id\":\"https:\/\/www.padreydecano.com\/cms\/#\/schema\/logo\/image\/\",\"url\":\"https:\/\/www.padreydecano.com\/cms\/wp-content\/uploads\/2022\/01\/avatar-square.png\",\"contentUrl\":\"https:\/\/www.padreydecano.com\/cms\/wp-content\/uploads\/2022\/01\/avatar-square.png\",\"width\":1500,\"height\":1500,\"caption\":\"Padre y Decano\"},\"image\":{\"@id\":\"https:\/\/www.padreydecano.com\/cms\/#\/schema\/logo\/image\/\"}},{\"@type\":\"Person\",\"@id\":\"https:\/\/www.padreydecano.com\/cms\/#\/schema\/person\/37aae8f93aa78e4c5385497f056e3246\",\"name\":\"Redactores Padre y Decano\",\"image\":{\"@type\":\"ImageObject\",\"inLanguage\":\"es\",\"@id\":\"https:\/\/www.padreydecano.com\/cms\/#\/schema\/person\/image\/\",\"url\":\"https:\/\/secure.gravatar.com\/avatar\/8810c4b9081192b118b104af54549af8?s=96&d=https%3A%2F%2Fpadreydecano.com%2Fcms%2Fwp-content%2Fthemes%2Fpyd-theme%2Fimg%2Fdefault-avatar.png&r=g\",\"contentUrl\":\"https:\/\/secure.gravatar.com\/avatar\/8810c4b9081192b118b104af54549af8?s=96&d=https%3A%2F%2Fpadreydecano.com%2Fcms%2Fwp-content%2Fthemes%2Fpyd-theme%2Fimg%2Fdefault-avatar.png&r=g\",\"caption\":\"Redactores Padre y Decano\"},\"sameAs\":[\"http:\/\/www.padreydecano.com\"]}]}<\/script>\n<!-- \/ Yoast SEO plugin. -->","yoast_head_json":{"title":"Gran arranque cl\u00e1sico - Padre y Decano - El Sitio del Pueblo","robots":{"index":"index","follow":"follow","max-snippet":"max-snippet:-1","max-image-preview":"max-image-preview:large","max-video-preview":"max-video-preview:-1"},"canonical":"https:\/\/www.padreydecano.com\/cms\/formativas\/gran-arranque-clasico\/","og_locale":"es_ES","og_type":"article","og_title":"Gran arranque cl\u00e1sico - Padre y Decano - El Sitio del Pueblo","og_description":"Pe\u00f1arol gan\u00f3 los 2 primeros cl\u00e1sicos de la fecha de Formativas. Anteriormente hab\u00eda ganado el cl\u00e1sico de Tercera Divisi\u00f3n y tuvo una buena jornada en AUFI. Comenz\u00f3 la jornada de Formativas por la novena fecha del Torneo Apertura 2024 del Campeonato Uruguayo de Juveniles. Comenz\u00f3 a disputarse Sub 19 y Sub 16, ya que la [&hellip;]","og_url":"https:\/\/www.padreydecano.com\/cms\/formativas\/gran-arranque-clasico\/","og_site_name":"Padre y Decano - El Sitio del Pueblo","article_published_time":"2024-05-17T21:51:37+00:00","article_modified_time":"2024-05-20T14:59:14+00:00","og_image":[{"width":2560,"height":1920,"url":"https:\/\/www.padreydecano.com\/cms\/wp-content\/uploads\/2024\/05\/IMG_1003-scaled.jpeg","type":"image\/jpeg"}],"author":"Redactores Padre y Decano","twitter_card":"summary_large_image","twitter_misc":{"Escrito por":"Redactores Padre y Decano","Tiempo de lectura":"3 minutos"},"schema":{"@context":"https:\/\/schema.org","@graph":[{"@type":"Article","@id":"https:\/\/www.padreydecano.com\/cms\/formativas\/gran-arranque-clasico\/#article","isPartOf":{"@id":"https:\/\/www.padreydecano.com\/cms\/formativas\/gran-arranque-clasico\/"},"author":{"name":"Redactores Padre y Decano","@id":"https:\/\/www.padreydecano.com\/cms\/#\/schema\/person\/37aae8f93aa78e4c5385497f056e3246"},"headline":"Gran arranque cl\u00e1sico","datePublished":"2024-05-17T21:51:37+00:00","dateModified":"2024-05-20T14:59:14+00:00","mainEntityOfPage":{"@id":"https:\/\/www.padreydecano.com\/cms\/formativas\/gran-arranque-clasico\/"},"wordCount":337,"commentCount":0,"publisher":{"@id":"https:\/\/www.padreydecano.com\/cms\/#organization"},"image":{"@id":"https:\/\/www.padreydecano.com\/cms\/formativas\/gran-arranque-clasico\/#primaryimage"},"thumbnailUrl":"https:\/\/www.padreydecano.com\/cms\/wp-content\/uploads\/2024\/05\/IMG_1003-scaled.jpeg","articleSection":["Formativas"],"inLanguage":"es","potentialAction":[{"@type":"CommentAction","name":"Comment","target":["https:\/\/www.padreydecano.com\/cms\/formativas\/gran-arranque-clasico\/#respond"]}]},{"@type":"WebPage","@id":"https:\/\/www.padreydecano.com\/cms\/formativas\/gran-arranque-clasico\/","url":"https:\/\/www.padreydecano.com\/cms\/formativas\/gran-arranque-clasico\/","name":"Gran arranque cl\u00e1sico - Padre y Decano - El Sitio del Pueblo","isPartOf":{"@id":"https:\/\/www.padreydecano.com\/cms\/#website"},"primaryImageOfPage":{"@id":"https:\/\/www.padreydecano.com\/cms\/formativas\/gran-arranque-clasico\/#primaryimage"},"image":{"@id":"https:\/\/www.padreydecano.com\/cms\/formativas\/gran-arranque-clasico\/#primaryimage"},"thumbnailUrl":"https:\/\/www.padreydecano.com\/cms\/wp-content\/uploads\/2024\/05\/IMG_1003-scaled.jpeg","datePublished":"2024-05-17T21:51:37+00:00","dateModified":"2024-05-20T14:59:14+00:00","breadcrumb":{"@id":"https:\/\/www.padreydecano.com\/cms\/formativas\/gran-arranque-clasico\/#breadcrumb"},"inLanguage":"es","potentialAction":[{"@type":"ReadAction","target":["https:\/\/www.padreydecano.com\/cms\/formativas\/gran-arranque-clasico\/"]}]},{"@type":"ImageObject","inLanguage":"es","@id":"https:\/\/www.padreydecano.com\/cms\/formativas\/gran-arranque-clasico\/#primaryimage","url":"https:\/\/www.padreydecano.com\/cms\/wp-content\/uploads\/2024\/05\/IMG_1003-scaled.jpeg","contentUrl":"https:\/\/www.padreydecano.com\/cms\/wp-content\/uploads\/2024\/05\/IMG_1003-scaled.jpeg","width":2560,"height":1920},{"@type":"BreadcrumbList","@id":"https:\/\/www.padreydecano.com\/cms\/formativas\/gran-arranque-clasico\/#breadcrumb","itemListElement":[{"@type":"ListItem","position":1,"name":"Portada","item":"https:\/\/www.padreydecano.com\/cms\/"},{"@type":"ListItem","position":2,"name":"Gran arranque cl\u00e1sico"}]},{"@type":"WebSite","@id":"https:\/\/www.padreydecano.com\/cms\/#website","url":"https:\/\/www.padreydecano.com\/cms\/","name":"Padre y Decano - El Sitio del Pueblo","description":"Club Atl\u00e9tico Pe\u00f1arol","publisher":{"@id":"https:\/\/www.padreydecano.com\/cms\/#organization"},"potentialAction":[{"@type":"SearchAction","target":{"@type":"EntryPoint","urlTemplate":"https:\/\/www.padreydecano.com\/cms\/?s={search_term_string}"},"query-input":"required name=search_term_string"}],"inLanguage":"es"},{"@type":"Organization","@id":"https:\/\/www.padreydecano.com\/cms\/#organization","name":"Padre y Decano","url":"https:\/\/www.padreydecano.com\/cms\/","logo":{"@type":"ImageObject","inLanguage":"es","@id":"https:\/\/www.padreydecano.com\/cms\/#\/schema\/logo\/image\/","url":"https:\/\/www.padreydecano.com\/cms\/wp-content\/uploads\/2022\/01\/avatar-square.png","contentUrl":"https:\/\/www.padreydecano.com\/cms\/wp-content\/uploads\/2022\/01\/avatar-square.png","width":1500,"height":1500,"caption":"Padre y Decano"},"image":{"@id":"https:\/\/www.padreydecano.com\/cms\/#\/schema\/logo\/image\/"}},{"@type":"Person","@id":"https:\/\/www.padreydecano.com\/cms\/#\/schema\/person\/37aae8f93aa78e4c5385497f056e3246","name":"Redactores Padre y Decano","image":{"@type":"ImageObject","inLanguage":"es","@id":"https:\/\/www.padreydecano.com\/cms\/#\/schema\/person\/image\/","url":"https:\/\/secure.gravatar.com\/avatar\/8810c4b9081192b118b104af54549af8?s=96&d=https%3A%2F%2Fpadreydecano.com%2Fcms%2Fwp-content%2Fthemes%2Fpyd-theme%2Fimg%2Fdefault-avatar.png&r=g","contentUrl":"https:\/\/secure.gravatar.com\/avatar\/8810c4b9081192b118b104af54549af8?s=96&d=https%3A%2F%2Fpadreydecano.com%2Fcms%2Fwp-content%2Fthemes%2Fpyd-theme%2Fimg%2Fdefault-avatar.png&r=g","caption":"Redactores Padre y Decano"},"sameAs":["http:\/\/www.padreydecano.com"]}]}},"_links":{"self":[{"href":"https:\/\/www.padreydecano.com\/cms\/wp-json\/wp\/v2\/posts\/81023"}],"collection":[{"href":"https:\/\/www.padreydecano.com\/cms\/wp-json\/wp\/v2\/posts"}],"about":[{"href":"https:\/\/www.padreydecano.com\/cms\/wp-json\/wp\/v2\/types\/post"}],"author":[{"embeddable":true,"href":"https:\/\/www.padreydecano.com\/cms\/wp-json\/wp\/v2\/users\/27"}],"replies":[{"embeddable":true,"href":"https:\/\/www.padreydecano.com\/cms\/wp-json\/wp\/v2\/comments?post=81023"}],"version-history":[{"count":0,"href":"https:\/\/www.padreydecano.com\/cms\/wp-json\/wp\/v2\/posts\/81023\/revisions"}],"wp:featuredmedia":[{"embeddable":true,"href":"https:\/\/www.padreydecano.com\/cms\/wp-json\/wp\/v2\/media\/81024"}],"wp:attachment":[{"href":"https:\/\/www.padreydecano.com\/cms\/wp-json\/wp\/v2\/media?parent=81023"}],"wp:term":[{"taxonomy":"category","embeddable":true,"href":"https:\/\/www.padreydecano.com\/cms\/wp-json\/wp\/v2\/categories?post=81023"},{"taxonomy":"post_tag","embeddable":true,"href":"https:\/\/www.padreydecano.com\/cms\/wp-json\/wp\/v2\/tags?post=81023"}],"curies":[{"name":"wp","href":"https:\/\/api.w.org\/{rel}","templated":true}]}}