{"id":80559,"date":"2023-08-02T23:33:36","date_gmt":"2023-08-03T02:33:36","guid":{"rendered":"https:\/\/www.padreydecano.com\/cms\/?p=80559"},"modified":"2023-08-07T10:19:58","modified_gmt":"2023-08-07T13:19:58","slug":"6-de-15-puntos-ante-wanderers","status":"publish","type":"post","link":"https:\/\/www.padreydecano.com\/cms\/formativas\/6-de-15-puntos-ante-wanderers\/","title":{"rendered":"6 de 15 puntos ante Wanderers"},"content":{"rendered":"<p id=\"05d0\" class=\"pw-post-body-paragraph km kn ev ko b kp kq kr ks kt ku kv kw kx ky kz la lb lc ld le lf lg lh li lj eo bj\" data-selectable-paragraph=\"\"><strong><img loading=\"lazy\" decoding=\"async\" class=\"alignnone size-medium wp-image-80560\" src=\"https:\/\/www.padreydecano.com\/cms\/wp-content\/uploads\/2023\/08\/IMG_2132-800x533.jpeg\" alt=\"\" width=\"800\" height=\"533\" srcset=\"https:\/\/www.padreydecano.com\/cms\/wp-content\/uploads\/2023\/08\/IMG_2132-800x533.jpeg 800w, https:\/\/www.padreydecano.com\/cms\/wp-content\/uploads\/2023\/08\/IMG_2132-1280x853.jpeg 1280w, https:\/\/www.padreydecano.com\/cms\/wp-content\/uploads\/2023\/08\/IMG_2132-768x512.jpeg 768w, https:\/\/www.padreydecano.com\/cms\/wp-content\/uploads\/2023\/08\/IMG_2132-1536x1023.jpeg 1536w, https:\/\/www.padreydecano.com\/cms\/wp-content\/uploads\/2023\/08\/IMG_2132-300x200.jpeg 300w, https:\/\/www.padreydecano.com\/cms\/wp-content\/uploads\/2023\/08\/IMG_2132-128x85.jpeg 128w, https:\/\/www.padreydecano.com\/cms\/wp-content\/uploads\/2023\/08\/IMG_2132-32x21.jpeg 32w, https:\/\/www.padreydecano.com\/cms\/wp-content\/uploads\/2023\/08\/IMG_2132.jpeg 1549w\" sizes=\"(max-width: 800px) 100vw, 800px\" \/><br \/>\nPe\u00f1arol retorn\u00f3 luego de dos semanas a la actividad en formativas, enfrentando el fin de semana pasado a Wanderers por la cuarta fecha del Torneo Clausura de Juveniles A, obteniendo 6 puntos de 15 posibles.<\/strong><\/p>\n<p id=\"80ae\" class=\"pw-post-body-paragraph km kn ev ko b kp kq kr ks kt ku kv kw kx ky kz la lb lc ld le lf lg lh li lj eo bj\" data-selectable-paragraph=\"\">El aurinegro se encuentra actualmente 3\u00b0 en la Tabla General Acumulada de juveniles con 248 puntos (debe a\u00fan jugar 3 partidos postergados), a 32 puntos del l\u00edder Defensor Sporting (debe a\u00fan jugar 3 partidos postergados) y 10 puntos por debajo de Nacional, que debe a\u00fan disputar 5 partidos postergados.<\/p>\n<p id=\"a308\" class=\"pw-post-body-paragraph km kn ev ko b kp kq kr ks kt ku kv kw kx ky kz la lb lc ld le lf lg lh li lj eo bj\" data-selectable-paragraph=\"\">La pr\u00f3xima fecha enfrentar\u00e1 a Villa Espa\u00f1ola.<\/p>\n<p id=\"b9d0\" class=\"pw-post-body-paragraph km kn ev ko b kp kq kr ks kt ku kv kw kx ky kz la lb lc ld le lf lg lh li lj eo bj\" data-selectable-paragraph=\"\"><span style=\"color: #ffcc00;\"><strong>Sub 19<\/strong><\/span><\/p>\n<p id=\"1174\" class=\"pw-post-body-paragraph km kn ev ko b kp kq kr ks kt ku kv kw kx ky kz la lb lc ld le lf lg lh li lj eo bj\" data-selectable-paragraph=\"\">Pe\u00f1arol 1 \u2014 Wanderers 2<\/p>\n<p id=\"a739\" class=\"pw-post-body-paragraph km kn ev ko b kp kq kr ks kt ku kv kw kx ky kz la lb lc ld le lf lg lh li lj eo bj\" data-selectable-paragraph=\"\">DT: Luciano \u201cCaf\u00fa\u201d Barbosa.<\/p>\n<p id=\"c01b\" class=\"pw-post-body-paragraph km kn ev ko b kp kq kr ks kt ku kv kw kx ky kz la lb lc ld le lf lg lh li lj eo bj\" data-selectable-paragraph=\"\">Formaci\u00f3n: 4\u20132\u20133\u20131<\/p>\n<p id=\"d7c9\" class=\"pw-post-body-paragraph km kn ev ko b kp kq kr ks kt ku kv kw kx ky kz la lb lc ld le lf lg lh li lj eo bj\" data-selectable-paragraph=\"\">Kevin Morgan; Kevin Rodr\u00edguez, Nahuel Herrera, Faustino Fern\u00e1ndez, Thiago Espinosa (86\u00b4 Juan Rodr\u00edguez); Lorenzo Couture, Leandro Umpi\u00e9rrez; Maximiliano D\u00e1vila (65\u00b4 Ezequiel Peisino), Marco Posse (77\u00b4 Luciano Gonz\u00e1lez), Franco Correa (65\u00b4 Silvio L\u00f3pez); Sebasti\u00e1n Camacho.<\/p>\n<p id=\"985c\" class=\"pw-post-body-paragraph km kn ev ko b kp kq kr ks kt ku kv kw kx ky kz la lb lc ld le lf lg lh li lj eo bj\" data-selectable-paragraph=\"\">Banco: Mauro Aguerre (GK), Mateus Pureza, Mat\u00edas Barrios, Eduardo Do Carmo, Germ\u00e1n Castelvi, Thom\u00e1s Kerzul.<\/p>\n<p id=\"cff4\" class=\"pw-post-body-paragraph km kn ev ko b kp kq kr ks kt ku kv kw kx ky kz la lb lc ld le lf lg lh li lj eo bj\" data-selectable-paragraph=\"\">Gol: Sebasti\u00e1n Camacho.<\/p>\n<p id=\"8956\" class=\"pw-post-body-paragraph km kn ev ko b kp kq kr ks kt ku kv kw kx ky kz la lb lc ld le lf lg lh li lj eo bj\" data-selectable-paragraph=\"\">Cancha: Estadio Cr. Jos\u00e9 Pedro Damiani.<\/p>\n<p id=\"2345\" class=\"pw-post-body-paragraph km kn ev ko b kp kq kr ks kt ku kv kw kx ky kz la lb lc ld le lf lg lh li lj eo bj\" data-selectable-paragraph=\"\">Posiciones en la Tabla Anual<\/p>\n<p id=\"20cb\" class=\"pw-post-body-paragraph km kn ev ko b kp kq kr ks kt ku kv kw kx ky kz la lb lc ld le lf lg lh li lj eo bj\" data-selectable-paragraph=\"\">1\u00b0 Torque 52 pts<\/p>\n<p id=\"4808\" class=\"pw-post-body-paragraph km kn ev ko b kp kq kr ks kt ku kv kw kx ky kz la lb lc ld le lf lg lh li lj eo bj\" data-selectable-paragraph=\"\"><strong class=\"ko ew\">8\u00b0 Pe\u00f1arol 35 pts <\/strong><em class=\"lk\">(3 partidos menos jugados)<\/em><\/p>\n<p id=\"0dce\" class=\"pw-post-body-paragraph km kn ev ko b kp kq kr ks kt ku kv kw kx ky kz la lb lc ld le lf lg lh li lj eo bj\" data-selectable-paragraph=\"\"><span style=\"color: #ffcc00;\"><strong>Sub 17<\/strong><\/span><\/p>\n<p id=\"e10d\" class=\"pw-post-body-paragraph km kn ev ko b kp kq kr ks kt ku kv kw kx ky kz la lb lc ld le lf lg lh li lj eo bj\" data-selectable-paragraph=\"\">Pe\u00f1arol 0 \u2014 Wanderers 1<\/p>\n<p id=\"7981\" class=\"pw-post-body-paragraph km kn ev ko b kp kq kr ks kt ku kv kw kx ky kz la lb lc ld le lf lg lh li lj eo bj\" data-selectable-paragraph=\"\">DT: Gonzalo Cigliuti<\/p>\n<p id=\"d38f\" class=\"pw-post-body-paragraph km kn ev ko b kp kq kr ks kt ku kv kw kx ky kz la lb lc ld le lf lg lh li lj eo bj\" data-selectable-paragraph=\"\">Formaci\u00f3n: 4\u20133\u20133<\/p>\n<p id=\"3b98\" class=\"pw-post-body-paragraph km kn ev ko b kp kq kr ks kt ku kv kw kx ky kz la lb lc ld le lf lg lh li lj eo bj\" data-selectable-paragraph=\"\">Leandro D\u00edaz; Ignacio Alegre, \u00d3scar Lombardi, Iker Ans\u00f3, Jhordan Ant\u00fanez (73\u00b4 Joaqu\u00edn Lavandeira); Amaro Sosa (45\u00b4 Mateo Mart\u00ednez), Braian Gonz\u00e1lez (73\u00b4 Franco Ghirardi), Mateo Ureta; Facundo Morales, Stiven Muhlethaler (45\u00b4 Mauro Skunca), Lucas Scarlatto (58\u00b4 Ignacio Charrutti).<\/p>\n<p id=\"3481\" class=\"pw-post-body-paragraph km kn ev ko b kp kq kr ks kt ku kv kw kx ky kz la lb lc ld le lf lg lh li lj eo bj\" data-selectable-paragraph=\"\">Banco: Mart\u00edn Almeida (GK), Thiago Burgos, Samuel Fag\u00fandez, Mat\u00edas Ramos, Lucas Bentos.<\/p>\n<p id=\"74a4\" class=\"pw-post-body-paragraph km kn ev ko b kp kq kr ks kt ku kv kw kx ky kz la lb lc ld le lf lg lh li lj eo bj\" data-selectable-paragraph=\"\">Cancha: Estadio Cr. Jos\u00e9 Pedro Damiani.<\/p>\n<p id=\"3996\" class=\"pw-post-body-paragraph km kn ev ko b kp kq kr ks kt ku kv kw kx ky kz la lb lc ld le lf lg lh li lj eo bj\" data-selectable-paragraph=\"\">Posiciones en la Tabla Anual<\/p>\n<p id=\"6da6\" class=\"pw-post-body-paragraph km kn ev ko b kp kq kr ks kt ku kv kw kx ky kz la lb lc ld le lf lg lh li lj eo bj\" data-selectable-paragraph=\"\">1\u00b0 Danubio 57 pts<\/p>\n<p id=\"dbb7\" class=\"pw-post-body-paragraph km kn ev ko b kp kq kr ks kt ku kv kw kx ky kz la lb lc ld le lf lg lh li lj eo bj\" data-selectable-paragraph=\"\"><strong class=\"ko ew\">5\u00b0 Pe\u00f1arol 45 pts<\/strong><\/p>\n<p id=\"eb18\" class=\"pw-post-body-paragraph km kn ev ko b kp kq kr ks kt ku kv kw kx ky kz la lb lc ld le lf lg lh li lj eo bj\" data-selectable-paragraph=\"\"><span style=\"color: #ffcc00;\"><strong>Sub 16<\/strong><\/span><\/p>\n<p id=\"3dff\" class=\"pw-post-body-paragraph km kn ev ko b kp kq kr ks kt ku kv kw kx ky kz la lb lc ld le lf lg lh li lj eo bj\" data-selectable-paragraph=\"\">Pe\u00f1arol 2 \u2014 Wanderers 1<\/p>\n<p id=\"41e5\" class=\"pw-post-body-paragraph km kn ev ko b kp kq kr ks kt ku kv kw kx ky kz la lb lc ld le lf lg lh li lj eo bj\" data-selectable-paragraph=\"\">DT: Gabriel Marzoa<\/p>\n<p id=\"b69b\" class=\"pw-post-body-paragraph km kn ev ko b kp kq kr ks kt ku kv kw kx ky kz la lb lc ld le lf lg lh li lj eo bj\" data-selectable-paragraph=\"\">Formaci\u00f3n: 4\u20133\u20133<\/p>\n<p id=\"c93f\" class=\"pw-post-body-paragraph km kn ev ko b kp kq kr ks kt ku kv kw kx ky kz la lb lc ld le lf lg lh li lj eo bj\" data-selectable-paragraph=\"\">Julen Ans\u00f3; Bruno Pereira (78\u00b4 Ezequiel Torres), Ignacio Mart\u00ednez, Federico de los Santos, Alexander Abalo; Thiago Calero (67\u00b4 Mateo P\u00e9rez), Benjam\u00edn Torres, Germ\u00e1n Barbas; Franco Su\u00e1rez (67\u00b4 Gabriel Ben\u00edtez), Brandon \u00c1lvarez (67\u00b4 Santiago Bassadone), Felipe Barrenechea.<\/p>\n<p id=\"2126\" class=\"pw-post-body-paragraph km kn ev ko b kp kq kr ks kt ku kv kw kx ky kz la lb lc ld le lf lg lh li lj eo bj\" data-selectable-paragraph=\"\">Banco: Emilio Irureta (GK), Joaqu\u00edn Pastorini, Ignacio Castello, Rodrigo \u00c1lvez, Gonzalo Ru\u00edz, Lucas Salinas.<\/p>\n<p id=\"e49c\" class=\"pw-post-body-paragraph km kn ev ko b kp kq kr ks kt ku kv kw kx ky kz la lb lc ld le lf lg lh li lj eo bj\" data-selectable-paragraph=\"\">Goles: Benjam\u00edn Torres, Felipe Barrenechea.<\/p>\n<p id=\"a9b2\" class=\"pw-post-body-paragraph km kn ev ko b kp kq kr ks kt ku kv kw kx ky kz la lb lc ld le lf lg lh li lj eo bj\" data-selectable-paragraph=\"\">Cancha: Estadio Cr. Jos\u00e9 Pedro Damiani.<\/p>\n<p id=\"68d1\" class=\"pw-post-body-paragraph km kn ev ko b kp kq kr ks kt ku kv kw kx ky kz la lb lc ld le lf lg lh li lj eo bj\" data-selectable-paragraph=\"\">Posiciones en la Tabla Anual<\/p>\n<p id=\"2f07\" class=\"pw-post-body-paragraph km kn ev ko b kp kq kr ks kt ku kv kw kx ky kz la lb lc ld le lf lg lh li lj eo bj\" data-selectable-paragraph=\"\"><strong class=\"ko ew\">1\u00b0 Pe\u00f1arol 61pts<\/strong><\/p>\n<p id=\"7861\" class=\"pw-post-body-paragraph km kn ev ko b kp kq kr ks kt ku kv kw kx ky kz la lb lc ld le lf lg lh li lj eo bj\" data-selectable-paragraph=\"\">2\u00b0 Nacional 60 pts <em class=\"lk\">(1 partido menos jugado)<\/em><\/p>\n<p id=\"7aab\" class=\"pw-post-body-paragraph km kn ev ko b kp kq kr ks kt ku kv kw kx ky kz la lb lc ld le lf lg lh li lj eo bj\" data-selectable-paragraph=\"\">3\u00b0 Defensor Sporting 58 pts<\/p>\n<p id=\"e149\" class=\"pw-post-body-paragraph km kn ev ko b kp kq kr ks kt ku kv kw kx ky kz la lb lc ld le lf lg lh li lj eo bj\" data-selectable-paragraph=\"\"><span style=\"color: #ffcc00;\"><strong>Sub 15<\/strong><\/span><\/p>\n<p id=\"0a0d\" class=\"pw-post-body-paragraph km kn ev ko b kp kq kr ks kt ku kv kw kx ky kz la lb lc ld le lf lg lh li lj eo bj\" data-selectable-paragraph=\"\">Pe\u00f1arol 1 \u2014 Wanderers 0<\/p>\n<p id=\"293e\" class=\"pw-post-body-paragraph km kn ev ko b kp kq kr ks kt ku kv kw kx ky kz la lb lc ld le lf lg lh li lj eo bj\" data-selectable-paragraph=\"\">DT: Carlos Umpi\u00e9rrez.<\/p>\n<p id=\"9db6\" class=\"pw-post-body-paragraph km kn ev ko b kp kq kr ks kt ku kv kw kx ky kz la lb lc ld le lf lg lh li lj eo bj\" data-selectable-paragraph=\"\">Formaci\u00f3n: 4\u20132\u20133\u20131<\/p>\n<p id=\"f91e\" class=\"pw-post-body-paragraph km kn ev ko b kp kq kr ks kt ku kv kw kx ky kz la lb lc ld le lf lg lh li lj eo bj\" data-selectable-paragraph=\"\">Paulo Da Costa; Facundo Ben\u00edtez, Michael Flores, Thiago Luthar, Jonathan P\u00e9rez; Matheo Ehlers, Thiago Blanco; Thiago P\u00edriz (76\u00b4 Felipe Balbuena), Lautaro Larrosa (85\u00b4 Lucas Rodr\u00edguez), Estevan Pereyra; Dilan Ilarraz (65\u00b4 Renzo Cupla).<\/p>\n<p id=\"c9c0\" class=\"pw-post-body-paragraph km kn ev ko b kp kq kr ks kt ku kv kw kx ky kz la lb lc ld le lf lg lh li lj eo bj\" data-selectable-paragraph=\"\">Banco: Bruno Vega (GK), Juan Zabala, Facundo \u00c1lvarez, Fabricio Tejeira, Marco Hortiguera, Thiago Silva.<\/p>\n<p id=\"dcab\" class=\"pw-post-body-paragraph km kn ev ko b kp kq kr ks kt ku kv kw kx ky kz la lb lc ld le lf lg lh li lj eo bj\" data-selectable-paragraph=\"\">Gol: Lautaro Larrosa.<\/p>\n<p id=\"2181\" class=\"pw-post-body-paragraph km kn ev ko b kp kq kr ks kt ku kv kw kx ky kz la lb lc ld le lf lg lh li lj eo bj\" data-selectable-paragraph=\"\">Cancha: Complejo Devoto.<\/p>\n<p id=\"dc61\" class=\"pw-post-body-paragraph km kn ev ko b kp kq kr ks kt ku kv kw kx ky kz la lb lc ld le lf lg lh li lj eo bj\" data-selectable-paragraph=\"\">Posiciones en la Tabla Anual<\/p>\n<p id=\"ee86\" class=\"pw-post-body-paragraph km kn ev ko b kp kq kr ks kt ku kv kw kx ky kz la lb lc ld le lf lg lh li lj eo bj\" data-selectable-paragraph=\"\">1\u00b0 Defensor Sporting 59 pts<\/p>\n<p id=\"7d96\" class=\"pw-post-body-paragraph km kn ev ko b kp kq kr ks kt ku kv kw kx ky kz la lb lc ld le lf lg lh li lj eo bj\" data-selectable-paragraph=\"\"><strong class=\"ko ew\">2\u00b0 Pe\u00f1arol 59 pts<\/strong><\/p>\n<p id=\"e4ae\" class=\"pw-post-body-paragraph km kn ev ko b kp kq kr ks kt ku kv kw kx ky kz la lb lc ld le lf lg lh li lj eo bj\" data-selectable-paragraph=\"\"><strong><span style=\"color: #ffcc00;\">Sub 14<\/span><\/strong><\/p>\n<p id=\"2a64\" class=\"pw-post-body-paragraph km kn ev ko b kp kq kr ks kt ku kv kw kx ky kz la lb lc ld le lf lg lh li lj eo bj\" data-selectable-paragraph=\"\">Pe\u00f1arol 0 \u2014 Wanderers 1<\/p>\n<p id=\"163e\" class=\"pw-post-body-paragraph km kn ev ko b kp kq kr ks kt ku kv kw kx ky kz la lb lc ld le lf lg lh li lj eo bj\" data-selectable-paragraph=\"\">DT: \u00c1lvaro Denis.<\/p>\n<p id=\"9550\" class=\"pw-post-body-paragraph km kn ev ko b kp kq kr ks kt ku kv kw kx ky kz la lb lc ld le lf lg lh li lj eo bj\" data-selectable-paragraph=\"\">Formaci\u00f3n: 4\u20133\u20133<\/p>\n<p id=\"d537\" class=\"pw-post-body-paragraph km kn ev ko b kp kq kr ks kt ku kv kw kx ky kz la lb lc ld le lf lg lh li lj eo bj\" data-selectable-paragraph=\"\">Mateo D\u00edaz; Braian L\u00f3pez, Gabriel Da Silva, Thiago Servente, Bautista S\u00e1nchez; Valentino Viera, Bruno La Cava (70\u00b4 Thiago Devitta), Agust\u00edn P\u00e9rez (82\u00b4 Benjam\u00edn Cupla); Dahel Guedes (82\u00b4 Lucas Pereira), Rodrigo Pintos (70\u00b4 Joaqu\u00edn Bicera), Facundo Mart\u00ednez (62\u00b4 Thiago Uran).<\/p>\n<p id=\"4940\" class=\"pw-post-body-paragraph km kn ev ko b kp kq kr ks kt ku kv kw kx ky kz la lb lc ld le lf lg lh li lj eo bj\" data-selectable-paragraph=\"\">Banco: Camilo Bassi (GK), Santiago Da Silva, Bautista Morales, Eduardo Franco, Aron M\u00e9ndez.<\/p>\n<p id=\"6316\" class=\"pw-post-body-paragraph km kn ev ko b kp kq kr ks kt ku kv kw kx ky kz la lb lc ld le lf lg lh li lj eo bj\" data-selectable-paragraph=\"\">Cancha: Complejo Devoto.<\/p>\n<p id=\"f6f0\" class=\"pw-post-body-paragraph km kn ev ko b kp kq kr ks kt ku kv kw kx ky kz la lb lc ld le lf lg lh li lj eo bj\" data-selectable-paragraph=\"\">Posiciones en la Tabla Anual<\/p>\n<p id=\"f427\" class=\"pw-post-body-paragraph km kn ev ko b kp kq kr ks kt ku kv kw kx ky kz la lb lc ld le lf lg lh li lj eo bj\" data-selectable-paragraph=\"\">1\u00b0 Defensor 63 pts<\/p>\n<p id=\"b8b1\" class=\"pw-post-body-paragraph km kn ev ko b kp kq kr ks kt ku kv kw kx ky kz la lb lc ld le lf lg lh li lj eo bj\" data-selectable-paragraph=\"\"><strong class=\"ko ew\">5\u00b0 Pe\u00f1arol 48 pts<\/strong><\/p>\n<p data-selectable-paragraph=\"\"><strong>Matias Batista\u00a0<\/strong><\/p>\n","protected":false},"excerpt":{"rendered":"<p>Pe\u00f1arol retorn\u00f3 luego de dos semanas a la actividad en formativas, enfrentando el fin de semana pasado a Wanderers por la cuarta fecha del Torneo Clausura de Juveniles A, obteniendo 6 puntos de 15 posibles. El aurinegro se encuentra actualmente 3\u00b0 en la Tabla General Acumulada de juveniles con 248 puntos (debe a\u00fan jugar 3 [&hellip;]<\/p>\n","protected":false},"author":27,"featured_media":80560,"comment_status":"open","ping_status":"closed","sticky":false,"template":"","format":"standard","meta":{"footnotes":""},"categories":[40],"tags":[],"yoast_head":"<!-- This site is optimized with the Yoast SEO plugin v23.2 - https:\/\/yoast.com\/wordpress\/plugins\/seo\/ -->\n<title>6 de 15 puntos ante Wanderers - Padre y Decano - El Sitio del Pueblo<\/title>\n<meta name=\"robots\" content=\"index, follow, max-snippet:-1, max-image-preview:large, max-video-preview:-1\" \/>\n<link rel=\"canonical\" href=\"https:\/\/www.padreydecano.com\/cms\/formativas\/6-de-15-puntos-ante-wanderers\/\" \/>\n<meta property=\"og:locale\" content=\"es_ES\" \/>\n<meta property=\"og:type\" content=\"article\" \/>\n<meta property=\"og:title\" content=\"6 de 15 puntos ante Wanderers - Padre y Decano - El Sitio del Pueblo\" \/>\n<meta property=\"og:description\" content=\"Pe\u00f1arol retorn\u00f3 luego de dos semanas a la actividad en formativas, enfrentando el fin de semana pasado a Wanderers por la cuarta fecha del Torneo Clausura de Juveniles A, obteniendo 6 puntos de 15 posibles. El aurinegro se encuentra actualmente 3\u00b0 en la Tabla General Acumulada de juveniles con 248 puntos (debe a\u00fan jugar 3 [&hellip;]\" \/>\n<meta property=\"og:url\" content=\"https:\/\/www.padreydecano.com\/cms\/formativas\/6-de-15-puntos-ante-wanderers\/\" \/>\n<meta property=\"og:site_name\" content=\"Padre y Decano - El Sitio del Pueblo\" \/>\n<meta property=\"article:published_time\" content=\"2023-08-03T02:33:36+00:00\" \/>\n<meta property=\"article:modified_time\" content=\"2023-08-07T13:19:58+00:00\" \/>\n<meta property=\"og:image\" content=\"https:\/\/www.padreydecano.com\/cms\/wp-content\/uploads\/2023\/08\/IMG_2132.jpeg\" \/>\n\t<meta property=\"og:image:width\" content=\"1549\" \/>\n\t<meta property=\"og:image:height\" content=\"1032\" \/>\n\t<meta property=\"og:image:type\" content=\"image\/jpeg\" \/>\n<meta name=\"author\" content=\"Redactores Padre y Decano\" \/>\n<meta name=\"twitter:card\" content=\"summary_large_image\" \/>\n<meta name=\"twitter:label1\" content=\"Escrito por\" \/>\n\t<meta name=\"twitter:data1\" content=\"Redactores Padre y Decano\" \/>\n\t<meta name=\"twitter:label2\" content=\"Tiempo de lectura\" \/>\n\t<meta name=\"twitter:data2\" content=\"3 minutos\" \/>\n<script type=\"application\/ld+json\" class=\"yoast-schema-graph\">{\"@context\":\"https:\/\/schema.org\",\"@graph\":[{\"@type\":\"Article\",\"@id\":\"https:\/\/www.padreydecano.com\/cms\/formativas\/6-de-15-puntos-ante-wanderers\/#article\",\"isPartOf\":{\"@id\":\"https:\/\/www.padreydecano.com\/cms\/formativas\/6-de-15-puntos-ante-wanderers\/\"},\"author\":{\"name\":\"Redactores Padre y Decano\",\"@id\":\"https:\/\/www.padreydecano.com\/cms\/#\/schema\/person\/37aae8f93aa78e4c5385497f056e3246\"},\"headline\":\"6 de 15 puntos ante Wanderers\",\"datePublished\":\"2023-08-03T02:33:36+00:00\",\"dateModified\":\"2023-08-07T13:19:58+00:00\",\"mainEntityOfPage\":{\"@id\":\"https:\/\/www.padreydecano.com\/cms\/formativas\/6-de-15-puntos-ante-wanderers\/\"},\"wordCount\":504,\"commentCount\":3,\"publisher\":{\"@id\":\"https:\/\/www.padreydecano.com\/cms\/#organization\"},\"image\":{\"@id\":\"https:\/\/www.padreydecano.com\/cms\/formativas\/6-de-15-puntos-ante-wanderers\/#primaryimage\"},\"thumbnailUrl\":\"https:\/\/www.padreydecano.com\/cms\/wp-content\/uploads\/2023\/08\/IMG_2132.jpeg\",\"articleSection\":[\"Formativas\"],\"inLanguage\":\"es\",\"potentialAction\":[{\"@type\":\"CommentAction\",\"name\":\"Comment\",\"target\":[\"https:\/\/www.padreydecano.com\/cms\/formativas\/6-de-15-puntos-ante-wanderers\/#respond\"]}]},{\"@type\":\"WebPage\",\"@id\":\"https:\/\/www.padreydecano.com\/cms\/formativas\/6-de-15-puntos-ante-wanderers\/\",\"url\":\"https:\/\/www.padreydecano.com\/cms\/formativas\/6-de-15-puntos-ante-wanderers\/\",\"name\":\"6 de 15 puntos ante Wanderers - Padre y Decano - El Sitio del Pueblo\",\"isPartOf\":{\"@id\":\"https:\/\/www.padreydecano.com\/cms\/#website\"},\"primaryImageOfPage\":{\"@id\":\"https:\/\/www.padreydecano.com\/cms\/formativas\/6-de-15-puntos-ante-wanderers\/#primaryimage\"},\"image\":{\"@id\":\"https:\/\/www.padreydecano.com\/cms\/formativas\/6-de-15-puntos-ante-wanderers\/#primaryimage\"},\"thumbnailUrl\":\"https:\/\/www.padreydecano.com\/cms\/wp-content\/uploads\/2023\/08\/IMG_2132.jpeg\",\"datePublished\":\"2023-08-03T02:33:36+00:00\",\"dateModified\":\"2023-08-07T13:19:58+00:00\",\"breadcrumb\":{\"@id\":\"https:\/\/www.padreydecano.com\/cms\/formativas\/6-de-15-puntos-ante-wanderers\/#breadcrumb\"},\"inLanguage\":\"es\",\"potentialAction\":[{\"@type\":\"ReadAction\",\"target\":[\"https:\/\/www.padreydecano.com\/cms\/formativas\/6-de-15-puntos-ante-wanderers\/\"]}]},{\"@type\":\"ImageObject\",\"inLanguage\":\"es\",\"@id\":\"https:\/\/www.padreydecano.com\/cms\/formativas\/6-de-15-puntos-ante-wanderers\/#primaryimage\",\"url\":\"https:\/\/www.padreydecano.com\/cms\/wp-content\/uploads\/2023\/08\/IMG_2132.jpeg\",\"contentUrl\":\"https:\/\/www.padreydecano.com\/cms\/wp-content\/uploads\/2023\/08\/IMG_2132.jpeg\",\"width\":1549,\"height\":1032},{\"@type\":\"BreadcrumbList\",\"@id\":\"https:\/\/www.padreydecano.com\/cms\/formativas\/6-de-15-puntos-ante-wanderers\/#breadcrumb\",\"itemListElement\":[{\"@type\":\"ListItem\",\"position\":1,\"name\":\"Portada\",\"item\":\"https:\/\/www.padreydecano.com\/cms\/\"},{\"@type\":\"ListItem\",\"position\":2,\"name\":\"6 de 15 puntos ante Wanderers\"}]},{\"@type\":\"WebSite\",\"@id\":\"https:\/\/www.padreydecano.com\/cms\/#website\",\"url\":\"https:\/\/www.padreydecano.com\/cms\/\",\"name\":\"Padre y Decano - El Sitio del Pueblo\",\"description\":\"Club Atl\u00e9tico Pe\u00f1arol\",\"publisher\":{\"@id\":\"https:\/\/www.padreydecano.com\/cms\/#organization\"},\"potentialAction\":[{\"@type\":\"SearchAction\",\"target\":{\"@type\":\"EntryPoint\",\"urlTemplate\":\"https:\/\/www.padreydecano.com\/cms\/?s={search_term_string}\"},\"query-input\":\"required name=search_term_string\"}],\"inLanguage\":\"es\"},{\"@type\":\"Organization\",\"@id\":\"https:\/\/www.padreydecano.com\/cms\/#organization\",\"name\":\"Padre y Decano\",\"url\":\"https:\/\/www.padreydecano.com\/cms\/\",\"logo\":{\"@type\":\"ImageObject\",\"inLanguage\":\"es\",\"@id\":\"https:\/\/www.padreydecano.com\/cms\/#\/schema\/logo\/image\/\",\"url\":\"https:\/\/www.padreydecano.com\/cms\/wp-content\/uploads\/2022\/01\/avatar-square.png\",\"contentUrl\":\"https:\/\/www.padreydecano.com\/cms\/wp-content\/uploads\/2022\/01\/avatar-square.png\",\"width\":1500,\"height\":1500,\"caption\":\"Padre y Decano\"},\"image\":{\"@id\":\"https:\/\/www.padreydecano.com\/cms\/#\/schema\/logo\/image\/\"}},{\"@type\":\"Person\",\"@id\":\"https:\/\/www.padreydecano.com\/cms\/#\/schema\/person\/37aae8f93aa78e4c5385497f056e3246\",\"name\":\"Redactores Padre y Decano\",\"image\":{\"@type\":\"ImageObject\",\"inLanguage\":\"es\",\"@id\":\"https:\/\/www.padreydecano.com\/cms\/#\/schema\/person\/image\/\",\"url\":\"https:\/\/secure.gravatar.com\/avatar\/8810c4b9081192b118b104af54549af8?s=96&d=https%3A%2F%2Fpadreydecano.com%2Fcms%2Fwp-content%2Fthemes%2Fpyd-theme%2Fimg%2Fdefault-avatar.png&r=g\",\"contentUrl\":\"https:\/\/secure.gravatar.com\/avatar\/8810c4b9081192b118b104af54549af8?s=96&d=https%3A%2F%2Fpadreydecano.com%2Fcms%2Fwp-content%2Fthemes%2Fpyd-theme%2Fimg%2Fdefault-avatar.png&r=g\",\"caption\":\"Redactores Padre y Decano\"},\"sameAs\":[\"http:\/\/www.padreydecano.com\"]}]}<\/script>\n<!-- \/ Yoast SEO plugin. -->","yoast_head_json":{"title":"6 de 15 puntos ante Wanderers - Padre y Decano - El Sitio del Pueblo","robots":{"index":"index","follow":"follow","max-snippet":"max-snippet:-1","max-image-preview":"max-image-preview:large","max-video-preview":"max-video-preview:-1"},"canonical":"https:\/\/www.padreydecano.com\/cms\/formativas\/6-de-15-puntos-ante-wanderers\/","og_locale":"es_ES","og_type":"article","og_title":"6 de 15 puntos ante Wanderers - Padre y Decano - El Sitio del Pueblo","og_description":"Pe\u00f1arol retorn\u00f3 luego de dos semanas a la actividad en formativas, enfrentando el fin de semana pasado a Wanderers por la cuarta fecha del Torneo Clausura de Juveniles A, obteniendo 6 puntos de 15 posibles. El aurinegro se encuentra actualmente 3\u00b0 en la Tabla General Acumulada de juveniles con 248 puntos (debe a\u00fan jugar 3 [&hellip;]","og_url":"https:\/\/www.padreydecano.com\/cms\/formativas\/6-de-15-puntos-ante-wanderers\/","og_site_name":"Padre y Decano - El Sitio del Pueblo","article_published_time":"2023-08-03T02:33:36+00:00","article_modified_time":"2023-08-07T13:19:58+00:00","og_image":[{"width":1549,"height":1032,"url":"https:\/\/www.padreydecano.com\/cms\/wp-content\/uploads\/2023\/08\/IMG_2132.jpeg","type":"image\/jpeg"}],"author":"Redactores Padre y Decano","twitter_card":"summary_large_image","twitter_misc":{"Escrito por":"Redactores Padre y Decano","Tiempo de lectura":"3 minutos"},"schema":{"@context":"https:\/\/schema.org","@graph":[{"@type":"Article","@id":"https:\/\/www.padreydecano.com\/cms\/formativas\/6-de-15-puntos-ante-wanderers\/#article","isPartOf":{"@id":"https:\/\/www.padreydecano.com\/cms\/formativas\/6-de-15-puntos-ante-wanderers\/"},"author":{"name":"Redactores Padre y Decano","@id":"https:\/\/www.padreydecano.com\/cms\/#\/schema\/person\/37aae8f93aa78e4c5385497f056e3246"},"headline":"6 de 15 puntos ante Wanderers","datePublished":"2023-08-03T02:33:36+00:00","dateModified":"2023-08-07T13:19:58+00:00","mainEntityOfPage":{"@id":"https:\/\/www.padreydecano.com\/cms\/formativas\/6-de-15-puntos-ante-wanderers\/"},"wordCount":504,"commentCount":3,"publisher":{"@id":"https:\/\/www.padreydecano.com\/cms\/#organization"},"image":{"@id":"https:\/\/www.padreydecano.com\/cms\/formativas\/6-de-15-puntos-ante-wanderers\/#primaryimage"},"thumbnailUrl":"https:\/\/www.padreydecano.com\/cms\/wp-content\/uploads\/2023\/08\/IMG_2132.jpeg","articleSection":["Formativas"],"inLanguage":"es","potentialAction":[{"@type":"CommentAction","name":"Comment","target":["https:\/\/www.padreydecano.com\/cms\/formativas\/6-de-15-puntos-ante-wanderers\/#respond"]}]},{"@type":"WebPage","@id":"https:\/\/www.padreydecano.com\/cms\/formativas\/6-de-15-puntos-ante-wanderers\/","url":"https:\/\/www.padreydecano.com\/cms\/formativas\/6-de-15-puntos-ante-wanderers\/","name":"6 de 15 puntos ante Wanderers - Padre y Decano - El Sitio del Pueblo","isPartOf":{"@id":"https:\/\/www.padreydecano.com\/cms\/#website"},"primaryImageOfPage":{"@id":"https:\/\/www.padreydecano.com\/cms\/formativas\/6-de-15-puntos-ante-wanderers\/#primaryimage"},"image":{"@id":"https:\/\/www.padreydecano.com\/cms\/formativas\/6-de-15-puntos-ante-wanderers\/#primaryimage"},"thumbnailUrl":"https:\/\/www.padreydecano.com\/cms\/wp-content\/uploads\/2023\/08\/IMG_2132.jpeg","datePublished":"2023-08-03T02:33:36+00:00","dateModified":"2023-08-07T13:19:58+00:00","breadcrumb":{"@id":"https:\/\/www.padreydecano.com\/cms\/formativas\/6-de-15-puntos-ante-wanderers\/#breadcrumb"},"inLanguage":"es","potentialAction":[{"@type":"ReadAction","target":["https:\/\/www.padreydecano.com\/cms\/formativas\/6-de-15-puntos-ante-wanderers\/"]}]},{"@type":"ImageObject","inLanguage":"es","@id":"https:\/\/www.padreydecano.com\/cms\/formativas\/6-de-15-puntos-ante-wanderers\/#primaryimage","url":"https:\/\/www.padreydecano.com\/cms\/wp-content\/uploads\/2023\/08\/IMG_2132.jpeg","contentUrl":"https:\/\/www.padreydecano.com\/cms\/wp-content\/uploads\/2023\/08\/IMG_2132.jpeg","width":1549,"height":1032},{"@type":"BreadcrumbList","@id":"https:\/\/www.padreydecano.com\/cms\/formativas\/6-de-15-puntos-ante-wanderers\/#breadcrumb","itemListElement":[{"@type":"ListItem","position":1,"name":"Portada","item":"https:\/\/www.padreydecano.com\/cms\/"},{"@type":"ListItem","position":2,"name":"6 de 15 puntos ante Wanderers"}]},{"@type":"WebSite","@id":"https:\/\/www.padreydecano.com\/cms\/#website","url":"https:\/\/www.padreydecano.com\/cms\/","name":"Padre y Decano - El Sitio del Pueblo","description":"Club Atl\u00e9tico Pe\u00f1arol","publisher":{"@id":"https:\/\/www.padreydecano.com\/cms\/#organization"},"potentialAction":[{"@type":"SearchAction","target":{"@type":"EntryPoint","urlTemplate":"https:\/\/www.padreydecano.com\/cms\/?s={search_term_string}"},"query-input":"required name=search_term_string"}],"inLanguage":"es"},{"@type":"Organization","@id":"https:\/\/www.padreydecano.com\/cms\/#organization","name":"Padre y Decano","url":"https:\/\/www.padreydecano.com\/cms\/","logo":{"@type":"ImageObject","inLanguage":"es","@id":"https:\/\/www.padreydecano.com\/cms\/#\/schema\/logo\/image\/","url":"https:\/\/www.padreydecano.com\/cms\/wp-content\/uploads\/2022\/01\/avatar-square.png","contentUrl":"https:\/\/www.padreydecano.com\/cms\/wp-content\/uploads\/2022\/01\/avatar-square.png","width":1500,"height":1500,"caption":"Padre y Decano"},"image":{"@id":"https:\/\/www.padreydecano.com\/cms\/#\/schema\/logo\/image\/"}},{"@type":"Person","@id":"https:\/\/www.padreydecano.com\/cms\/#\/schema\/person\/37aae8f93aa78e4c5385497f056e3246","name":"Redactores Padre y Decano","image":{"@type":"ImageObject","inLanguage":"es","@id":"https:\/\/www.padreydecano.com\/cms\/#\/schema\/person\/image\/","url":"https:\/\/secure.gravatar.com\/avatar\/8810c4b9081192b118b104af54549af8?s=96&d=https%3A%2F%2Fpadreydecano.com%2Fcms%2Fwp-content%2Fthemes%2Fpyd-theme%2Fimg%2Fdefault-avatar.png&r=g","contentUrl":"https:\/\/secure.gravatar.com\/avatar\/8810c4b9081192b118b104af54549af8?s=96&d=https%3A%2F%2Fpadreydecano.com%2Fcms%2Fwp-content%2Fthemes%2Fpyd-theme%2Fimg%2Fdefault-avatar.png&r=g","caption":"Redactores Padre y Decano"},"sameAs":["http:\/\/www.padreydecano.com"]}]}},"_links":{"self":[{"href":"https:\/\/www.padreydecano.com\/cms\/wp-json\/wp\/v2\/posts\/80559"}],"collection":[{"href":"https:\/\/www.padreydecano.com\/cms\/wp-json\/wp\/v2\/posts"}],"about":[{"href":"https:\/\/www.padreydecano.com\/cms\/wp-json\/wp\/v2\/types\/post"}],"author":[{"embeddable":true,"href":"https:\/\/www.padreydecano.com\/cms\/wp-json\/wp\/v2\/users\/27"}],"replies":[{"embeddable":true,"href":"https:\/\/www.padreydecano.com\/cms\/wp-json\/wp\/v2\/comments?post=80559"}],"version-history":[{"count":0,"href":"https:\/\/www.padreydecano.com\/cms\/wp-json\/wp\/v2\/posts\/80559\/revisions"}],"wp:featuredmedia":[{"embeddable":true,"href":"https:\/\/www.padreydecano.com\/cms\/wp-json\/wp\/v2\/media\/80560"}],"wp:attachment":[{"href":"https:\/\/www.padreydecano.com\/cms\/wp-json\/wp\/v2\/media?parent=80559"}],"wp:term":[{"taxonomy":"category","embeddable":true,"href":"https:\/\/www.padreydecano.com\/cms\/wp-json\/wp\/v2\/categories?post=80559"},{"taxonomy":"post_tag","embeddable":true,"href":"https:\/\/www.padreydecano.com\/cms\/wp-json\/wp\/v2\/tags?post=80559"}],"curies":[{"name":"wp","href":"https:\/\/api.w.org\/{rel}","templated":true}]}}