{"id":80530,"date":"2023-07-13T20:18:19","date_gmt":"2023-07-13T23:18:19","guid":{"rendered":"https:\/\/www.padreydecano.com\/cms\/?p=80530"},"modified":"2023-07-14T14:57:13","modified_gmt":"2023-07-14T17:57:13","slug":"no-se-pudo","status":"publish","type":"post","link":"https:\/\/www.padreydecano.com\/cms\/formativas\/no-se-pudo\/","title":{"rendered":"No se pudo"},"content":{"rendered":"<p><img loading=\"lazy\" decoding=\"async\" class=\"alignnone size-medium wp-image-80531\" src=\"https:\/\/www.padreydecano.com\/cms\/wp-content\/uploads\/2023\/07\/IMG_1798-800x533.jpeg\" alt=\"\" width=\"800\" height=\"533\" srcset=\"https:\/\/www.padreydecano.com\/cms\/wp-content\/uploads\/2023\/07\/IMG_1798-800x533.jpeg 800w, https:\/\/www.padreydecano.com\/cms\/wp-content\/uploads\/2023\/07\/IMG_1798-1280x853.jpeg 1280w, https:\/\/www.padreydecano.com\/cms\/wp-content\/uploads\/2023\/07\/IMG_1798-768x512.jpeg 768w, https:\/\/www.padreydecano.com\/cms\/wp-content\/uploads\/2023\/07\/IMG_1798-1536x1023.jpeg 1536w, https:\/\/www.padreydecano.com\/cms\/wp-content\/uploads\/2023\/07\/IMG_1798-300x200.jpeg 300w, https:\/\/www.padreydecano.com\/cms\/wp-content\/uploads\/2023\/07\/IMG_1798-128x85.jpeg 128w, https:\/\/www.padreydecano.com\/cms\/wp-content\/uploads\/2023\/07\/IMG_1798-32x21.jpeg 32w, https:\/\/www.padreydecano.com\/cms\/wp-content\/uploads\/2023\/07\/IMG_1798.jpeg 2047w\" sizes=\"(max-width: 800px) 100vw, 800px\" \/><\/p>\n<p><strong>Pe\u00f1arol cay\u00f3 1 a 0 ante Boca Juniors en las semifinales de la Copa Libertadores Sub 20. El decano no pudo cumplir el sue\u00f1o del bicampeonato. El domingo se jugar\u00e1 el partido por el tercer puesto.<\/strong><\/p>\n<p>Luego de realizar una enorme fase de grupos, derrotando 5 a 1 a Caracas, 4 a 1 a Alianza Lima y 2 a 1 a O&#8217;Higgins, el carbonero se enfrent\u00f3 a Boca en las semifinales del torneo continental m\u00e1s importante a nivel juvenil.<\/p>\n<p><strong>Luciano Barbosa form\u00f3 con:<\/strong> Randall Rodr\u00edguez; Joaqu\u00edn Ferreira (73\u2019 Mateus Pureza), Agust\u00edn Rodr\u00edguez, Faustino Fern\u00e1ndez, Math\u00edas De Ritis; Nahuel De Armas, Santiago Homenchenko (73\u2019 Leandro Umpi\u00e9rrez), Mateo Carrizo, Franco Correa (61\u2019 Thiago Espinosa); Pablo Nongoy (85\u2019 Agust\u00edn \u201cPipa\u201d Rodr\u00edguez) y Santiago D\u00edaz.<\/p>\n<p><strong>Banco:<\/strong> Kevin Morgan, Andr\u00e9s Madruga, Nahuel Herrera, Lorenzo Couture y Sebasti\u00e1n Camacho.<\/p>\n<p><span style=\"color: #ffcc00;\"><strong>Partido<\/strong><\/span><\/p>\n<p>A Pe\u00f1arol le cost\u00f3 acomodarse en la cancha, pese a que por momentos se adue\u00f1\u00f3 de la pelota, no logr\u00f3 generar circuitos de juego y le cost\u00f3 mucho llegar al arco rival.<\/p>\n<p>Por su parte, el equipo argentino se not\u00f3 mejor f\u00edsicamente, m\u00e1s aceitado en el juego y fue quien gener\u00f3 m\u00e1s peligro durante el encuentro.<\/p>\n<p>En el tiempo a\u00f1adido y cuando el partido ya se iba al descanso, Mauricio Ben\u00edtez prob\u00f3 de afuera del \u00e1rea venciendo a Randall Rodr\u00edguez, anotando un golazo que ser\u00eda el \u00fanico tanto del partido.<\/p>\n<p>Pese a que la diferencia era m\u00ednima, no se not\u00f3 que Pe\u00f1arol estuviera cerca del empate. Una volea de De Armas que contuvo el golero xeneize en el inicio del complemento y otro intento del atacante cuando ya pas\u00f3 la hora de juego que volvi\u00f3 a contener el argentino fue lo destacado en la delantera por parte del aurinegro.<\/p>\n<p>Boca tuvo el intento de Rom\u00e1n Rodr\u00edguez desde la medialuna que contuvo de buena manera Randall y posteriormente una llegada de R\u00edos por la banda izquierda que volvi\u00f3 a impedir el meta mirasol en el cierre del encuentro.<\/p>\n<p>Pe\u00f1arol cay\u00f3 ante el xeneize y no podr\u00e1 cumplir el sue\u00f1o del bicampeonato. Pese a la derrota, el decano volvi\u00f3 a tener una buena participaci\u00f3n internacional, cerrando la misma el pr\u00f3ximo domingo enfrentando al perdedor de Independiente del Valle o Cerro Porte\u00f1o por el tercer o cuarto puesto.<\/p>\n<p>Hay material importante pensando en el primer equipo del aurinegro. Jugadores con puntos altos, que son campeones juveniles en el \u00e1mbito local, de Am\u00e9rica e incluso del mundo con la selecci\u00f3n uruguaya. Varios de ellos merecen su oportunidad de demostrar en primera divisi\u00f3n.<\/p>\n<div class=\"user-wrapper\"><a class=\"userlink\"href=\"https:\/\/twitter.com\/ftrucce18\" target=\"_blank\"><figure><img decoding=\"async\" src=\"http:\/\/www.padreydecano.com\/cms\/wp-users-files\/postfirmas\/ftrucce.jpg\" \/><\/figure><p class=\"user\"><strong>Franco Trucce<\/strong><br \/>@FTrucce18<\/p><\/a><\/div>\n","protected":false},"excerpt":{"rendered":"<p>Pe\u00f1arol cay\u00f3 1 a 0 ante Boca Juniors en las semifinales de la Copa Libertadores Sub 20. El decano no pudo cumplir el sue\u00f1o del bicampeonato. El domingo se jugar\u00e1 el partido por el tercer puesto. Luego de realizar una enorme fase de grupos, derrotando 5 a 1 a Caracas, 4 a 1 a Alianza [&hellip;]<\/p>\n","protected":false},"author":27,"featured_media":80531,"comment_status":"open","ping_status":"closed","sticky":false,"template":"","format":"standard","meta":{"footnotes":""},"categories":[40],"tags":[560],"yoast_head":"<!-- This site is optimized with the Yoast SEO plugin v23.2 - https:\/\/yoast.com\/wordpress\/plugins\/seo\/ -->\n<title>No se pudo - Padre y Decano - El Sitio del Pueblo<\/title>\n<meta name=\"robots\" content=\"index, follow, max-snippet:-1, max-image-preview:large, max-video-preview:-1\" \/>\n<link rel=\"canonical\" href=\"https:\/\/www.padreydecano.com\/cms\/formativas\/no-se-pudo\/\" \/>\n<meta property=\"og:locale\" content=\"es_ES\" \/>\n<meta property=\"og:type\" content=\"article\" \/>\n<meta property=\"og:title\" content=\"No se pudo - Padre y Decano - El Sitio del Pueblo\" \/>\n<meta property=\"og:description\" content=\"Pe\u00f1arol cay\u00f3 1 a 0 ante Boca Juniors en las semifinales de la Copa Libertadores Sub 20. El decano no pudo cumplir el sue\u00f1o del bicampeonato. El domingo se jugar\u00e1 el partido por el tercer puesto. Luego de realizar una enorme fase de grupos, derrotando 5 a 1 a Caracas, 4 a 1 a Alianza [&hellip;]\" \/>\n<meta property=\"og:url\" content=\"https:\/\/www.padreydecano.com\/cms\/formativas\/no-se-pudo\/\" \/>\n<meta property=\"og:site_name\" content=\"Padre y Decano - El Sitio del Pueblo\" \/>\n<meta property=\"article:published_time\" content=\"2023-07-13T23:18:19+00:00\" \/>\n<meta property=\"article:modified_time\" content=\"2023-07-14T17:57:13+00:00\" \/>\n<meta property=\"og:image\" content=\"https:\/\/www.padreydecano.com\/cms\/wp-content\/uploads\/2023\/07\/IMG_1798.jpeg\" \/>\n\t<meta property=\"og:image:width\" content=\"2047\" \/>\n\t<meta property=\"og:image:height\" content=\"1364\" \/>\n\t<meta property=\"og:image:type\" content=\"image\/jpeg\" \/>\n<meta name=\"author\" content=\"Redactores Padre y Decano\" \/>\n<meta name=\"twitter:card\" content=\"summary_large_image\" \/>\n<meta name=\"twitter:label1\" content=\"Escrito por\" \/>\n\t<meta name=\"twitter:data1\" content=\"Redactores Padre y Decano\" \/>\n\t<meta name=\"twitter:label2\" content=\"Tiempo de lectura\" \/>\n\t<meta name=\"twitter:data2\" content=\"3 minutos\" \/>\n<script type=\"application\/ld+json\" class=\"yoast-schema-graph\">{\"@context\":\"https:\/\/schema.org\",\"@graph\":[{\"@type\":\"Article\",\"@id\":\"https:\/\/www.padreydecano.com\/cms\/formativas\/no-se-pudo\/#article\",\"isPartOf\":{\"@id\":\"https:\/\/www.padreydecano.com\/cms\/formativas\/no-se-pudo\/\"},\"author\":{\"name\":\"Redactores Padre y Decano\",\"@id\":\"https:\/\/www.padreydecano.com\/cms\/#\/schema\/person\/37aae8f93aa78e4c5385497f056e3246\"},\"headline\":\"No se pudo\",\"datePublished\":\"2023-07-13T23:18:19+00:00\",\"dateModified\":\"2023-07-14T17:57:13+00:00\",\"mainEntityOfPage\":{\"@id\":\"https:\/\/www.padreydecano.com\/cms\/formativas\/no-se-pudo\/\"},\"wordCount\":440,\"commentCount\":2,\"publisher\":{\"@id\":\"https:\/\/www.padreydecano.com\/cms\/#organization\"},\"image\":{\"@id\":\"https:\/\/www.padreydecano.com\/cms\/formativas\/no-se-pudo\/#primaryimage\"},\"thumbnailUrl\":\"https:\/\/www.padreydecano.com\/cms\/wp-content\/uploads\/2023\/07\/IMG_1798.jpeg\",\"keywords\":[\"Copa Libertadores Sub 20\"],\"articleSection\":[\"Formativas\"],\"inLanguage\":\"es\",\"potentialAction\":[{\"@type\":\"CommentAction\",\"name\":\"Comment\",\"target\":[\"https:\/\/www.padreydecano.com\/cms\/formativas\/no-se-pudo\/#respond\"]}]},{\"@type\":\"WebPage\",\"@id\":\"https:\/\/www.padreydecano.com\/cms\/formativas\/no-se-pudo\/\",\"url\":\"https:\/\/www.padreydecano.com\/cms\/formativas\/no-se-pudo\/\",\"name\":\"No se pudo - Padre y Decano - El Sitio del Pueblo\",\"isPartOf\":{\"@id\":\"https:\/\/www.padreydecano.com\/cms\/#website\"},\"primaryImageOfPage\":{\"@id\":\"https:\/\/www.padreydecano.com\/cms\/formativas\/no-se-pudo\/#primaryimage\"},\"image\":{\"@id\":\"https:\/\/www.padreydecano.com\/cms\/formativas\/no-se-pudo\/#primaryimage\"},\"thumbnailUrl\":\"https:\/\/www.padreydecano.com\/cms\/wp-content\/uploads\/2023\/07\/IMG_1798.jpeg\",\"datePublished\":\"2023-07-13T23:18:19+00:00\",\"dateModified\":\"2023-07-14T17:57:13+00:00\",\"breadcrumb\":{\"@id\":\"https:\/\/www.padreydecano.com\/cms\/formativas\/no-se-pudo\/#breadcrumb\"},\"inLanguage\":\"es\",\"potentialAction\":[{\"@type\":\"ReadAction\",\"target\":[\"https:\/\/www.padreydecano.com\/cms\/formativas\/no-se-pudo\/\"]}]},{\"@type\":\"ImageObject\",\"inLanguage\":\"es\",\"@id\":\"https:\/\/www.padreydecano.com\/cms\/formativas\/no-se-pudo\/#primaryimage\",\"url\":\"https:\/\/www.padreydecano.com\/cms\/wp-content\/uploads\/2023\/07\/IMG_1798.jpeg\",\"contentUrl\":\"https:\/\/www.padreydecano.com\/cms\/wp-content\/uploads\/2023\/07\/IMG_1798.jpeg\",\"width\":2047,\"height\":1364},{\"@type\":\"BreadcrumbList\",\"@id\":\"https:\/\/www.padreydecano.com\/cms\/formativas\/no-se-pudo\/#breadcrumb\",\"itemListElement\":[{\"@type\":\"ListItem\",\"position\":1,\"name\":\"Portada\",\"item\":\"https:\/\/www.padreydecano.com\/cms\/\"},{\"@type\":\"ListItem\",\"position\":2,\"name\":\"No se pudo\"}]},{\"@type\":\"WebSite\",\"@id\":\"https:\/\/www.padreydecano.com\/cms\/#website\",\"url\":\"https:\/\/www.padreydecano.com\/cms\/\",\"name\":\"Padre y Decano - El Sitio del Pueblo\",\"description\":\"Club Atl\u00e9tico Pe\u00f1arol\",\"publisher\":{\"@id\":\"https:\/\/www.padreydecano.com\/cms\/#organization\"},\"potentialAction\":[{\"@type\":\"SearchAction\",\"target\":{\"@type\":\"EntryPoint\",\"urlTemplate\":\"https:\/\/www.padreydecano.com\/cms\/?s={search_term_string}\"},\"query-input\":\"required name=search_term_string\"}],\"inLanguage\":\"es\"},{\"@type\":\"Organization\",\"@id\":\"https:\/\/www.padreydecano.com\/cms\/#organization\",\"name\":\"Padre y Decano\",\"url\":\"https:\/\/www.padreydecano.com\/cms\/\",\"logo\":{\"@type\":\"ImageObject\",\"inLanguage\":\"es\",\"@id\":\"https:\/\/www.padreydecano.com\/cms\/#\/schema\/logo\/image\/\",\"url\":\"https:\/\/www.padreydecano.com\/cms\/wp-content\/uploads\/2022\/01\/avatar-square.png\",\"contentUrl\":\"https:\/\/www.padreydecano.com\/cms\/wp-content\/uploads\/2022\/01\/avatar-square.png\",\"width\":1500,\"height\":1500,\"caption\":\"Padre y Decano\"},\"image\":{\"@id\":\"https:\/\/www.padreydecano.com\/cms\/#\/schema\/logo\/image\/\"}},{\"@type\":\"Person\",\"@id\":\"https:\/\/www.padreydecano.com\/cms\/#\/schema\/person\/37aae8f93aa78e4c5385497f056e3246\",\"name\":\"Redactores Padre y Decano\",\"image\":{\"@type\":\"ImageObject\",\"inLanguage\":\"es\",\"@id\":\"https:\/\/www.padreydecano.com\/cms\/#\/schema\/person\/image\/\",\"url\":\"https:\/\/secure.gravatar.com\/avatar\/8810c4b9081192b118b104af54549af8?s=96&d=https%3A%2F%2Fpadreydecano.com%2Fcms%2Fwp-content%2Fthemes%2Fpyd-theme%2Fimg%2Fdefault-avatar.png&r=g\",\"contentUrl\":\"https:\/\/secure.gravatar.com\/avatar\/8810c4b9081192b118b104af54549af8?s=96&d=https%3A%2F%2Fpadreydecano.com%2Fcms%2Fwp-content%2Fthemes%2Fpyd-theme%2Fimg%2Fdefault-avatar.png&r=g\",\"caption\":\"Redactores Padre y Decano\"},\"sameAs\":[\"http:\/\/www.padreydecano.com\"]}]}<\/script>\n<!-- \/ Yoast SEO plugin. -->","yoast_head_json":{"title":"No se pudo - Padre y Decano - El Sitio del Pueblo","robots":{"index":"index","follow":"follow","max-snippet":"max-snippet:-1","max-image-preview":"max-image-preview:large","max-video-preview":"max-video-preview:-1"},"canonical":"https:\/\/www.padreydecano.com\/cms\/formativas\/no-se-pudo\/","og_locale":"es_ES","og_type":"article","og_title":"No se pudo - Padre y Decano - El Sitio del Pueblo","og_description":"Pe\u00f1arol cay\u00f3 1 a 0 ante Boca Juniors en las semifinales de la Copa Libertadores Sub 20. El decano no pudo cumplir el sue\u00f1o del bicampeonato. El domingo se jugar\u00e1 el partido por el tercer puesto. Luego de realizar una enorme fase de grupos, derrotando 5 a 1 a Caracas, 4 a 1 a Alianza [&hellip;]","og_url":"https:\/\/www.padreydecano.com\/cms\/formativas\/no-se-pudo\/","og_site_name":"Padre y Decano - El Sitio del Pueblo","article_published_time":"2023-07-13T23:18:19+00:00","article_modified_time":"2023-07-14T17:57:13+00:00","og_image":[{"width":2047,"height":1364,"url":"https:\/\/www.padreydecano.com\/cms\/wp-content\/uploads\/2023\/07\/IMG_1798.jpeg","type":"image\/jpeg"}],"author":"Redactores Padre y Decano","twitter_card":"summary_large_image","twitter_misc":{"Escrito por":"Redactores Padre y Decano","Tiempo de lectura":"3 minutos"},"schema":{"@context":"https:\/\/schema.org","@graph":[{"@type":"Article","@id":"https:\/\/www.padreydecano.com\/cms\/formativas\/no-se-pudo\/#article","isPartOf":{"@id":"https:\/\/www.padreydecano.com\/cms\/formativas\/no-se-pudo\/"},"author":{"name":"Redactores Padre y Decano","@id":"https:\/\/www.padreydecano.com\/cms\/#\/schema\/person\/37aae8f93aa78e4c5385497f056e3246"},"headline":"No se pudo","datePublished":"2023-07-13T23:18:19+00:00","dateModified":"2023-07-14T17:57:13+00:00","mainEntityOfPage":{"@id":"https:\/\/www.padreydecano.com\/cms\/formativas\/no-se-pudo\/"},"wordCount":440,"commentCount":2,"publisher":{"@id":"https:\/\/www.padreydecano.com\/cms\/#organization"},"image":{"@id":"https:\/\/www.padreydecano.com\/cms\/formativas\/no-se-pudo\/#primaryimage"},"thumbnailUrl":"https:\/\/www.padreydecano.com\/cms\/wp-content\/uploads\/2023\/07\/IMG_1798.jpeg","keywords":["Copa Libertadores Sub 20"],"articleSection":["Formativas"],"inLanguage":"es","potentialAction":[{"@type":"CommentAction","name":"Comment","target":["https:\/\/www.padreydecano.com\/cms\/formativas\/no-se-pudo\/#respond"]}]},{"@type":"WebPage","@id":"https:\/\/www.padreydecano.com\/cms\/formativas\/no-se-pudo\/","url":"https:\/\/www.padreydecano.com\/cms\/formativas\/no-se-pudo\/","name":"No se pudo - Padre y Decano - El Sitio del Pueblo","isPartOf":{"@id":"https:\/\/www.padreydecano.com\/cms\/#website"},"primaryImageOfPage":{"@id":"https:\/\/www.padreydecano.com\/cms\/formativas\/no-se-pudo\/#primaryimage"},"image":{"@id":"https:\/\/www.padreydecano.com\/cms\/formativas\/no-se-pudo\/#primaryimage"},"thumbnailUrl":"https:\/\/www.padreydecano.com\/cms\/wp-content\/uploads\/2023\/07\/IMG_1798.jpeg","datePublished":"2023-07-13T23:18:19+00:00","dateModified":"2023-07-14T17:57:13+00:00","breadcrumb":{"@id":"https:\/\/www.padreydecano.com\/cms\/formativas\/no-se-pudo\/#breadcrumb"},"inLanguage":"es","potentialAction":[{"@type":"ReadAction","target":["https:\/\/www.padreydecano.com\/cms\/formativas\/no-se-pudo\/"]}]},{"@type":"ImageObject","inLanguage":"es","@id":"https:\/\/www.padreydecano.com\/cms\/formativas\/no-se-pudo\/#primaryimage","url":"https:\/\/www.padreydecano.com\/cms\/wp-content\/uploads\/2023\/07\/IMG_1798.jpeg","contentUrl":"https:\/\/www.padreydecano.com\/cms\/wp-content\/uploads\/2023\/07\/IMG_1798.jpeg","width":2047,"height":1364},{"@type":"BreadcrumbList","@id":"https:\/\/www.padreydecano.com\/cms\/formativas\/no-se-pudo\/#breadcrumb","itemListElement":[{"@type":"ListItem","position":1,"name":"Portada","item":"https:\/\/www.padreydecano.com\/cms\/"},{"@type":"ListItem","position":2,"name":"No se pudo"}]},{"@type":"WebSite","@id":"https:\/\/www.padreydecano.com\/cms\/#website","url":"https:\/\/www.padreydecano.com\/cms\/","name":"Padre y Decano - El Sitio del Pueblo","description":"Club Atl\u00e9tico Pe\u00f1arol","publisher":{"@id":"https:\/\/www.padreydecano.com\/cms\/#organization"},"potentialAction":[{"@type":"SearchAction","target":{"@type":"EntryPoint","urlTemplate":"https:\/\/www.padreydecano.com\/cms\/?s={search_term_string}"},"query-input":"required name=search_term_string"}],"inLanguage":"es"},{"@type":"Organization","@id":"https:\/\/www.padreydecano.com\/cms\/#organization","name":"Padre y Decano","url":"https:\/\/www.padreydecano.com\/cms\/","logo":{"@type":"ImageObject","inLanguage":"es","@id":"https:\/\/www.padreydecano.com\/cms\/#\/schema\/logo\/image\/","url":"https:\/\/www.padreydecano.com\/cms\/wp-content\/uploads\/2022\/01\/avatar-square.png","contentUrl":"https:\/\/www.padreydecano.com\/cms\/wp-content\/uploads\/2022\/01\/avatar-square.png","width":1500,"height":1500,"caption":"Padre y Decano"},"image":{"@id":"https:\/\/www.padreydecano.com\/cms\/#\/schema\/logo\/image\/"}},{"@type":"Person","@id":"https:\/\/www.padreydecano.com\/cms\/#\/schema\/person\/37aae8f93aa78e4c5385497f056e3246","name":"Redactores Padre y Decano","image":{"@type":"ImageObject","inLanguage":"es","@id":"https:\/\/www.padreydecano.com\/cms\/#\/schema\/person\/image\/","url":"https:\/\/secure.gravatar.com\/avatar\/8810c4b9081192b118b104af54549af8?s=96&d=https%3A%2F%2Fpadreydecano.com%2Fcms%2Fwp-content%2Fthemes%2Fpyd-theme%2Fimg%2Fdefault-avatar.png&r=g","contentUrl":"https:\/\/secure.gravatar.com\/avatar\/8810c4b9081192b118b104af54549af8?s=96&d=https%3A%2F%2Fpadreydecano.com%2Fcms%2Fwp-content%2Fthemes%2Fpyd-theme%2Fimg%2Fdefault-avatar.png&r=g","caption":"Redactores Padre y Decano"},"sameAs":["http:\/\/www.padreydecano.com"]}]}},"_links":{"self":[{"href":"https:\/\/www.padreydecano.com\/cms\/wp-json\/wp\/v2\/posts\/80530"}],"collection":[{"href":"https:\/\/www.padreydecano.com\/cms\/wp-json\/wp\/v2\/posts"}],"about":[{"href":"https:\/\/www.padreydecano.com\/cms\/wp-json\/wp\/v2\/types\/post"}],"author":[{"embeddable":true,"href":"https:\/\/www.padreydecano.com\/cms\/wp-json\/wp\/v2\/users\/27"}],"replies":[{"embeddable":true,"href":"https:\/\/www.padreydecano.com\/cms\/wp-json\/wp\/v2\/comments?post=80530"}],"version-history":[{"count":0,"href":"https:\/\/www.padreydecano.com\/cms\/wp-json\/wp\/v2\/posts\/80530\/revisions"}],"wp:featuredmedia":[{"embeddable":true,"href":"https:\/\/www.padreydecano.com\/cms\/wp-json\/wp\/v2\/media\/80531"}],"wp:attachment":[{"href":"https:\/\/www.padreydecano.com\/cms\/wp-json\/wp\/v2\/media?parent=80530"}],"wp:term":[{"taxonomy":"category","embeddable":true,"href":"https:\/\/www.padreydecano.com\/cms\/wp-json\/wp\/v2\/categories?post=80530"},{"taxonomy":"post_tag","embeddable":true,"href":"https:\/\/www.padreydecano.com\/cms\/wp-json\/wp\/v2\/tags?post=80530"}],"curies":[{"name":"wp","href":"https:\/\/api.w.org\/{rel}","templated":true}]}}