{"id":80418,"date":"2023-06-21T23:28:31","date_gmt":"2023-06-22T02:28:31","guid":{"rendered":"https:\/\/www.padreydecano.com\/cms\/?p=80418"},"modified":"2023-06-22T12:23:56","modified_gmt":"2023-06-22T15:23:56","slug":"eligiendo-al-dt","status":"publish","type":"post","link":"https:\/\/www.padreydecano.com\/cms\/noticias\/eligiendo-al-dt\/","title":{"rendered":"Eligiendo al DT"},"content":{"rendered":"<p><img loading=\"lazy\" decoding=\"async\" class=\"alignnone size-medium wp-image-80419\" src=\"https:\/\/www.padreydecano.com\/cms\/wp-content\/uploads\/2023\/06\/IMG_1374-800x533.jpeg\" alt=\"\" width=\"800\" height=\"533\" srcset=\"https:\/\/www.padreydecano.com\/cms\/wp-content\/uploads\/2023\/06\/IMG_1374-800x533.jpeg 800w, https:\/\/www.padreydecano.com\/cms\/wp-content\/uploads\/2023\/06\/IMG_1374-768x512.jpeg 768w, https:\/\/www.padreydecano.com\/cms\/wp-content\/uploads\/2023\/06\/IMG_1374-300x200.jpeg 300w, https:\/\/www.padreydecano.com\/cms\/wp-content\/uploads\/2023\/06\/IMG_1374-128x85.jpeg 128w, https:\/\/www.padreydecano.com\/cms\/wp-content\/uploads\/2023\/06\/IMG_1374-32x21.jpeg 32w, https:\/\/www.padreydecano.com\/cms\/wp-content\/uploads\/2023\/06\/IMG_1374.jpeg 900w\" sizes=\"(max-width: 800px) 100vw, 800px\" \/><\/p>\n<p><strong>Pe\u00f1arol se contact\u00f3 con diferentes entrenadores en la b\u00fasqueda del sustituto de Alfredo Arias. Hubo contacto v\u00eda Zoom con Gareca y ofrecimiento a Almada. Dar\u00edo Rodr\u00edguez sigue siendo el m\u00e1s cercano a asumir.<\/strong><\/p>\n<p>El decano del f\u00fatbol uruguayo contin\u00faa busc\u00e1ndolo al sustituto de Alfredo Arias luego de la salida de su cargo. Desde el primer momento de la salida del entrenador, se plantearon diferentes nombres dentro del Club.<\/p>\n<p>La oposici\u00f3n sugiri\u00f3 el nombre de Mario Saralegui, campe\u00f3n del Torneo Clausura 2008 al mando del carbonero, pero fue desestimado por el oficialismo.<\/p>\n<p>Evaristo Gonz\u00e1lez desestim\u00f3 el nombre de Gustavo Matosas, quien fue t\u00e9cnico del aurinegro en el 2007 con un mal pasaje por la instituci\u00f3n. Hab\u00eda sido ofrecido anteriormente para reemplazar a Arias.<\/p>\n<p>Diego Alonso, ex entrenador de la selecci\u00f3n uruguaya y con pasado en el decano en sus inicios de carrera en 2013 (dirigi\u00f3 8 partidos y fue cesado) y Marcelo Broli, campe\u00f3n de la Copa Libertadores Sub 20 con Pe\u00f1arol y Campe\u00f3n del Mundo Sub 20 con Uruguay, se descartaron ellos mismos del cargo por diferentes motivos.<\/p>\n<p>Ignacio Ruglio se contact\u00f3 con Guillermo Almada, actual t\u00e9cnico de Pachuca de M\u00e9xico. El entrenador solo puede hacer uso de su cl\u00e1usula de salida en caso de ofertas de selecciones nacionales y su posibilidad de llegar al carbonero es nula, debido a que tiene contrato hasta 2026 con el equipo Tuzo.<\/p>\n<p>En la jornada de hoy, directivos aurinegros tuvieron una reuni\u00f3n a trav\u00e9s de Zoom con Ricardo Gareca, el entrenador argentino que tuvo un gran pasaje en la selecci\u00f3n de Per\u00fa clasificando al mundial de Rusia 2018 despu\u00e9s de 36 a\u00f1os y que conoce a Pablo Bengoechea por sus temporadas viviendo en tierras incaicas qued\u00f3 complacido por las conversaciones llevadas a cabo, pero igualmente el dif\u00edcil momento del Club dificulta la llegada del \u201cTigre\u201d. Gareca viene de un pobre pasaje por V\u00e9lez, cuadro donde en 2011 alcanz\u00f3 las semifinales de la Copa Libertadores y cay\u00f3 derrotado frente a Pe\u00f1arol y posteriormente consagr\u00f3 al equipo de Liniers como campe\u00f3n del f\u00fatbol argentino.<\/p>\n<p>Otros nombres con los que se comunic\u00f3 Pe\u00f1arol fueron con Diego Aguirre, campe\u00f3n uruguayo dirigiendo al carbonero en 2003 y en la temporada 2009\/10 y actual entrenador de Olimpia de Paraguay y con Ignacio Ithurralde, ex entrenador de Boston River y Montevideo City Torque.<\/p>\n<p>Si bien hay otros nombres que son manejados en la interna del mirasol y con los que ya hubo conversaciones, Dario Rodr\u00edguez sigue siendo el m\u00e1s cercano a asumir la direcci\u00f3n t\u00e9cnica del equipo. El ex jugador de Pe\u00f1arol fue campe\u00f3n uruguayo como ayudante t\u00e9cnico junto a Jorga Da Silva y a Mauricio Larriera en 2016 y 2021 respectivamente. Viene de trabajar con Diego Alonso en el mundial de Qatar 2022. La decisi\u00f3n se tomar\u00e1 el d\u00eda jueves, en el Consejo Directivo.<\/p>\n<p>Para el partido del s\u00e1bado frente a Montevideo Wanderers en el Parque Viera por la tercera fecha del Torneo Intermedio 2023 dirigir\u00e1n Juan Manuel Olivera (entrenador de Tercera Divisi\u00f3n) acompa\u00f1ado por Dami\u00e1n Macaluso y Enzo Di Paulo. Tambi\u00e9n se analizar\u00e1n para continuar al mando del equipo.<\/p>\n<div class=\"user-wrapper\"><a class=\"userlink\"href=\"https:\/\/twitter.com\/ftrucce18\" target=\"_blank\"><figure><img decoding=\"async\" src=\"http:\/\/www.padreydecano.com\/cms\/wp-users-files\/postfirmas\/ftrucce.jpg\" \/><\/figure><p class=\"user\"><strong>Franco Trucce<\/strong><br \/>@FTrucce18<\/p><\/a><\/div>\n","protected":false},"excerpt":{"rendered":"<p>Pe\u00f1arol se contact\u00f3 con diferentes entrenadores en la b\u00fasqueda del sustituto de Alfredo Arias. Hubo contacto v\u00eda Zoom con Gareca y ofrecimiento a Almada. Dar\u00edo Rodr\u00edguez sigue siendo el m\u00e1s cercano a asumir. El decano del f\u00fatbol uruguayo contin\u00faa busc\u00e1ndolo al sustituto de Alfredo Arias luego de la salida de su cargo. Desde el primer [&hellip;]<\/p>\n","protected":false},"author":27,"featured_media":80419,"comment_status":"open","ping_status":"closed","sticky":false,"template":"","format":"standard","meta":{"footnotes":""},"categories":[1],"tags":[590],"yoast_head":"<!-- This site is optimized with the Yoast SEO plugin v23.2 - https:\/\/yoast.com\/wordpress\/plugins\/seo\/ -->\n<title>Eligiendo al DT - Padre y Decano - El Sitio del Pueblo<\/title>\n<meta name=\"robots\" content=\"index, follow, max-snippet:-1, max-image-preview:large, max-video-preview:-1\" \/>\n<link rel=\"canonical\" href=\"https:\/\/www.padreydecano.com\/cms\/noticias\/eligiendo-al-dt\/\" \/>\n<meta property=\"og:locale\" content=\"es_ES\" \/>\n<meta property=\"og:type\" content=\"article\" \/>\n<meta property=\"og:title\" content=\"Eligiendo al DT - Padre y Decano - El Sitio del Pueblo\" \/>\n<meta property=\"og:description\" content=\"Pe\u00f1arol se contact\u00f3 con diferentes entrenadores en la b\u00fasqueda del sustituto de Alfredo Arias. Hubo contacto v\u00eda Zoom con Gareca y ofrecimiento a Almada. Dar\u00edo Rodr\u00edguez sigue siendo el m\u00e1s cercano a asumir. El decano del f\u00fatbol uruguayo contin\u00faa busc\u00e1ndolo al sustituto de Alfredo Arias luego de la salida de su cargo. Desde el primer [&hellip;]\" \/>\n<meta property=\"og:url\" content=\"https:\/\/www.padreydecano.com\/cms\/noticias\/eligiendo-al-dt\/\" \/>\n<meta property=\"og:site_name\" content=\"Padre y Decano - El Sitio del Pueblo\" \/>\n<meta property=\"article:published_time\" content=\"2023-06-22T02:28:31+00:00\" \/>\n<meta property=\"article:modified_time\" content=\"2023-06-22T15:23:56+00:00\" \/>\n<meta property=\"og:image\" content=\"https:\/\/www.padreydecano.com\/cms\/wp-content\/uploads\/2023\/06\/IMG_1374.jpeg\" \/>\n\t<meta property=\"og:image:width\" content=\"900\" \/>\n\t<meta property=\"og:image:height\" content=\"600\" \/>\n\t<meta property=\"og:image:type\" content=\"image\/jpeg\" \/>\n<meta name=\"author\" content=\"Redactores Padre y Decano\" \/>\n<meta name=\"twitter:card\" content=\"summary_large_image\" \/>\n<meta name=\"twitter:label1\" content=\"Escrito por\" \/>\n\t<meta name=\"twitter:data1\" content=\"Redactores Padre y Decano\" \/>\n\t<meta name=\"twitter:label2\" content=\"Tiempo de lectura\" \/>\n\t<meta name=\"twitter:data2\" content=\"3 minutos\" \/>\n<script type=\"application\/ld+json\" class=\"yoast-schema-graph\">{\"@context\":\"https:\/\/schema.org\",\"@graph\":[{\"@type\":\"Article\",\"@id\":\"https:\/\/www.padreydecano.com\/cms\/noticias\/eligiendo-al-dt\/#article\",\"isPartOf\":{\"@id\":\"https:\/\/www.padreydecano.com\/cms\/noticias\/eligiendo-al-dt\/\"},\"author\":{\"name\":\"Redactores Padre y Decano\",\"@id\":\"https:\/\/www.padreydecano.com\/cms\/#\/schema\/person\/37aae8f93aa78e4c5385497f056e3246\"},\"headline\":\"Eligiendo al DT\",\"datePublished\":\"2023-06-22T02:28:31+00:00\",\"dateModified\":\"2023-06-22T15:23:56+00:00\",\"mainEntityOfPage\":{\"@id\":\"https:\/\/www.padreydecano.com\/cms\/noticias\/eligiendo-al-dt\/\"},\"wordCount\":549,\"commentCount\":15,\"publisher\":{\"@id\":\"https:\/\/www.padreydecano.com\/cms\/#organization\"},\"image\":{\"@id\":\"https:\/\/www.padreydecano.com\/cms\/noticias\/eligiendo-al-dt\/#primaryimage\"},\"thumbnailUrl\":\"https:\/\/www.padreydecano.com\/cms\/wp-content\/uploads\/2023\/06\/IMG_1374.jpeg\",\"keywords\":[\"Campeonato Uruguayo 2023\"],\"articleSection\":[\"Noticias\"],\"inLanguage\":\"es\",\"potentialAction\":[{\"@type\":\"CommentAction\",\"name\":\"Comment\",\"target\":[\"https:\/\/www.padreydecano.com\/cms\/noticias\/eligiendo-al-dt\/#respond\"]}]},{\"@type\":\"WebPage\",\"@id\":\"https:\/\/www.padreydecano.com\/cms\/noticias\/eligiendo-al-dt\/\",\"url\":\"https:\/\/www.padreydecano.com\/cms\/noticias\/eligiendo-al-dt\/\",\"name\":\"Eligiendo al DT - Padre y Decano - El Sitio del Pueblo\",\"isPartOf\":{\"@id\":\"https:\/\/www.padreydecano.com\/cms\/#website\"},\"primaryImageOfPage\":{\"@id\":\"https:\/\/www.padreydecano.com\/cms\/noticias\/eligiendo-al-dt\/#primaryimage\"},\"image\":{\"@id\":\"https:\/\/www.padreydecano.com\/cms\/noticias\/eligiendo-al-dt\/#primaryimage\"},\"thumbnailUrl\":\"https:\/\/www.padreydecano.com\/cms\/wp-content\/uploads\/2023\/06\/IMG_1374.jpeg\",\"datePublished\":\"2023-06-22T02:28:31+00:00\",\"dateModified\":\"2023-06-22T15:23:56+00:00\",\"breadcrumb\":{\"@id\":\"https:\/\/www.padreydecano.com\/cms\/noticias\/eligiendo-al-dt\/#breadcrumb\"},\"inLanguage\":\"es\",\"potentialAction\":[{\"@type\":\"ReadAction\",\"target\":[\"https:\/\/www.padreydecano.com\/cms\/noticias\/eligiendo-al-dt\/\"]}]},{\"@type\":\"ImageObject\",\"inLanguage\":\"es\",\"@id\":\"https:\/\/www.padreydecano.com\/cms\/noticias\/eligiendo-al-dt\/#primaryimage\",\"url\":\"https:\/\/www.padreydecano.com\/cms\/wp-content\/uploads\/2023\/06\/IMG_1374.jpeg\",\"contentUrl\":\"https:\/\/www.padreydecano.com\/cms\/wp-content\/uploads\/2023\/06\/IMG_1374.jpeg\",\"width\":900,\"height\":600},{\"@type\":\"BreadcrumbList\",\"@id\":\"https:\/\/www.padreydecano.com\/cms\/noticias\/eligiendo-al-dt\/#breadcrumb\",\"itemListElement\":[{\"@type\":\"ListItem\",\"position\":1,\"name\":\"Portada\",\"item\":\"https:\/\/www.padreydecano.com\/cms\/\"},{\"@type\":\"ListItem\",\"position\":2,\"name\":\"Eligiendo al DT\"}]},{\"@type\":\"WebSite\",\"@id\":\"https:\/\/www.padreydecano.com\/cms\/#website\",\"url\":\"https:\/\/www.padreydecano.com\/cms\/\",\"name\":\"Padre y Decano - El Sitio del Pueblo\",\"description\":\"Club Atl\u00e9tico Pe\u00f1arol\",\"publisher\":{\"@id\":\"https:\/\/www.padreydecano.com\/cms\/#organization\"},\"potentialAction\":[{\"@type\":\"SearchAction\",\"target\":{\"@type\":\"EntryPoint\",\"urlTemplate\":\"https:\/\/www.padreydecano.com\/cms\/?s={search_term_string}\"},\"query-input\":\"required name=search_term_string\"}],\"inLanguage\":\"es\"},{\"@type\":\"Organization\",\"@id\":\"https:\/\/www.padreydecano.com\/cms\/#organization\",\"name\":\"Padre y Decano\",\"url\":\"https:\/\/www.padreydecano.com\/cms\/\",\"logo\":{\"@type\":\"ImageObject\",\"inLanguage\":\"es\",\"@id\":\"https:\/\/www.padreydecano.com\/cms\/#\/schema\/logo\/image\/\",\"url\":\"https:\/\/www.padreydecano.com\/cms\/wp-content\/uploads\/2022\/01\/avatar-square.png\",\"contentUrl\":\"https:\/\/www.padreydecano.com\/cms\/wp-content\/uploads\/2022\/01\/avatar-square.png\",\"width\":1500,\"height\":1500,\"caption\":\"Padre y Decano\"},\"image\":{\"@id\":\"https:\/\/www.padreydecano.com\/cms\/#\/schema\/logo\/image\/\"}},{\"@type\":\"Person\",\"@id\":\"https:\/\/www.padreydecano.com\/cms\/#\/schema\/person\/37aae8f93aa78e4c5385497f056e3246\",\"name\":\"Redactores Padre y Decano\",\"image\":{\"@type\":\"ImageObject\",\"inLanguage\":\"es\",\"@id\":\"https:\/\/www.padreydecano.com\/cms\/#\/schema\/person\/image\/\",\"url\":\"https:\/\/secure.gravatar.com\/avatar\/8810c4b9081192b118b104af54549af8?s=96&d=https%3A%2F%2Fpadreydecano.com%2Fcms%2Fwp-content%2Fthemes%2Fpyd-theme%2Fimg%2Fdefault-avatar.png&r=g\",\"contentUrl\":\"https:\/\/secure.gravatar.com\/avatar\/8810c4b9081192b118b104af54549af8?s=96&d=https%3A%2F%2Fpadreydecano.com%2Fcms%2Fwp-content%2Fthemes%2Fpyd-theme%2Fimg%2Fdefault-avatar.png&r=g\",\"caption\":\"Redactores Padre y Decano\"},\"sameAs\":[\"http:\/\/www.padreydecano.com\"]}]}<\/script>\n<!-- \/ Yoast SEO plugin. -->","yoast_head_json":{"title":"Eligiendo al DT - Padre y Decano - El Sitio del Pueblo","robots":{"index":"index","follow":"follow","max-snippet":"max-snippet:-1","max-image-preview":"max-image-preview:large","max-video-preview":"max-video-preview:-1"},"canonical":"https:\/\/www.padreydecano.com\/cms\/noticias\/eligiendo-al-dt\/","og_locale":"es_ES","og_type":"article","og_title":"Eligiendo al DT - Padre y Decano - El Sitio del Pueblo","og_description":"Pe\u00f1arol se contact\u00f3 con diferentes entrenadores en la b\u00fasqueda del sustituto de Alfredo Arias. Hubo contacto v\u00eda Zoom con Gareca y ofrecimiento a Almada. Dar\u00edo Rodr\u00edguez sigue siendo el m\u00e1s cercano a asumir. El decano del f\u00fatbol uruguayo contin\u00faa busc\u00e1ndolo al sustituto de Alfredo Arias luego de la salida de su cargo. Desde el primer [&hellip;]","og_url":"https:\/\/www.padreydecano.com\/cms\/noticias\/eligiendo-al-dt\/","og_site_name":"Padre y Decano - El Sitio del Pueblo","article_published_time":"2023-06-22T02:28:31+00:00","article_modified_time":"2023-06-22T15:23:56+00:00","og_image":[{"width":900,"height":600,"url":"https:\/\/www.padreydecano.com\/cms\/wp-content\/uploads\/2023\/06\/IMG_1374.jpeg","type":"image\/jpeg"}],"author":"Redactores Padre y Decano","twitter_card":"summary_large_image","twitter_misc":{"Escrito por":"Redactores Padre y Decano","Tiempo de lectura":"3 minutos"},"schema":{"@context":"https:\/\/schema.org","@graph":[{"@type":"Article","@id":"https:\/\/www.padreydecano.com\/cms\/noticias\/eligiendo-al-dt\/#article","isPartOf":{"@id":"https:\/\/www.padreydecano.com\/cms\/noticias\/eligiendo-al-dt\/"},"author":{"name":"Redactores Padre y Decano","@id":"https:\/\/www.padreydecano.com\/cms\/#\/schema\/person\/37aae8f93aa78e4c5385497f056e3246"},"headline":"Eligiendo al DT","datePublished":"2023-06-22T02:28:31+00:00","dateModified":"2023-06-22T15:23:56+00:00","mainEntityOfPage":{"@id":"https:\/\/www.padreydecano.com\/cms\/noticias\/eligiendo-al-dt\/"},"wordCount":549,"commentCount":15,"publisher":{"@id":"https:\/\/www.padreydecano.com\/cms\/#organization"},"image":{"@id":"https:\/\/www.padreydecano.com\/cms\/noticias\/eligiendo-al-dt\/#primaryimage"},"thumbnailUrl":"https:\/\/www.padreydecano.com\/cms\/wp-content\/uploads\/2023\/06\/IMG_1374.jpeg","keywords":["Campeonato Uruguayo 2023"],"articleSection":["Noticias"],"inLanguage":"es","potentialAction":[{"@type":"CommentAction","name":"Comment","target":["https:\/\/www.padreydecano.com\/cms\/noticias\/eligiendo-al-dt\/#respond"]}]},{"@type":"WebPage","@id":"https:\/\/www.padreydecano.com\/cms\/noticias\/eligiendo-al-dt\/","url":"https:\/\/www.padreydecano.com\/cms\/noticias\/eligiendo-al-dt\/","name":"Eligiendo al DT - Padre y Decano - El Sitio del Pueblo","isPartOf":{"@id":"https:\/\/www.padreydecano.com\/cms\/#website"},"primaryImageOfPage":{"@id":"https:\/\/www.padreydecano.com\/cms\/noticias\/eligiendo-al-dt\/#primaryimage"},"image":{"@id":"https:\/\/www.padreydecano.com\/cms\/noticias\/eligiendo-al-dt\/#primaryimage"},"thumbnailUrl":"https:\/\/www.padreydecano.com\/cms\/wp-content\/uploads\/2023\/06\/IMG_1374.jpeg","datePublished":"2023-06-22T02:28:31+00:00","dateModified":"2023-06-22T15:23:56+00:00","breadcrumb":{"@id":"https:\/\/www.padreydecano.com\/cms\/noticias\/eligiendo-al-dt\/#breadcrumb"},"inLanguage":"es","potentialAction":[{"@type":"ReadAction","target":["https:\/\/www.padreydecano.com\/cms\/noticias\/eligiendo-al-dt\/"]}]},{"@type":"ImageObject","inLanguage":"es","@id":"https:\/\/www.padreydecano.com\/cms\/noticias\/eligiendo-al-dt\/#primaryimage","url":"https:\/\/www.padreydecano.com\/cms\/wp-content\/uploads\/2023\/06\/IMG_1374.jpeg","contentUrl":"https:\/\/www.padreydecano.com\/cms\/wp-content\/uploads\/2023\/06\/IMG_1374.jpeg","width":900,"height":600},{"@type":"BreadcrumbList","@id":"https:\/\/www.padreydecano.com\/cms\/noticias\/eligiendo-al-dt\/#breadcrumb","itemListElement":[{"@type":"ListItem","position":1,"name":"Portada","item":"https:\/\/www.padreydecano.com\/cms\/"},{"@type":"ListItem","position":2,"name":"Eligiendo al DT"}]},{"@type":"WebSite","@id":"https:\/\/www.padreydecano.com\/cms\/#website","url":"https:\/\/www.padreydecano.com\/cms\/","name":"Padre y Decano - El Sitio del Pueblo","description":"Club Atl\u00e9tico Pe\u00f1arol","publisher":{"@id":"https:\/\/www.padreydecano.com\/cms\/#organization"},"potentialAction":[{"@type":"SearchAction","target":{"@type":"EntryPoint","urlTemplate":"https:\/\/www.padreydecano.com\/cms\/?s={search_term_string}"},"query-input":"required name=search_term_string"}],"inLanguage":"es"},{"@type":"Organization","@id":"https:\/\/www.padreydecano.com\/cms\/#organization","name":"Padre y Decano","url":"https:\/\/www.padreydecano.com\/cms\/","logo":{"@type":"ImageObject","inLanguage":"es","@id":"https:\/\/www.padreydecano.com\/cms\/#\/schema\/logo\/image\/","url":"https:\/\/www.padreydecano.com\/cms\/wp-content\/uploads\/2022\/01\/avatar-square.png","contentUrl":"https:\/\/www.padreydecano.com\/cms\/wp-content\/uploads\/2022\/01\/avatar-square.png","width":1500,"height":1500,"caption":"Padre y Decano"},"image":{"@id":"https:\/\/www.padreydecano.com\/cms\/#\/schema\/logo\/image\/"}},{"@type":"Person","@id":"https:\/\/www.padreydecano.com\/cms\/#\/schema\/person\/37aae8f93aa78e4c5385497f056e3246","name":"Redactores Padre y Decano","image":{"@type":"ImageObject","inLanguage":"es","@id":"https:\/\/www.padreydecano.com\/cms\/#\/schema\/person\/image\/","url":"https:\/\/secure.gravatar.com\/avatar\/8810c4b9081192b118b104af54549af8?s=96&d=https%3A%2F%2Fpadreydecano.com%2Fcms%2Fwp-content%2Fthemes%2Fpyd-theme%2Fimg%2Fdefault-avatar.png&r=g","contentUrl":"https:\/\/secure.gravatar.com\/avatar\/8810c4b9081192b118b104af54549af8?s=96&d=https%3A%2F%2Fpadreydecano.com%2Fcms%2Fwp-content%2Fthemes%2Fpyd-theme%2Fimg%2Fdefault-avatar.png&r=g","caption":"Redactores Padre y Decano"},"sameAs":["http:\/\/www.padreydecano.com"]}]}},"_links":{"self":[{"href":"https:\/\/www.padreydecano.com\/cms\/wp-json\/wp\/v2\/posts\/80418"}],"collection":[{"href":"https:\/\/www.padreydecano.com\/cms\/wp-json\/wp\/v2\/posts"}],"about":[{"href":"https:\/\/www.padreydecano.com\/cms\/wp-json\/wp\/v2\/types\/post"}],"author":[{"embeddable":true,"href":"https:\/\/www.padreydecano.com\/cms\/wp-json\/wp\/v2\/users\/27"}],"replies":[{"embeddable":true,"href":"https:\/\/www.padreydecano.com\/cms\/wp-json\/wp\/v2\/comments?post=80418"}],"version-history":[{"count":0,"href":"https:\/\/www.padreydecano.com\/cms\/wp-json\/wp\/v2\/posts\/80418\/revisions"}],"wp:featuredmedia":[{"embeddable":true,"href":"https:\/\/www.padreydecano.com\/cms\/wp-json\/wp\/v2\/media\/80419"}],"wp:attachment":[{"href":"https:\/\/www.padreydecano.com\/cms\/wp-json\/wp\/v2\/media?parent=80418"}],"wp:term":[{"taxonomy":"category","embeddable":true,"href":"https:\/\/www.padreydecano.com\/cms\/wp-json\/wp\/v2\/categories?post=80418"},{"taxonomy":"post_tag","embeddable":true,"href":"https:\/\/www.padreydecano.com\/cms\/wp-json\/wp\/v2\/tags?post=80418"}],"curies":[{"name":"wp","href":"https:\/\/api.w.org\/{rel}","templated":true}]}}