{"id":80372,"date":"2023-06-07T18:01:13","date_gmt":"2023-06-07T21:01:13","guid":{"rendered":"https:\/\/www.padreydecano.com\/cms\/?p=80372"},"modified":"2023-06-08T12:13:25","modified_gmt":"2023-06-08T15:13:25","slug":"penarol-es-campeon-en-tercera","status":"publish","type":"post","link":"https:\/\/www.padreydecano.com\/cms\/3era-division\/penarol-es-campeon-en-tercera\/","title":{"rendered":"Pe\u00f1arol es campe\u00f3n en tercera"},"content":{"rendered":"<p><strong><img loading=\"lazy\" decoding=\"async\" class=\"alignnone size-medium wp-image-80373\" src=\"https:\/\/www.padreydecano.com\/cms\/wp-content\/uploads\/2023\/06\/IMG_1050-640x800.jpeg\" alt=\"\" width=\"640\" height=\"800\" srcset=\"https:\/\/www.padreydecano.com\/cms\/wp-content\/uploads\/2023\/06\/IMG_1050-640x800.jpeg 640w, https:\/\/www.padreydecano.com\/cms\/wp-content\/uploads\/2023\/06\/IMG_1050-1024x1280.jpeg 1024w, https:\/\/www.padreydecano.com\/cms\/wp-content\/uploads\/2023\/06\/IMG_1050-768x960.jpeg 768w, https:\/\/www.padreydecano.com\/cms\/wp-content\/uploads\/2023\/06\/IMG_1050-1229x1536.jpeg 1229w, https:\/\/www.padreydecano.com\/cms\/wp-content\/uploads\/2023\/06\/IMG_1050-240x300.jpeg 240w, https:\/\/www.padreydecano.com\/cms\/wp-content\/uploads\/2023\/06\/IMG_1050-102x128.jpeg 102w, https:\/\/www.padreydecano.com\/cms\/wp-content\/uploads\/2023\/06\/IMG_1050-26x32.jpeg 26w, https:\/\/www.padreydecano.com\/cms\/wp-content\/uploads\/2023\/06\/IMG_1050.jpeg 1638w\" sizes=\"(max-width: 640px) 100vw, 640px\" \/><br \/>\nEl carbonero derrot\u00f3 1 a 0 a La Luz con gol de Santiago D\u00edaz y se consagr\u00f3 campe\u00f3n del Torneo Apertura de Tercera Divisi\u00f3n despu\u00e9s de 11 a\u00f1os.<\/strong><\/p>\n<p>El decano del f\u00fatbol uruguayo lleg\u00f3 a la \u00faltima fecha del torneo con la obligaci\u00f3n de ganar para conquistar el t\u00edtulo. La Luz el rival que recibi\u00f3 al carbonero en el Parque Palermo.<\/p>\n<p>El equipo de Juan Manuel Olivera y Dami\u00e1n Macaluso form\u00f3 con: Kevin Morgan; Joaqu\u00edn Ferreira, Andr\u00e9s Madruga, Agust\u00edn Rodr\u00edguez, Pablo L\u00f3pez; Mateo Carrizo, Pablo Nongoy, Santiago \u00c1lvez; Nahuel De Armas, Diego M\u00e9ndez y Santiago D\u00edaz.<\/p>\n<p>Banco: Fernando Mart\u00ednez, Mateo Ovelar, Mat\u00edas Gonz\u00e1lez, Camilo S\u00e1nchez, Lucas \u00c1lvez, Dilan Flores, Ademir Silva, Lucas Bassadone, Leandro Umpi\u00e9rrez y Dilan N\u00fa\u00f1ez.<\/p>\n<p>Con 10 jugadores en cancha tras la expulsi\u00f3n de Andr\u00e9s Madruga, Pe\u00f1arol sac\u00f3 el partido adelante en el final y con gol de Santiago D\u00edaz de penal se logr\u00f3 la victoria para levantar el trofeo.<\/p>\n<p>Como curiosidad, el arquero Morgan finaliz\u00f3 el partido y no pudo festejar, debido a que por un error con Jhonatan Lima y un medicamento que ingiri\u00f3 que no le permiti\u00f3 estar a la orden y Morgan debi\u00f3 viajar r\u00e1pidamente al Estadio Campe\u00f3n del Siglo para ser suplente en la derrota frente a Defensa y Justicia.<\/p>\n<p>Pe\u00f1arol conquist\u00f3 el Torneo Apertura 2023 de Tercera Divisi\u00f3n, algo que no se lograba desde 2012. El siguiente paso ser\u00e1 pelear el Campeonato Uruguayo de la categor\u00eda, algo que no se logra desde el a\u00f1o 2000.<\/p>\n<div class=\"user-wrapper\"><a class=\"userlink\"href=\"https:\/\/twitter.com\/ftrucce18\" target=\"_blank\"><figure><img decoding=\"async\" src=\"http:\/\/www.padreydecano.com\/cms\/wp-users-files\/postfirmas\/ftrucce.jpg\" \/><\/figure><p class=\"user\"><strong>Franco Trucce<\/strong><br \/>@FTrucce18<\/p><\/a><\/div>\n","protected":false},"excerpt":{"rendered":"<p>El carbonero derrot\u00f3 1 a 0 a La Luz con gol de Santiago D\u00edaz y se consagr\u00f3 campe\u00f3n del Torneo Apertura de Tercera Divisi\u00f3n despu\u00e9s de 11 a\u00f1os. El decano del f\u00fatbol uruguayo lleg\u00f3 a la \u00faltima fecha del torneo con la obligaci\u00f3n de ganar para conquistar el t\u00edtulo. La Luz el rival que recibi\u00f3 [&hellip;]<\/p>\n","protected":false},"author":27,"featured_media":80373,"comment_status":"open","ping_status":"closed","sticky":false,"template":"","format":"standard","meta":{"footnotes":""},"categories":[51],"tags":[],"yoast_head":"<!-- This site is optimized with the Yoast SEO plugin v23.2 - https:\/\/yoast.com\/wordpress\/plugins\/seo\/ -->\n<title>Pe\u00f1arol es campe\u00f3n en tercera - Padre y Decano - El Sitio del Pueblo<\/title>\n<meta name=\"robots\" content=\"index, follow, max-snippet:-1, max-image-preview:large, max-video-preview:-1\" \/>\n<link rel=\"canonical\" href=\"https:\/\/www.padreydecano.com\/cms\/3era-division\/penarol-es-campeon-en-tercera\/\" \/>\n<meta property=\"og:locale\" content=\"es_ES\" \/>\n<meta property=\"og:type\" content=\"article\" \/>\n<meta property=\"og:title\" content=\"Pe\u00f1arol es campe\u00f3n en tercera - Padre y Decano - El Sitio del Pueblo\" \/>\n<meta property=\"og:description\" content=\"El carbonero derrot\u00f3 1 a 0 a La Luz con gol de Santiago D\u00edaz y se consagr\u00f3 campe\u00f3n del Torneo Apertura de Tercera Divisi\u00f3n despu\u00e9s de 11 a\u00f1os. El decano del f\u00fatbol uruguayo lleg\u00f3 a la \u00faltima fecha del torneo con la obligaci\u00f3n de ganar para conquistar el t\u00edtulo. La Luz el rival que recibi\u00f3 [&hellip;]\" \/>\n<meta property=\"og:url\" content=\"https:\/\/www.padreydecano.com\/cms\/3era-division\/penarol-es-campeon-en-tercera\/\" \/>\n<meta property=\"og:site_name\" content=\"Padre y Decano - El Sitio del Pueblo\" \/>\n<meta property=\"article:published_time\" content=\"2023-06-07T21:01:13+00:00\" \/>\n<meta property=\"article:modified_time\" content=\"2023-06-08T15:13:25+00:00\" \/>\n<meta property=\"og:image\" content=\"https:\/\/www.padreydecano.com\/cms\/wp-content\/uploads\/2023\/06\/IMG_1050.jpeg\" \/>\n\t<meta property=\"og:image:width\" content=\"1638\" \/>\n\t<meta property=\"og:image:height\" content=\"2048\" \/>\n\t<meta property=\"og:image:type\" content=\"image\/jpeg\" \/>\n<meta name=\"author\" content=\"Redactores Padre y Decano\" \/>\n<meta name=\"twitter:card\" content=\"summary_large_image\" \/>\n<meta name=\"twitter:label1\" content=\"Escrito por\" \/>\n\t<meta name=\"twitter:data1\" content=\"Redactores Padre y Decano\" \/>\n\t<meta name=\"twitter:label2\" content=\"Tiempo de lectura\" \/>\n\t<meta name=\"twitter:data2\" content=\"2 minutos\" \/>\n<script type=\"application\/ld+json\" class=\"yoast-schema-graph\">{\"@context\":\"https:\/\/schema.org\",\"@graph\":[{\"@type\":\"Article\",\"@id\":\"https:\/\/www.padreydecano.com\/cms\/3era-division\/penarol-es-campeon-en-tercera\/#article\",\"isPartOf\":{\"@id\":\"https:\/\/www.padreydecano.com\/cms\/3era-division\/penarol-es-campeon-en-tercera\/\"},\"author\":{\"name\":\"Redactores Padre y Decano\",\"@id\":\"https:\/\/www.padreydecano.com\/cms\/#\/schema\/person\/37aae8f93aa78e4c5385497f056e3246\"},\"headline\":\"Pe\u00f1arol es campe\u00f3n en tercera\",\"datePublished\":\"2023-06-07T21:01:13+00:00\",\"dateModified\":\"2023-06-08T15:13:25+00:00\",\"mainEntityOfPage\":{\"@id\":\"https:\/\/www.padreydecano.com\/cms\/3era-division\/penarol-es-campeon-en-tercera\/\"},\"wordCount\":277,\"commentCount\":2,\"publisher\":{\"@id\":\"https:\/\/www.padreydecano.com\/cms\/#organization\"},\"image\":{\"@id\":\"https:\/\/www.padreydecano.com\/cms\/3era-division\/penarol-es-campeon-en-tercera\/#primaryimage\"},\"thumbnailUrl\":\"https:\/\/www.padreydecano.com\/cms\/wp-content\/uploads\/2023\/06\/IMG_1050.jpeg\",\"articleSection\":[\"3era Divisi\u00f3n\"],\"inLanguage\":\"es\",\"potentialAction\":[{\"@type\":\"CommentAction\",\"name\":\"Comment\",\"target\":[\"https:\/\/www.padreydecano.com\/cms\/3era-division\/penarol-es-campeon-en-tercera\/#respond\"]}]},{\"@type\":\"WebPage\",\"@id\":\"https:\/\/www.padreydecano.com\/cms\/3era-division\/penarol-es-campeon-en-tercera\/\",\"url\":\"https:\/\/www.padreydecano.com\/cms\/3era-division\/penarol-es-campeon-en-tercera\/\",\"name\":\"Pe\u00f1arol es campe\u00f3n en tercera - Padre y Decano - El Sitio del Pueblo\",\"isPartOf\":{\"@id\":\"https:\/\/www.padreydecano.com\/cms\/#website\"},\"primaryImageOfPage\":{\"@id\":\"https:\/\/www.padreydecano.com\/cms\/3era-division\/penarol-es-campeon-en-tercera\/#primaryimage\"},\"image\":{\"@id\":\"https:\/\/www.padreydecano.com\/cms\/3era-division\/penarol-es-campeon-en-tercera\/#primaryimage\"},\"thumbnailUrl\":\"https:\/\/www.padreydecano.com\/cms\/wp-content\/uploads\/2023\/06\/IMG_1050.jpeg\",\"datePublished\":\"2023-06-07T21:01:13+00:00\",\"dateModified\":\"2023-06-08T15:13:25+00:00\",\"breadcrumb\":{\"@id\":\"https:\/\/www.padreydecano.com\/cms\/3era-division\/penarol-es-campeon-en-tercera\/#breadcrumb\"},\"inLanguage\":\"es\",\"potentialAction\":[{\"@type\":\"ReadAction\",\"target\":[\"https:\/\/www.padreydecano.com\/cms\/3era-division\/penarol-es-campeon-en-tercera\/\"]}]},{\"@type\":\"ImageObject\",\"inLanguage\":\"es\",\"@id\":\"https:\/\/www.padreydecano.com\/cms\/3era-division\/penarol-es-campeon-en-tercera\/#primaryimage\",\"url\":\"https:\/\/www.padreydecano.com\/cms\/wp-content\/uploads\/2023\/06\/IMG_1050.jpeg\",\"contentUrl\":\"https:\/\/www.padreydecano.com\/cms\/wp-content\/uploads\/2023\/06\/IMG_1050.jpeg\",\"width\":1638,\"height\":2048},{\"@type\":\"BreadcrumbList\",\"@id\":\"https:\/\/www.padreydecano.com\/cms\/3era-division\/penarol-es-campeon-en-tercera\/#breadcrumb\",\"itemListElement\":[{\"@type\":\"ListItem\",\"position\":1,\"name\":\"Portada\",\"item\":\"https:\/\/www.padreydecano.com\/cms\/\"},{\"@type\":\"ListItem\",\"position\":2,\"name\":\"Pe\u00f1arol es campe\u00f3n en tercera\"}]},{\"@type\":\"WebSite\",\"@id\":\"https:\/\/www.padreydecano.com\/cms\/#website\",\"url\":\"https:\/\/www.padreydecano.com\/cms\/\",\"name\":\"Padre y Decano - El Sitio del Pueblo\",\"description\":\"Club Atl\u00e9tico Pe\u00f1arol\",\"publisher\":{\"@id\":\"https:\/\/www.padreydecano.com\/cms\/#organization\"},\"potentialAction\":[{\"@type\":\"SearchAction\",\"target\":{\"@type\":\"EntryPoint\",\"urlTemplate\":\"https:\/\/www.padreydecano.com\/cms\/?s={search_term_string}\"},\"query-input\":\"required name=search_term_string\"}],\"inLanguage\":\"es\"},{\"@type\":\"Organization\",\"@id\":\"https:\/\/www.padreydecano.com\/cms\/#organization\",\"name\":\"Padre y Decano\",\"url\":\"https:\/\/www.padreydecano.com\/cms\/\",\"logo\":{\"@type\":\"ImageObject\",\"inLanguage\":\"es\",\"@id\":\"https:\/\/www.padreydecano.com\/cms\/#\/schema\/logo\/image\/\",\"url\":\"https:\/\/www.padreydecano.com\/cms\/wp-content\/uploads\/2022\/01\/avatar-square.png\",\"contentUrl\":\"https:\/\/www.padreydecano.com\/cms\/wp-content\/uploads\/2022\/01\/avatar-square.png\",\"width\":1500,\"height\":1500,\"caption\":\"Padre y Decano\"},\"image\":{\"@id\":\"https:\/\/www.padreydecano.com\/cms\/#\/schema\/logo\/image\/\"}},{\"@type\":\"Person\",\"@id\":\"https:\/\/www.padreydecano.com\/cms\/#\/schema\/person\/37aae8f93aa78e4c5385497f056e3246\",\"name\":\"Redactores Padre y Decano\",\"image\":{\"@type\":\"ImageObject\",\"inLanguage\":\"es\",\"@id\":\"https:\/\/www.padreydecano.com\/cms\/#\/schema\/person\/image\/\",\"url\":\"https:\/\/secure.gravatar.com\/avatar\/8810c4b9081192b118b104af54549af8?s=96&d=https%3A%2F%2Fpadreydecano.com%2Fcms%2Fwp-content%2Fthemes%2Fpyd-theme%2Fimg%2Fdefault-avatar.png&r=g\",\"contentUrl\":\"https:\/\/secure.gravatar.com\/avatar\/8810c4b9081192b118b104af54549af8?s=96&d=https%3A%2F%2Fpadreydecano.com%2Fcms%2Fwp-content%2Fthemes%2Fpyd-theme%2Fimg%2Fdefault-avatar.png&r=g\",\"caption\":\"Redactores Padre y Decano\"},\"sameAs\":[\"http:\/\/www.padreydecano.com\"]}]}<\/script>\n<!-- \/ Yoast SEO plugin. -->","yoast_head_json":{"title":"Pe\u00f1arol es campe\u00f3n en tercera - Padre y Decano - El Sitio del Pueblo","robots":{"index":"index","follow":"follow","max-snippet":"max-snippet:-1","max-image-preview":"max-image-preview:large","max-video-preview":"max-video-preview:-1"},"canonical":"https:\/\/www.padreydecano.com\/cms\/3era-division\/penarol-es-campeon-en-tercera\/","og_locale":"es_ES","og_type":"article","og_title":"Pe\u00f1arol es campe\u00f3n en tercera - Padre y Decano - El Sitio del Pueblo","og_description":"El carbonero derrot\u00f3 1 a 0 a La Luz con gol de Santiago D\u00edaz y se consagr\u00f3 campe\u00f3n del Torneo Apertura de Tercera Divisi\u00f3n despu\u00e9s de 11 a\u00f1os. El decano del f\u00fatbol uruguayo lleg\u00f3 a la \u00faltima fecha del torneo con la obligaci\u00f3n de ganar para conquistar el t\u00edtulo. La Luz el rival que recibi\u00f3 [&hellip;]","og_url":"https:\/\/www.padreydecano.com\/cms\/3era-division\/penarol-es-campeon-en-tercera\/","og_site_name":"Padre y Decano - El Sitio del Pueblo","article_published_time":"2023-06-07T21:01:13+00:00","article_modified_time":"2023-06-08T15:13:25+00:00","og_image":[{"width":1638,"height":2048,"url":"https:\/\/www.padreydecano.com\/cms\/wp-content\/uploads\/2023\/06\/IMG_1050.jpeg","type":"image\/jpeg"}],"author":"Redactores Padre y Decano","twitter_card":"summary_large_image","twitter_misc":{"Escrito por":"Redactores Padre y Decano","Tiempo de lectura":"2 minutos"},"schema":{"@context":"https:\/\/schema.org","@graph":[{"@type":"Article","@id":"https:\/\/www.padreydecano.com\/cms\/3era-division\/penarol-es-campeon-en-tercera\/#article","isPartOf":{"@id":"https:\/\/www.padreydecano.com\/cms\/3era-division\/penarol-es-campeon-en-tercera\/"},"author":{"name":"Redactores Padre y Decano","@id":"https:\/\/www.padreydecano.com\/cms\/#\/schema\/person\/37aae8f93aa78e4c5385497f056e3246"},"headline":"Pe\u00f1arol es campe\u00f3n en tercera","datePublished":"2023-06-07T21:01:13+00:00","dateModified":"2023-06-08T15:13:25+00:00","mainEntityOfPage":{"@id":"https:\/\/www.padreydecano.com\/cms\/3era-division\/penarol-es-campeon-en-tercera\/"},"wordCount":277,"commentCount":2,"publisher":{"@id":"https:\/\/www.padreydecano.com\/cms\/#organization"},"image":{"@id":"https:\/\/www.padreydecano.com\/cms\/3era-division\/penarol-es-campeon-en-tercera\/#primaryimage"},"thumbnailUrl":"https:\/\/www.padreydecano.com\/cms\/wp-content\/uploads\/2023\/06\/IMG_1050.jpeg","articleSection":["3era Divisi\u00f3n"],"inLanguage":"es","potentialAction":[{"@type":"CommentAction","name":"Comment","target":["https:\/\/www.padreydecano.com\/cms\/3era-division\/penarol-es-campeon-en-tercera\/#respond"]}]},{"@type":"WebPage","@id":"https:\/\/www.padreydecano.com\/cms\/3era-division\/penarol-es-campeon-en-tercera\/","url":"https:\/\/www.padreydecano.com\/cms\/3era-division\/penarol-es-campeon-en-tercera\/","name":"Pe\u00f1arol es campe\u00f3n en tercera - Padre y Decano - El Sitio del Pueblo","isPartOf":{"@id":"https:\/\/www.padreydecano.com\/cms\/#website"},"primaryImageOfPage":{"@id":"https:\/\/www.padreydecano.com\/cms\/3era-division\/penarol-es-campeon-en-tercera\/#primaryimage"},"image":{"@id":"https:\/\/www.padreydecano.com\/cms\/3era-division\/penarol-es-campeon-en-tercera\/#primaryimage"},"thumbnailUrl":"https:\/\/www.padreydecano.com\/cms\/wp-content\/uploads\/2023\/06\/IMG_1050.jpeg","datePublished":"2023-06-07T21:01:13+00:00","dateModified":"2023-06-08T15:13:25+00:00","breadcrumb":{"@id":"https:\/\/www.padreydecano.com\/cms\/3era-division\/penarol-es-campeon-en-tercera\/#breadcrumb"},"inLanguage":"es","potentialAction":[{"@type":"ReadAction","target":["https:\/\/www.padreydecano.com\/cms\/3era-division\/penarol-es-campeon-en-tercera\/"]}]},{"@type":"ImageObject","inLanguage":"es","@id":"https:\/\/www.padreydecano.com\/cms\/3era-division\/penarol-es-campeon-en-tercera\/#primaryimage","url":"https:\/\/www.padreydecano.com\/cms\/wp-content\/uploads\/2023\/06\/IMG_1050.jpeg","contentUrl":"https:\/\/www.padreydecano.com\/cms\/wp-content\/uploads\/2023\/06\/IMG_1050.jpeg","width":1638,"height":2048},{"@type":"BreadcrumbList","@id":"https:\/\/www.padreydecano.com\/cms\/3era-division\/penarol-es-campeon-en-tercera\/#breadcrumb","itemListElement":[{"@type":"ListItem","position":1,"name":"Portada","item":"https:\/\/www.padreydecano.com\/cms\/"},{"@type":"ListItem","position":2,"name":"Pe\u00f1arol es campe\u00f3n en tercera"}]},{"@type":"WebSite","@id":"https:\/\/www.padreydecano.com\/cms\/#website","url":"https:\/\/www.padreydecano.com\/cms\/","name":"Padre y Decano - El Sitio del Pueblo","description":"Club Atl\u00e9tico Pe\u00f1arol","publisher":{"@id":"https:\/\/www.padreydecano.com\/cms\/#organization"},"potentialAction":[{"@type":"SearchAction","target":{"@type":"EntryPoint","urlTemplate":"https:\/\/www.padreydecano.com\/cms\/?s={search_term_string}"},"query-input":"required name=search_term_string"}],"inLanguage":"es"},{"@type":"Organization","@id":"https:\/\/www.padreydecano.com\/cms\/#organization","name":"Padre y Decano","url":"https:\/\/www.padreydecano.com\/cms\/","logo":{"@type":"ImageObject","inLanguage":"es","@id":"https:\/\/www.padreydecano.com\/cms\/#\/schema\/logo\/image\/","url":"https:\/\/www.padreydecano.com\/cms\/wp-content\/uploads\/2022\/01\/avatar-square.png","contentUrl":"https:\/\/www.padreydecano.com\/cms\/wp-content\/uploads\/2022\/01\/avatar-square.png","width":1500,"height":1500,"caption":"Padre y Decano"},"image":{"@id":"https:\/\/www.padreydecano.com\/cms\/#\/schema\/logo\/image\/"}},{"@type":"Person","@id":"https:\/\/www.padreydecano.com\/cms\/#\/schema\/person\/37aae8f93aa78e4c5385497f056e3246","name":"Redactores Padre y Decano","image":{"@type":"ImageObject","inLanguage":"es","@id":"https:\/\/www.padreydecano.com\/cms\/#\/schema\/person\/image\/","url":"https:\/\/secure.gravatar.com\/avatar\/8810c4b9081192b118b104af54549af8?s=96&d=https%3A%2F%2Fpadreydecano.com%2Fcms%2Fwp-content%2Fthemes%2Fpyd-theme%2Fimg%2Fdefault-avatar.png&r=g","contentUrl":"https:\/\/secure.gravatar.com\/avatar\/8810c4b9081192b118b104af54549af8?s=96&d=https%3A%2F%2Fpadreydecano.com%2Fcms%2Fwp-content%2Fthemes%2Fpyd-theme%2Fimg%2Fdefault-avatar.png&r=g","caption":"Redactores Padre y Decano"},"sameAs":["http:\/\/www.padreydecano.com"]}]}},"_links":{"self":[{"href":"https:\/\/www.padreydecano.com\/cms\/wp-json\/wp\/v2\/posts\/80372"}],"collection":[{"href":"https:\/\/www.padreydecano.com\/cms\/wp-json\/wp\/v2\/posts"}],"about":[{"href":"https:\/\/www.padreydecano.com\/cms\/wp-json\/wp\/v2\/types\/post"}],"author":[{"embeddable":true,"href":"https:\/\/www.padreydecano.com\/cms\/wp-json\/wp\/v2\/users\/27"}],"replies":[{"embeddable":true,"href":"https:\/\/www.padreydecano.com\/cms\/wp-json\/wp\/v2\/comments?post=80372"}],"version-history":[{"count":0,"href":"https:\/\/www.padreydecano.com\/cms\/wp-json\/wp\/v2\/posts\/80372\/revisions"}],"wp:featuredmedia":[{"embeddable":true,"href":"https:\/\/www.padreydecano.com\/cms\/wp-json\/wp\/v2\/media\/80373"}],"wp:attachment":[{"href":"https:\/\/www.padreydecano.com\/cms\/wp-json\/wp\/v2\/media?parent=80372"}],"wp:term":[{"taxonomy":"category","embeddable":true,"href":"https:\/\/www.padreydecano.com\/cms\/wp-json\/wp\/v2\/categories?post=80372"},{"taxonomy":"post_tag","embeddable":true,"href":"https:\/\/www.padreydecano.com\/cms\/wp-json\/wp\/v2\/tags?post=80372"}],"curies":[{"name":"wp","href":"https:\/\/api.w.org\/{rel}","templated":true}]}}