{"id":80340,"date":"2023-05-27T19:33:08","date_gmt":"2023-05-27T22:33:08","guid":{"rendered":"https:\/\/www.padreydecano.com\/cms\/?p=80340"},"modified":"2023-05-29T17:02:16","modified_gmt":"2023-05-29T20:02:16","slug":"las-lesiones-del-semestre","status":"publish","type":"post","link":"https:\/\/www.padreydecano.com\/cms\/noticias\/las-lesiones-del-semestre\/","title":{"rendered":"Las lesiones del semestre"},"content":{"rendered":"<p><img loading=\"lazy\" decoding=\"async\" class=\"alignnone size-medium wp-image-80341\" src=\"https:\/\/www.padreydecano.com\/cms\/wp-content\/uploads\/2023\/05\/1F3E41B1-2296-4DD3-AC44-DF5A392AE1B9-800x532.jpeg\" alt=\"\" width=\"800\" height=\"532\" srcset=\"https:\/\/www.padreydecano.com\/cms\/wp-content\/uploads\/2023\/05\/1F3E41B1-2296-4DD3-AC44-DF5A392AE1B9-800x532.jpeg 800w, https:\/\/www.padreydecano.com\/cms\/wp-content\/uploads\/2023\/05\/1F3E41B1-2296-4DD3-AC44-DF5A392AE1B9-1280x851.jpeg 1280w, https:\/\/www.padreydecano.com\/cms\/wp-content\/uploads\/2023\/05\/1F3E41B1-2296-4DD3-AC44-DF5A392AE1B9-768x510.jpeg 768w, https:\/\/www.padreydecano.com\/cms\/wp-content\/uploads\/2023\/05\/1F3E41B1-2296-4DD3-AC44-DF5A392AE1B9-1536x1021.jpeg 1536w, https:\/\/www.padreydecano.com\/cms\/wp-content\/uploads\/2023\/05\/1F3E41B1-2296-4DD3-AC44-DF5A392AE1B9-300x199.jpeg 300w, https:\/\/www.padreydecano.com\/cms\/wp-content\/uploads\/2023\/05\/1F3E41B1-2296-4DD3-AC44-DF5A392AE1B9-128x85.jpeg 128w, https:\/\/www.padreydecano.com\/cms\/wp-content\/uploads\/2023\/05\/1F3E41B1-2296-4DD3-AC44-DF5A392AE1B9-32x21.jpeg 32w, https:\/\/www.padreydecano.com\/cms\/wp-content\/uploads\/2023\/05\/1F3E41B1-2296-4DD3-AC44-DF5A392AE1B9.jpeg 2048w\" sizes=\"(max-width: 800px) 100vw, 800px\" \/><\/p>\n<p><strong>Uno de los puntos m\u00e1s bajos en lo que va de la temporada fue el aspecto f\u00edsico, donde Pe\u00f1arol afront\u00f3 cada partido con bajas en el equipo por lesiones.<\/strong><\/p>\n<p>En lo que va del semestre, Pe\u00f1arol<br \/>\nconquist\u00f3 el Torneo Apertura 2023 con 2 fechas de anticipaci\u00f3n, ganando el cl\u00e1sico incluido, pero tambi\u00e9n tuvo una humillante participaci\u00f3n en la fase de grupos de la Copa Sudamericana, donde pasadas 4 fechas no ha podido sumar unidades.<\/p>\n<p>En ambas competencias, el equipo sufri\u00f3 bajas importantes por lesiones. Algunos jugadores estuvieron m\u00e1s partidos afuera que adentro por sus dolencias fisicas, otros tuvieron irregularidades en sus continuidad y algunos tuvieron puntuales ausencias.<\/p>\n<p><strong>Fecha 1 Apertura:<\/strong> Pe\u00f1arol 2-0 Cerro \/ Jugador no disponible Lucas Hern\u00e1ndez.<\/p>\n<p><strong>Fecha 2 Apertura:<\/strong> La Luz 3-4 Pe\u00f1arol \/ Jugador no disponible Lucas Hern\u00e1ndez.<\/p>\n<p><strong>Fecha 3 Apertura:<\/strong> Pe\u00f1arol 1-0 Boston River \/ Jugador no disponible Yonatthan Rak.<\/p>\n<p><strong>Fecha 4 Apertura:<\/strong> Defensor Sporting 2-2 Pe\u00f1arol \/ Jugadores no disponibles Yonatthan Rak y Diego Rolan.<\/p>\n<p><strong>Fecha 5 Apertura:<\/strong> Pe\u00f1arol 2-1 Deportivo Maldonado \/ Jugadores no disponibles Yonatthan Rak, Diego Rolan y Brian Masilla.<\/p>\n<p><strong>Clasificaci\u00f3n Copa Sudamericana:<\/strong> River Plate 0-4 Pe\u00f1arol \/ Jugadores no disponibles Yonatthan Rak, Diego Rolan, Brian Mansilla y Carlos S\u00e1nchez.<\/p>\n<p><strong>Fecha 6 Apertura:<\/strong> Pe\u00f1arol 2-2 Montevideo City Torque \/ Jugadores no disponibles Diego Rolan, Carlos S\u00e1nchez y Abel Hern\u00e1ndez.<\/p>\n<p><strong>Fecha 7 Apertura:<\/strong> Pe\u00f1arol 1-0 River Plate \/ Jugadores no disponibles Carlos S\u00e1nchez, Abel Hern\u00e1ndez y Mat\u00edas Arezo.<\/p>\n<p><strong>Fecha 8 Apertura:<\/strong> Liverpool 1-0 Pe\u00f1arol \/ Carlos S\u00e1nchez, Abel Hern\u00e1ndez, Lucas Hern\u00e1ndez y Leonardo Coelho.<\/p>\n<p><strong>Fecha 9 Apertura:<\/strong> Pe\u00f1arol 2-0 Nacional \/ Jugador no disponible Carlos S\u00e1nchez.<\/p>\n<p><strong>Fecha 1 Sudamericana:<\/strong> Am\u00e9rica MG 4-1 Pe\u00f1arol \/ Jugador no disponibles Carlos S\u00e1nchez.<\/p>\n<p><strong>Fecha 10 Apertura:<\/strong> Cerro Largo 0-0 Pe\u00f1arol \/ Jugadores no disponibles Carlos S\u00e1nchez y Valent\u00edn Rodr\u00edguez<\/p>\n<p><strong>Fecha 11 Apertura:<\/strong> Pe\u00f1arol 2-0 Danubio\/ Jugadores no disponibles Valent\u00edn Rodr\u00edguez y Leonardo Coelho.<\/p>\n<p><strong>Fecha 2 Sudamericana:<\/strong> Pe\u00f1arol 0-2 Millonarios \/ Jugadores no disponibles Leonardo Coelho y Sebasti\u00e1n Crist\u00f3foro.<\/p>\n<p><strong>Fecha 12 Apertura:<\/strong> Plaza Colonia 1-2 Pe\u00f1arol \/ Jugador no disponible Leonardo Coelho.<\/p>\n<p><strong>Fecha 13 Apertura:<\/strong> Pe\u00f1arol 2-0 F\u00e9nix \/ Jugador no disponible Leonardo Coelho.<\/p>\n<p><strong>Fecha 3 Copa Sudamericana:<\/strong> Defensa y Justicia 4-1 Pe\u00f1arol \/ Jugadores no disponibles Leonardo Coelho y Carlos S\u00e1nchez.<\/p>\n<p><strong>Fecha 14 Apertura:<\/strong> Racing 0-2 Pe\u00f1arol \/ Jugador no disponible Brian Mansilla.<\/p>\n<p><strong>Fecha 15 Apertura:<\/strong> Pe\u00f1arol 1-1 Wanderers \/ Jugadores no disponibles Brian Mansilla, Carlos S\u00e1nchez, Abel Hern\u00e1ndez y Kevin M\u00e9ndez.<\/p>\n<p><strong>Fecha 4 Sudamericana:<\/strong> Millonarios 3-1 Pe\u00f1arol \/ Jugadores no disponibles Carlos S\u00e1nchez, Abel Hern\u00e1ndez, Diego Rolan, Rodrigo Saravia y Sebasti\u00e1n Rodr\u00edguez.<\/p>\n<p><span style=\"color: #ffcc00;\"><strong>Incorporaciones de principio de a\u00f1o<\/strong><\/span><\/p>\n<p>De las 7 incorporaciones que llegaron a Pe\u00f1arol para la temporada 2023, absolutamente todos estuvieron lesionados en alg\u00fan momento del semestre.<\/p>\n<p><strong>Carlos S\u00e1nchez:<\/strong> El volante de 38 a\u00f1os estuvo ausente en 10 encuentros de 20 disputados por el decano en lo que va de la temporada. En el \u00e1mbito internacional, el \u201cPato\u201d solamente disput\u00f3 el encuentro de local ante Millonarios, luego no estuvo disponible en ninguna visita del carbonero.<\/p>\n<p><strong>Abel Hern\u00e1ndez:<\/strong> El delantero de 32 a\u00f1os sufre de tendinitis en el tal\u00f3n, por lo cual se lo par\u00f3 algunas fechas para que logre recuperarse. De igual manera, ha sufrido diferentes dolencias f\u00edsicas a lo largo del semestre.<\/p>\n<p><strong>Leonardo Coelho:<\/strong> El zaguero brasile\u00f1o de 30 a\u00f1os lleg\u00f3 con lo justo al partido cl\u00e1sico tras superar su desgarro, pero el jugar el partido cl\u00e1sico y posteriormente el debut de la fase de grupos en Brasil, hizo que el defensor estuviera varias fechas fuera de las canchas.<\/p>\n<p><strong>Lucas Hern\u00e1ndez:<\/strong> El lateral izquierdo de 30 a\u00f1os no logr\u00f3 empezar el Apertura a la orden y fue la primera baja de Pe\u00f1arol en las 2 primeras fechas del torneo. Luego tuvo otras bajas por el aspecto f\u00edsico.<\/p>\n<p><strong>Diego Rolan:<\/strong> El delantero de 30 a\u00f1os lleg\u00f3 con inactividad al decano del f\u00fatbol uruguayo. Debut\u00f3 en la tercera fecha del Apertura frente a Boston River para disputar los \u00faltimos 16 minutos, luego de eso sufri\u00f3 una lesi\u00f3n. En lo que va en Pe\u00f1arol, tiene casi la misma cantidad de partidos jugados que ausentes por dolencias f\u00edsicas (7 y 5).<\/p>\n<p><strong>Mat\u00edas Arezo:<\/strong> El delantero de 20 a\u00f1os sufri\u00f3 una lesi\u00f3n en un entrenamiento en Los Aromos. Esto no le permiti\u00f3 estar ante River Plate en la s\u00e9ptima fecha. Se recuper\u00f3 en su convocatoria con la selecci\u00f3n uruguaya participando de los amistosos en Asia. Fue su \u00fanica ausencia.<\/p>\n<p><strong>Sebasti\u00e1n Rodr\u00edguez:<\/strong> El volante de 30 a\u00f1os no viaj\u00f3 a Colombia para enfrentar a Millonarios debido a un esguince sufrido en Los Aromos. Por como se dio la situaci\u00f3n de su lesi\u00f3n, se esperaba lo peor. El mal estado del campo de entrenamiento influy\u00f3 en la lesi\u00f3n del jugador. Ven\u00eda de jugar todo el semestre.<\/p>\n<p>Otro dato en lo que respecta al aspecto f\u00edsico, se debe mencionar que tanto Dami\u00e1n Garc\u00eda como Nahuel Herrera salieron alambrados en su debut frente a Deportivo Maldonado, y Andr\u00e9s Madruga sufri\u00f3 un desgarro entrenando en primera divisi\u00f3n bajo las \u00f3rdenes de Alfredo Arias. Estos puntos se pueden considerar como fallas en el pasaje de juveniles de categor\u00edas inferiores a la primera divisi\u00f3n, con poco tiempo de adaptaci\u00f3n teniendo en cuenta la diferencia f\u00edsica de las divisionales.<\/p>\n<p><span style=\"color: #ffcc00;\"><strong>30 minutos y 2 lesionados<\/strong><\/span><\/p>\n<p>En la victoria frente a Racing en el Centenario, Pe\u00f1arol realiz\u00f3 2 cambios por lesi\u00f3n en los primeros 30 minutos de juego.<\/p>\n<p>A los 7 minutos se retir\u00f3 Abel Hern\u00e1ndez en lugar de Bruno Betancor y a los 32\u2019 Kevin M\u00e9ndez sali\u00f3 por M\u00e1ximo Alonso, quien se lesion\u00f3 en la segunda fecha del Apertura de Tercera Divisi\u00f3n y regres\u00f3 poco tiempo antes de dicho partido.<\/p>\n<p><span style=\"color: #ffcc00;\"><strong>El partido con m\u00e1s bajas<\/strong><\/span><\/p>\n<p>Para la visita de Pe\u00f1arol a Bogot\u00e1 para enfrentar a Millonarios, el equipo ten\u00eda considerables bajas, no solo en cantidad sino en importancia de juego.<\/p>\n<p>En el encuentro m\u00e1s dif\u00edcil del semestre y con el decano no solo afrontando la \u00faltima posibilidad de seguir con chances de pasar sino que intentar mejorar el nefasto puntaje del Club en la actual tabla de posiciones.<\/p>\n<p>Arias debi\u00f3 improvisar e hizo debutar a Braulio Guisolfo, capit\u00e1n de la Tercera Divisi\u00f3n de Pe\u00f1arol, s\u00e9ptima opci\u00f3n del entrenador para dicha zona de la cancha. En el segundo tiempo hizo debutar a otro juvenil, el delantero Santiago D\u00edaz, por la falta de delanteros en la n\u00f3mina de convocados. En la previa parec\u00eda el peor momento para hacer debutar a jugadores que no hab\u00edan tenido su oportunidad en el \u00e1mbito local, pese a la dolorosa derrota en la cual no tuvieron para nada la responsabilidad, deber\u00e1n seguir teniendo su chance en el f\u00fatbol uruguayo.<\/p>\n<p>Preocupan la cantidad de bajas que hay en el plantel partido tras partido por lesi\u00f3n, preocupan la realidad de jugadores puntuales que se ausentan por varios partidos y preocupa lo mal armado que queda el equipo cada vez que se da una falta.<\/p>\n<p>El cuerpo m\u00e9dico y el \u00e1rea deportiva los m\u00e1ximos se\u00f1alados en este momento. Mucho para corregir para la segunda parte del a\u00f1o.<\/p>\n<div class=\"user-wrapper\"><a class=\"userlink\"href=\"https:\/\/twitter.com\/ftrucce18\" target=\"_blank\"><figure><img decoding=\"async\" src=\"http:\/\/www.padreydecano.com\/cms\/wp-users-files\/postfirmas\/ftrucce.jpg\" \/><\/figure><p class=\"user\"><strong>Franco Trucce<\/strong><br \/>@FTrucce18<\/p><\/a><\/div>\n","protected":false},"excerpt":{"rendered":"<p>Uno de los puntos m\u00e1s bajos en lo que va de la temporada fue el aspecto f\u00edsico, donde Pe\u00f1arol afront\u00f3 cada partido con bajas en el equipo por lesiones. En lo que va del semestre, Pe\u00f1arol conquist\u00f3 el Torneo Apertura 2023 con 2 fechas de anticipaci\u00f3n, ganando el cl\u00e1sico incluido, pero tambi\u00e9n tuvo una humillante [&hellip;]<\/p>\n","protected":false},"author":27,"featured_media":80341,"comment_status":"open","ping_status":"closed","sticky":false,"template":"","format":"standard","meta":{"footnotes":""},"categories":[1],"tags":[590],"yoast_head":"<!-- This site is optimized with the Yoast SEO plugin v23.2 - https:\/\/yoast.com\/wordpress\/plugins\/seo\/ -->\n<title>Las lesiones del semestre - Padre y Decano - El Sitio del Pueblo<\/title>\n<meta name=\"robots\" content=\"index, follow, max-snippet:-1, max-image-preview:large, max-video-preview:-1\" \/>\n<link rel=\"canonical\" href=\"https:\/\/www.padreydecano.com\/cms\/noticias\/las-lesiones-del-semestre\/\" \/>\n<meta property=\"og:locale\" content=\"es_ES\" \/>\n<meta property=\"og:type\" content=\"article\" \/>\n<meta property=\"og:title\" content=\"Las lesiones del semestre - Padre y Decano - El Sitio del Pueblo\" \/>\n<meta property=\"og:description\" content=\"Uno de los puntos m\u00e1s bajos en lo que va de la temporada fue el aspecto f\u00edsico, donde Pe\u00f1arol afront\u00f3 cada partido con bajas en el equipo por lesiones. En lo que va del semestre, Pe\u00f1arol conquist\u00f3 el Torneo Apertura 2023 con 2 fechas de anticipaci\u00f3n, ganando el cl\u00e1sico incluido, pero tambi\u00e9n tuvo una humillante [&hellip;]\" \/>\n<meta property=\"og:url\" content=\"https:\/\/www.padreydecano.com\/cms\/noticias\/las-lesiones-del-semestre\/\" \/>\n<meta property=\"og:site_name\" content=\"Padre y Decano - El Sitio del Pueblo\" \/>\n<meta property=\"article:published_time\" content=\"2023-05-27T22:33:08+00:00\" \/>\n<meta property=\"article:modified_time\" content=\"2023-05-29T20:02:16+00:00\" \/>\n<meta property=\"og:image\" content=\"https:\/\/www.padreydecano.com\/cms\/wp-content\/uploads\/2023\/05\/1F3E41B1-2296-4DD3-AC44-DF5A392AE1B9.jpeg\" \/>\n\t<meta property=\"og:image:width\" content=\"2048\" \/>\n\t<meta property=\"og:image:height\" content=\"1361\" \/>\n\t<meta property=\"og:image:type\" content=\"image\/jpeg\" \/>\n<meta name=\"author\" content=\"Redactores Padre y Decano\" \/>\n<meta name=\"twitter:card\" content=\"summary_large_image\" \/>\n<meta name=\"twitter:label1\" content=\"Escrito por\" \/>\n\t<meta name=\"twitter:data1\" content=\"Redactores Padre y Decano\" \/>\n\t<meta name=\"twitter:label2\" content=\"Tiempo de lectura\" \/>\n\t<meta name=\"twitter:data2\" content=\"6 minutos\" \/>\n<script type=\"application\/ld+json\" class=\"yoast-schema-graph\">{\"@context\":\"https:\/\/schema.org\",\"@graph\":[{\"@type\":\"Article\",\"@id\":\"https:\/\/www.padreydecano.com\/cms\/noticias\/las-lesiones-del-semestre\/#article\",\"isPartOf\":{\"@id\":\"https:\/\/www.padreydecano.com\/cms\/noticias\/las-lesiones-del-semestre\/\"},\"author\":{\"name\":\"Redactores Padre y Decano\",\"@id\":\"https:\/\/www.padreydecano.com\/cms\/#\/schema\/person\/37aae8f93aa78e4c5385497f056e3246\"},\"headline\":\"Las lesiones del semestre\",\"datePublished\":\"2023-05-27T22:33:08+00:00\",\"dateModified\":\"2023-05-29T20:02:16+00:00\",\"mainEntityOfPage\":{\"@id\":\"https:\/\/www.padreydecano.com\/cms\/noticias\/las-lesiones-del-semestre\/\"},\"wordCount\":1223,\"commentCount\":12,\"publisher\":{\"@id\":\"https:\/\/www.padreydecano.com\/cms\/#organization\"},\"image\":{\"@id\":\"https:\/\/www.padreydecano.com\/cms\/noticias\/las-lesiones-del-semestre\/#primaryimage\"},\"thumbnailUrl\":\"https:\/\/www.padreydecano.com\/cms\/wp-content\/uploads\/2023\/05\/1F3E41B1-2296-4DD3-AC44-DF5A392AE1B9.jpeg\",\"keywords\":[\"Campeonato Uruguayo 2023\"],\"articleSection\":[\"Noticias\"],\"inLanguage\":\"es\",\"potentialAction\":[{\"@type\":\"CommentAction\",\"name\":\"Comment\",\"target\":[\"https:\/\/www.padreydecano.com\/cms\/noticias\/las-lesiones-del-semestre\/#respond\"]}]},{\"@type\":\"WebPage\",\"@id\":\"https:\/\/www.padreydecano.com\/cms\/noticias\/las-lesiones-del-semestre\/\",\"url\":\"https:\/\/www.padreydecano.com\/cms\/noticias\/las-lesiones-del-semestre\/\",\"name\":\"Las lesiones del semestre - Padre y Decano - El Sitio del Pueblo\",\"isPartOf\":{\"@id\":\"https:\/\/www.padreydecano.com\/cms\/#website\"},\"primaryImageOfPage\":{\"@id\":\"https:\/\/www.padreydecano.com\/cms\/noticias\/las-lesiones-del-semestre\/#primaryimage\"},\"image\":{\"@id\":\"https:\/\/www.padreydecano.com\/cms\/noticias\/las-lesiones-del-semestre\/#primaryimage\"},\"thumbnailUrl\":\"https:\/\/www.padreydecano.com\/cms\/wp-content\/uploads\/2023\/05\/1F3E41B1-2296-4DD3-AC44-DF5A392AE1B9.jpeg\",\"datePublished\":\"2023-05-27T22:33:08+00:00\",\"dateModified\":\"2023-05-29T20:02:16+00:00\",\"breadcrumb\":{\"@id\":\"https:\/\/www.padreydecano.com\/cms\/noticias\/las-lesiones-del-semestre\/#breadcrumb\"},\"inLanguage\":\"es\",\"potentialAction\":[{\"@type\":\"ReadAction\",\"target\":[\"https:\/\/www.padreydecano.com\/cms\/noticias\/las-lesiones-del-semestre\/\"]}]},{\"@type\":\"ImageObject\",\"inLanguage\":\"es\",\"@id\":\"https:\/\/www.padreydecano.com\/cms\/noticias\/las-lesiones-del-semestre\/#primaryimage\",\"url\":\"https:\/\/www.padreydecano.com\/cms\/wp-content\/uploads\/2023\/05\/1F3E41B1-2296-4DD3-AC44-DF5A392AE1B9.jpeg\",\"contentUrl\":\"https:\/\/www.padreydecano.com\/cms\/wp-content\/uploads\/2023\/05\/1F3E41B1-2296-4DD3-AC44-DF5A392AE1B9.jpeg\",\"width\":2048,\"height\":1361},{\"@type\":\"BreadcrumbList\",\"@id\":\"https:\/\/www.padreydecano.com\/cms\/noticias\/las-lesiones-del-semestre\/#breadcrumb\",\"itemListElement\":[{\"@type\":\"ListItem\",\"position\":1,\"name\":\"Portada\",\"item\":\"https:\/\/www.padreydecano.com\/cms\/\"},{\"@type\":\"ListItem\",\"position\":2,\"name\":\"Las lesiones del semestre\"}]},{\"@type\":\"WebSite\",\"@id\":\"https:\/\/www.padreydecano.com\/cms\/#website\",\"url\":\"https:\/\/www.padreydecano.com\/cms\/\",\"name\":\"Padre y Decano - El Sitio del Pueblo\",\"description\":\"Club Atl\u00e9tico Pe\u00f1arol\",\"publisher\":{\"@id\":\"https:\/\/www.padreydecano.com\/cms\/#organization\"},\"potentialAction\":[{\"@type\":\"SearchAction\",\"target\":{\"@type\":\"EntryPoint\",\"urlTemplate\":\"https:\/\/www.padreydecano.com\/cms\/?s={search_term_string}\"},\"query-input\":\"required name=search_term_string\"}],\"inLanguage\":\"es\"},{\"@type\":\"Organization\",\"@id\":\"https:\/\/www.padreydecano.com\/cms\/#organization\",\"name\":\"Padre y Decano\",\"url\":\"https:\/\/www.padreydecano.com\/cms\/\",\"logo\":{\"@type\":\"ImageObject\",\"inLanguage\":\"es\",\"@id\":\"https:\/\/www.padreydecano.com\/cms\/#\/schema\/logo\/image\/\",\"url\":\"https:\/\/www.padreydecano.com\/cms\/wp-content\/uploads\/2022\/01\/avatar-square.png\",\"contentUrl\":\"https:\/\/www.padreydecano.com\/cms\/wp-content\/uploads\/2022\/01\/avatar-square.png\",\"width\":1500,\"height\":1500,\"caption\":\"Padre y Decano\"},\"image\":{\"@id\":\"https:\/\/www.padreydecano.com\/cms\/#\/schema\/logo\/image\/\"}},{\"@type\":\"Person\",\"@id\":\"https:\/\/www.padreydecano.com\/cms\/#\/schema\/person\/37aae8f93aa78e4c5385497f056e3246\",\"name\":\"Redactores Padre y Decano\",\"image\":{\"@type\":\"ImageObject\",\"inLanguage\":\"es\",\"@id\":\"https:\/\/www.padreydecano.com\/cms\/#\/schema\/person\/image\/\",\"url\":\"https:\/\/secure.gravatar.com\/avatar\/8810c4b9081192b118b104af54549af8?s=96&d=https%3A%2F%2Fpadreydecano.com%2Fcms%2Fwp-content%2Fthemes%2Fpyd-theme%2Fimg%2Fdefault-avatar.png&r=g\",\"contentUrl\":\"https:\/\/secure.gravatar.com\/avatar\/8810c4b9081192b118b104af54549af8?s=96&d=https%3A%2F%2Fpadreydecano.com%2Fcms%2Fwp-content%2Fthemes%2Fpyd-theme%2Fimg%2Fdefault-avatar.png&r=g\",\"caption\":\"Redactores Padre y Decano\"},\"sameAs\":[\"http:\/\/www.padreydecano.com\"]}]}<\/script>\n<!-- \/ Yoast SEO plugin. -->","yoast_head_json":{"title":"Las lesiones del semestre - Padre y Decano - El Sitio del Pueblo","robots":{"index":"index","follow":"follow","max-snippet":"max-snippet:-1","max-image-preview":"max-image-preview:large","max-video-preview":"max-video-preview:-1"},"canonical":"https:\/\/www.padreydecano.com\/cms\/noticias\/las-lesiones-del-semestre\/","og_locale":"es_ES","og_type":"article","og_title":"Las lesiones del semestre - Padre y Decano - El Sitio del Pueblo","og_description":"Uno de los puntos m\u00e1s bajos en lo que va de la temporada fue el aspecto f\u00edsico, donde Pe\u00f1arol afront\u00f3 cada partido con bajas en el equipo por lesiones. En lo que va del semestre, Pe\u00f1arol conquist\u00f3 el Torneo Apertura 2023 con 2 fechas de anticipaci\u00f3n, ganando el cl\u00e1sico incluido, pero tambi\u00e9n tuvo una humillante [&hellip;]","og_url":"https:\/\/www.padreydecano.com\/cms\/noticias\/las-lesiones-del-semestre\/","og_site_name":"Padre y Decano - El Sitio del Pueblo","article_published_time":"2023-05-27T22:33:08+00:00","article_modified_time":"2023-05-29T20:02:16+00:00","og_image":[{"width":2048,"height":1361,"url":"https:\/\/www.padreydecano.com\/cms\/wp-content\/uploads\/2023\/05\/1F3E41B1-2296-4DD3-AC44-DF5A392AE1B9.jpeg","type":"image\/jpeg"}],"author":"Redactores Padre y Decano","twitter_card":"summary_large_image","twitter_misc":{"Escrito por":"Redactores Padre y Decano","Tiempo de lectura":"6 minutos"},"schema":{"@context":"https:\/\/schema.org","@graph":[{"@type":"Article","@id":"https:\/\/www.padreydecano.com\/cms\/noticias\/las-lesiones-del-semestre\/#article","isPartOf":{"@id":"https:\/\/www.padreydecano.com\/cms\/noticias\/las-lesiones-del-semestre\/"},"author":{"name":"Redactores Padre y Decano","@id":"https:\/\/www.padreydecano.com\/cms\/#\/schema\/person\/37aae8f93aa78e4c5385497f056e3246"},"headline":"Las lesiones del semestre","datePublished":"2023-05-27T22:33:08+00:00","dateModified":"2023-05-29T20:02:16+00:00","mainEntityOfPage":{"@id":"https:\/\/www.padreydecano.com\/cms\/noticias\/las-lesiones-del-semestre\/"},"wordCount":1223,"commentCount":12,"publisher":{"@id":"https:\/\/www.padreydecano.com\/cms\/#organization"},"image":{"@id":"https:\/\/www.padreydecano.com\/cms\/noticias\/las-lesiones-del-semestre\/#primaryimage"},"thumbnailUrl":"https:\/\/www.padreydecano.com\/cms\/wp-content\/uploads\/2023\/05\/1F3E41B1-2296-4DD3-AC44-DF5A392AE1B9.jpeg","keywords":["Campeonato Uruguayo 2023"],"articleSection":["Noticias"],"inLanguage":"es","potentialAction":[{"@type":"CommentAction","name":"Comment","target":["https:\/\/www.padreydecano.com\/cms\/noticias\/las-lesiones-del-semestre\/#respond"]}]},{"@type":"WebPage","@id":"https:\/\/www.padreydecano.com\/cms\/noticias\/las-lesiones-del-semestre\/","url":"https:\/\/www.padreydecano.com\/cms\/noticias\/las-lesiones-del-semestre\/","name":"Las lesiones del semestre - Padre y Decano - El Sitio del Pueblo","isPartOf":{"@id":"https:\/\/www.padreydecano.com\/cms\/#website"},"primaryImageOfPage":{"@id":"https:\/\/www.padreydecano.com\/cms\/noticias\/las-lesiones-del-semestre\/#primaryimage"},"image":{"@id":"https:\/\/www.padreydecano.com\/cms\/noticias\/las-lesiones-del-semestre\/#primaryimage"},"thumbnailUrl":"https:\/\/www.padreydecano.com\/cms\/wp-content\/uploads\/2023\/05\/1F3E41B1-2296-4DD3-AC44-DF5A392AE1B9.jpeg","datePublished":"2023-05-27T22:33:08+00:00","dateModified":"2023-05-29T20:02:16+00:00","breadcrumb":{"@id":"https:\/\/www.padreydecano.com\/cms\/noticias\/las-lesiones-del-semestre\/#breadcrumb"},"inLanguage":"es","potentialAction":[{"@type":"ReadAction","target":["https:\/\/www.padreydecano.com\/cms\/noticias\/las-lesiones-del-semestre\/"]}]},{"@type":"ImageObject","inLanguage":"es","@id":"https:\/\/www.padreydecano.com\/cms\/noticias\/las-lesiones-del-semestre\/#primaryimage","url":"https:\/\/www.padreydecano.com\/cms\/wp-content\/uploads\/2023\/05\/1F3E41B1-2296-4DD3-AC44-DF5A392AE1B9.jpeg","contentUrl":"https:\/\/www.padreydecano.com\/cms\/wp-content\/uploads\/2023\/05\/1F3E41B1-2296-4DD3-AC44-DF5A392AE1B9.jpeg","width":2048,"height":1361},{"@type":"BreadcrumbList","@id":"https:\/\/www.padreydecano.com\/cms\/noticias\/las-lesiones-del-semestre\/#breadcrumb","itemListElement":[{"@type":"ListItem","position":1,"name":"Portada","item":"https:\/\/www.padreydecano.com\/cms\/"},{"@type":"ListItem","position":2,"name":"Las lesiones del semestre"}]},{"@type":"WebSite","@id":"https:\/\/www.padreydecano.com\/cms\/#website","url":"https:\/\/www.padreydecano.com\/cms\/","name":"Padre y Decano - El Sitio del Pueblo","description":"Club Atl\u00e9tico Pe\u00f1arol","publisher":{"@id":"https:\/\/www.padreydecano.com\/cms\/#organization"},"potentialAction":[{"@type":"SearchAction","target":{"@type":"EntryPoint","urlTemplate":"https:\/\/www.padreydecano.com\/cms\/?s={search_term_string}"},"query-input":"required name=search_term_string"}],"inLanguage":"es"},{"@type":"Organization","@id":"https:\/\/www.padreydecano.com\/cms\/#organization","name":"Padre y Decano","url":"https:\/\/www.padreydecano.com\/cms\/","logo":{"@type":"ImageObject","inLanguage":"es","@id":"https:\/\/www.padreydecano.com\/cms\/#\/schema\/logo\/image\/","url":"https:\/\/www.padreydecano.com\/cms\/wp-content\/uploads\/2022\/01\/avatar-square.png","contentUrl":"https:\/\/www.padreydecano.com\/cms\/wp-content\/uploads\/2022\/01\/avatar-square.png","width":1500,"height":1500,"caption":"Padre y Decano"},"image":{"@id":"https:\/\/www.padreydecano.com\/cms\/#\/schema\/logo\/image\/"}},{"@type":"Person","@id":"https:\/\/www.padreydecano.com\/cms\/#\/schema\/person\/37aae8f93aa78e4c5385497f056e3246","name":"Redactores Padre y Decano","image":{"@type":"ImageObject","inLanguage":"es","@id":"https:\/\/www.padreydecano.com\/cms\/#\/schema\/person\/image\/","url":"https:\/\/secure.gravatar.com\/avatar\/8810c4b9081192b118b104af54549af8?s=96&d=https%3A%2F%2Fpadreydecano.com%2Fcms%2Fwp-content%2Fthemes%2Fpyd-theme%2Fimg%2Fdefault-avatar.png&r=g","contentUrl":"https:\/\/secure.gravatar.com\/avatar\/8810c4b9081192b118b104af54549af8?s=96&d=https%3A%2F%2Fpadreydecano.com%2Fcms%2Fwp-content%2Fthemes%2Fpyd-theme%2Fimg%2Fdefault-avatar.png&r=g","caption":"Redactores Padre y Decano"},"sameAs":["http:\/\/www.padreydecano.com"]}]}},"_links":{"self":[{"href":"https:\/\/www.padreydecano.com\/cms\/wp-json\/wp\/v2\/posts\/80340"}],"collection":[{"href":"https:\/\/www.padreydecano.com\/cms\/wp-json\/wp\/v2\/posts"}],"about":[{"href":"https:\/\/www.padreydecano.com\/cms\/wp-json\/wp\/v2\/types\/post"}],"author":[{"embeddable":true,"href":"https:\/\/www.padreydecano.com\/cms\/wp-json\/wp\/v2\/users\/27"}],"replies":[{"embeddable":true,"href":"https:\/\/www.padreydecano.com\/cms\/wp-json\/wp\/v2\/comments?post=80340"}],"version-history":[{"count":0,"href":"https:\/\/www.padreydecano.com\/cms\/wp-json\/wp\/v2\/posts\/80340\/revisions"}],"wp:featuredmedia":[{"embeddable":true,"href":"https:\/\/www.padreydecano.com\/cms\/wp-json\/wp\/v2\/media\/80341"}],"wp:attachment":[{"href":"https:\/\/www.padreydecano.com\/cms\/wp-json\/wp\/v2\/media?parent=80340"}],"wp:term":[{"taxonomy":"category","embeddable":true,"href":"https:\/\/www.padreydecano.com\/cms\/wp-json\/wp\/v2\/categories?post=80340"},{"taxonomy":"post_tag","embeddable":true,"href":"https:\/\/www.padreydecano.com\/cms\/wp-json\/wp\/v2\/tags?post=80340"}],"curies":[{"name":"wp","href":"https:\/\/api.w.org\/{rel}","templated":true}]}}