{"id":80323,"date":"2023-05-23T11:00:37","date_gmt":"2023-05-23T14:00:37","guid":{"rendered":"https:\/\/www.padreydecano.com\/cms\/?p=80323"},"modified":"2023-05-23T11:16:32","modified_gmt":"2023-05-23T14:16:32","slug":"el-ultimo-tren-2","status":"publish","type":"post","link":"https:\/\/www.padreydecano.com\/cms\/noticias\/el-ultimo-tren-2\/","title":{"rendered":"El \u00faltimo tren"},"content":{"rendered":"<p>&nbsp;<\/p>\n<p><img loading=\"lazy\" decoding=\"async\" class=\"size-large wp-image-80325 aligncenter\" src=\"https:\/\/www.padreydecano.com\/cms\/wp-content\/uploads\/2023\/05\/20230420_sud02_PenarolvsMillonarios_Juan-Manuel-Albores_069-1280x851.jpg\" alt=\"\" width=\"1280\" height=\"851\" srcset=\"https:\/\/www.padreydecano.com\/cms\/wp-content\/uploads\/2023\/05\/20230420_sud02_PenarolvsMillonarios_Juan-Manuel-Albores_069-1280x851.jpg 1280w, https:\/\/www.padreydecano.com\/cms\/wp-content\/uploads\/2023\/05\/20230420_sud02_PenarolvsMillonarios_Juan-Manuel-Albores_069-800x532.jpg 800w, https:\/\/www.padreydecano.com\/cms\/wp-content\/uploads\/2023\/05\/20230420_sud02_PenarolvsMillonarios_Juan-Manuel-Albores_069-768x511.jpg 768w, https:\/\/www.padreydecano.com\/cms\/wp-content\/uploads\/2023\/05\/20230420_sud02_PenarolvsMillonarios_Juan-Manuel-Albores_069-1536x1021.jpg 1536w, https:\/\/www.padreydecano.com\/cms\/wp-content\/uploads\/2023\/05\/20230420_sud02_PenarolvsMillonarios_Juan-Manuel-Albores_069-2048x1362.jpg 2048w, https:\/\/www.padreydecano.com\/cms\/wp-content\/uploads\/2023\/05\/20230420_sud02_PenarolvsMillonarios_Juan-Manuel-Albores_069-300x200.jpg 300w, https:\/\/www.padreydecano.com\/cms\/wp-content\/uploads\/2023\/05\/20230420_sud02_PenarolvsMillonarios_Juan-Manuel-Albores_069-128x85.jpg 128w, https:\/\/www.padreydecano.com\/cms\/wp-content\/uploads\/2023\/05\/20230420_sud02_PenarolvsMillonarios_Juan-Manuel-Albores_069-32x21.jpg 32w\" sizes=\"(max-width: 1280px) 100vw, 1280px\" \/><\/p>\n<p><strong>Pe\u00f1arol visita a Millonarios por la cuarta fecha de la fase de grupos. Con un panorama complicado, y con la obligaci\u00f3n de sumar de a tres, el Carbonero se mide frente al equipo colombiano por la Copa Sudamericana. El partido est\u00e1 programado para las 23 HS y ser\u00e1 televisado por DGO.<\/strong><\/p>\n<p><span style=\"color: #ffcc00;\"><strong>Equipo probable<\/strong><\/span><\/p>\n<p>Thiago Cardozo; Pedro Milans, Hern\u00e1n Menosse, Leo Coelho, Juan Manuel Ramos; Brian Mansilla, Sebasti\u00e1n Crist\u00f3foro, Braulio Guisolfo, M\u00e1ximo Alonso; Bruno Bentancor y Mat\u00edas Arezo.<\/p>\n<p><span style=\"color: #ffcc00;\"><strong>\u00bfC\u00f3mo vienen ambos?<\/strong><\/span><\/p>\n<p>Pe\u00f1arol se coron\u00f3 campe\u00f3n del Torneo Apertura con 2 fechas de anticipaci\u00f3n. En la \u00faltima jornada del mismo, fue igualdad en uno frente a Wanderers. Cabe recordar que, el Aurinegro culmin\u00f3 con 34 puntos, producto de diez victorias, cuatro empates y tan solo una derrota.<\/p>\n<p>El local viene de empatar 2 a 2 ante Independiente Medell\u00edn, por el Grupo B del Apertura-cuadrangular.<\/p>\n<p><span style=\"color: #ffcc00;\"><strong>\u00daltimo antecedente<\/strong><\/span><\/p>\n<p>En la segunda fecha y en territorio uruguayo, fue victoria de Millonarios por 2 a 0. Los goles fueron convertidos por Elvis Perlaza y \u00d3scar Manuel Cort\u00e9s.<\/p>\n<p><span style=\"color: #ffcc00;\"><strong>\u00c1rbitros<\/strong><\/span><\/p>\n<p>Alexis Herrra ser\u00e1 el \u00e1rbitro principal del encuentro. En las l\u00edneas estar\u00e1n sus compatriotas Lubin Torrealba y Erizon Nieto. El cuarto juez ser\u00e1 Alex Cajas-<\/p>\n<p>El VAR estar\u00e1 a cargo de Luis Quiroz y M\u00f3nica Amboya.<\/p>\n<p><span style=\"color: #ffcc00;\"><strong>El grupo<\/strong><\/span><\/p>\n<p>Millonarios lidera en solitario el Grupo F con 7 unidades. Defensa y Justicia lo sigue con 6 puntos, Am\u00e9rica MG con 4, mientras que Pe\u00f1arol cierra el grupo sin ninguna unidad. Por el mismo grupo, el elenco brasilero recibe al Halc\u00f3n, el d\u00eda de hoy, a las 21 HS.<\/p>\n<p><strong><span style=\"color: #ffcc00;\">Lo que se viene<\/span><\/strong><\/p>\n<p>Por el Torneo Intermedio, Pe\u00f1arol visitar\u00e1 a La Luz en el marco de la primera fecha. A lo que corresponde con la Copa Sudamericana, el equipo de Alfredo Arias recibir\u00e1 a Defensa y Justicia, el pr\u00f3ximo 6 de junio a las 19 HS, en el Estadio Campe\u00f3n del Siglo.<\/p>\n<div class=\"user-wrapper\"><a class=\"userlink\" href=\"https:\/\/twitter.com\/mathiaastilve\" target=\"_blank\"><figure><img decoding=\"async\" src=\"http:\/\/www.padreydecano.com\/cms\/wp-users-files\/postfirmas\/mathiastilve.jpg\" \/><\/figure><p class=\"user\"><strong>Mathias Tilve<\/strong><br \/>@mathiaastilve<\/p><\/a><\/div>\n","protected":false},"excerpt":{"rendered":"<p>&nbsp; Pe\u00f1arol visita a Millonarios por la cuarta fecha de la fase de grupos. Con un panorama complicado, y con la obligaci\u00f3n de sumar de a tres, el Carbonero se mide frente al equipo colombiano por la Copa Sudamericana. El partido est\u00e1 programado para las 23 HS y ser\u00e1 televisado por DGO. Equipo probable Thiago [&hellip;]<\/p>\n","protected":false},"author":30,"featured_media":80325,"comment_status":"open","ping_status":"closed","sticky":false,"template":"","format":"standard","meta":{"footnotes":""},"categories":[1],"tags":[594],"yoast_head":"<!-- This site is optimized with the Yoast SEO plugin v23.2 - https:\/\/yoast.com\/wordpress\/plugins\/seo\/ -->\n<title>El \u00faltimo tren - Padre y Decano - El Sitio del Pueblo<\/title>\n<meta name=\"robots\" content=\"index, follow, max-snippet:-1, max-image-preview:large, max-video-preview:-1\" \/>\n<link rel=\"canonical\" href=\"https:\/\/www.padreydecano.com\/cms\/noticias\/el-ultimo-tren-2\/\" \/>\n<meta property=\"og:locale\" content=\"es_ES\" \/>\n<meta property=\"og:type\" content=\"article\" \/>\n<meta property=\"og:title\" content=\"El \u00faltimo tren - Padre y Decano - El Sitio del Pueblo\" \/>\n<meta property=\"og:description\" content=\"&nbsp; Pe\u00f1arol visita a Millonarios por la cuarta fecha de la fase de grupos. Con un panorama complicado, y con la obligaci\u00f3n de sumar de a tres, el Carbonero se mide frente al equipo colombiano por la Copa Sudamericana. El partido est\u00e1 programado para las 23 HS y ser\u00e1 televisado por DGO. Equipo probable Thiago [&hellip;]\" \/>\n<meta property=\"og:url\" content=\"https:\/\/www.padreydecano.com\/cms\/noticias\/el-ultimo-tren-2\/\" \/>\n<meta property=\"og:site_name\" content=\"Padre y Decano - El Sitio del Pueblo\" \/>\n<meta property=\"article:published_time\" content=\"2023-05-23T14:00:37+00:00\" \/>\n<meta property=\"article:modified_time\" content=\"2023-05-23T14:16:32+00:00\" \/>\n<meta property=\"og:image\" content=\"https:\/\/www.padreydecano.com\/cms\/wp-content\/uploads\/2023\/05\/20230420_sud02_PenarolvsMillonarios_Juan-Manuel-Albores_069-scaled.jpg\" \/>\n\t<meta property=\"og:image:width\" content=\"2560\" \/>\n\t<meta property=\"og:image:height\" content=\"1702\" \/>\n\t<meta property=\"og:image:type\" content=\"image\/jpeg\" \/>\n<meta name=\"author\" content=\"Udelar\" \/>\n<meta name=\"twitter:card\" content=\"summary_large_image\" \/>\n<meta name=\"twitter:label1\" content=\"Escrito por\" \/>\n\t<meta name=\"twitter:data1\" content=\"Udelar\" \/>\n\t<meta name=\"twitter:label2\" content=\"Tiempo de lectura\" \/>\n\t<meta name=\"twitter:data2\" content=\"2 minutos\" \/>\n<script type=\"application\/ld+json\" class=\"yoast-schema-graph\">{\"@context\":\"https:\/\/schema.org\",\"@graph\":[{\"@type\":\"Article\",\"@id\":\"https:\/\/www.padreydecano.com\/cms\/noticias\/el-ultimo-tren-2\/#article\",\"isPartOf\":{\"@id\":\"https:\/\/www.padreydecano.com\/cms\/noticias\/el-ultimo-tren-2\/\"},\"author\":{\"name\":\"Udelar\",\"@id\":\"https:\/\/www.padreydecano.com\/cms\/#\/schema\/person\/b22191326be6d1c7fa55c2ad137a9a32\"},\"headline\":\"El \u00faltimo tren\",\"datePublished\":\"2023-05-23T14:00:37+00:00\",\"dateModified\":\"2023-05-23T14:16:32+00:00\",\"mainEntityOfPage\":{\"@id\":\"https:\/\/www.padreydecano.com\/cms\/noticias\/el-ultimo-tren-2\/\"},\"wordCount\":327,\"commentCount\":29,\"publisher\":{\"@id\":\"https:\/\/www.padreydecano.com\/cms\/#organization\"},\"image\":{\"@id\":\"https:\/\/www.padreydecano.com\/cms\/noticias\/el-ultimo-tren-2\/#primaryimage\"},\"thumbnailUrl\":\"https:\/\/www.padreydecano.com\/cms\/wp-content\/uploads\/2023\/05\/20230420_sud02_PenarolvsMillonarios_Juan-Manuel-Albores_069-scaled.jpg\",\"keywords\":[\"Copa Sudamericana 2023\"],\"articleSection\":[\"Noticias\"],\"inLanguage\":\"es\",\"potentialAction\":[{\"@type\":\"CommentAction\",\"name\":\"Comment\",\"target\":[\"https:\/\/www.padreydecano.com\/cms\/noticias\/el-ultimo-tren-2\/#respond\"]}]},{\"@type\":\"WebPage\",\"@id\":\"https:\/\/www.padreydecano.com\/cms\/noticias\/el-ultimo-tren-2\/\",\"url\":\"https:\/\/www.padreydecano.com\/cms\/noticias\/el-ultimo-tren-2\/\",\"name\":\"El \u00faltimo tren - Padre y Decano - El Sitio del Pueblo\",\"isPartOf\":{\"@id\":\"https:\/\/www.padreydecano.com\/cms\/#website\"},\"primaryImageOfPage\":{\"@id\":\"https:\/\/www.padreydecano.com\/cms\/noticias\/el-ultimo-tren-2\/#primaryimage\"},\"image\":{\"@id\":\"https:\/\/www.padreydecano.com\/cms\/noticias\/el-ultimo-tren-2\/#primaryimage\"},\"thumbnailUrl\":\"https:\/\/www.padreydecano.com\/cms\/wp-content\/uploads\/2023\/05\/20230420_sud02_PenarolvsMillonarios_Juan-Manuel-Albores_069-scaled.jpg\",\"datePublished\":\"2023-05-23T14:00:37+00:00\",\"dateModified\":\"2023-05-23T14:16:32+00:00\",\"breadcrumb\":{\"@id\":\"https:\/\/www.padreydecano.com\/cms\/noticias\/el-ultimo-tren-2\/#breadcrumb\"},\"inLanguage\":\"es\",\"potentialAction\":[{\"@type\":\"ReadAction\",\"target\":[\"https:\/\/www.padreydecano.com\/cms\/noticias\/el-ultimo-tren-2\/\"]}]},{\"@type\":\"ImageObject\",\"inLanguage\":\"es\",\"@id\":\"https:\/\/www.padreydecano.com\/cms\/noticias\/el-ultimo-tren-2\/#primaryimage\",\"url\":\"https:\/\/www.padreydecano.com\/cms\/wp-content\/uploads\/2023\/05\/20230420_sud02_PenarolvsMillonarios_Juan-Manuel-Albores_069-scaled.jpg\",\"contentUrl\":\"https:\/\/www.padreydecano.com\/cms\/wp-content\/uploads\/2023\/05\/20230420_sud02_PenarolvsMillonarios_Juan-Manuel-Albores_069-scaled.jpg\",\"width\":2560,\"height\":1702},{\"@type\":\"BreadcrumbList\",\"@id\":\"https:\/\/www.padreydecano.com\/cms\/noticias\/el-ultimo-tren-2\/#breadcrumb\",\"itemListElement\":[{\"@type\":\"ListItem\",\"position\":1,\"name\":\"Portada\",\"item\":\"https:\/\/www.padreydecano.com\/cms\/\"},{\"@type\":\"ListItem\",\"position\":2,\"name\":\"El \u00faltimo tren\"}]},{\"@type\":\"WebSite\",\"@id\":\"https:\/\/www.padreydecano.com\/cms\/#website\",\"url\":\"https:\/\/www.padreydecano.com\/cms\/\",\"name\":\"Padre y Decano - El Sitio del Pueblo\",\"description\":\"Club Atl\u00e9tico Pe\u00f1arol\",\"publisher\":{\"@id\":\"https:\/\/www.padreydecano.com\/cms\/#organization\"},\"potentialAction\":[{\"@type\":\"SearchAction\",\"target\":{\"@type\":\"EntryPoint\",\"urlTemplate\":\"https:\/\/www.padreydecano.com\/cms\/?s={search_term_string}\"},\"query-input\":\"required name=search_term_string\"}],\"inLanguage\":\"es\"},{\"@type\":\"Organization\",\"@id\":\"https:\/\/www.padreydecano.com\/cms\/#organization\",\"name\":\"Padre y Decano\",\"url\":\"https:\/\/www.padreydecano.com\/cms\/\",\"logo\":{\"@type\":\"ImageObject\",\"inLanguage\":\"es\",\"@id\":\"https:\/\/www.padreydecano.com\/cms\/#\/schema\/logo\/image\/\",\"url\":\"https:\/\/www.padreydecano.com\/cms\/wp-content\/uploads\/2022\/01\/avatar-square.png\",\"contentUrl\":\"https:\/\/www.padreydecano.com\/cms\/wp-content\/uploads\/2022\/01\/avatar-square.png\",\"width\":1500,\"height\":1500,\"caption\":\"Padre y Decano\"},\"image\":{\"@id\":\"https:\/\/www.padreydecano.com\/cms\/#\/schema\/logo\/image\/\"}},{\"@type\":\"Person\",\"@id\":\"https:\/\/www.padreydecano.com\/cms\/#\/schema\/person\/b22191326be6d1c7fa55c2ad137a9a32\",\"name\":\"Udelar\",\"image\":{\"@type\":\"ImageObject\",\"inLanguage\":\"es\",\"@id\":\"https:\/\/www.padreydecano.com\/cms\/#\/schema\/person\/image\/\",\"url\":\"https:\/\/secure.gravatar.com\/avatar\/611ece663b16897a2cd2f46982281225?s=96&d=https%3A%2F%2Fpadreydecano.com%2Fcms%2Fwp-content%2Fthemes%2Fpyd-theme%2Fimg%2Fdefault-avatar.png&r=g\",\"contentUrl\":\"https:\/\/secure.gravatar.com\/avatar\/611ece663b16897a2cd2f46982281225?s=96&d=https%3A%2F%2Fpadreydecano.com%2Fcms%2Fwp-content%2Fthemes%2Fpyd-theme%2Fimg%2Fdefault-avatar.png&r=g\",\"caption\":\"Udelar\"}}]}<\/script>\n<!-- \/ Yoast SEO plugin. -->","yoast_head_json":{"title":"El \u00faltimo tren - Padre y Decano - El Sitio del Pueblo","robots":{"index":"index","follow":"follow","max-snippet":"max-snippet:-1","max-image-preview":"max-image-preview:large","max-video-preview":"max-video-preview:-1"},"canonical":"https:\/\/www.padreydecano.com\/cms\/noticias\/el-ultimo-tren-2\/","og_locale":"es_ES","og_type":"article","og_title":"El \u00faltimo tren - Padre y Decano - El Sitio del Pueblo","og_description":"&nbsp; Pe\u00f1arol visita a Millonarios por la cuarta fecha de la fase de grupos. Con un panorama complicado, y con la obligaci\u00f3n de sumar de a tres, el Carbonero se mide frente al equipo colombiano por la Copa Sudamericana. El partido est\u00e1 programado para las 23 HS y ser\u00e1 televisado por DGO. Equipo probable Thiago [&hellip;]","og_url":"https:\/\/www.padreydecano.com\/cms\/noticias\/el-ultimo-tren-2\/","og_site_name":"Padre y Decano - El Sitio del Pueblo","article_published_time":"2023-05-23T14:00:37+00:00","article_modified_time":"2023-05-23T14:16:32+00:00","og_image":[{"width":2560,"height":1702,"url":"https:\/\/www.padreydecano.com\/cms\/wp-content\/uploads\/2023\/05\/20230420_sud02_PenarolvsMillonarios_Juan-Manuel-Albores_069-scaled.jpg","type":"image\/jpeg"}],"author":"Udelar","twitter_card":"summary_large_image","twitter_misc":{"Escrito por":"Udelar","Tiempo de lectura":"2 minutos"},"schema":{"@context":"https:\/\/schema.org","@graph":[{"@type":"Article","@id":"https:\/\/www.padreydecano.com\/cms\/noticias\/el-ultimo-tren-2\/#article","isPartOf":{"@id":"https:\/\/www.padreydecano.com\/cms\/noticias\/el-ultimo-tren-2\/"},"author":{"name":"Udelar","@id":"https:\/\/www.padreydecano.com\/cms\/#\/schema\/person\/b22191326be6d1c7fa55c2ad137a9a32"},"headline":"El \u00faltimo tren","datePublished":"2023-05-23T14:00:37+00:00","dateModified":"2023-05-23T14:16:32+00:00","mainEntityOfPage":{"@id":"https:\/\/www.padreydecano.com\/cms\/noticias\/el-ultimo-tren-2\/"},"wordCount":327,"commentCount":29,"publisher":{"@id":"https:\/\/www.padreydecano.com\/cms\/#organization"},"image":{"@id":"https:\/\/www.padreydecano.com\/cms\/noticias\/el-ultimo-tren-2\/#primaryimage"},"thumbnailUrl":"https:\/\/www.padreydecano.com\/cms\/wp-content\/uploads\/2023\/05\/20230420_sud02_PenarolvsMillonarios_Juan-Manuel-Albores_069-scaled.jpg","keywords":["Copa Sudamericana 2023"],"articleSection":["Noticias"],"inLanguage":"es","potentialAction":[{"@type":"CommentAction","name":"Comment","target":["https:\/\/www.padreydecano.com\/cms\/noticias\/el-ultimo-tren-2\/#respond"]}]},{"@type":"WebPage","@id":"https:\/\/www.padreydecano.com\/cms\/noticias\/el-ultimo-tren-2\/","url":"https:\/\/www.padreydecano.com\/cms\/noticias\/el-ultimo-tren-2\/","name":"El \u00faltimo tren - Padre y Decano - El Sitio del Pueblo","isPartOf":{"@id":"https:\/\/www.padreydecano.com\/cms\/#website"},"primaryImageOfPage":{"@id":"https:\/\/www.padreydecano.com\/cms\/noticias\/el-ultimo-tren-2\/#primaryimage"},"image":{"@id":"https:\/\/www.padreydecano.com\/cms\/noticias\/el-ultimo-tren-2\/#primaryimage"},"thumbnailUrl":"https:\/\/www.padreydecano.com\/cms\/wp-content\/uploads\/2023\/05\/20230420_sud02_PenarolvsMillonarios_Juan-Manuel-Albores_069-scaled.jpg","datePublished":"2023-05-23T14:00:37+00:00","dateModified":"2023-05-23T14:16:32+00:00","breadcrumb":{"@id":"https:\/\/www.padreydecano.com\/cms\/noticias\/el-ultimo-tren-2\/#breadcrumb"},"inLanguage":"es","potentialAction":[{"@type":"ReadAction","target":["https:\/\/www.padreydecano.com\/cms\/noticias\/el-ultimo-tren-2\/"]}]},{"@type":"ImageObject","inLanguage":"es","@id":"https:\/\/www.padreydecano.com\/cms\/noticias\/el-ultimo-tren-2\/#primaryimage","url":"https:\/\/www.padreydecano.com\/cms\/wp-content\/uploads\/2023\/05\/20230420_sud02_PenarolvsMillonarios_Juan-Manuel-Albores_069-scaled.jpg","contentUrl":"https:\/\/www.padreydecano.com\/cms\/wp-content\/uploads\/2023\/05\/20230420_sud02_PenarolvsMillonarios_Juan-Manuel-Albores_069-scaled.jpg","width":2560,"height":1702},{"@type":"BreadcrumbList","@id":"https:\/\/www.padreydecano.com\/cms\/noticias\/el-ultimo-tren-2\/#breadcrumb","itemListElement":[{"@type":"ListItem","position":1,"name":"Portada","item":"https:\/\/www.padreydecano.com\/cms\/"},{"@type":"ListItem","position":2,"name":"El \u00faltimo tren"}]},{"@type":"WebSite","@id":"https:\/\/www.padreydecano.com\/cms\/#website","url":"https:\/\/www.padreydecano.com\/cms\/","name":"Padre y Decano - El Sitio del Pueblo","description":"Club Atl\u00e9tico Pe\u00f1arol","publisher":{"@id":"https:\/\/www.padreydecano.com\/cms\/#organization"},"potentialAction":[{"@type":"SearchAction","target":{"@type":"EntryPoint","urlTemplate":"https:\/\/www.padreydecano.com\/cms\/?s={search_term_string}"},"query-input":"required name=search_term_string"}],"inLanguage":"es"},{"@type":"Organization","@id":"https:\/\/www.padreydecano.com\/cms\/#organization","name":"Padre y Decano","url":"https:\/\/www.padreydecano.com\/cms\/","logo":{"@type":"ImageObject","inLanguage":"es","@id":"https:\/\/www.padreydecano.com\/cms\/#\/schema\/logo\/image\/","url":"https:\/\/www.padreydecano.com\/cms\/wp-content\/uploads\/2022\/01\/avatar-square.png","contentUrl":"https:\/\/www.padreydecano.com\/cms\/wp-content\/uploads\/2022\/01\/avatar-square.png","width":1500,"height":1500,"caption":"Padre y Decano"},"image":{"@id":"https:\/\/www.padreydecano.com\/cms\/#\/schema\/logo\/image\/"}},{"@type":"Person","@id":"https:\/\/www.padreydecano.com\/cms\/#\/schema\/person\/b22191326be6d1c7fa55c2ad137a9a32","name":"Udelar","image":{"@type":"ImageObject","inLanguage":"es","@id":"https:\/\/www.padreydecano.com\/cms\/#\/schema\/person\/image\/","url":"https:\/\/secure.gravatar.com\/avatar\/611ece663b16897a2cd2f46982281225?s=96&d=https%3A%2F%2Fpadreydecano.com%2Fcms%2Fwp-content%2Fthemes%2Fpyd-theme%2Fimg%2Fdefault-avatar.png&r=g","contentUrl":"https:\/\/secure.gravatar.com\/avatar\/611ece663b16897a2cd2f46982281225?s=96&d=https%3A%2F%2Fpadreydecano.com%2Fcms%2Fwp-content%2Fthemes%2Fpyd-theme%2Fimg%2Fdefault-avatar.png&r=g","caption":"Udelar"}}]}},"_links":{"self":[{"href":"https:\/\/www.padreydecano.com\/cms\/wp-json\/wp\/v2\/posts\/80323"}],"collection":[{"href":"https:\/\/www.padreydecano.com\/cms\/wp-json\/wp\/v2\/posts"}],"about":[{"href":"https:\/\/www.padreydecano.com\/cms\/wp-json\/wp\/v2\/types\/post"}],"author":[{"embeddable":true,"href":"https:\/\/www.padreydecano.com\/cms\/wp-json\/wp\/v2\/users\/30"}],"replies":[{"embeddable":true,"href":"https:\/\/www.padreydecano.com\/cms\/wp-json\/wp\/v2\/comments?post=80323"}],"version-history":[{"count":0,"href":"https:\/\/www.padreydecano.com\/cms\/wp-json\/wp\/v2\/posts\/80323\/revisions"}],"wp:featuredmedia":[{"embeddable":true,"href":"https:\/\/www.padreydecano.com\/cms\/wp-json\/wp\/v2\/media\/80325"}],"wp:attachment":[{"href":"https:\/\/www.padreydecano.com\/cms\/wp-json\/wp\/v2\/media?parent=80323"}],"wp:term":[{"taxonomy":"category","embeddable":true,"href":"https:\/\/www.padreydecano.com\/cms\/wp-json\/wp\/v2\/categories?post=80323"},{"taxonomy":"post_tag","embeddable":true,"href":"https:\/\/www.padreydecano.com\/cms\/wp-json\/wp\/v2\/tags?post=80323"}],"curies":[{"name":"wp","href":"https:\/\/api.w.org\/{rel}","templated":true}]}}