{"id":80317,"date":"2023-05-16T19:43:36","date_gmt":"2023-05-16T22:43:36","guid":{"rendered":"https:\/\/www.padreydecano.com\/cms\/?p=80317"},"modified":"2023-05-16T19:43:36","modified_gmt":"2023-05-16T22:43:36","slug":"del-mundial-a-los-aromos","status":"publish","type":"post","link":"https:\/\/www.padreydecano.com\/cms\/noticias\/del-mundial-a-los-aromos\/","title":{"rendered":"Del mundial a Los Aromos"},"content":{"rendered":"<p><img loading=\"lazy\" decoding=\"async\" class=\"alignnone size-medium wp-image-80318\" src=\"https:\/\/www.padreydecano.com\/cms\/wp-content\/uploads\/2023\/05\/CED73622-E91D-472D-A592-1B089689B1E3-800x532.jpeg\" alt=\"\" width=\"800\" height=\"532\" srcset=\"https:\/\/www.padreydecano.com\/cms\/wp-content\/uploads\/2023\/05\/CED73622-E91D-472D-A592-1B089689B1E3-800x532.jpeg 800w, https:\/\/www.padreydecano.com\/cms\/wp-content\/uploads\/2023\/05\/CED73622-E91D-472D-A592-1B089689B1E3-1280x851.jpeg 1280w, https:\/\/www.padreydecano.com\/cms\/wp-content\/uploads\/2023\/05\/CED73622-E91D-472D-A592-1B089689B1E3-768x510.jpeg 768w, https:\/\/www.padreydecano.com\/cms\/wp-content\/uploads\/2023\/05\/CED73622-E91D-472D-A592-1B089689B1E3-1536x1021.jpeg 1536w, https:\/\/www.padreydecano.com\/cms\/wp-content\/uploads\/2023\/05\/CED73622-E91D-472D-A592-1B089689B1E3-300x199.jpeg 300w, https:\/\/www.padreydecano.com\/cms\/wp-content\/uploads\/2023\/05\/CED73622-E91D-472D-A592-1B089689B1E3-128x85.jpeg 128w, https:\/\/www.padreydecano.com\/cms\/wp-content\/uploads\/2023\/05\/CED73622-E91D-472D-A592-1B089689B1E3-32x21.jpeg 32w, https:\/\/www.padreydecano.com\/cms\/wp-content\/uploads\/2023\/05\/CED73622-E91D-472D-A592-1B089689B1E3.jpeg 2048w\" sizes=\"(max-width: 800px) 100vw, 800px\" \/><\/p>\n<p><strong>Los jugadores aurinegros Randall Rodr\u00edguez y Math\u00edas De Ritis junto con Dami\u00e1n Garc\u00eda y Homenchenko convocados por la Selecci\u00f3n Uruguaya Sub 20, se sumar\u00e1n a Los Aromos con el primer equipo de Pe\u00f1arol una vez finalice la Copa del Mundo.<\/strong><\/p>\n<p>Uruguay afrontar\u00e1 la Copa del Mundo Sub 20 en Argentina que se disputar\u00e1 desde el 20 de mayo hasta el 11 de Junio. La misma cuenta con 4 jugadores del decano del f\u00fatbol uruguayo, el arquero Randall Rodr\u00edguez, el lateral izquierdo Math\u00edas De Ritis y los volantes Dami\u00e1n Garc\u00eda y Santiago Homenchenko.<\/p>\n<p>Garc\u00eda y Homenchenko han sido parte del plantel principal de Pe\u00f1arol, sumando 3 y 9 partidos respectivamente en primera divisi\u00f3n. Por su parte, Randall y De Ritis han entrenado en Los Aromos pero no fueron utilizado en primera hasta el momento.<\/p>\n<p>La idea del Club es que una vez finalice la Copa del Mundo en Argentina, los jugadores se sumen a Los Aromos para entrenar bajo las \u00f3rdenes de Alfredo Arias y ser parte del plantel principal de Pe\u00f1arol de forma definitiva, as\u00ed lo cont\u00f3 el presidente aurinegro Ignacio Ruglio en \u00daltimo al Arco de Sport 890: \u00abYa lleg\u00f3 el momento de que la Sub 20 que fue campe\u00f3n de la Libertadores empiece a ganar minutos generales en la primera de Pe\u00f1arol\u201d.<\/p>\n<p>Los 4 jugadores tienen 19 a\u00f1os, por lo que tambi\u00e9n podr\u00e1n ser parte de la delegaci\u00f3n que viajar\u00e1 a Chile para disputar la Copa Libertadores Sub 20 que se jugar\u00e1 desde el primero al 16 de Julio.<\/p>\n<div class=\"user-wrapper\"><a class=\"userlink\"href=\"https:\/\/twitter.com\/ftrucce18\" target=\"_blank\"><figure><img decoding=\"async\" src=\"http:\/\/www.padreydecano.com\/cms\/wp-users-files\/postfirmas\/ftrucce.jpg\" \/><\/figure><p class=\"user\"><strong>Franco Trucce<\/strong><br \/>@FTrucce18<\/p><\/a><\/div>\n","protected":false},"excerpt":{"rendered":"<p>Los jugadores aurinegros Randall Rodr\u00edguez y Math\u00edas De Ritis junto con Dami\u00e1n Garc\u00eda y Homenchenko convocados por la Selecci\u00f3n Uruguaya Sub 20, se sumar\u00e1n a Los Aromos con el primer equipo de Pe\u00f1arol una vez finalice la Copa del Mundo. Uruguay afrontar\u00e1 la Copa del Mundo Sub 20 en Argentina que se disputar\u00e1 desde el [&hellip;]<\/p>\n","protected":false},"author":27,"featured_media":80318,"comment_status":"open","ping_status":"closed","sticky":false,"template":"","format":"standard","meta":{"footnotes":""},"categories":[1],"tags":[],"yoast_head":"<!-- This site is optimized with the Yoast SEO plugin v23.2 - https:\/\/yoast.com\/wordpress\/plugins\/seo\/ -->\n<title>Del mundial a Los Aromos - Padre y Decano - El Sitio del Pueblo<\/title>\n<meta name=\"robots\" content=\"index, follow, max-snippet:-1, max-image-preview:large, max-video-preview:-1\" \/>\n<link rel=\"canonical\" href=\"https:\/\/www.padreydecano.com\/cms\/noticias\/del-mundial-a-los-aromos\/\" \/>\n<meta property=\"og:locale\" content=\"es_ES\" \/>\n<meta property=\"og:type\" content=\"article\" \/>\n<meta property=\"og:title\" content=\"Del mundial a Los Aromos - Padre y Decano - El Sitio del Pueblo\" \/>\n<meta property=\"og:description\" content=\"Los jugadores aurinegros Randall Rodr\u00edguez y Math\u00edas De Ritis junto con Dami\u00e1n Garc\u00eda y Homenchenko convocados por la Selecci\u00f3n Uruguaya Sub 20, se sumar\u00e1n a Los Aromos con el primer equipo de Pe\u00f1arol una vez finalice la Copa del Mundo. Uruguay afrontar\u00e1 la Copa del Mundo Sub 20 en Argentina que se disputar\u00e1 desde el [&hellip;]\" \/>\n<meta property=\"og:url\" content=\"https:\/\/www.padreydecano.com\/cms\/noticias\/del-mundial-a-los-aromos\/\" \/>\n<meta property=\"og:site_name\" content=\"Padre y Decano - El Sitio del Pueblo\" \/>\n<meta property=\"article:published_time\" content=\"2023-05-16T22:43:36+00:00\" \/>\n<meta property=\"og:image\" content=\"https:\/\/www.padreydecano.com\/cms\/wp-content\/uploads\/2023\/05\/CED73622-E91D-472D-A592-1B089689B1E3.jpeg\" \/>\n\t<meta property=\"og:image:width\" content=\"2048\" \/>\n\t<meta property=\"og:image:height\" content=\"1361\" \/>\n\t<meta property=\"og:image:type\" content=\"image\/jpeg\" \/>\n<meta name=\"author\" content=\"Redactores Padre y Decano\" \/>\n<meta name=\"twitter:card\" content=\"summary_large_image\" \/>\n<meta name=\"twitter:label1\" content=\"Escrito por\" \/>\n\t<meta name=\"twitter:data1\" content=\"Redactores Padre y Decano\" \/>\n\t<meta name=\"twitter:label2\" content=\"Tiempo de lectura\" \/>\n\t<meta name=\"twitter:data2\" content=\"1 minuto\" \/>\n<script type=\"application\/ld+json\" class=\"yoast-schema-graph\">{\"@context\":\"https:\/\/schema.org\",\"@graph\":[{\"@type\":\"Article\",\"@id\":\"https:\/\/www.padreydecano.com\/cms\/noticias\/del-mundial-a-los-aromos\/#article\",\"isPartOf\":{\"@id\":\"https:\/\/www.padreydecano.com\/cms\/noticias\/del-mundial-a-los-aromos\/\"},\"author\":{\"name\":\"Redactores Padre y Decano\",\"@id\":\"https:\/\/www.padreydecano.com\/cms\/#\/schema\/person\/37aae8f93aa78e4c5385497f056e3246\"},\"headline\":\"Del mundial a Los Aromos\",\"datePublished\":\"2023-05-16T22:43:36+00:00\",\"dateModified\":\"2023-05-16T22:43:36+00:00\",\"mainEntityOfPage\":{\"@id\":\"https:\/\/www.padreydecano.com\/cms\/noticias\/del-mundial-a-los-aromos\/\"},\"wordCount\":266,\"commentCount\":4,\"publisher\":{\"@id\":\"https:\/\/www.padreydecano.com\/cms\/#organization\"},\"image\":{\"@id\":\"https:\/\/www.padreydecano.com\/cms\/noticias\/del-mundial-a-los-aromos\/#primaryimage\"},\"thumbnailUrl\":\"https:\/\/www.padreydecano.com\/cms\/wp-content\/uploads\/2023\/05\/CED73622-E91D-472D-A592-1B089689B1E3.jpeg\",\"articleSection\":[\"Noticias\"],\"inLanguage\":\"es\",\"potentialAction\":[{\"@type\":\"CommentAction\",\"name\":\"Comment\",\"target\":[\"https:\/\/www.padreydecano.com\/cms\/noticias\/del-mundial-a-los-aromos\/#respond\"]}]},{\"@type\":\"WebPage\",\"@id\":\"https:\/\/www.padreydecano.com\/cms\/noticias\/del-mundial-a-los-aromos\/\",\"url\":\"https:\/\/www.padreydecano.com\/cms\/noticias\/del-mundial-a-los-aromos\/\",\"name\":\"Del mundial a Los Aromos - Padre y Decano - El Sitio del Pueblo\",\"isPartOf\":{\"@id\":\"https:\/\/www.padreydecano.com\/cms\/#website\"},\"primaryImageOfPage\":{\"@id\":\"https:\/\/www.padreydecano.com\/cms\/noticias\/del-mundial-a-los-aromos\/#primaryimage\"},\"image\":{\"@id\":\"https:\/\/www.padreydecano.com\/cms\/noticias\/del-mundial-a-los-aromos\/#primaryimage\"},\"thumbnailUrl\":\"https:\/\/www.padreydecano.com\/cms\/wp-content\/uploads\/2023\/05\/CED73622-E91D-472D-A592-1B089689B1E3.jpeg\",\"datePublished\":\"2023-05-16T22:43:36+00:00\",\"dateModified\":\"2023-05-16T22:43:36+00:00\",\"breadcrumb\":{\"@id\":\"https:\/\/www.padreydecano.com\/cms\/noticias\/del-mundial-a-los-aromos\/#breadcrumb\"},\"inLanguage\":\"es\",\"potentialAction\":[{\"@type\":\"ReadAction\",\"target\":[\"https:\/\/www.padreydecano.com\/cms\/noticias\/del-mundial-a-los-aromos\/\"]}]},{\"@type\":\"ImageObject\",\"inLanguage\":\"es\",\"@id\":\"https:\/\/www.padreydecano.com\/cms\/noticias\/del-mundial-a-los-aromos\/#primaryimage\",\"url\":\"https:\/\/www.padreydecano.com\/cms\/wp-content\/uploads\/2023\/05\/CED73622-E91D-472D-A592-1B089689B1E3.jpeg\",\"contentUrl\":\"https:\/\/www.padreydecano.com\/cms\/wp-content\/uploads\/2023\/05\/CED73622-E91D-472D-A592-1B089689B1E3.jpeg\",\"width\":2048,\"height\":1361},{\"@type\":\"BreadcrumbList\",\"@id\":\"https:\/\/www.padreydecano.com\/cms\/noticias\/del-mundial-a-los-aromos\/#breadcrumb\",\"itemListElement\":[{\"@type\":\"ListItem\",\"position\":1,\"name\":\"Portada\",\"item\":\"https:\/\/www.padreydecano.com\/cms\/\"},{\"@type\":\"ListItem\",\"position\":2,\"name\":\"Del mundial a Los Aromos\"}]},{\"@type\":\"WebSite\",\"@id\":\"https:\/\/www.padreydecano.com\/cms\/#website\",\"url\":\"https:\/\/www.padreydecano.com\/cms\/\",\"name\":\"Padre y Decano - El Sitio del Pueblo\",\"description\":\"Club Atl\u00e9tico Pe\u00f1arol\",\"publisher\":{\"@id\":\"https:\/\/www.padreydecano.com\/cms\/#organization\"},\"potentialAction\":[{\"@type\":\"SearchAction\",\"target\":{\"@type\":\"EntryPoint\",\"urlTemplate\":\"https:\/\/www.padreydecano.com\/cms\/?s={search_term_string}\"},\"query-input\":\"required name=search_term_string\"}],\"inLanguage\":\"es\"},{\"@type\":\"Organization\",\"@id\":\"https:\/\/www.padreydecano.com\/cms\/#organization\",\"name\":\"Padre y Decano\",\"url\":\"https:\/\/www.padreydecano.com\/cms\/\",\"logo\":{\"@type\":\"ImageObject\",\"inLanguage\":\"es\",\"@id\":\"https:\/\/www.padreydecano.com\/cms\/#\/schema\/logo\/image\/\",\"url\":\"https:\/\/www.padreydecano.com\/cms\/wp-content\/uploads\/2022\/01\/avatar-square.png\",\"contentUrl\":\"https:\/\/www.padreydecano.com\/cms\/wp-content\/uploads\/2022\/01\/avatar-square.png\",\"width\":1500,\"height\":1500,\"caption\":\"Padre y Decano\"},\"image\":{\"@id\":\"https:\/\/www.padreydecano.com\/cms\/#\/schema\/logo\/image\/\"}},{\"@type\":\"Person\",\"@id\":\"https:\/\/www.padreydecano.com\/cms\/#\/schema\/person\/37aae8f93aa78e4c5385497f056e3246\",\"name\":\"Redactores Padre y Decano\",\"image\":{\"@type\":\"ImageObject\",\"inLanguage\":\"es\",\"@id\":\"https:\/\/www.padreydecano.com\/cms\/#\/schema\/person\/image\/\",\"url\":\"https:\/\/secure.gravatar.com\/avatar\/8810c4b9081192b118b104af54549af8?s=96&d=https%3A%2F%2Fpadreydecano.com%2Fcms%2Fwp-content%2Fthemes%2Fpyd-theme%2Fimg%2Fdefault-avatar.png&r=g\",\"contentUrl\":\"https:\/\/secure.gravatar.com\/avatar\/8810c4b9081192b118b104af54549af8?s=96&d=https%3A%2F%2Fpadreydecano.com%2Fcms%2Fwp-content%2Fthemes%2Fpyd-theme%2Fimg%2Fdefault-avatar.png&r=g\",\"caption\":\"Redactores Padre y Decano\"},\"sameAs\":[\"http:\/\/www.padreydecano.com\"]}]}<\/script>\n<!-- \/ Yoast SEO plugin. -->","yoast_head_json":{"title":"Del mundial a Los Aromos - Padre y Decano - El Sitio del Pueblo","robots":{"index":"index","follow":"follow","max-snippet":"max-snippet:-1","max-image-preview":"max-image-preview:large","max-video-preview":"max-video-preview:-1"},"canonical":"https:\/\/www.padreydecano.com\/cms\/noticias\/del-mundial-a-los-aromos\/","og_locale":"es_ES","og_type":"article","og_title":"Del mundial a Los Aromos - Padre y Decano - El Sitio del Pueblo","og_description":"Los jugadores aurinegros Randall Rodr\u00edguez y Math\u00edas De Ritis junto con Dami\u00e1n Garc\u00eda y Homenchenko convocados por la Selecci\u00f3n Uruguaya Sub 20, se sumar\u00e1n a Los Aromos con el primer equipo de Pe\u00f1arol una vez finalice la Copa del Mundo. Uruguay afrontar\u00e1 la Copa del Mundo Sub 20 en Argentina que se disputar\u00e1 desde el [&hellip;]","og_url":"https:\/\/www.padreydecano.com\/cms\/noticias\/del-mundial-a-los-aromos\/","og_site_name":"Padre y Decano - El Sitio del Pueblo","article_published_time":"2023-05-16T22:43:36+00:00","og_image":[{"width":2048,"height":1361,"url":"https:\/\/www.padreydecano.com\/cms\/wp-content\/uploads\/2023\/05\/CED73622-E91D-472D-A592-1B089689B1E3.jpeg","type":"image\/jpeg"}],"author":"Redactores Padre y Decano","twitter_card":"summary_large_image","twitter_misc":{"Escrito por":"Redactores Padre y Decano","Tiempo de lectura":"1 minuto"},"schema":{"@context":"https:\/\/schema.org","@graph":[{"@type":"Article","@id":"https:\/\/www.padreydecano.com\/cms\/noticias\/del-mundial-a-los-aromos\/#article","isPartOf":{"@id":"https:\/\/www.padreydecano.com\/cms\/noticias\/del-mundial-a-los-aromos\/"},"author":{"name":"Redactores Padre y Decano","@id":"https:\/\/www.padreydecano.com\/cms\/#\/schema\/person\/37aae8f93aa78e4c5385497f056e3246"},"headline":"Del mundial a Los Aromos","datePublished":"2023-05-16T22:43:36+00:00","dateModified":"2023-05-16T22:43:36+00:00","mainEntityOfPage":{"@id":"https:\/\/www.padreydecano.com\/cms\/noticias\/del-mundial-a-los-aromos\/"},"wordCount":266,"commentCount":4,"publisher":{"@id":"https:\/\/www.padreydecano.com\/cms\/#organization"},"image":{"@id":"https:\/\/www.padreydecano.com\/cms\/noticias\/del-mundial-a-los-aromos\/#primaryimage"},"thumbnailUrl":"https:\/\/www.padreydecano.com\/cms\/wp-content\/uploads\/2023\/05\/CED73622-E91D-472D-A592-1B089689B1E3.jpeg","articleSection":["Noticias"],"inLanguage":"es","potentialAction":[{"@type":"CommentAction","name":"Comment","target":["https:\/\/www.padreydecano.com\/cms\/noticias\/del-mundial-a-los-aromos\/#respond"]}]},{"@type":"WebPage","@id":"https:\/\/www.padreydecano.com\/cms\/noticias\/del-mundial-a-los-aromos\/","url":"https:\/\/www.padreydecano.com\/cms\/noticias\/del-mundial-a-los-aromos\/","name":"Del mundial a Los Aromos - Padre y Decano - El Sitio del Pueblo","isPartOf":{"@id":"https:\/\/www.padreydecano.com\/cms\/#website"},"primaryImageOfPage":{"@id":"https:\/\/www.padreydecano.com\/cms\/noticias\/del-mundial-a-los-aromos\/#primaryimage"},"image":{"@id":"https:\/\/www.padreydecano.com\/cms\/noticias\/del-mundial-a-los-aromos\/#primaryimage"},"thumbnailUrl":"https:\/\/www.padreydecano.com\/cms\/wp-content\/uploads\/2023\/05\/CED73622-E91D-472D-A592-1B089689B1E3.jpeg","datePublished":"2023-05-16T22:43:36+00:00","dateModified":"2023-05-16T22:43:36+00:00","breadcrumb":{"@id":"https:\/\/www.padreydecano.com\/cms\/noticias\/del-mundial-a-los-aromos\/#breadcrumb"},"inLanguage":"es","potentialAction":[{"@type":"ReadAction","target":["https:\/\/www.padreydecano.com\/cms\/noticias\/del-mundial-a-los-aromos\/"]}]},{"@type":"ImageObject","inLanguage":"es","@id":"https:\/\/www.padreydecano.com\/cms\/noticias\/del-mundial-a-los-aromos\/#primaryimage","url":"https:\/\/www.padreydecano.com\/cms\/wp-content\/uploads\/2023\/05\/CED73622-E91D-472D-A592-1B089689B1E3.jpeg","contentUrl":"https:\/\/www.padreydecano.com\/cms\/wp-content\/uploads\/2023\/05\/CED73622-E91D-472D-A592-1B089689B1E3.jpeg","width":2048,"height":1361},{"@type":"BreadcrumbList","@id":"https:\/\/www.padreydecano.com\/cms\/noticias\/del-mundial-a-los-aromos\/#breadcrumb","itemListElement":[{"@type":"ListItem","position":1,"name":"Portada","item":"https:\/\/www.padreydecano.com\/cms\/"},{"@type":"ListItem","position":2,"name":"Del mundial a Los Aromos"}]},{"@type":"WebSite","@id":"https:\/\/www.padreydecano.com\/cms\/#website","url":"https:\/\/www.padreydecano.com\/cms\/","name":"Padre y Decano - El Sitio del Pueblo","description":"Club Atl\u00e9tico Pe\u00f1arol","publisher":{"@id":"https:\/\/www.padreydecano.com\/cms\/#organization"},"potentialAction":[{"@type":"SearchAction","target":{"@type":"EntryPoint","urlTemplate":"https:\/\/www.padreydecano.com\/cms\/?s={search_term_string}"},"query-input":"required name=search_term_string"}],"inLanguage":"es"},{"@type":"Organization","@id":"https:\/\/www.padreydecano.com\/cms\/#organization","name":"Padre y Decano","url":"https:\/\/www.padreydecano.com\/cms\/","logo":{"@type":"ImageObject","inLanguage":"es","@id":"https:\/\/www.padreydecano.com\/cms\/#\/schema\/logo\/image\/","url":"https:\/\/www.padreydecano.com\/cms\/wp-content\/uploads\/2022\/01\/avatar-square.png","contentUrl":"https:\/\/www.padreydecano.com\/cms\/wp-content\/uploads\/2022\/01\/avatar-square.png","width":1500,"height":1500,"caption":"Padre y Decano"},"image":{"@id":"https:\/\/www.padreydecano.com\/cms\/#\/schema\/logo\/image\/"}},{"@type":"Person","@id":"https:\/\/www.padreydecano.com\/cms\/#\/schema\/person\/37aae8f93aa78e4c5385497f056e3246","name":"Redactores Padre y Decano","image":{"@type":"ImageObject","inLanguage":"es","@id":"https:\/\/www.padreydecano.com\/cms\/#\/schema\/person\/image\/","url":"https:\/\/secure.gravatar.com\/avatar\/8810c4b9081192b118b104af54549af8?s=96&d=https%3A%2F%2Fpadreydecano.com%2Fcms%2Fwp-content%2Fthemes%2Fpyd-theme%2Fimg%2Fdefault-avatar.png&r=g","contentUrl":"https:\/\/secure.gravatar.com\/avatar\/8810c4b9081192b118b104af54549af8?s=96&d=https%3A%2F%2Fpadreydecano.com%2Fcms%2Fwp-content%2Fthemes%2Fpyd-theme%2Fimg%2Fdefault-avatar.png&r=g","caption":"Redactores Padre y Decano"},"sameAs":["http:\/\/www.padreydecano.com"]}]}},"_links":{"self":[{"href":"https:\/\/www.padreydecano.com\/cms\/wp-json\/wp\/v2\/posts\/80317"}],"collection":[{"href":"https:\/\/www.padreydecano.com\/cms\/wp-json\/wp\/v2\/posts"}],"about":[{"href":"https:\/\/www.padreydecano.com\/cms\/wp-json\/wp\/v2\/types\/post"}],"author":[{"embeddable":true,"href":"https:\/\/www.padreydecano.com\/cms\/wp-json\/wp\/v2\/users\/27"}],"replies":[{"embeddable":true,"href":"https:\/\/www.padreydecano.com\/cms\/wp-json\/wp\/v2\/comments?post=80317"}],"version-history":[{"count":0,"href":"https:\/\/www.padreydecano.com\/cms\/wp-json\/wp\/v2\/posts\/80317\/revisions"}],"wp:featuredmedia":[{"embeddable":true,"href":"https:\/\/www.padreydecano.com\/cms\/wp-json\/wp\/v2\/media\/80318"}],"wp:attachment":[{"href":"https:\/\/www.padreydecano.com\/cms\/wp-json\/wp\/v2\/media?parent=80317"}],"wp:term":[{"taxonomy":"category","embeddable":true,"href":"https:\/\/www.padreydecano.com\/cms\/wp-json\/wp\/v2\/categories?post=80317"},{"taxonomy":"post_tag","embeddable":true,"href":"https:\/\/www.padreydecano.com\/cms\/wp-json\/wp\/v2\/tags?post=80317"}],"curies":[{"name":"wp","href":"https:\/\/api.w.org\/{rel}","templated":true}]}}