{"id":80315,"date":"2023-05-16T17:56:42","date_gmt":"2023-05-16T20:56:42","guid":{"rendered":"https:\/\/www.padreydecano.com\/cms\/?p=80315"},"modified":"2023-05-24T10:52:31","modified_gmt":"2023-05-24T13:52:31","slug":"ignacio-ruglio-hablo-del-mercado-de-pases","status":"publish","type":"post","link":"https:\/\/www.padreydecano.com\/cms\/noticias\/ignacio-ruglio-hablo-del-mercado-de-pases\/","title":{"rendered":"Ignacio Ruglio habl\u00f3 del mercado de pases"},"content":{"rendered":"<p><img loading=\"lazy\" decoding=\"async\" class=\"alignnone size-medium wp-image-80316\" src=\"https:\/\/www.padreydecano.com\/cms\/wp-content\/uploads\/2023\/05\/45CEC4E3-9825-4A63-9890-652FAF143029-800x532.jpeg\" alt=\"\" width=\"800\" height=\"532\" srcset=\"https:\/\/www.padreydecano.com\/cms\/wp-content\/uploads\/2023\/05\/45CEC4E3-9825-4A63-9890-652FAF143029-800x532.jpeg 800w, https:\/\/www.padreydecano.com\/cms\/wp-content\/uploads\/2023\/05\/45CEC4E3-9825-4A63-9890-652FAF143029-1280x851.jpeg 1280w, https:\/\/www.padreydecano.com\/cms\/wp-content\/uploads\/2023\/05\/45CEC4E3-9825-4A63-9890-652FAF143029-768x511.jpeg 768w, https:\/\/www.padreydecano.com\/cms\/wp-content\/uploads\/2023\/05\/45CEC4E3-9825-4A63-9890-652FAF143029-1536x1022.jpeg 1536w, https:\/\/www.padreydecano.com\/cms\/wp-content\/uploads\/2023\/05\/45CEC4E3-9825-4A63-9890-652FAF143029-300x200.jpeg 300w, https:\/\/www.padreydecano.com\/cms\/wp-content\/uploads\/2023\/05\/45CEC4E3-9825-4A63-9890-652FAF143029-128x85.jpeg 128w, https:\/\/www.padreydecano.com\/cms\/wp-content\/uploads\/2023\/05\/45CEC4E3-9825-4A63-9890-652FAF143029-32x21.jpeg 32w, https:\/\/www.padreydecano.com\/cms\/wp-content\/uploads\/2023\/05\/45CEC4E3-9825-4A63-9890-652FAF143029.jpeg 2048w\" sizes=\"(max-width: 800px) 100vw, 800px\" \/><\/p>\n<p><strong>El presidente de Pe\u00f1arol habl\u00f3 en \u00daltimo al Arco de Sport 890 sobre las posibilidades de llegadas para la segunda parte del a\u00f1o, las situaciones de Arezo y Thiago Cardozo y m\u00e1s.<\/strong><\/p>\n<p><span style=\"color: #ffcc00;\"><strong>Maximiliano Olivera:<\/strong> <\/span>\u00abNo es cierto que est\u00e1 ca\u00eddo lo de Maxi Olivera por temas econ\u00f3micos. El representante me dijo que la oferta para el f\u00fatbol uruguayo es l\u00f3gica, me pidi\u00f3 una semana para responderme. Eso es lo que hablamos por el representante, despu\u00e9s capaz se pide algo m\u00e1s y se negocia. Falta un mes para que empiecen a jugar. Salieron cifras a la luz que eran la mitad, es el mundo de las redes sociales. El lunes tendremos la respuesta del representante\u201d.<\/p>\n<p><span style=\"color: #ffcc00;\"><strong>Brian Rodr\u00edguez:<\/strong> <\/span>\u00abNo es cierto que Brian no llegar\u00e1 por el salario. Lo que me dijo su represente es que ten\u00edan que terminar las finales para ah\u00ed evaluar el equipo que jugadores quedaban en el Am\u00e9rica y cu\u00e1les no. Hoy en d\u00eda no es cierto, capaz en 10 d\u00edas se cae. Hay una chance de que si el Am\u00e9rica no lo utiliza pueda venir\u201d.<\/p>\n<p><span style=\"color: #ffcc00;\"><strong>Arqueros:<\/strong><\/span> \u00abHay una lista de 4 a 5 arqueros, uno de ellos es Nicol\u00e1s Vikonis pero no es el que est\u00e1 m\u00e1s cerca. En el listado que estamos trabajando tambi\u00e9n est\u00e1n Washington Aguerre, Santiago Mele e Ignacio De Arruabarrena. Hay algunos que est\u00e1n por encima de otros por lo que dicen Alfredo Arias, Pablo Bengoechea y la comisi\u00f3n de f\u00fatbol. Si los tres se alinean en la decisi\u00f3n es una incorporaci\u00f3n ideal, si dos se ponen de acuerdo es ideal, pero nunca traemos un jugador si el t\u00e9cnico dice que no, porque es el que los pone en la cancha. Para Alfredo y Pablo hay 2 nombres de esos arqueros que para ellos son prioridad si se pudieran traer. Hay que negociar, llegar, contratar y que los salarios del f\u00fatbol uruguayo sigan una realidad y no se desnivelen de vuelta cuando lograste ordenar un Club y para todo eso hay que tener paciencia. Lo m\u00e1s f\u00e1cil para un dirigente es contratar r\u00e1pido 5 jugadores y que todo el mundo te aplauda, la responsabilidad de un dirigente no es esa, es saber atr\u00e1s de qu\u00e9 vas, negociar y bajar las cosas a la realidad del f\u00fatbol uruguayo. Uruguay no es Brasil, no es M\u00e9xico y no es algunos clubes de Paraguay que pagan fortunas, cuando intentamos hacer eso lo \u00fanico que se gener\u00f3 fueron deudas monstruosas sin ganar nada. Esto tiene una media, el que quiera venir impecable y el que no, se buscar\u00e1 otro\u201d.<\/p>\n<p><span style=\"color: #ffcc00;\"><strong>Mat\u00edas Arezo:<\/strong><\/span> \u00abLa semana que viene voy a saber m\u00e1s. Hay que ver por su equipo, que est\u00e1 definiendo ascender o no, y en base a c\u00f3mo planifique la parte deportiva si lo deja 6 meses o no, o si aparecen ofertas de otros lados si lo venden o no. Al d\u00eda de hoy Arezo est\u00e1 entrenando en Pe\u00f1arol y nosotros estamos muy contentos con \u00e9l. La semana que viene se sabr\u00e1 m\u00e1s del tema porque estar\u00eda terminando su liga. Al d\u00eda de hoy hay cero informaci\u00f3n sobre el tema. Ac\u00e1 juega los 90 minutos y va a seguir subiendo su valoraci\u00f3n\u201d.<\/p>\n<p><span style=\"color: #ffcc00;\"><strong>Dami\u00e1n Su\u00e1rez:<\/strong> <\/span>\u00abVa de la mano con la salida de Pedro Milans. Milans es en el promedio y en minutos del top 3 que tenemos en Pe\u00f1arol, minutos jugados y rendimiento. Claramente queremos a Dami\u00e1n Su\u00e1rez en Pe\u00f1arol, pero no lo vamos a traer para desvalorizar a Milans que lo est\u00e1 haciendo muy bien. Si Milans sale porque lleg\u00f3 una oferta acorde a Pe\u00f1arol, Juventud de Las Piedras y al jugador, ah\u00ed hablaremos con Dami\u00e1n con el cual ya hablamos esto. Si Pedro no sale no vamos a desvalorizar al jugador ni a traer a Dami\u00e1n de la primera de Espa\u00f1a jugando 90 minutos y siendo capit\u00e1n muchas veces a ser el suplente de Pedro\u201d.<\/p>\n<p><span style=\"color: #ffcc00;\"><strong>Juveniles a primera:<\/strong> <\/span>\u201cRandall Rodr\u00edguez, Math\u00edas De Ritis, Dami\u00e1n Garc\u00eda y Santiago Homenchenko ir\u00e1n a primera luego del Mundial Sub 20. Jhonatan Lima finaliza contrato en diciembre, veremos si Randall queda de cuarto arquero ganando alg\u00fan minuto cuando se pueda o si Lima sale antes, lo que s\u00ed ya lleg\u00f3 el momento de que la Sub 20 que fue campe\u00f3n de la Libertadores empiece a ganar minutos generales en la primera de Pe\u00f1arol\u201d.<\/p>\n<p><span style=\"color: #ffcc00;\"><strong>Thiago Cardozo:<\/strong> <\/span>\u00abAlfredo es el que debe pensar si ser\u00e1 el titular o no. Thiago no ha tenido errores puntuales, el 98 % de los goles recibidos no hab\u00eda forma de taparlo, el otro d\u00eda salva el partido en el Campe\u00f3n del Siglo sobre la hora que era algo que \u00e9l ven\u00eda necesitando. En Pe\u00f1arol nadie tiene el puesto asegurado, todo se habla naturalmente con \u00e9l, hoy es el arquero titular, despu\u00e9s se ver\u00e1 cuando venga el otro qui\u00e9n ser\u00e1 titular o si alternan\u201d.<\/p>\n<p><span style=\"color: #ffcc00;\"><strong>Rodrigo Pi\u00f1eiro:<\/strong><\/span> \u201cNosotros tenemos un listado de jugadores por las puntas, Loly es un jugador que aparece, pero la prioridad es Brian Rodr\u00edguez. Igualmente Pi\u00f1eiro es una posibilidad\u201d.<\/p>\n<div class=\"user-wrapper\"><a class=\"userlink\"href=\"https:\/\/twitter.com\/ftrucce18\" target=\"_blank\"><figure><img decoding=\"async\" src=\"http:\/\/www.padreydecano.com\/cms\/wp-users-files\/postfirmas\/ftrucce.jpg\" \/><\/figure><p class=\"user\"><strong>Franco Trucce<\/strong><br \/>@FTrucce18<\/p><\/a><\/div>\n","protected":false},"excerpt":{"rendered":"<p>El presidente de Pe\u00f1arol habl\u00f3 en \u00daltimo al Arco de Sport 890 sobre las posibilidades de llegadas para la segunda parte del a\u00f1o, las situaciones de Arezo y Thiago Cardozo y m\u00e1s. Maximiliano Olivera: \u00abNo es cierto que est\u00e1 ca\u00eddo lo de Maxi Olivera por temas econ\u00f3micos. El representante me dijo que la oferta para [&hellip;]<\/p>\n","protected":false},"author":27,"featured_media":80316,"comment_status":"open","ping_status":"closed","sticky":false,"template":"","format":"standard","meta":{"footnotes":""},"categories":[1],"tags":[590],"yoast_head":"<!-- This site is optimized with the Yoast SEO plugin v23.2 - https:\/\/yoast.com\/wordpress\/plugins\/seo\/ -->\n<title>Ignacio Ruglio habl\u00f3 del mercado de pases - Padre y Decano - El Sitio del Pueblo<\/title>\n<meta name=\"robots\" content=\"index, follow, max-snippet:-1, max-image-preview:large, max-video-preview:-1\" \/>\n<link rel=\"canonical\" href=\"https:\/\/www.padreydecano.com\/cms\/noticias\/ignacio-ruglio-hablo-del-mercado-de-pases\/\" \/>\n<meta property=\"og:locale\" content=\"es_ES\" \/>\n<meta property=\"og:type\" content=\"article\" \/>\n<meta property=\"og:title\" content=\"Ignacio Ruglio habl\u00f3 del mercado de pases - Padre y Decano - El Sitio del Pueblo\" \/>\n<meta property=\"og:description\" content=\"El presidente de Pe\u00f1arol habl\u00f3 en \u00daltimo al Arco de Sport 890 sobre las posibilidades de llegadas para la segunda parte del a\u00f1o, las situaciones de Arezo y Thiago Cardozo y m\u00e1s. Maximiliano Olivera: \u00abNo es cierto que est\u00e1 ca\u00eddo lo de Maxi Olivera por temas econ\u00f3micos. El representante me dijo que la oferta para [&hellip;]\" \/>\n<meta property=\"og:url\" content=\"https:\/\/www.padreydecano.com\/cms\/noticias\/ignacio-ruglio-hablo-del-mercado-de-pases\/\" \/>\n<meta property=\"og:site_name\" content=\"Padre y Decano - El Sitio del Pueblo\" \/>\n<meta property=\"article:published_time\" content=\"2023-05-16T20:56:42+00:00\" \/>\n<meta property=\"article:modified_time\" content=\"2023-05-24T13:52:31+00:00\" \/>\n<meta property=\"og:image\" content=\"https:\/\/www.padreydecano.com\/cms\/wp-content\/uploads\/2023\/05\/45CEC4E3-9825-4A63-9890-652FAF143029.jpeg\" \/>\n\t<meta property=\"og:image:width\" content=\"2048\" \/>\n\t<meta property=\"og:image:height\" content=\"1362\" \/>\n\t<meta property=\"og:image:type\" content=\"image\/jpeg\" \/>\n<meta name=\"author\" content=\"Redactores Padre y Decano\" \/>\n<meta name=\"twitter:card\" content=\"summary_large_image\" \/>\n<meta name=\"twitter:label1\" content=\"Escrito por\" \/>\n\t<meta name=\"twitter:data1\" content=\"Redactores Padre y Decano\" \/>\n\t<meta name=\"twitter:label2\" content=\"Tiempo de lectura\" \/>\n\t<meta name=\"twitter:data2\" content=\"4 minutos\" \/>\n<script type=\"application\/ld+json\" class=\"yoast-schema-graph\">{\"@context\":\"https:\/\/schema.org\",\"@graph\":[{\"@type\":\"Article\",\"@id\":\"https:\/\/www.padreydecano.com\/cms\/noticias\/ignacio-ruglio-hablo-del-mercado-de-pases\/#article\",\"isPartOf\":{\"@id\":\"https:\/\/www.padreydecano.com\/cms\/noticias\/ignacio-ruglio-hablo-del-mercado-de-pases\/\"},\"author\":{\"name\":\"Redactores Padre y Decano\",\"@id\":\"https:\/\/www.padreydecano.com\/cms\/#\/schema\/person\/37aae8f93aa78e4c5385497f056e3246\"},\"headline\":\"Ignacio Ruglio habl\u00f3 del mercado de pases\",\"datePublished\":\"2023-05-16T20:56:42+00:00\",\"dateModified\":\"2023-05-24T13:52:31+00:00\",\"mainEntityOfPage\":{\"@id\":\"https:\/\/www.padreydecano.com\/cms\/noticias\/ignacio-ruglio-hablo-del-mercado-de-pases\/\"},\"wordCount\":890,\"commentCount\":12,\"publisher\":{\"@id\":\"https:\/\/www.padreydecano.com\/cms\/#organization\"},\"image\":{\"@id\":\"https:\/\/www.padreydecano.com\/cms\/noticias\/ignacio-ruglio-hablo-del-mercado-de-pases\/#primaryimage\"},\"thumbnailUrl\":\"https:\/\/www.padreydecano.com\/cms\/wp-content\/uploads\/2023\/05\/45CEC4E3-9825-4A63-9890-652FAF143029.jpeg\",\"keywords\":[\"Campeonato Uruguayo 2023\"],\"articleSection\":[\"Noticias\"],\"inLanguage\":\"es\",\"potentialAction\":[{\"@type\":\"CommentAction\",\"name\":\"Comment\",\"target\":[\"https:\/\/www.padreydecano.com\/cms\/noticias\/ignacio-ruglio-hablo-del-mercado-de-pases\/#respond\"]}]},{\"@type\":\"WebPage\",\"@id\":\"https:\/\/www.padreydecano.com\/cms\/noticias\/ignacio-ruglio-hablo-del-mercado-de-pases\/\",\"url\":\"https:\/\/www.padreydecano.com\/cms\/noticias\/ignacio-ruglio-hablo-del-mercado-de-pases\/\",\"name\":\"Ignacio Ruglio habl\u00f3 del mercado de pases - Padre y Decano - El Sitio del Pueblo\",\"isPartOf\":{\"@id\":\"https:\/\/www.padreydecano.com\/cms\/#website\"},\"primaryImageOfPage\":{\"@id\":\"https:\/\/www.padreydecano.com\/cms\/noticias\/ignacio-ruglio-hablo-del-mercado-de-pases\/#primaryimage\"},\"image\":{\"@id\":\"https:\/\/www.padreydecano.com\/cms\/noticias\/ignacio-ruglio-hablo-del-mercado-de-pases\/#primaryimage\"},\"thumbnailUrl\":\"https:\/\/www.padreydecano.com\/cms\/wp-content\/uploads\/2023\/05\/45CEC4E3-9825-4A63-9890-652FAF143029.jpeg\",\"datePublished\":\"2023-05-16T20:56:42+00:00\",\"dateModified\":\"2023-05-24T13:52:31+00:00\",\"breadcrumb\":{\"@id\":\"https:\/\/www.padreydecano.com\/cms\/noticias\/ignacio-ruglio-hablo-del-mercado-de-pases\/#breadcrumb\"},\"inLanguage\":\"es\",\"potentialAction\":[{\"@type\":\"ReadAction\",\"target\":[\"https:\/\/www.padreydecano.com\/cms\/noticias\/ignacio-ruglio-hablo-del-mercado-de-pases\/\"]}]},{\"@type\":\"ImageObject\",\"inLanguage\":\"es\",\"@id\":\"https:\/\/www.padreydecano.com\/cms\/noticias\/ignacio-ruglio-hablo-del-mercado-de-pases\/#primaryimage\",\"url\":\"https:\/\/www.padreydecano.com\/cms\/wp-content\/uploads\/2023\/05\/45CEC4E3-9825-4A63-9890-652FAF143029.jpeg\",\"contentUrl\":\"https:\/\/www.padreydecano.com\/cms\/wp-content\/uploads\/2023\/05\/45CEC4E3-9825-4A63-9890-652FAF143029.jpeg\",\"width\":2048,\"height\":1362},{\"@type\":\"BreadcrumbList\",\"@id\":\"https:\/\/www.padreydecano.com\/cms\/noticias\/ignacio-ruglio-hablo-del-mercado-de-pases\/#breadcrumb\",\"itemListElement\":[{\"@type\":\"ListItem\",\"position\":1,\"name\":\"Portada\",\"item\":\"https:\/\/www.padreydecano.com\/cms\/\"},{\"@type\":\"ListItem\",\"position\":2,\"name\":\"Ignacio Ruglio habl\u00f3 del mercado de pases\"}]},{\"@type\":\"WebSite\",\"@id\":\"https:\/\/www.padreydecano.com\/cms\/#website\",\"url\":\"https:\/\/www.padreydecano.com\/cms\/\",\"name\":\"Padre y Decano - El Sitio del Pueblo\",\"description\":\"Club Atl\u00e9tico Pe\u00f1arol\",\"publisher\":{\"@id\":\"https:\/\/www.padreydecano.com\/cms\/#organization\"},\"potentialAction\":[{\"@type\":\"SearchAction\",\"target\":{\"@type\":\"EntryPoint\",\"urlTemplate\":\"https:\/\/www.padreydecano.com\/cms\/?s={search_term_string}\"},\"query-input\":\"required name=search_term_string\"}],\"inLanguage\":\"es\"},{\"@type\":\"Organization\",\"@id\":\"https:\/\/www.padreydecano.com\/cms\/#organization\",\"name\":\"Padre y Decano\",\"url\":\"https:\/\/www.padreydecano.com\/cms\/\",\"logo\":{\"@type\":\"ImageObject\",\"inLanguage\":\"es\",\"@id\":\"https:\/\/www.padreydecano.com\/cms\/#\/schema\/logo\/image\/\",\"url\":\"https:\/\/www.padreydecano.com\/cms\/wp-content\/uploads\/2022\/01\/avatar-square.png\",\"contentUrl\":\"https:\/\/www.padreydecano.com\/cms\/wp-content\/uploads\/2022\/01\/avatar-square.png\",\"width\":1500,\"height\":1500,\"caption\":\"Padre y Decano\"},\"image\":{\"@id\":\"https:\/\/www.padreydecano.com\/cms\/#\/schema\/logo\/image\/\"}},{\"@type\":\"Person\",\"@id\":\"https:\/\/www.padreydecano.com\/cms\/#\/schema\/person\/37aae8f93aa78e4c5385497f056e3246\",\"name\":\"Redactores Padre y Decano\",\"image\":{\"@type\":\"ImageObject\",\"inLanguage\":\"es\",\"@id\":\"https:\/\/www.padreydecano.com\/cms\/#\/schema\/person\/image\/\",\"url\":\"https:\/\/secure.gravatar.com\/avatar\/8810c4b9081192b118b104af54549af8?s=96&d=https%3A%2F%2Fpadreydecano.com%2Fcms%2Fwp-content%2Fthemes%2Fpyd-theme%2Fimg%2Fdefault-avatar.png&r=g\",\"contentUrl\":\"https:\/\/secure.gravatar.com\/avatar\/8810c4b9081192b118b104af54549af8?s=96&d=https%3A%2F%2Fpadreydecano.com%2Fcms%2Fwp-content%2Fthemes%2Fpyd-theme%2Fimg%2Fdefault-avatar.png&r=g\",\"caption\":\"Redactores Padre y Decano\"},\"sameAs\":[\"http:\/\/www.padreydecano.com\"]}]}<\/script>\n<!-- \/ Yoast SEO plugin. -->","yoast_head_json":{"title":"Ignacio Ruglio habl\u00f3 del mercado de pases - Padre y Decano - El Sitio del Pueblo","robots":{"index":"index","follow":"follow","max-snippet":"max-snippet:-1","max-image-preview":"max-image-preview:large","max-video-preview":"max-video-preview:-1"},"canonical":"https:\/\/www.padreydecano.com\/cms\/noticias\/ignacio-ruglio-hablo-del-mercado-de-pases\/","og_locale":"es_ES","og_type":"article","og_title":"Ignacio Ruglio habl\u00f3 del mercado de pases - Padre y Decano - El Sitio del Pueblo","og_description":"El presidente de Pe\u00f1arol habl\u00f3 en \u00daltimo al Arco de Sport 890 sobre las posibilidades de llegadas para la segunda parte del a\u00f1o, las situaciones de Arezo y Thiago Cardozo y m\u00e1s. Maximiliano Olivera: \u00abNo es cierto que est\u00e1 ca\u00eddo lo de Maxi Olivera por temas econ\u00f3micos. El representante me dijo que la oferta para [&hellip;]","og_url":"https:\/\/www.padreydecano.com\/cms\/noticias\/ignacio-ruglio-hablo-del-mercado-de-pases\/","og_site_name":"Padre y Decano - El Sitio del Pueblo","article_published_time":"2023-05-16T20:56:42+00:00","article_modified_time":"2023-05-24T13:52:31+00:00","og_image":[{"width":2048,"height":1362,"url":"https:\/\/www.padreydecano.com\/cms\/wp-content\/uploads\/2023\/05\/45CEC4E3-9825-4A63-9890-652FAF143029.jpeg","type":"image\/jpeg"}],"author":"Redactores Padre y Decano","twitter_card":"summary_large_image","twitter_misc":{"Escrito por":"Redactores Padre y Decano","Tiempo de lectura":"4 minutos"},"schema":{"@context":"https:\/\/schema.org","@graph":[{"@type":"Article","@id":"https:\/\/www.padreydecano.com\/cms\/noticias\/ignacio-ruglio-hablo-del-mercado-de-pases\/#article","isPartOf":{"@id":"https:\/\/www.padreydecano.com\/cms\/noticias\/ignacio-ruglio-hablo-del-mercado-de-pases\/"},"author":{"name":"Redactores Padre y Decano","@id":"https:\/\/www.padreydecano.com\/cms\/#\/schema\/person\/37aae8f93aa78e4c5385497f056e3246"},"headline":"Ignacio Ruglio habl\u00f3 del mercado de pases","datePublished":"2023-05-16T20:56:42+00:00","dateModified":"2023-05-24T13:52:31+00:00","mainEntityOfPage":{"@id":"https:\/\/www.padreydecano.com\/cms\/noticias\/ignacio-ruglio-hablo-del-mercado-de-pases\/"},"wordCount":890,"commentCount":12,"publisher":{"@id":"https:\/\/www.padreydecano.com\/cms\/#organization"},"image":{"@id":"https:\/\/www.padreydecano.com\/cms\/noticias\/ignacio-ruglio-hablo-del-mercado-de-pases\/#primaryimage"},"thumbnailUrl":"https:\/\/www.padreydecano.com\/cms\/wp-content\/uploads\/2023\/05\/45CEC4E3-9825-4A63-9890-652FAF143029.jpeg","keywords":["Campeonato Uruguayo 2023"],"articleSection":["Noticias"],"inLanguage":"es","potentialAction":[{"@type":"CommentAction","name":"Comment","target":["https:\/\/www.padreydecano.com\/cms\/noticias\/ignacio-ruglio-hablo-del-mercado-de-pases\/#respond"]}]},{"@type":"WebPage","@id":"https:\/\/www.padreydecano.com\/cms\/noticias\/ignacio-ruglio-hablo-del-mercado-de-pases\/","url":"https:\/\/www.padreydecano.com\/cms\/noticias\/ignacio-ruglio-hablo-del-mercado-de-pases\/","name":"Ignacio Ruglio habl\u00f3 del mercado de pases - Padre y Decano - El Sitio del Pueblo","isPartOf":{"@id":"https:\/\/www.padreydecano.com\/cms\/#website"},"primaryImageOfPage":{"@id":"https:\/\/www.padreydecano.com\/cms\/noticias\/ignacio-ruglio-hablo-del-mercado-de-pases\/#primaryimage"},"image":{"@id":"https:\/\/www.padreydecano.com\/cms\/noticias\/ignacio-ruglio-hablo-del-mercado-de-pases\/#primaryimage"},"thumbnailUrl":"https:\/\/www.padreydecano.com\/cms\/wp-content\/uploads\/2023\/05\/45CEC4E3-9825-4A63-9890-652FAF143029.jpeg","datePublished":"2023-05-16T20:56:42+00:00","dateModified":"2023-05-24T13:52:31+00:00","breadcrumb":{"@id":"https:\/\/www.padreydecano.com\/cms\/noticias\/ignacio-ruglio-hablo-del-mercado-de-pases\/#breadcrumb"},"inLanguage":"es","potentialAction":[{"@type":"ReadAction","target":["https:\/\/www.padreydecano.com\/cms\/noticias\/ignacio-ruglio-hablo-del-mercado-de-pases\/"]}]},{"@type":"ImageObject","inLanguage":"es","@id":"https:\/\/www.padreydecano.com\/cms\/noticias\/ignacio-ruglio-hablo-del-mercado-de-pases\/#primaryimage","url":"https:\/\/www.padreydecano.com\/cms\/wp-content\/uploads\/2023\/05\/45CEC4E3-9825-4A63-9890-652FAF143029.jpeg","contentUrl":"https:\/\/www.padreydecano.com\/cms\/wp-content\/uploads\/2023\/05\/45CEC4E3-9825-4A63-9890-652FAF143029.jpeg","width":2048,"height":1362},{"@type":"BreadcrumbList","@id":"https:\/\/www.padreydecano.com\/cms\/noticias\/ignacio-ruglio-hablo-del-mercado-de-pases\/#breadcrumb","itemListElement":[{"@type":"ListItem","position":1,"name":"Portada","item":"https:\/\/www.padreydecano.com\/cms\/"},{"@type":"ListItem","position":2,"name":"Ignacio Ruglio habl\u00f3 del mercado de pases"}]},{"@type":"WebSite","@id":"https:\/\/www.padreydecano.com\/cms\/#website","url":"https:\/\/www.padreydecano.com\/cms\/","name":"Padre y Decano - El Sitio del Pueblo","description":"Club Atl\u00e9tico Pe\u00f1arol","publisher":{"@id":"https:\/\/www.padreydecano.com\/cms\/#organization"},"potentialAction":[{"@type":"SearchAction","target":{"@type":"EntryPoint","urlTemplate":"https:\/\/www.padreydecano.com\/cms\/?s={search_term_string}"},"query-input":"required name=search_term_string"}],"inLanguage":"es"},{"@type":"Organization","@id":"https:\/\/www.padreydecano.com\/cms\/#organization","name":"Padre y Decano","url":"https:\/\/www.padreydecano.com\/cms\/","logo":{"@type":"ImageObject","inLanguage":"es","@id":"https:\/\/www.padreydecano.com\/cms\/#\/schema\/logo\/image\/","url":"https:\/\/www.padreydecano.com\/cms\/wp-content\/uploads\/2022\/01\/avatar-square.png","contentUrl":"https:\/\/www.padreydecano.com\/cms\/wp-content\/uploads\/2022\/01\/avatar-square.png","width":1500,"height":1500,"caption":"Padre y Decano"},"image":{"@id":"https:\/\/www.padreydecano.com\/cms\/#\/schema\/logo\/image\/"}},{"@type":"Person","@id":"https:\/\/www.padreydecano.com\/cms\/#\/schema\/person\/37aae8f93aa78e4c5385497f056e3246","name":"Redactores Padre y Decano","image":{"@type":"ImageObject","inLanguage":"es","@id":"https:\/\/www.padreydecano.com\/cms\/#\/schema\/person\/image\/","url":"https:\/\/secure.gravatar.com\/avatar\/8810c4b9081192b118b104af54549af8?s=96&d=https%3A%2F%2Fpadreydecano.com%2Fcms%2Fwp-content%2Fthemes%2Fpyd-theme%2Fimg%2Fdefault-avatar.png&r=g","contentUrl":"https:\/\/secure.gravatar.com\/avatar\/8810c4b9081192b118b104af54549af8?s=96&d=https%3A%2F%2Fpadreydecano.com%2Fcms%2Fwp-content%2Fthemes%2Fpyd-theme%2Fimg%2Fdefault-avatar.png&r=g","caption":"Redactores Padre y Decano"},"sameAs":["http:\/\/www.padreydecano.com"]}]}},"_links":{"self":[{"href":"https:\/\/www.padreydecano.com\/cms\/wp-json\/wp\/v2\/posts\/80315"}],"collection":[{"href":"https:\/\/www.padreydecano.com\/cms\/wp-json\/wp\/v2\/posts"}],"about":[{"href":"https:\/\/www.padreydecano.com\/cms\/wp-json\/wp\/v2\/types\/post"}],"author":[{"embeddable":true,"href":"https:\/\/www.padreydecano.com\/cms\/wp-json\/wp\/v2\/users\/27"}],"replies":[{"embeddable":true,"href":"https:\/\/www.padreydecano.com\/cms\/wp-json\/wp\/v2\/comments?post=80315"}],"version-history":[{"count":0,"href":"https:\/\/www.padreydecano.com\/cms\/wp-json\/wp\/v2\/posts\/80315\/revisions"}],"wp:featuredmedia":[{"embeddable":true,"href":"https:\/\/www.padreydecano.com\/cms\/wp-json\/wp\/v2\/media\/80316"}],"wp:attachment":[{"href":"https:\/\/www.padreydecano.com\/cms\/wp-json\/wp\/v2\/media?parent=80315"}],"wp:term":[{"taxonomy":"category","embeddable":true,"href":"https:\/\/www.padreydecano.com\/cms\/wp-json\/wp\/v2\/categories?post=80315"},{"taxonomy":"post_tag","embeddable":true,"href":"https:\/\/www.padreydecano.com\/cms\/wp-json\/wp\/v2\/tags?post=80315"}],"curies":[{"name":"wp","href":"https:\/\/api.w.org\/{rel}","templated":true}]}}