{"id":80308,"date":"2023-05-12T19:36:32","date_gmt":"2023-05-12T22:36:32","guid":{"rendered":"https:\/\/www.padreydecano.com\/cms\/?p=80308"},"modified":"2023-05-12T19:36:32","modified_gmt":"2023-05-12T22:36:32","slug":"la-ultima-del-apertura-2","status":"publish","type":"post","link":"https:\/\/www.padreydecano.com\/cms\/noticias\/la-ultima-del-apertura-2\/","title":{"rendered":"La \u00faltima del Apertura"},"content":{"rendered":"<p><img loading=\"lazy\" decoding=\"async\" class=\"size-large wp-image-80293 aligncenter\" src=\"https:\/\/www.padreydecano.com\/cms\/wp-content\/uploads\/2023\/05\/4389E8EE-439A-40DC-861A-EA88CAF21D72-1280x851.jpeg\" alt=\"\" width=\"1280\" height=\"851\" srcset=\"https:\/\/www.padreydecano.com\/cms\/wp-content\/uploads\/2023\/05\/4389E8EE-439A-40DC-861A-EA88CAF21D72-1280x851.jpeg 1280w, https:\/\/www.padreydecano.com\/cms\/wp-content\/uploads\/2023\/05\/4389E8EE-439A-40DC-861A-EA88CAF21D72-800x532.jpeg 800w, https:\/\/www.padreydecano.com\/cms\/wp-content\/uploads\/2023\/05\/4389E8EE-439A-40DC-861A-EA88CAF21D72-768x511.jpeg 768w, https:\/\/www.padreydecano.com\/cms\/wp-content\/uploads\/2023\/05\/4389E8EE-439A-40DC-861A-EA88CAF21D72-1536x1022.jpeg 1536w, https:\/\/www.padreydecano.com\/cms\/wp-content\/uploads\/2023\/05\/4389E8EE-439A-40DC-861A-EA88CAF21D72-300x200.jpeg 300w, https:\/\/www.padreydecano.com\/cms\/wp-content\/uploads\/2023\/05\/4389E8EE-439A-40DC-861A-EA88CAF21D72-128x85.jpeg 128w, https:\/\/www.padreydecano.com\/cms\/wp-content\/uploads\/2023\/05\/4389E8EE-439A-40DC-861A-EA88CAF21D72-32x21.jpeg 32w, https:\/\/www.padreydecano.com\/cms\/wp-content\/uploads\/2023\/05\/4389E8EE-439A-40DC-861A-EA88CAF21D72.jpeg 2048w\" sizes=\"(max-width: 1280px) 100vw, 1280px\" \/><\/p>\n<p><strong>Pe\u00f1arol recibe el pr\u00f3ximo s\u00e1bado a Wanderers en el Estadio Campe\u00f3n del Siglo. Por la \u00faltima fecha del Torneo Apertura, el Carbonero, ante su gente, buscar\u00e1 una victoria para sumar en la tabla anual. El partido ser\u00e1 televisado por VTV.<\/strong><\/p>\n<p><span style=\"color: #ffcc00;\"><strong>Equipo probable<\/strong><\/span><\/p>\n<p>Thiago Cardozo; Pedro Milans, Hern\u00e1n Menosse, Yonatthan Rak, Lucas Hern\u00e1ndez; Rodrigo Saravia, Sebasti\u00e1n Rodr\u00edguez, Carlos S\u00e1nchez, M\u00e1ximo Alonso, Bruno Bentancor y Mat\u00edas Arezo.<\/p>\n<p><strong><span style=\"color: #ffcc00;\">\u00bfC\u00f3mo vienen ambos?<\/span><\/strong><\/p>\n<p>El equipo de Alfredo Arias venci\u00f3 2 a 0 a Racing por al pen\u00faltima fecha. Con goles de M\u00e1ximo Alonso y de Mat\u00edas Arezo, el Decano cosech\u00f3 un importante triunfo para ampliar la diferencia.<\/p>\n<p>Por su parte, Wanderers, de gran campa\u00f1a, cay\u00f3 derrotado ante F\u00e9nix por 3 a 0, en condici\u00f3n de local. Pese a la derrota, el equipo del Prado se posiciona en la quinta ubicaci\u00f3n de la tabla con 22 unidades.<\/p>\n<p><strong><span style=\"color: #ffcc00;\">\u00daltimos antecedentes<\/span><\/strong><\/p>\n<p><strong>Torneo Apertura 2022:<\/strong> <strong><span style=\"color: #ffcc00;\">Pe\u00f1arol<\/span> <\/strong>1 VS. 0 Wanderers<br \/>\n<strong>Torneo Intermedio 2022:<\/strong> Wanderers 3 VS. 3 <span style=\"color: #ffcc00;\"><strong>Pe\u00f1arol<\/strong><\/span><br \/>\n<strong>Torneo Clausura 2022:<\/strong> Wanderers 0 VS. 2 <span style=\"color: #ffcc00;\"><strong>Pe\u00f1arol<\/strong><\/span><\/p>\n<p><span style=\"color: #ffcc00;\"><strong>\u00c1rbitros<\/strong><\/span><\/p>\n<p>Daniel Rodr\u00edguez ser\u00e1 el \u00e1rbitro principal del encuentro. Nicol\u00e1s Tar\u00e1n y H\u00e9ctor Bergal\u00f3 fueron designados asistentes del partido. Nicol\u00e1s Vignolo el cuarto juez.<\/p>\n<p>El VAR estar\u00e1 a cargo de Diego Dunajec y Mart\u00edn Soppi.<\/p>\n<p><strong><span style=\"color: #ffcc00;\">Lo que se viene<\/span><\/strong><\/p>\n<p>Una vez finalizado el primer torneo corto del a\u00f1o, se iniciar\u00e1 el Torneo Intermedio. Cabe recordar que, los cruces depender\u00e1n de la ubicaci\u00f3n en que culminen los equipos. Pe\u00f1arol, por ser campe\u00f3n del Apertura, se posicionar\u00e1 en el Grupo A junto a todos los equipos que terminen en posici\u00f3n impar (1\u00b0, 3\u00b0, 5\u00b0, 7\u00b0, 9\u00b0, 11\u00b0, 13\u00b0 y 15\u00b0).<\/p>\n<div class=\"user-wrapper\"><a class=\"userlink\" href=\"https:\/\/twitter.com\/mathiaastilve\" target=\"_blank\"><figure><img decoding=\"async\" src=\"http:\/\/www.padreydecano.com\/cms\/wp-users-files\/postfirmas\/mathiastilve.jpg\" \/><\/figure><p class=\"user\"><strong>Mathias Tilve<\/strong><br \/>@mathiaastilve<\/p><\/a><\/div>\n","protected":false},"excerpt":{"rendered":"<p>Pe\u00f1arol recibe el pr\u00f3ximo s\u00e1bado a Wanderers en el Estadio Campe\u00f3n del Siglo. Por la \u00faltima fecha del Torneo Apertura, el Carbonero, ante su gente, buscar\u00e1 una victoria para sumar en la tabla anual. El partido ser\u00e1 televisado por VTV. Equipo probable Thiago Cardozo; Pedro Milans, Hern\u00e1n Menosse, Yonatthan Rak, Lucas Hern\u00e1ndez; Rodrigo Saravia, Sebasti\u00e1n [&hellip;]<\/p>\n","protected":false},"author":30,"featured_media":80293,"comment_status":"open","ping_status":"closed","sticky":false,"template":"","format":"standard","meta":{"footnotes":""},"categories":[1],"tags":[590],"yoast_head":"<!-- This site is optimized with the Yoast SEO plugin v23.2 - https:\/\/yoast.com\/wordpress\/plugins\/seo\/ -->\n<title>La \u00faltima del Apertura - Padre y Decano - El Sitio del Pueblo<\/title>\n<meta name=\"robots\" content=\"index, follow, max-snippet:-1, max-image-preview:large, max-video-preview:-1\" \/>\n<link rel=\"canonical\" href=\"https:\/\/www.padreydecano.com\/cms\/noticias\/la-ultima-del-apertura-2\/\" \/>\n<meta property=\"og:locale\" content=\"es_ES\" \/>\n<meta property=\"og:type\" content=\"article\" \/>\n<meta property=\"og:title\" content=\"La \u00faltima del Apertura - Padre y Decano - El Sitio del Pueblo\" \/>\n<meta property=\"og:description\" content=\"Pe\u00f1arol recibe el pr\u00f3ximo s\u00e1bado a Wanderers en el Estadio Campe\u00f3n del Siglo. Por la \u00faltima fecha del Torneo Apertura, el Carbonero, ante su gente, buscar\u00e1 una victoria para sumar en la tabla anual. El partido ser\u00e1 televisado por VTV. Equipo probable Thiago Cardozo; Pedro Milans, Hern\u00e1n Menosse, Yonatthan Rak, Lucas Hern\u00e1ndez; Rodrigo Saravia, Sebasti\u00e1n [&hellip;]\" \/>\n<meta property=\"og:url\" content=\"https:\/\/www.padreydecano.com\/cms\/noticias\/la-ultima-del-apertura-2\/\" \/>\n<meta property=\"og:site_name\" content=\"Padre y Decano - El Sitio del Pueblo\" \/>\n<meta property=\"article:published_time\" content=\"2023-05-12T22:36:32+00:00\" \/>\n<meta property=\"og:image\" content=\"https:\/\/www.padreydecano.com\/cms\/wp-content\/uploads\/2023\/05\/4389E8EE-439A-40DC-861A-EA88CAF21D72.jpeg\" \/>\n\t<meta property=\"og:image:width\" content=\"2048\" \/>\n\t<meta property=\"og:image:height\" content=\"1362\" \/>\n\t<meta property=\"og:image:type\" content=\"image\/jpeg\" \/>\n<meta name=\"author\" content=\"Udelar\" \/>\n<meta name=\"twitter:card\" content=\"summary_large_image\" \/>\n<meta name=\"twitter:label1\" content=\"Escrito por\" \/>\n\t<meta name=\"twitter:data1\" content=\"Udelar\" \/>\n\t<meta name=\"twitter:label2\" content=\"Tiempo de lectura\" \/>\n\t<meta name=\"twitter:data2\" content=\"1 minuto\" \/>\n<script type=\"application\/ld+json\" class=\"yoast-schema-graph\">{\"@context\":\"https:\/\/schema.org\",\"@graph\":[{\"@type\":\"Article\",\"@id\":\"https:\/\/www.padreydecano.com\/cms\/noticias\/la-ultima-del-apertura-2\/#article\",\"isPartOf\":{\"@id\":\"https:\/\/www.padreydecano.com\/cms\/noticias\/la-ultima-del-apertura-2\/\"},\"author\":{\"name\":\"Udelar\",\"@id\":\"https:\/\/www.padreydecano.com\/cms\/#\/schema\/person\/b22191326be6d1c7fa55c2ad137a9a32\"},\"headline\":\"La \u00faltima del Apertura\",\"datePublished\":\"2023-05-12T22:36:32+00:00\",\"dateModified\":\"2023-05-12T22:36:32+00:00\",\"mainEntityOfPage\":{\"@id\":\"https:\/\/www.padreydecano.com\/cms\/noticias\/la-ultima-del-apertura-2\/\"},\"wordCount\":282,\"commentCount\":23,\"publisher\":{\"@id\":\"https:\/\/www.padreydecano.com\/cms\/#organization\"},\"image\":{\"@id\":\"https:\/\/www.padreydecano.com\/cms\/noticias\/la-ultima-del-apertura-2\/#primaryimage\"},\"thumbnailUrl\":\"https:\/\/www.padreydecano.com\/cms\/wp-content\/uploads\/2023\/05\/4389E8EE-439A-40DC-861A-EA88CAF21D72.jpeg\",\"keywords\":[\"Campeonato Uruguayo 2023\"],\"articleSection\":[\"Noticias\"],\"inLanguage\":\"es\",\"potentialAction\":[{\"@type\":\"CommentAction\",\"name\":\"Comment\",\"target\":[\"https:\/\/www.padreydecano.com\/cms\/noticias\/la-ultima-del-apertura-2\/#respond\"]}]},{\"@type\":\"WebPage\",\"@id\":\"https:\/\/www.padreydecano.com\/cms\/noticias\/la-ultima-del-apertura-2\/\",\"url\":\"https:\/\/www.padreydecano.com\/cms\/noticias\/la-ultima-del-apertura-2\/\",\"name\":\"La \u00faltima del Apertura - Padre y Decano - El Sitio del Pueblo\",\"isPartOf\":{\"@id\":\"https:\/\/www.padreydecano.com\/cms\/#website\"},\"primaryImageOfPage\":{\"@id\":\"https:\/\/www.padreydecano.com\/cms\/noticias\/la-ultima-del-apertura-2\/#primaryimage\"},\"image\":{\"@id\":\"https:\/\/www.padreydecano.com\/cms\/noticias\/la-ultima-del-apertura-2\/#primaryimage\"},\"thumbnailUrl\":\"https:\/\/www.padreydecano.com\/cms\/wp-content\/uploads\/2023\/05\/4389E8EE-439A-40DC-861A-EA88CAF21D72.jpeg\",\"datePublished\":\"2023-05-12T22:36:32+00:00\",\"dateModified\":\"2023-05-12T22:36:32+00:00\",\"breadcrumb\":{\"@id\":\"https:\/\/www.padreydecano.com\/cms\/noticias\/la-ultima-del-apertura-2\/#breadcrumb\"},\"inLanguage\":\"es\",\"potentialAction\":[{\"@type\":\"ReadAction\",\"target\":[\"https:\/\/www.padreydecano.com\/cms\/noticias\/la-ultima-del-apertura-2\/\"]}]},{\"@type\":\"ImageObject\",\"inLanguage\":\"es\",\"@id\":\"https:\/\/www.padreydecano.com\/cms\/noticias\/la-ultima-del-apertura-2\/#primaryimage\",\"url\":\"https:\/\/www.padreydecano.com\/cms\/wp-content\/uploads\/2023\/05\/4389E8EE-439A-40DC-861A-EA88CAF21D72.jpeg\",\"contentUrl\":\"https:\/\/www.padreydecano.com\/cms\/wp-content\/uploads\/2023\/05\/4389E8EE-439A-40DC-861A-EA88CAF21D72.jpeg\",\"width\":2048,\"height\":1362},{\"@type\":\"BreadcrumbList\",\"@id\":\"https:\/\/www.padreydecano.com\/cms\/noticias\/la-ultima-del-apertura-2\/#breadcrumb\",\"itemListElement\":[{\"@type\":\"ListItem\",\"position\":1,\"name\":\"Portada\",\"item\":\"https:\/\/www.padreydecano.com\/cms\/\"},{\"@type\":\"ListItem\",\"position\":2,\"name\":\"La \u00faltima del Apertura\"}]},{\"@type\":\"WebSite\",\"@id\":\"https:\/\/www.padreydecano.com\/cms\/#website\",\"url\":\"https:\/\/www.padreydecano.com\/cms\/\",\"name\":\"Padre y Decano - El Sitio del Pueblo\",\"description\":\"Club Atl\u00e9tico Pe\u00f1arol\",\"publisher\":{\"@id\":\"https:\/\/www.padreydecano.com\/cms\/#organization\"},\"potentialAction\":[{\"@type\":\"SearchAction\",\"target\":{\"@type\":\"EntryPoint\",\"urlTemplate\":\"https:\/\/www.padreydecano.com\/cms\/?s={search_term_string}\"},\"query-input\":\"required name=search_term_string\"}],\"inLanguage\":\"es\"},{\"@type\":\"Organization\",\"@id\":\"https:\/\/www.padreydecano.com\/cms\/#organization\",\"name\":\"Padre y Decano\",\"url\":\"https:\/\/www.padreydecano.com\/cms\/\",\"logo\":{\"@type\":\"ImageObject\",\"inLanguage\":\"es\",\"@id\":\"https:\/\/www.padreydecano.com\/cms\/#\/schema\/logo\/image\/\",\"url\":\"https:\/\/www.padreydecano.com\/cms\/wp-content\/uploads\/2022\/01\/avatar-square.png\",\"contentUrl\":\"https:\/\/www.padreydecano.com\/cms\/wp-content\/uploads\/2022\/01\/avatar-square.png\",\"width\":1500,\"height\":1500,\"caption\":\"Padre y Decano\"},\"image\":{\"@id\":\"https:\/\/www.padreydecano.com\/cms\/#\/schema\/logo\/image\/\"}},{\"@type\":\"Person\",\"@id\":\"https:\/\/www.padreydecano.com\/cms\/#\/schema\/person\/b22191326be6d1c7fa55c2ad137a9a32\",\"name\":\"Udelar\",\"image\":{\"@type\":\"ImageObject\",\"inLanguage\":\"es\",\"@id\":\"https:\/\/www.padreydecano.com\/cms\/#\/schema\/person\/image\/\",\"url\":\"https:\/\/secure.gravatar.com\/avatar\/611ece663b16897a2cd2f46982281225?s=96&d=https%3A%2F%2Fpadreydecano.com%2Fcms%2Fwp-content%2Fthemes%2Fpyd-theme%2Fimg%2Fdefault-avatar.png&r=g\",\"contentUrl\":\"https:\/\/secure.gravatar.com\/avatar\/611ece663b16897a2cd2f46982281225?s=96&d=https%3A%2F%2Fpadreydecano.com%2Fcms%2Fwp-content%2Fthemes%2Fpyd-theme%2Fimg%2Fdefault-avatar.png&r=g\",\"caption\":\"Udelar\"}}]}<\/script>\n<!-- \/ Yoast SEO plugin. -->","yoast_head_json":{"title":"La \u00faltima del Apertura - Padre y Decano - El Sitio del Pueblo","robots":{"index":"index","follow":"follow","max-snippet":"max-snippet:-1","max-image-preview":"max-image-preview:large","max-video-preview":"max-video-preview:-1"},"canonical":"https:\/\/www.padreydecano.com\/cms\/noticias\/la-ultima-del-apertura-2\/","og_locale":"es_ES","og_type":"article","og_title":"La \u00faltima del Apertura - Padre y Decano - El Sitio del Pueblo","og_description":"Pe\u00f1arol recibe el pr\u00f3ximo s\u00e1bado a Wanderers en el Estadio Campe\u00f3n del Siglo. Por la \u00faltima fecha del Torneo Apertura, el Carbonero, ante su gente, buscar\u00e1 una victoria para sumar en la tabla anual. El partido ser\u00e1 televisado por VTV. Equipo probable Thiago Cardozo; Pedro Milans, Hern\u00e1n Menosse, Yonatthan Rak, Lucas Hern\u00e1ndez; Rodrigo Saravia, Sebasti\u00e1n [&hellip;]","og_url":"https:\/\/www.padreydecano.com\/cms\/noticias\/la-ultima-del-apertura-2\/","og_site_name":"Padre y Decano - El Sitio del Pueblo","article_published_time":"2023-05-12T22:36:32+00:00","og_image":[{"width":2048,"height":1362,"url":"https:\/\/www.padreydecano.com\/cms\/wp-content\/uploads\/2023\/05\/4389E8EE-439A-40DC-861A-EA88CAF21D72.jpeg","type":"image\/jpeg"}],"author":"Udelar","twitter_card":"summary_large_image","twitter_misc":{"Escrito por":"Udelar","Tiempo de lectura":"1 minuto"},"schema":{"@context":"https:\/\/schema.org","@graph":[{"@type":"Article","@id":"https:\/\/www.padreydecano.com\/cms\/noticias\/la-ultima-del-apertura-2\/#article","isPartOf":{"@id":"https:\/\/www.padreydecano.com\/cms\/noticias\/la-ultima-del-apertura-2\/"},"author":{"name":"Udelar","@id":"https:\/\/www.padreydecano.com\/cms\/#\/schema\/person\/b22191326be6d1c7fa55c2ad137a9a32"},"headline":"La \u00faltima del Apertura","datePublished":"2023-05-12T22:36:32+00:00","dateModified":"2023-05-12T22:36:32+00:00","mainEntityOfPage":{"@id":"https:\/\/www.padreydecano.com\/cms\/noticias\/la-ultima-del-apertura-2\/"},"wordCount":282,"commentCount":23,"publisher":{"@id":"https:\/\/www.padreydecano.com\/cms\/#organization"},"image":{"@id":"https:\/\/www.padreydecano.com\/cms\/noticias\/la-ultima-del-apertura-2\/#primaryimage"},"thumbnailUrl":"https:\/\/www.padreydecano.com\/cms\/wp-content\/uploads\/2023\/05\/4389E8EE-439A-40DC-861A-EA88CAF21D72.jpeg","keywords":["Campeonato Uruguayo 2023"],"articleSection":["Noticias"],"inLanguage":"es","potentialAction":[{"@type":"CommentAction","name":"Comment","target":["https:\/\/www.padreydecano.com\/cms\/noticias\/la-ultima-del-apertura-2\/#respond"]}]},{"@type":"WebPage","@id":"https:\/\/www.padreydecano.com\/cms\/noticias\/la-ultima-del-apertura-2\/","url":"https:\/\/www.padreydecano.com\/cms\/noticias\/la-ultima-del-apertura-2\/","name":"La \u00faltima del Apertura - Padre y Decano - El Sitio del Pueblo","isPartOf":{"@id":"https:\/\/www.padreydecano.com\/cms\/#website"},"primaryImageOfPage":{"@id":"https:\/\/www.padreydecano.com\/cms\/noticias\/la-ultima-del-apertura-2\/#primaryimage"},"image":{"@id":"https:\/\/www.padreydecano.com\/cms\/noticias\/la-ultima-del-apertura-2\/#primaryimage"},"thumbnailUrl":"https:\/\/www.padreydecano.com\/cms\/wp-content\/uploads\/2023\/05\/4389E8EE-439A-40DC-861A-EA88CAF21D72.jpeg","datePublished":"2023-05-12T22:36:32+00:00","dateModified":"2023-05-12T22:36:32+00:00","breadcrumb":{"@id":"https:\/\/www.padreydecano.com\/cms\/noticias\/la-ultima-del-apertura-2\/#breadcrumb"},"inLanguage":"es","potentialAction":[{"@type":"ReadAction","target":["https:\/\/www.padreydecano.com\/cms\/noticias\/la-ultima-del-apertura-2\/"]}]},{"@type":"ImageObject","inLanguage":"es","@id":"https:\/\/www.padreydecano.com\/cms\/noticias\/la-ultima-del-apertura-2\/#primaryimage","url":"https:\/\/www.padreydecano.com\/cms\/wp-content\/uploads\/2023\/05\/4389E8EE-439A-40DC-861A-EA88CAF21D72.jpeg","contentUrl":"https:\/\/www.padreydecano.com\/cms\/wp-content\/uploads\/2023\/05\/4389E8EE-439A-40DC-861A-EA88CAF21D72.jpeg","width":2048,"height":1362},{"@type":"BreadcrumbList","@id":"https:\/\/www.padreydecano.com\/cms\/noticias\/la-ultima-del-apertura-2\/#breadcrumb","itemListElement":[{"@type":"ListItem","position":1,"name":"Portada","item":"https:\/\/www.padreydecano.com\/cms\/"},{"@type":"ListItem","position":2,"name":"La \u00faltima del Apertura"}]},{"@type":"WebSite","@id":"https:\/\/www.padreydecano.com\/cms\/#website","url":"https:\/\/www.padreydecano.com\/cms\/","name":"Padre y Decano - El Sitio del Pueblo","description":"Club Atl\u00e9tico Pe\u00f1arol","publisher":{"@id":"https:\/\/www.padreydecano.com\/cms\/#organization"},"potentialAction":[{"@type":"SearchAction","target":{"@type":"EntryPoint","urlTemplate":"https:\/\/www.padreydecano.com\/cms\/?s={search_term_string}"},"query-input":"required name=search_term_string"}],"inLanguage":"es"},{"@type":"Organization","@id":"https:\/\/www.padreydecano.com\/cms\/#organization","name":"Padre y Decano","url":"https:\/\/www.padreydecano.com\/cms\/","logo":{"@type":"ImageObject","inLanguage":"es","@id":"https:\/\/www.padreydecano.com\/cms\/#\/schema\/logo\/image\/","url":"https:\/\/www.padreydecano.com\/cms\/wp-content\/uploads\/2022\/01\/avatar-square.png","contentUrl":"https:\/\/www.padreydecano.com\/cms\/wp-content\/uploads\/2022\/01\/avatar-square.png","width":1500,"height":1500,"caption":"Padre y Decano"},"image":{"@id":"https:\/\/www.padreydecano.com\/cms\/#\/schema\/logo\/image\/"}},{"@type":"Person","@id":"https:\/\/www.padreydecano.com\/cms\/#\/schema\/person\/b22191326be6d1c7fa55c2ad137a9a32","name":"Udelar","image":{"@type":"ImageObject","inLanguage":"es","@id":"https:\/\/www.padreydecano.com\/cms\/#\/schema\/person\/image\/","url":"https:\/\/secure.gravatar.com\/avatar\/611ece663b16897a2cd2f46982281225?s=96&d=https%3A%2F%2Fpadreydecano.com%2Fcms%2Fwp-content%2Fthemes%2Fpyd-theme%2Fimg%2Fdefault-avatar.png&r=g","contentUrl":"https:\/\/secure.gravatar.com\/avatar\/611ece663b16897a2cd2f46982281225?s=96&d=https%3A%2F%2Fpadreydecano.com%2Fcms%2Fwp-content%2Fthemes%2Fpyd-theme%2Fimg%2Fdefault-avatar.png&r=g","caption":"Udelar"}}]}},"_links":{"self":[{"href":"https:\/\/www.padreydecano.com\/cms\/wp-json\/wp\/v2\/posts\/80308"}],"collection":[{"href":"https:\/\/www.padreydecano.com\/cms\/wp-json\/wp\/v2\/posts"}],"about":[{"href":"https:\/\/www.padreydecano.com\/cms\/wp-json\/wp\/v2\/types\/post"}],"author":[{"embeddable":true,"href":"https:\/\/www.padreydecano.com\/cms\/wp-json\/wp\/v2\/users\/30"}],"replies":[{"embeddable":true,"href":"https:\/\/www.padreydecano.com\/cms\/wp-json\/wp\/v2\/comments?post=80308"}],"version-history":[{"count":0,"href":"https:\/\/www.padreydecano.com\/cms\/wp-json\/wp\/v2\/posts\/80308\/revisions"}],"wp:featuredmedia":[{"embeddable":true,"href":"https:\/\/www.padreydecano.com\/cms\/wp-json\/wp\/v2\/media\/80293"}],"wp:attachment":[{"href":"https:\/\/www.padreydecano.com\/cms\/wp-json\/wp\/v2\/media?parent=80308"}],"wp:term":[{"taxonomy":"category","embeddable":true,"href":"https:\/\/www.padreydecano.com\/cms\/wp-json\/wp\/v2\/categories?post=80308"},{"taxonomy":"post_tag","embeddable":true,"href":"https:\/\/www.padreydecano.com\/cms\/wp-json\/wp\/v2\/tags?post=80308"}],"curies":[{"name":"wp","href":"https:\/\/api.w.org\/{rel}","templated":true}]}}