{"id":80292,"date":"2023-05-07T20:19:15","date_gmt":"2023-05-07T23:19:15","guid":{"rendered":"https:\/\/www.padreydecano.com\/cms\/?p=80292"},"modified":"2023-05-08T10:11:15","modified_gmt":"2023-05-08T13:11:15","slug":"campeones-del-apertura","status":"publish","type":"post","link":"https:\/\/www.padreydecano.com\/cms\/noticias\/campeones-del-apertura\/","title":{"rendered":"Campeones del Apertura"},"content":{"rendered":"<p><img loading=\"lazy\" decoding=\"async\" class=\"alignnone size-medium wp-image-80293\" src=\"https:\/\/www.padreydecano.com\/cms\/wp-content\/uploads\/2023\/05\/4389E8EE-439A-40DC-861A-EA88CAF21D72-800x532.jpeg\" alt=\"\" width=\"800\" height=\"532\" srcset=\"https:\/\/www.padreydecano.com\/cms\/wp-content\/uploads\/2023\/05\/4389E8EE-439A-40DC-861A-EA88CAF21D72-800x532.jpeg 800w, https:\/\/www.padreydecano.com\/cms\/wp-content\/uploads\/2023\/05\/4389E8EE-439A-40DC-861A-EA88CAF21D72-1280x851.jpeg 1280w, https:\/\/www.padreydecano.com\/cms\/wp-content\/uploads\/2023\/05\/4389E8EE-439A-40DC-861A-EA88CAF21D72-768x511.jpeg 768w, https:\/\/www.padreydecano.com\/cms\/wp-content\/uploads\/2023\/05\/4389E8EE-439A-40DC-861A-EA88CAF21D72-1536x1022.jpeg 1536w, https:\/\/www.padreydecano.com\/cms\/wp-content\/uploads\/2023\/05\/4389E8EE-439A-40DC-861A-EA88CAF21D72-300x200.jpeg 300w, https:\/\/www.padreydecano.com\/cms\/wp-content\/uploads\/2023\/05\/4389E8EE-439A-40DC-861A-EA88CAF21D72-128x85.jpeg 128w, https:\/\/www.padreydecano.com\/cms\/wp-content\/uploads\/2023\/05\/4389E8EE-439A-40DC-861A-EA88CAF21D72-32x21.jpeg 32w, https:\/\/www.padreydecano.com\/cms\/wp-content\/uploads\/2023\/05\/4389E8EE-439A-40DC-861A-EA88CAF21D72.jpeg 2048w\" sizes=\"(max-width: 800px) 100vw, 800px\" \/><\/p>\n<p><strong>Pe\u00f1arol se qued\u00f3 con el Torneo Apertura 2023 sin jugar su partido correspondiente debido a los resultados del resto de los encuentros. El decano se asegur\u00f3 un lugar en la definici\u00f3n del Campeonato Uruguayo.<\/strong><\/p>\n<p>Tras la dolorosa ca\u00edda en Florencio Varela frente a Defensa y Justicia por Copa Sudamericana, el carbonero jugar\u00e1 reci\u00e9n el d\u00eda lunes por la decimocuarta fecha del Torneo Apertura 2023 visitando a Racing en el Estadio Centenario.<\/p>\n<p>Sin embargo, debido a los empates de Cerro Largo frente a Boston River y de Nacional ante Defensor Sporting, Pe\u00f1arol se qued\u00f3 con el primer torneo corto del a\u00f1o sin jugar su partido de la fecha.<\/p>\n<p>El aurinegro ya se asegur\u00f3 un lugar en la definici\u00f3n del Campeonato Uruguayo 2023, de igual manera deber\u00e1 enfocarse en ganar los 2 partidos que quedan del Apertura (frente a Racing en el Centenario y ante Wanderers en el Campe\u00f3n del Siglo) pensando en la Tabla Anual.<\/p>\n<p>Adem\u00e1s, Pe\u00f1arol deber\u00e1 afrontar el Torneo Intermedio con la mentalidad de ganarlo y no descuidar la tabla acumulada durante su disputa.<\/p>\n<p>Se dio el primer paso en el \u00e1mbito local, pero a\u00fan falta.<\/p>\n<div class=\"user-wrapper\"><a class=\"userlink\"href=\"https:\/\/twitter.com\/ftrucce18\" target=\"_blank\"><figure><img decoding=\"async\" src=\"http:\/\/www.padreydecano.com\/cms\/wp-users-files\/postfirmas\/ftrucce.jpg\" \/><\/figure><p class=\"user\"><strong>Franco Trucce<\/strong><br \/>@FTrucce18<\/p><\/a><\/div>\n","protected":false},"excerpt":{"rendered":"<p>Pe\u00f1arol se qued\u00f3 con el Torneo Apertura 2023 sin jugar su partido correspondiente debido a los resultados del resto de los encuentros. El decano se asegur\u00f3 un lugar en la definici\u00f3n del Campeonato Uruguayo. Tras la dolorosa ca\u00edda en Florencio Varela frente a Defensa y Justicia por Copa Sudamericana, el carbonero jugar\u00e1 reci\u00e9n el d\u00eda [&hellip;]<\/p>\n","protected":false},"author":27,"featured_media":80293,"comment_status":"open","ping_status":"closed","sticky":false,"template":"","format":"standard","meta":{"footnotes":""},"categories":[1],"tags":[590],"yoast_head":"<!-- This site is optimized with the Yoast SEO plugin v23.2 - https:\/\/yoast.com\/wordpress\/plugins\/seo\/ -->\n<title>Campeones del Apertura - Padre y Decano - El Sitio del Pueblo<\/title>\n<meta name=\"robots\" content=\"index, follow, max-snippet:-1, max-image-preview:large, max-video-preview:-1\" \/>\n<link rel=\"canonical\" href=\"https:\/\/www.padreydecano.com\/cms\/noticias\/campeones-del-apertura\/\" \/>\n<meta property=\"og:locale\" content=\"es_ES\" \/>\n<meta property=\"og:type\" content=\"article\" \/>\n<meta property=\"og:title\" content=\"Campeones del Apertura - Padre y Decano - El Sitio del Pueblo\" \/>\n<meta property=\"og:description\" content=\"Pe\u00f1arol se qued\u00f3 con el Torneo Apertura 2023 sin jugar su partido correspondiente debido a los resultados del resto de los encuentros. El decano se asegur\u00f3 un lugar en la definici\u00f3n del Campeonato Uruguayo. Tras la dolorosa ca\u00edda en Florencio Varela frente a Defensa y Justicia por Copa Sudamericana, el carbonero jugar\u00e1 reci\u00e9n el d\u00eda [&hellip;]\" \/>\n<meta property=\"og:url\" content=\"https:\/\/www.padreydecano.com\/cms\/noticias\/campeones-del-apertura\/\" \/>\n<meta property=\"og:site_name\" content=\"Padre y Decano - El Sitio del Pueblo\" \/>\n<meta property=\"article:published_time\" content=\"2023-05-07T23:19:15+00:00\" \/>\n<meta property=\"article:modified_time\" content=\"2023-05-08T13:11:15+00:00\" \/>\n<meta property=\"og:image\" content=\"https:\/\/www.padreydecano.com\/cms\/wp-content\/uploads\/2023\/05\/4389E8EE-439A-40DC-861A-EA88CAF21D72.jpeg\" \/>\n\t<meta property=\"og:image:width\" content=\"2048\" \/>\n\t<meta property=\"og:image:height\" content=\"1362\" \/>\n\t<meta property=\"og:image:type\" content=\"image\/jpeg\" \/>\n<meta name=\"author\" content=\"Redactores Padre y Decano\" \/>\n<meta name=\"twitter:card\" content=\"summary_large_image\" \/>\n<meta name=\"twitter:label1\" content=\"Escrito por\" \/>\n\t<meta name=\"twitter:data1\" content=\"Redactores Padre y Decano\" \/>\n\t<meta name=\"twitter:label2\" content=\"Tiempo de lectura\" \/>\n\t<meta name=\"twitter:data2\" content=\"2 minutos\" \/>\n<script type=\"application\/ld+json\" class=\"yoast-schema-graph\">{\"@context\":\"https:\/\/schema.org\",\"@graph\":[{\"@type\":\"Article\",\"@id\":\"https:\/\/www.padreydecano.com\/cms\/noticias\/campeones-del-apertura\/#article\",\"isPartOf\":{\"@id\":\"https:\/\/www.padreydecano.com\/cms\/noticias\/campeones-del-apertura\/\"},\"author\":{\"name\":\"Redactores Padre y Decano\",\"@id\":\"https:\/\/www.padreydecano.com\/cms\/#\/schema\/person\/37aae8f93aa78e4c5385497f056e3246\"},\"headline\":\"Campeones del Apertura\",\"datePublished\":\"2023-05-07T23:19:15+00:00\",\"dateModified\":\"2023-05-08T13:11:15+00:00\",\"mainEntityOfPage\":{\"@id\":\"https:\/\/www.padreydecano.com\/cms\/noticias\/campeones-del-apertura\/\"},\"wordCount\":199,\"commentCount\":11,\"publisher\":{\"@id\":\"https:\/\/www.padreydecano.com\/cms\/#organization\"},\"image\":{\"@id\":\"https:\/\/www.padreydecano.com\/cms\/noticias\/campeones-del-apertura\/#primaryimage\"},\"thumbnailUrl\":\"https:\/\/www.padreydecano.com\/cms\/wp-content\/uploads\/2023\/05\/4389E8EE-439A-40DC-861A-EA88CAF21D72.jpeg\",\"keywords\":[\"Campeonato Uruguayo 2023\"],\"articleSection\":[\"Noticias\"],\"inLanguage\":\"es\",\"potentialAction\":[{\"@type\":\"CommentAction\",\"name\":\"Comment\",\"target\":[\"https:\/\/www.padreydecano.com\/cms\/noticias\/campeones-del-apertura\/#respond\"]}]},{\"@type\":\"WebPage\",\"@id\":\"https:\/\/www.padreydecano.com\/cms\/noticias\/campeones-del-apertura\/\",\"url\":\"https:\/\/www.padreydecano.com\/cms\/noticias\/campeones-del-apertura\/\",\"name\":\"Campeones del Apertura - Padre y Decano - El Sitio del Pueblo\",\"isPartOf\":{\"@id\":\"https:\/\/www.padreydecano.com\/cms\/#website\"},\"primaryImageOfPage\":{\"@id\":\"https:\/\/www.padreydecano.com\/cms\/noticias\/campeones-del-apertura\/#primaryimage\"},\"image\":{\"@id\":\"https:\/\/www.padreydecano.com\/cms\/noticias\/campeones-del-apertura\/#primaryimage\"},\"thumbnailUrl\":\"https:\/\/www.padreydecano.com\/cms\/wp-content\/uploads\/2023\/05\/4389E8EE-439A-40DC-861A-EA88CAF21D72.jpeg\",\"datePublished\":\"2023-05-07T23:19:15+00:00\",\"dateModified\":\"2023-05-08T13:11:15+00:00\",\"breadcrumb\":{\"@id\":\"https:\/\/www.padreydecano.com\/cms\/noticias\/campeones-del-apertura\/#breadcrumb\"},\"inLanguage\":\"es\",\"potentialAction\":[{\"@type\":\"ReadAction\",\"target\":[\"https:\/\/www.padreydecano.com\/cms\/noticias\/campeones-del-apertura\/\"]}]},{\"@type\":\"ImageObject\",\"inLanguage\":\"es\",\"@id\":\"https:\/\/www.padreydecano.com\/cms\/noticias\/campeones-del-apertura\/#primaryimage\",\"url\":\"https:\/\/www.padreydecano.com\/cms\/wp-content\/uploads\/2023\/05\/4389E8EE-439A-40DC-861A-EA88CAF21D72.jpeg\",\"contentUrl\":\"https:\/\/www.padreydecano.com\/cms\/wp-content\/uploads\/2023\/05\/4389E8EE-439A-40DC-861A-EA88CAF21D72.jpeg\",\"width\":2048,\"height\":1362},{\"@type\":\"BreadcrumbList\",\"@id\":\"https:\/\/www.padreydecano.com\/cms\/noticias\/campeones-del-apertura\/#breadcrumb\",\"itemListElement\":[{\"@type\":\"ListItem\",\"position\":1,\"name\":\"Portada\",\"item\":\"https:\/\/www.padreydecano.com\/cms\/\"},{\"@type\":\"ListItem\",\"position\":2,\"name\":\"Campeones del Apertura\"}]},{\"@type\":\"WebSite\",\"@id\":\"https:\/\/www.padreydecano.com\/cms\/#website\",\"url\":\"https:\/\/www.padreydecano.com\/cms\/\",\"name\":\"Padre y Decano - El Sitio del Pueblo\",\"description\":\"Club Atl\u00e9tico Pe\u00f1arol\",\"publisher\":{\"@id\":\"https:\/\/www.padreydecano.com\/cms\/#organization\"},\"potentialAction\":[{\"@type\":\"SearchAction\",\"target\":{\"@type\":\"EntryPoint\",\"urlTemplate\":\"https:\/\/www.padreydecano.com\/cms\/?s={search_term_string}\"},\"query-input\":\"required name=search_term_string\"}],\"inLanguage\":\"es\"},{\"@type\":\"Organization\",\"@id\":\"https:\/\/www.padreydecano.com\/cms\/#organization\",\"name\":\"Padre y Decano\",\"url\":\"https:\/\/www.padreydecano.com\/cms\/\",\"logo\":{\"@type\":\"ImageObject\",\"inLanguage\":\"es\",\"@id\":\"https:\/\/www.padreydecano.com\/cms\/#\/schema\/logo\/image\/\",\"url\":\"https:\/\/www.padreydecano.com\/cms\/wp-content\/uploads\/2022\/01\/avatar-square.png\",\"contentUrl\":\"https:\/\/www.padreydecano.com\/cms\/wp-content\/uploads\/2022\/01\/avatar-square.png\",\"width\":1500,\"height\":1500,\"caption\":\"Padre y Decano\"},\"image\":{\"@id\":\"https:\/\/www.padreydecano.com\/cms\/#\/schema\/logo\/image\/\"}},{\"@type\":\"Person\",\"@id\":\"https:\/\/www.padreydecano.com\/cms\/#\/schema\/person\/37aae8f93aa78e4c5385497f056e3246\",\"name\":\"Redactores Padre y Decano\",\"image\":{\"@type\":\"ImageObject\",\"inLanguage\":\"es\",\"@id\":\"https:\/\/www.padreydecano.com\/cms\/#\/schema\/person\/image\/\",\"url\":\"https:\/\/secure.gravatar.com\/avatar\/8810c4b9081192b118b104af54549af8?s=96&d=https%3A%2F%2Fpadreydecano.com%2Fcms%2Fwp-content%2Fthemes%2Fpyd-theme%2Fimg%2Fdefault-avatar.png&r=g\",\"contentUrl\":\"https:\/\/secure.gravatar.com\/avatar\/8810c4b9081192b118b104af54549af8?s=96&d=https%3A%2F%2Fpadreydecano.com%2Fcms%2Fwp-content%2Fthemes%2Fpyd-theme%2Fimg%2Fdefault-avatar.png&r=g\",\"caption\":\"Redactores Padre y Decano\"},\"sameAs\":[\"http:\/\/www.padreydecano.com\"]}]}<\/script>\n<!-- \/ Yoast SEO plugin. -->","yoast_head_json":{"title":"Campeones del Apertura - Padre y Decano - El Sitio del Pueblo","robots":{"index":"index","follow":"follow","max-snippet":"max-snippet:-1","max-image-preview":"max-image-preview:large","max-video-preview":"max-video-preview:-1"},"canonical":"https:\/\/www.padreydecano.com\/cms\/noticias\/campeones-del-apertura\/","og_locale":"es_ES","og_type":"article","og_title":"Campeones del Apertura - Padre y Decano - El Sitio del Pueblo","og_description":"Pe\u00f1arol se qued\u00f3 con el Torneo Apertura 2023 sin jugar su partido correspondiente debido a los resultados del resto de los encuentros. El decano se asegur\u00f3 un lugar en la definici\u00f3n del Campeonato Uruguayo. Tras la dolorosa ca\u00edda en Florencio Varela frente a Defensa y Justicia por Copa Sudamericana, el carbonero jugar\u00e1 reci\u00e9n el d\u00eda [&hellip;]","og_url":"https:\/\/www.padreydecano.com\/cms\/noticias\/campeones-del-apertura\/","og_site_name":"Padre y Decano - El Sitio del Pueblo","article_published_time":"2023-05-07T23:19:15+00:00","article_modified_time":"2023-05-08T13:11:15+00:00","og_image":[{"width":2048,"height":1362,"url":"https:\/\/www.padreydecano.com\/cms\/wp-content\/uploads\/2023\/05\/4389E8EE-439A-40DC-861A-EA88CAF21D72.jpeg","type":"image\/jpeg"}],"author":"Redactores Padre y Decano","twitter_card":"summary_large_image","twitter_misc":{"Escrito por":"Redactores Padre y Decano","Tiempo de lectura":"2 minutos"},"schema":{"@context":"https:\/\/schema.org","@graph":[{"@type":"Article","@id":"https:\/\/www.padreydecano.com\/cms\/noticias\/campeones-del-apertura\/#article","isPartOf":{"@id":"https:\/\/www.padreydecano.com\/cms\/noticias\/campeones-del-apertura\/"},"author":{"name":"Redactores Padre y Decano","@id":"https:\/\/www.padreydecano.com\/cms\/#\/schema\/person\/37aae8f93aa78e4c5385497f056e3246"},"headline":"Campeones del Apertura","datePublished":"2023-05-07T23:19:15+00:00","dateModified":"2023-05-08T13:11:15+00:00","mainEntityOfPage":{"@id":"https:\/\/www.padreydecano.com\/cms\/noticias\/campeones-del-apertura\/"},"wordCount":199,"commentCount":11,"publisher":{"@id":"https:\/\/www.padreydecano.com\/cms\/#organization"},"image":{"@id":"https:\/\/www.padreydecano.com\/cms\/noticias\/campeones-del-apertura\/#primaryimage"},"thumbnailUrl":"https:\/\/www.padreydecano.com\/cms\/wp-content\/uploads\/2023\/05\/4389E8EE-439A-40DC-861A-EA88CAF21D72.jpeg","keywords":["Campeonato Uruguayo 2023"],"articleSection":["Noticias"],"inLanguage":"es","potentialAction":[{"@type":"CommentAction","name":"Comment","target":["https:\/\/www.padreydecano.com\/cms\/noticias\/campeones-del-apertura\/#respond"]}]},{"@type":"WebPage","@id":"https:\/\/www.padreydecano.com\/cms\/noticias\/campeones-del-apertura\/","url":"https:\/\/www.padreydecano.com\/cms\/noticias\/campeones-del-apertura\/","name":"Campeones del Apertura - Padre y Decano - El Sitio del Pueblo","isPartOf":{"@id":"https:\/\/www.padreydecano.com\/cms\/#website"},"primaryImageOfPage":{"@id":"https:\/\/www.padreydecano.com\/cms\/noticias\/campeones-del-apertura\/#primaryimage"},"image":{"@id":"https:\/\/www.padreydecano.com\/cms\/noticias\/campeones-del-apertura\/#primaryimage"},"thumbnailUrl":"https:\/\/www.padreydecano.com\/cms\/wp-content\/uploads\/2023\/05\/4389E8EE-439A-40DC-861A-EA88CAF21D72.jpeg","datePublished":"2023-05-07T23:19:15+00:00","dateModified":"2023-05-08T13:11:15+00:00","breadcrumb":{"@id":"https:\/\/www.padreydecano.com\/cms\/noticias\/campeones-del-apertura\/#breadcrumb"},"inLanguage":"es","potentialAction":[{"@type":"ReadAction","target":["https:\/\/www.padreydecano.com\/cms\/noticias\/campeones-del-apertura\/"]}]},{"@type":"ImageObject","inLanguage":"es","@id":"https:\/\/www.padreydecano.com\/cms\/noticias\/campeones-del-apertura\/#primaryimage","url":"https:\/\/www.padreydecano.com\/cms\/wp-content\/uploads\/2023\/05\/4389E8EE-439A-40DC-861A-EA88CAF21D72.jpeg","contentUrl":"https:\/\/www.padreydecano.com\/cms\/wp-content\/uploads\/2023\/05\/4389E8EE-439A-40DC-861A-EA88CAF21D72.jpeg","width":2048,"height":1362},{"@type":"BreadcrumbList","@id":"https:\/\/www.padreydecano.com\/cms\/noticias\/campeones-del-apertura\/#breadcrumb","itemListElement":[{"@type":"ListItem","position":1,"name":"Portada","item":"https:\/\/www.padreydecano.com\/cms\/"},{"@type":"ListItem","position":2,"name":"Campeones del Apertura"}]},{"@type":"WebSite","@id":"https:\/\/www.padreydecano.com\/cms\/#website","url":"https:\/\/www.padreydecano.com\/cms\/","name":"Padre y Decano - El Sitio del Pueblo","description":"Club Atl\u00e9tico Pe\u00f1arol","publisher":{"@id":"https:\/\/www.padreydecano.com\/cms\/#organization"},"potentialAction":[{"@type":"SearchAction","target":{"@type":"EntryPoint","urlTemplate":"https:\/\/www.padreydecano.com\/cms\/?s={search_term_string}"},"query-input":"required name=search_term_string"}],"inLanguage":"es"},{"@type":"Organization","@id":"https:\/\/www.padreydecano.com\/cms\/#organization","name":"Padre y Decano","url":"https:\/\/www.padreydecano.com\/cms\/","logo":{"@type":"ImageObject","inLanguage":"es","@id":"https:\/\/www.padreydecano.com\/cms\/#\/schema\/logo\/image\/","url":"https:\/\/www.padreydecano.com\/cms\/wp-content\/uploads\/2022\/01\/avatar-square.png","contentUrl":"https:\/\/www.padreydecano.com\/cms\/wp-content\/uploads\/2022\/01\/avatar-square.png","width":1500,"height":1500,"caption":"Padre y Decano"},"image":{"@id":"https:\/\/www.padreydecano.com\/cms\/#\/schema\/logo\/image\/"}},{"@type":"Person","@id":"https:\/\/www.padreydecano.com\/cms\/#\/schema\/person\/37aae8f93aa78e4c5385497f056e3246","name":"Redactores Padre y Decano","image":{"@type":"ImageObject","inLanguage":"es","@id":"https:\/\/www.padreydecano.com\/cms\/#\/schema\/person\/image\/","url":"https:\/\/secure.gravatar.com\/avatar\/8810c4b9081192b118b104af54549af8?s=96&d=https%3A%2F%2Fpadreydecano.com%2Fcms%2Fwp-content%2Fthemes%2Fpyd-theme%2Fimg%2Fdefault-avatar.png&r=g","contentUrl":"https:\/\/secure.gravatar.com\/avatar\/8810c4b9081192b118b104af54549af8?s=96&d=https%3A%2F%2Fpadreydecano.com%2Fcms%2Fwp-content%2Fthemes%2Fpyd-theme%2Fimg%2Fdefault-avatar.png&r=g","caption":"Redactores Padre y Decano"},"sameAs":["http:\/\/www.padreydecano.com"]}]}},"_links":{"self":[{"href":"https:\/\/www.padreydecano.com\/cms\/wp-json\/wp\/v2\/posts\/80292"}],"collection":[{"href":"https:\/\/www.padreydecano.com\/cms\/wp-json\/wp\/v2\/posts"}],"about":[{"href":"https:\/\/www.padreydecano.com\/cms\/wp-json\/wp\/v2\/types\/post"}],"author":[{"embeddable":true,"href":"https:\/\/www.padreydecano.com\/cms\/wp-json\/wp\/v2\/users\/27"}],"replies":[{"embeddable":true,"href":"https:\/\/www.padreydecano.com\/cms\/wp-json\/wp\/v2\/comments?post=80292"}],"version-history":[{"count":0,"href":"https:\/\/www.padreydecano.com\/cms\/wp-json\/wp\/v2\/posts\/80292\/revisions"}],"wp:featuredmedia":[{"embeddable":true,"href":"https:\/\/www.padreydecano.com\/cms\/wp-json\/wp\/v2\/media\/80293"}],"wp:attachment":[{"href":"https:\/\/www.padreydecano.com\/cms\/wp-json\/wp\/v2\/media?parent=80292"}],"wp:term":[{"taxonomy":"category","embeddable":true,"href":"https:\/\/www.padreydecano.com\/cms\/wp-json\/wp\/v2\/categories?post=80292"},{"taxonomy":"post_tag","embeddable":true,"href":"https:\/\/www.padreydecano.com\/cms\/wp-json\/wp\/v2\/tags?post=80292"}],"curies":[{"name":"wp","href":"https:\/\/api.w.org\/{rel}","templated":true}]}}