{"id":80263,"date":"2023-04-25T11:09:07","date_gmt":"2023-04-25T14:09:07","guid":{"rendered":"https:\/\/www.padreydecano.com\/cms\/?p=80263"},"modified":"2023-04-28T11:56:04","modified_gmt":"2023-04-28T14:56:04","slug":"nada-nuevo","status":"publish","type":"post","link":"https:\/\/www.padreydecano.com\/cms\/noticias\/nada-nuevo\/","title":{"rendered":"Nada nuevo"},"content":{"rendered":"<p><img loading=\"lazy\" decoding=\"async\" class=\"alignnone size-medium wp-image-80264\" src=\"https:\/\/www.padreydecano.com\/cms\/wp-content\/uploads\/2023\/04\/EECE0165-B5E2-45B0-9917-F3133976F25F-800x419.jpeg\" alt=\"\" width=\"800\" height=\"419\" srcset=\"https:\/\/www.padreydecano.com\/cms\/wp-content\/uploads\/2023\/04\/EECE0165-B5E2-45B0-9917-F3133976F25F-800x419.jpeg 800w, https:\/\/www.padreydecano.com\/cms\/wp-content\/uploads\/2023\/04\/EECE0165-B5E2-45B0-9917-F3133976F25F-768x402.jpeg 768w, https:\/\/www.padreydecano.com\/cms\/wp-content\/uploads\/2023\/04\/EECE0165-B5E2-45B0-9917-F3133976F25F-300x157.jpeg 300w, https:\/\/www.padreydecano.com\/cms\/wp-content\/uploads\/2023\/04\/EECE0165-B5E2-45B0-9917-F3133976F25F-128x67.jpeg 128w, https:\/\/www.padreydecano.com\/cms\/wp-content\/uploads\/2023\/04\/EECE0165-B5E2-45B0-9917-F3133976F25F-32x17.jpeg 32w, https:\/\/www.padreydecano.com\/cms\/wp-content\/uploads\/2023\/04\/EECE0165-B5E2-45B0-9917-F3133976F25F.jpeg 909w\" sizes=\"(max-width: 800px) 100vw, 800px\" \/><\/p>\n<p><strong>Se termin\u00f3 de disputar la fecha n\u00famero 12 del Apertura 2023 y se volvieron a presenciar errores humanos en partidos definitorios del torneo.<\/strong><\/p>\n<p>El Torneo Apertura 2023 est\u00e1 llegando a su final, Pe\u00f1arol lidera el mismo con 27 puntos, 5 m\u00e1s que sus escoltas actuales Cerro Largo y Nacional.<\/p>\n<p>Justamente este \u00faltimo escolta, logr\u00f3 ganar un pol\u00e9mico encuentro sobre el final ante Wanderers, otro equipo que si lograba la victoria se met\u00eda como perseguidor del carbonero.<\/p>\n<p>En el cierre del partido entre el bohemio y el albo, se da un tiro libre al borde del \u00e1rea local. La jugada finaliz\u00f3 en gol de Nacional por intermedio de Polenta, quien en las im\u00e1genes se encuentra inhabilitado. Sin embargo, tras revisarse en las c\u00e1maras con planos sumamente dudosos, se le convalid\u00f3 el gol en el cierre del partido.<\/p>\n<p><img loading=\"lazy\" decoding=\"async\" class=\"alignnone size-full wp-image-80265\" src=\"https:\/\/www.padreydecano.com\/cms\/wp-content\/uploads\/2023\/04\/25E6A2C5-F15F-4CD8-A4D3-C4B1BB4D54FA.png\" alt=\"\" width=\"780\" height=\"502\" srcset=\"https:\/\/www.padreydecano.com\/cms\/wp-content\/uploads\/2023\/04\/25E6A2C5-F15F-4CD8-A4D3-C4B1BB4D54FA.png 780w, https:\/\/www.padreydecano.com\/cms\/wp-content\/uploads\/2023\/04\/25E6A2C5-F15F-4CD8-A4D3-C4B1BB4D54FA-768x494.png 768w, https:\/\/www.padreydecano.com\/cms\/wp-content\/uploads\/2023\/04\/25E6A2C5-F15F-4CD8-A4D3-C4B1BB4D54FA-300x193.png 300w, https:\/\/www.padreydecano.com\/cms\/wp-content\/uploads\/2023\/04\/25E6A2C5-F15F-4CD8-A4D3-C4B1BB4D54FA-128x82.png 128w, https:\/\/www.padreydecano.com\/cms\/wp-content\/uploads\/2023\/04\/25E6A2C5-F15F-4CD8-A4D3-C4B1BB4D54FA-32x21.png 32w\" sizes=\"(max-width: 780px) 100vw, 780px\" \/><\/p>\n<p>As\u00ed se suma un escolta y cosecha m\u00e1s unidades un rival directo en la Tabla Anual con errores arbitrales, algo que parece beneficiarlo al mismo club en los \u00faltimos a\u00f1os.<\/p>\n<p>Por su parte y en la misma fecha que se da este error, se le sancion\u00f3 a Pe\u00f1arol un penal inexistente que llev\u00f3 al empate coloniense. El decano logr\u00f3 ganar el encuentro en la hora con un golazo de Abel Hern\u00e1ndez, un gol que hoy en d\u00eda tiene un valor adicional por c\u00f3mo\u00a0se vive el campeonato que se disputa en una cancha que no es de c\u00e9sped.<\/p>\n<p>El aurinegro tiene el torneo encaminado, con 9 puntos por jugar con 5 unidades de ventaja, pero tambi\u00e9n es verdad que enfrenta a m\u00e1s que a sus rivales de turno. Otro a\u00f1o que es\u00a0Pe\u00f1arol contra todos.<\/p>\n<div class=\"user-wrapper\"><a class=\"userlink\"href=\"https:\/\/twitter.com\/ftrucce18\" target=\"_blank\"><figure><img decoding=\"async\" src=\"http:\/\/www.padreydecano.com\/cms\/wp-users-files\/postfirmas\/ftrucce.jpg\" \/><\/figure><p class=\"user\"><strong>Franco Trucce<\/strong><br \/>@FTrucce18<\/p><\/a><\/div>\n","protected":false},"excerpt":{"rendered":"<p>Se termin\u00f3 de disputar la fecha n\u00famero 12 del Apertura 2023 y se volvieron a presenciar errores humanos en partidos definitorios del torneo. El Torneo Apertura 2023 est\u00e1 llegando a su final, Pe\u00f1arol lidera el mismo con 27 puntos, 5 m\u00e1s que sus escoltas actuales Cerro Largo y Nacional. Justamente este \u00faltimo escolta, logr\u00f3 ganar [&hellip;]<\/p>\n","protected":false},"author":27,"featured_media":80264,"comment_status":"open","ping_status":"closed","sticky":false,"template":"","format":"standard","meta":{"footnotes":""},"categories":[1],"tags":[590],"yoast_head":"<!-- This site is optimized with the Yoast SEO plugin v23.2 - https:\/\/yoast.com\/wordpress\/plugins\/seo\/ -->\n<title>Nada nuevo - Padre y Decano - El Sitio del Pueblo<\/title>\n<meta name=\"robots\" content=\"index, follow, max-snippet:-1, max-image-preview:large, max-video-preview:-1\" \/>\n<link rel=\"canonical\" href=\"https:\/\/www.padreydecano.com\/cms\/noticias\/nada-nuevo\/\" \/>\n<meta property=\"og:locale\" content=\"es_ES\" \/>\n<meta property=\"og:type\" content=\"article\" \/>\n<meta property=\"og:title\" content=\"Nada nuevo - Padre y Decano - El Sitio del Pueblo\" \/>\n<meta property=\"og:description\" content=\"Se termin\u00f3 de disputar la fecha n\u00famero 12 del Apertura 2023 y se volvieron a presenciar errores humanos en partidos definitorios del torneo. El Torneo Apertura 2023 est\u00e1 llegando a su final, Pe\u00f1arol lidera el mismo con 27 puntos, 5 m\u00e1s que sus escoltas actuales Cerro Largo y Nacional. Justamente este \u00faltimo escolta, logr\u00f3 ganar [&hellip;]\" \/>\n<meta property=\"og:url\" content=\"https:\/\/www.padreydecano.com\/cms\/noticias\/nada-nuevo\/\" \/>\n<meta property=\"og:site_name\" content=\"Padre y Decano - El Sitio del Pueblo\" \/>\n<meta property=\"article:published_time\" content=\"2023-04-25T14:09:07+00:00\" \/>\n<meta property=\"article:modified_time\" content=\"2023-04-28T14:56:04+00:00\" \/>\n<meta property=\"og:image\" content=\"https:\/\/www.padreydecano.com\/cms\/wp-content\/uploads\/2023\/04\/EECE0165-B5E2-45B0-9917-F3133976F25F.jpeg\" \/>\n\t<meta property=\"og:image:width\" content=\"909\" \/>\n\t<meta property=\"og:image:height\" content=\"476\" \/>\n\t<meta property=\"og:image:type\" content=\"image\/jpeg\" \/>\n<meta name=\"author\" content=\"Redactores Padre y Decano\" \/>\n<meta name=\"twitter:card\" content=\"summary_large_image\" \/>\n<meta name=\"twitter:label1\" content=\"Escrito por\" \/>\n\t<meta name=\"twitter:data1\" content=\"Redactores Padre y Decano\" \/>\n\t<meta name=\"twitter:label2\" content=\"Tiempo de lectura\" \/>\n\t<meta name=\"twitter:data2\" content=\"1 minuto\" \/>\n<script type=\"application\/ld+json\" class=\"yoast-schema-graph\">{\"@context\":\"https:\/\/schema.org\",\"@graph\":[{\"@type\":\"Article\",\"@id\":\"https:\/\/www.padreydecano.com\/cms\/noticias\/nada-nuevo\/#article\",\"isPartOf\":{\"@id\":\"https:\/\/www.padreydecano.com\/cms\/noticias\/nada-nuevo\/\"},\"author\":{\"name\":\"Redactores Padre y Decano\",\"@id\":\"https:\/\/www.padreydecano.com\/cms\/#\/schema\/person\/37aae8f93aa78e4c5385497f056e3246\"},\"headline\":\"Nada nuevo\",\"datePublished\":\"2023-04-25T14:09:07+00:00\",\"dateModified\":\"2023-04-28T14:56:04+00:00\",\"mainEntityOfPage\":{\"@id\":\"https:\/\/www.padreydecano.com\/cms\/noticias\/nada-nuevo\/\"},\"wordCount\":285,\"commentCount\":19,\"publisher\":{\"@id\":\"https:\/\/www.padreydecano.com\/cms\/#organization\"},\"image\":{\"@id\":\"https:\/\/www.padreydecano.com\/cms\/noticias\/nada-nuevo\/#primaryimage\"},\"thumbnailUrl\":\"https:\/\/www.padreydecano.com\/cms\/wp-content\/uploads\/2023\/04\/EECE0165-B5E2-45B0-9917-F3133976F25F.jpeg\",\"keywords\":[\"Campeonato Uruguayo 2023\"],\"articleSection\":[\"Noticias\"],\"inLanguage\":\"es\",\"potentialAction\":[{\"@type\":\"CommentAction\",\"name\":\"Comment\",\"target\":[\"https:\/\/www.padreydecano.com\/cms\/noticias\/nada-nuevo\/#respond\"]}]},{\"@type\":\"WebPage\",\"@id\":\"https:\/\/www.padreydecano.com\/cms\/noticias\/nada-nuevo\/\",\"url\":\"https:\/\/www.padreydecano.com\/cms\/noticias\/nada-nuevo\/\",\"name\":\"Nada nuevo - Padre y Decano - El Sitio del Pueblo\",\"isPartOf\":{\"@id\":\"https:\/\/www.padreydecano.com\/cms\/#website\"},\"primaryImageOfPage\":{\"@id\":\"https:\/\/www.padreydecano.com\/cms\/noticias\/nada-nuevo\/#primaryimage\"},\"image\":{\"@id\":\"https:\/\/www.padreydecano.com\/cms\/noticias\/nada-nuevo\/#primaryimage\"},\"thumbnailUrl\":\"https:\/\/www.padreydecano.com\/cms\/wp-content\/uploads\/2023\/04\/EECE0165-B5E2-45B0-9917-F3133976F25F.jpeg\",\"datePublished\":\"2023-04-25T14:09:07+00:00\",\"dateModified\":\"2023-04-28T14:56:04+00:00\",\"breadcrumb\":{\"@id\":\"https:\/\/www.padreydecano.com\/cms\/noticias\/nada-nuevo\/#breadcrumb\"},\"inLanguage\":\"es\",\"potentialAction\":[{\"@type\":\"ReadAction\",\"target\":[\"https:\/\/www.padreydecano.com\/cms\/noticias\/nada-nuevo\/\"]}]},{\"@type\":\"ImageObject\",\"inLanguage\":\"es\",\"@id\":\"https:\/\/www.padreydecano.com\/cms\/noticias\/nada-nuevo\/#primaryimage\",\"url\":\"https:\/\/www.padreydecano.com\/cms\/wp-content\/uploads\/2023\/04\/EECE0165-B5E2-45B0-9917-F3133976F25F.jpeg\",\"contentUrl\":\"https:\/\/www.padreydecano.com\/cms\/wp-content\/uploads\/2023\/04\/EECE0165-B5E2-45B0-9917-F3133976F25F.jpeg\",\"width\":909,\"height\":476},{\"@type\":\"BreadcrumbList\",\"@id\":\"https:\/\/www.padreydecano.com\/cms\/noticias\/nada-nuevo\/#breadcrumb\",\"itemListElement\":[{\"@type\":\"ListItem\",\"position\":1,\"name\":\"Portada\",\"item\":\"https:\/\/www.padreydecano.com\/cms\/\"},{\"@type\":\"ListItem\",\"position\":2,\"name\":\"Nada nuevo\"}]},{\"@type\":\"WebSite\",\"@id\":\"https:\/\/www.padreydecano.com\/cms\/#website\",\"url\":\"https:\/\/www.padreydecano.com\/cms\/\",\"name\":\"Padre y Decano - El Sitio del Pueblo\",\"description\":\"Club Atl\u00e9tico Pe\u00f1arol\",\"publisher\":{\"@id\":\"https:\/\/www.padreydecano.com\/cms\/#organization\"},\"potentialAction\":[{\"@type\":\"SearchAction\",\"target\":{\"@type\":\"EntryPoint\",\"urlTemplate\":\"https:\/\/www.padreydecano.com\/cms\/?s={search_term_string}\"},\"query-input\":\"required name=search_term_string\"}],\"inLanguage\":\"es\"},{\"@type\":\"Organization\",\"@id\":\"https:\/\/www.padreydecano.com\/cms\/#organization\",\"name\":\"Padre y Decano\",\"url\":\"https:\/\/www.padreydecano.com\/cms\/\",\"logo\":{\"@type\":\"ImageObject\",\"inLanguage\":\"es\",\"@id\":\"https:\/\/www.padreydecano.com\/cms\/#\/schema\/logo\/image\/\",\"url\":\"https:\/\/www.padreydecano.com\/cms\/wp-content\/uploads\/2022\/01\/avatar-square.png\",\"contentUrl\":\"https:\/\/www.padreydecano.com\/cms\/wp-content\/uploads\/2022\/01\/avatar-square.png\",\"width\":1500,\"height\":1500,\"caption\":\"Padre y Decano\"},\"image\":{\"@id\":\"https:\/\/www.padreydecano.com\/cms\/#\/schema\/logo\/image\/\"}},{\"@type\":\"Person\",\"@id\":\"https:\/\/www.padreydecano.com\/cms\/#\/schema\/person\/37aae8f93aa78e4c5385497f056e3246\",\"name\":\"Redactores Padre y Decano\",\"image\":{\"@type\":\"ImageObject\",\"inLanguage\":\"es\",\"@id\":\"https:\/\/www.padreydecano.com\/cms\/#\/schema\/person\/image\/\",\"url\":\"https:\/\/secure.gravatar.com\/avatar\/8810c4b9081192b118b104af54549af8?s=96&d=https%3A%2F%2Fpadreydecano.com%2Fcms%2Fwp-content%2Fthemes%2Fpyd-theme%2Fimg%2Fdefault-avatar.png&r=g\",\"contentUrl\":\"https:\/\/secure.gravatar.com\/avatar\/8810c4b9081192b118b104af54549af8?s=96&d=https%3A%2F%2Fpadreydecano.com%2Fcms%2Fwp-content%2Fthemes%2Fpyd-theme%2Fimg%2Fdefault-avatar.png&r=g\",\"caption\":\"Redactores Padre y Decano\"},\"sameAs\":[\"http:\/\/www.padreydecano.com\"]}]}<\/script>\n<!-- \/ Yoast SEO plugin. -->","yoast_head_json":{"title":"Nada nuevo - Padre y Decano - El Sitio del Pueblo","robots":{"index":"index","follow":"follow","max-snippet":"max-snippet:-1","max-image-preview":"max-image-preview:large","max-video-preview":"max-video-preview:-1"},"canonical":"https:\/\/www.padreydecano.com\/cms\/noticias\/nada-nuevo\/","og_locale":"es_ES","og_type":"article","og_title":"Nada nuevo - Padre y Decano - El Sitio del Pueblo","og_description":"Se termin\u00f3 de disputar la fecha n\u00famero 12 del Apertura 2023 y se volvieron a presenciar errores humanos en partidos definitorios del torneo. El Torneo Apertura 2023 est\u00e1 llegando a su final, Pe\u00f1arol lidera el mismo con 27 puntos, 5 m\u00e1s que sus escoltas actuales Cerro Largo y Nacional. Justamente este \u00faltimo escolta, logr\u00f3 ganar [&hellip;]","og_url":"https:\/\/www.padreydecano.com\/cms\/noticias\/nada-nuevo\/","og_site_name":"Padre y Decano - El Sitio del Pueblo","article_published_time":"2023-04-25T14:09:07+00:00","article_modified_time":"2023-04-28T14:56:04+00:00","og_image":[{"width":909,"height":476,"url":"https:\/\/www.padreydecano.com\/cms\/wp-content\/uploads\/2023\/04\/EECE0165-B5E2-45B0-9917-F3133976F25F.jpeg","type":"image\/jpeg"}],"author":"Redactores Padre y Decano","twitter_card":"summary_large_image","twitter_misc":{"Escrito por":"Redactores Padre y Decano","Tiempo de lectura":"1 minuto"},"schema":{"@context":"https:\/\/schema.org","@graph":[{"@type":"Article","@id":"https:\/\/www.padreydecano.com\/cms\/noticias\/nada-nuevo\/#article","isPartOf":{"@id":"https:\/\/www.padreydecano.com\/cms\/noticias\/nada-nuevo\/"},"author":{"name":"Redactores Padre y Decano","@id":"https:\/\/www.padreydecano.com\/cms\/#\/schema\/person\/37aae8f93aa78e4c5385497f056e3246"},"headline":"Nada nuevo","datePublished":"2023-04-25T14:09:07+00:00","dateModified":"2023-04-28T14:56:04+00:00","mainEntityOfPage":{"@id":"https:\/\/www.padreydecano.com\/cms\/noticias\/nada-nuevo\/"},"wordCount":285,"commentCount":19,"publisher":{"@id":"https:\/\/www.padreydecano.com\/cms\/#organization"},"image":{"@id":"https:\/\/www.padreydecano.com\/cms\/noticias\/nada-nuevo\/#primaryimage"},"thumbnailUrl":"https:\/\/www.padreydecano.com\/cms\/wp-content\/uploads\/2023\/04\/EECE0165-B5E2-45B0-9917-F3133976F25F.jpeg","keywords":["Campeonato Uruguayo 2023"],"articleSection":["Noticias"],"inLanguage":"es","potentialAction":[{"@type":"CommentAction","name":"Comment","target":["https:\/\/www.padreydecano.com\/cms\/noticias\/nada-nuevo\/#respond"]}]},{"@type":"WebPage","@id":"https:\/\/www.padreydecano.com\/cms\/noticias\/nada-nuevo\/","url":"https:\/\/www.padreydecano.com\/cms\/noticias\/nada-nuevo\/","name":"Nada nuevo - Padre y Decano - El Sitio del Pueblo","isPartOf":{"@id":"https:\/\/www.padreydecano.com\/cms\/#website"},"primaryImageOfPage":{"@id":"https:\/\/www.padreydecano.com\/cms\/noticias\/nada-nuevo\/#primaryimage"},"image":{"@id":"https:\/\/www.padreydecano.com\/cms\/noticias\/nada-nuevo\/#primaryimage"},"thumbnailUrl":"https:\/\/www.padreydecano.com\/cms\/wp-content\/uploads\/2023\/04\/EECE0165-B5E2-45B0-9917-F3133976F25F.jpeg","datePublished":"2023-04-25T14:09:07+00:00","dateModified":"2023-04-28T14:56:04+00:00","breadcrumb":{"@id":"https:\/\/www.padreydecano.com\/cms\/noticias\/nada-nuevo\/#breadcrumb"},"inLanguage":"es","potentialAction":[{"@type":"ReadAction","target":["https:\/\/www.padreydecano.com\/cms\/noticias\/nada-nuevo\/"]}]},{"@type":"ImageObject","inLanguage":"es","@id":"https:\/\/www.padreydecano.com\/cms\/noticias\/nada-nuevo\/#primaryimage","url":"https:\/\/www.padreydecano.com\/cms\/wp-content\/uploads\/2023\/04\/EECE0165-B5E2-45B0-9917-F3133976F25F.jpeg","contentUrl":"https:\/\/www.padreydecano.com\/cms\/wp-content\/uploads\/2023\/04\/EECE0165-B5E2-45B0-9917-F3133976F25F.jpeg","width":909,"height":476},{"@type":"BreadcrumbList","@id":"https:\/\/www.padreydecano.com\/cms\/noticias\/nada-nuevo\/#breadcrumb","itemListElement":[{"@type":"ListItem","position":1,"name":"Portada","item":"https:\/\/www.padreydecano.com\/cms\/"},{"@type":"ListItem","position":2,"name":"Nada nuevo"}]},{"@type":"WebSite","@id":"https:\/\/www.padreydecano.com\/cms\/#website","url":"https:\/\/www.padreydecano.com\/cms\/","name":"Padre y Decano - El Sitio del Pueblo","description":"Club Atl\u00e9tico Pe\u00f1arol","publisher":{"@id":"https:\/\/www.padreydecano.com\/cms\/#organization"},"potentialAction":[{"@type":"SearchAction","target":{"@type":"EntryPoint","urlTemplate":"https:\/\/www.padreydecano.com\/cms\/?s={search_term_string}"},"query-input":"required name=search_term_string"}],"inLanguage":"es"},{"@type":"Organization","@id":"https:\/\/www.padreydecano.com\/cms\/#organization","name":"Padre y Decano","url":"https:\/\/www.padreydecano.com\/cms\/","logo":{"@type":"ImageObject","inLanguage":"es","@id":"https:\/\/www.padreydecano.com\/cms\/#\/schema\/logo\/image\/","url":"https:\/\/www.padreydecano.com\/cms\/wp-content\/uploads\/2022\/01\/avatar-square.png","contentUrl":"https:\/\/www.padreydecano.com\/cms\/wp-content\/uploads\/2022\/01\/avatar-square.png","width":1500,"height":1500,"caption":"Padre y Decano"},"image":{"@id":"https:\/\/www.padreydecano.com\/cms\/#\/schema\/logo\/image\/"}},{"@type":"Person","@id":"https:\/\/www.padreydecano.com\/cms\/#\/schema\/person\/37aae8f93aa78e4c5385497f056e3246","name":"Redactores Padre y Decano","image":{"@type":"ImageObject","inLanguage":"es","@id":"https:\/\/www.padreydecano.com\/cms\/#\/schema\/person\/image\/","url":"https:\/\/secure.gravatar.com\/avatar\/8810c4b9081192b118b104af54549af8?s=96&d=https%3A%2F%2Fpadreydecano.com%2Fcms%2Fwp-content%2Fthemes%2Fpyd-theme%2Fimg%2Fdefault-avatar.png&r=g","contentUrl":"https:\/\/secure.gravatar.com\/avatar\/8810c4b9081192b118b104af54549af8?s=96&d=https%3A%2F%2Fpadreydecano.com%2Fcms%2Fwp-content%2Fthemes%2Fpyd-theme%2Fimg%2Fdefault-avatar.png&r=g","caption":"Redactores Padre y Decano"},"sameAs":["http:\/\/www.padreydecano.com"]}]}},"_links":{"self":[{"href":"https:\/\/www.padreydecano.com\/cms\/wp-json\/wp\/v2\/posts\/80263"}],"collection":[{"href":"https:\/\/www.padreydecano.com\/cms\/wp-json\/wp\/v2\/posts"}],"about":[{"href":"https:\/\/www.padreydecano.com\/cms\/wp-json\/wp\/v2\/types\/post"}],"author":[{"embeddable":true,"href":"https:\/\/www.padreydecano.com\/cms\/wp-json\/wp\/v2\/users\/27"}],"replies":[{"embeddable":true,"href":"https:\/\/www.padreydecano.com\/cms\/wp-json\/wp\/v2\/comments?post=80263"}],"version-history":[{"count":0,"href":"https:\/\/www.padreydecano.com\/cms\/wp-json\/wp\/v2\/posts\/80263\/revisions"}],"wp:featuredmedia":[{"embeddable":true,"href":"https:\/\/www.padreydecano.com\/cms\/wp-json\/wp\/v2\/media\/80264"}],"wp:attachment":[{"href":"https:\/\/www.padreydecano.com\/cms\/wp-json\/wp\/v2\/media?parent=80263"}],"wp:term":[{"taxonomy":"category","embeddable":true,"href":"https:\/\/www.padreydecano.com\/cms\/wp-json\/wp\/v2\/categories?post=80263"},{"taxonomy":"post_tag","embeddable":true,"href":"https:\/\/www.padreydecano.com\/cms\/wp-json\/wp\/v2\/tags?post=80263"}],"curies":[{"name":"wp","href":"https:\/\/api.w.org\/{rel}","templated":true}]}}