{"id":80244,"date":"2023-04-21T14:49:17","date_gmt":"2023-04-21T17:49:17","guid":{"rendered":"https:\/\/www.padreydecano.com\/cms\/?p=80244"},"modified":"2023-04-25T11:46:06","modified_gmt":"2023-04-25T14:46:06","slug":"se-complico","status":"publish","type":"post","link":"https:\/\/www.padreydecano.com\/cms\/partidos\/se-complico\/","title":{"rendered":"Se complic\u00f3"},"content":{"rendered":"<p><img loading=\"lazy\" decoding=\"async\" class=\"alignnone size-medium wp-image-80245\" src=\"https:\/\/www.padreydecano.com\/cms\/wp-content\/uploads\/2023\/04\/1FE9F850-86ED-435F-91CB-94D8A1B84E98-800x532.jpeg\" alt=\"\" width=\"800\" height=\"532\" srcset=\"https:\/\/www.padreydecano.com\/cms\/wp-content\/uploads\/2023\/04\/1FE9F850-86ED-435F-91CB-94D8A1B84E98-800x532.jpeg 800w, https:\/\/www.padreydecano.com\/cms\/wp-content\/uploads\/2023\/04\/1FE9F850-86ED-435F-91CB-94D8A1B84E98-1280x851.jpeg 1280w, https:\/\/www.padreydecano.com\/cms\/wp-content\/uploads\/2023\/04\/1FE9F850-86ED-435F-91CB-94D8A1B84E98-768x511.jpeg 768w, https:\/\/www.padreydecano.com\/cms\/wp-content\/uploads\/2023\/04\/1FE9F850-86ED-435F-91CB-94D8A1B84E98-1536x1022.jpeg 1536w, https:\/\/www.padreydecano.com\/cms\/wp-content\/uploads\/2023\/04\/1FE9F850-86ED-435F-91CB-94D8A1B84E98-300x200.jpeg 300w, https:\/\/www.padreydecano.com\/cms\/wp-content\/uploads\/2023\/04\/1FE9F850-86ED-435F-91CB-94D8A1B84E98-128x85.jpeg 128w, https:\/\/www.padreydecano.com\/cms\/wp-content\/uploads\/2023\/04\/1FE9F850-86ED-435F-91CB-94D8A1B84E98-32x21.jpeg 32w, https:\/\/www.padreydecano.com\/cms\/wp-content\/uploads\/2023\/04\/1FE9F850-86ED-435F-91CB-94D8A1B84E98.jpeg 2048w\" sizes=\"(max-width: 800px) 100vw, 800px\" \/><\/p>\n<p><strong>Pe\u00f1arol cay\u00f3 derrotado 2 a 0 de local frente a Millonarios e hipotec\u00f3 sus posibilidades de avanzar a la siguiente fase de la Copa Sudamericana. Al decano le tocar\u00e1 visitar Florencio Varela y Bogota.<\/strong><\/p>\n<p>El carbonero disputaba su primer partido como local en el Estadio Campe\u00f3n del Siglo en la Copa Sudamericana 2023. Los dirigidos por Alfredo Arias ven\u00edan de perder en su visita a Brasil 4 a 1 ante Am\u00e9rica Mineiro, por lo que no solo exist\u00eda la obligaci\u00f3n de ganar, sino que de recortar la diferencia de goles.<\/p>\n<p>Sebasti\u00e1n Crist\u00f3foro no logr\u00f3 recuperarse del golpe sufrido ante Danubio y se ausent\u00f3 en el duelo internacional. Tampoco estuvo disponible Leonardo Coelho debido a una sobrecarga. Nicol\u00e1s Rossi, de gran partido el pasado fin de semana, comenz\u00f3 en el banco de suplentes debido a una molestia en el tobillo.<\/p>\n<p>El equipo fue con: Thiago Cardozo, Pedro Milans, Hern\u00e1n Menosse, Yonatthan Rak, Lucas Hern\u00e1ndez (81\u2019 Juan Manuel Ramos), Sebasti\u00e1n Rodr\u00edguez (81\u2019 Diego Rolan), Dami\u00e1n Garc\u00eda (78\u2019 Rodrigo Saravia), Santiago Homenchenko (57\u2019 Carlos S\u00e1nchez), Kevin M\u00e9ndez (57 Nicol\u00e1s Rossi); Mat\u00edas Arezo y Abel Hern\u00e1ndez.<\/p>\n<p><strong>Banco:<\/strong> Jhonatan Lima, Nahuel Herrera, Valent\u00edn Rodr\u00edguez, Mat\u00edas Aguirregaray, M\u00e1ximo Alonso, Brian Mansilla y \u00d3scar Cruz.<\/p>\n<p><span style=\"color: #ffcc00;\"><strong>Primer tiempo<\/strong><\/span><\/p>\n<p>Pe\u00f1arol tuvo una buena primera parte e incluso hizo m\u00e9ritos para abrir el marcador. A los 5 minutos de juego tras una jugada individual de M\u00e9ndez, Abel dej\u00f3 pasar la pelota para Arezo que defini\u00f3 de primera y el intento pas\u00f3 cerca del arco.<\/p>\n<p>El carbonero se adue\u00f1\u00f3 de la pelota en el inicio del partido. Por su parte, Millonarios esperaba en su campo y utilizaba el contragolpe como arma. Llegando a los 20\u2019 Castro qued\u00f3 con la pelota en el punto penal pero su disparo no fue bueno y el partido sigui\u00f3 0 a 0. Fue la primera clara de la visita.<\/p>\n<p>De a poco se empez\u00f3 a parar el partido, Pe\u00f1arol perdi\u00f3 profundidad y le cost\u00f3 generar peligro en el \u00e1rea. Homenchenko prob\u00f3 de zurda en el final pero la pelota le qued\u00f3 a Arezo que defini\u00f3 muy suave y el partido se fue al descanso.<\/p>\n<p><span style=\"color: #ffcc00;\"><strong>Segundo tiempo<\/strong><\/span><\/p>\n<p>Ambos equipos salieron a disputar el complemento con los mismos equipos. En la segunda parte se vi\u00f3 el mejor juego de la visita y se lograron llevar el partido.<\/p>\n<p>A los 53 minutos y tras un error de Homenchenko en la marca, apareci\u00f3 Perlaza qui\u00e9n abri\u00f3 el marcador contra el arco de la Guelfi.<\/p>\n<p>R\u00e1pidamente Arias mand\u00f3 a la cancha al Pato S\u00e1nchez en lugar de Homenchenko y a Nicol\u00e1s Rossi por M\u00e9ndez.<\/p>\n<p>Pocos minutos despu\u00e9s y luego de una Pared, Cort\u00e9s convirti\u00f3 el segundo gol del equipo colombiano aumentando la ventaja. A los 65 minutos parec\u00eda que ya el partido estaba terminado.<\/p>\n<p>En la siguiente jugada, S\u00e1nchez intent\u00f3 de afuera del \u00e1rea, pasando apenas por afuera del arco.<\/p>\n<p>Con el correr de los minutos, ambos equipos tuvieron chances de gol, Rak se encontr\u00f3 la pelota en el \u00e1rea y prob\u00f3 de pierna derecha, quedando en las manos del meta rival. Cort\u00e9s gan\u00f3 en velocidad y casi convierte el tercero ante una buena atajada de Cardozo.<\/p>\n<p>Sobre el cierre del partido, Abel err\u00f3 un mano a mano que parec\u00eda una buena oportunidad de convertir, posteriormente realiz\u00f3 quejas de su estado f\u00edsico en esa jugada.<\/p>\n<p>Lo cierto es que Pe\u00f1arol volvi\u00f3 a perder y qued\u00f3 al borde de la eliminaci\u00f3n internacional de forma muy temprana. El carbonero actualmente cuenta con 0 puntos y un saldo de goles -5. Los siguientes encuentros del decano ser\u00e1n en el exterior, en las visitas a Defensa y Justicia en Argentina y a Millonarios en Colombia.<\/p>\n<div class=\"user-wrapper\"><a class=\"userlink\"href=\"https:\/\/twitter.com\/ftrucce18\" target=\"_blank\"><figure><img decoding=\"async\" src=\"http:\/\/www.padreydecano.com\/cms\/wp-users-files\/postfirmas\/ftrucce.jpg\" \/><\/figure><p class=\"user\"><strong>Franco Trucce<\/strong><br \/>@FTrucce18<\/p><\/a><\/div>\n","protected":false},"excerpt":{"rendered":"<p>Pe\u00f1arol cay\u00f3 derrotado 2 a 0 de local frente a Millonarios e hipotec\u00f3 sus posibilidades de avanzar a la siguiente fase de la Copa Sudamericana. Al decano le tocar\u00e1 visitar Florencio Varela y Bogota. El carbonero disputaba su primer partido como local en el Estadio Campe\u00f3n del Siglo en la Copa Sudamericana 2023. Los dirigidos [&hellip;]<\/p>\n","protected":false},"author":27,"featured_media":80245,"comment_status":"open","ping_status":"closed","sticky":false,"template":"","format":"standard","meta":{"footnotes":""},"categories":[13],"tags":[594],"yoast_head":"<!-- This site is optimized with the Yoast SEO plugin v23.2 - https:\/\/yoast.com\/wordpress\/plugins\/seo\/ -->\n<title>Se complic\u00f3 - Padre y Decano - El Sitio del Pueblo<\/title>\n<meta name=\"robots\" content=\"index, follow, max-snippet:-1, max-image-preview:large, max-video-preview:-1\" \/>\n<link rel=\"canonical\" href=\"https:\/\/www.padreydecano.com\/cms\/partidos\/se-complico\/\" \/>\n<meta property=\"og:locale\" content=\"es_ES\" \/>\n<meta property=\"og:type\" content=\"article\" \/>\n<meta property=\"og:title\" content=\"Se complic\u00f3 - Padre y Decano - El Sitio del Pueblo\" \/>\n<meta property=\"og:description\" content=\"Pe\u00f1arol cay\u00f3 derrotado 2 a 0 de local frente a Millonarios e hipotec\u00f3 sus posibilidades de avanzar a la siguiente fase de la Copa Sudamericana. Al decano le tocar\u00e1 visitar Florencio Varela y Bogota. El carbonero disputaba su primer partido como local en el Estadio Campe\u00f3n del Siglo en la Copa Sudamericana 2023. Los dirigidos [&hellip;]\" \/>\n<meta property=\"og:url\" content=\"https:\/\/www.padreydecano.com\/cms\/partidos\/se-complico\/\" \/>\n<meta property=\"og:site_name\" content=\"Padre y Decano - El Sitio del Pueblo\" \/>\n<meta property=\"article:published_time\" content=\"2023-04-21T17:49:17+00:00\" \/>\n<meta property=\"article:modified_time\" content=\"2023-04-25T14:46:06+00:00\" \/>\n<meta property=\"og:image\" content=\"https:\/\/www.padreydecano.com\/cms\/wp-content\/uploads\/2023\/04\/1FE9F850-86ED-435F-91CB-94D8A1B84E98.jpeg\" \/>\n\t<meta property=\"og:image:width\" content=\"2048\" \/>\n\t<meta property=\"og:image:height\" content=\"1362\" \/>\n\t<meta property=\"og:image:type\" content=\"image\/jpeg\" \/>\n<meta name=\"author\" content=\"Redactores Padre y Decano\" \/>\n<meta name=\"twitter:card\" content=\"summary_large_image\" \/>\n<meta name=\"twitter:label1\" content=\"Escrito por\" \/>\n\t<meta name=\"twitter:data1\" content=\"Redactores Padre y Decano\" \/>\n\t<meta name=\"twitter:label2\" content=\"Tiempo de lectura\" \/>\n\t<meta name=\"twitter:data2\" content=\"3 minutos\" \/>\n<script type=\"application\/ld+json\" class=\"yoast-schema-graph\">{\"@context\":\"https:\/\/schema.org\",\"@graph\":[{\"@type\":\"Article\",\"@id\":\"https:\/\/www.padreydecano.com\/cms\/partidos\/se-complico\/#article\",\"isPartOf\":{\"@id\":\"https:\/\/www.padreydecano.com\/cms\/partidos\/se-complico\/\"},\"author\":{\"name\":\"Redactores Padre y Decano\",\"@id\":\"https:\/\/www.padreydecano.com\/cms\/#\/schema\/person\/37aae8f93aa78e4c5385497f056e3246\"},\"headline\":\"Se complic\u00f3\",\"datePublished\":\"2023-04-21T17:49:17+00:00\",\"dateModified\":\"2023-04-25T14:46:06+00:00\",\"mainEntityOfPage\":{\"@id\":\"https:\/\/www.padreydecano.com\/cms\/partidos\/se-complico\/\"},\"wordCount\":629,\"commentCount\":44,\"publisher\":{\"@id\":\"https:\/\/www.padreydecano.com\/cms\/#organization\"},\"image\":{\"@id\":\"https:\/\/www.padreydecano.com\/cms\/partidos\/se-complico\/#primaryimage\"},\"thumbnailUrl\":\"https:\/\/www.padreydecano.com\/cms\/wp-content\/uploads\/2023\/04\/1FE9F850-86ED-435F-91CB-94D8A1B84E98.jpeg\",\"keywords\":[\"Copa Sudamericana 2023\"],\"articleSection\":[\"Partidos\"],\"inLanguage\":\"es\",\"potentialAction\":[{\"@type\":\"CommentAction\",\"name\":\"Comment\",\"target\":[\"https:\/\/www.padreydecano.com\/cms\/partidos\/se-complico\/#respond\"]}]},{\"@type\":\"WebPage\",\"@id\":\"https:\/\/www.padreydecano.com\/cms\/partidos\/se-complico\/\",\"url\":\"https:\/\/www.padreydecano.com\/cms\/partidos\/se-complico\/\",\"name\":\"Se complic\u00f3 - Padre y Decano - El Sitio del Pueblo\",\"isPartOf\":{\"@id\":\"https:\/\/www.padreydecano.com\/cms\/#website\"},\"primaryImageOfPage\":{\"@id\":\"https:\/\/www.padreydecano.com\/cms\/partidos\/se-complico\/#primaryimage\"},\"image\":{\"@id\":\"https:\/\/www.padreydecano.com\/cms\/partidos\/se-complico\/#primaryimage\"},\"thumbnailUrl\":\"https:\/\/www.padreydecano.com\/cms\/wp-content\/uploads\/2023\/04\/1FE9F850-86ED-435F-91CB-94D8A1B84E98.jpeg\",\"datePublished\":\"2023-04-21T17:49:17+00:00\",\"dateModified\":\"2023-04-25T14:46:06+00:00\",\"breadcrumb\":{\"@id\":\"https:\/\/www.padreydecano.com\/cms\/partidos\/se-complico\/#breadcrumb\"},\"inLanguage\":\"es\",\"potentialAction\":[{\"@type\":\"ReadAction\",\"target\":[\"https:\/\/www.padreydecano.com\/cms\/partidos\/se-complico\/\"]}]},{\"@type\":\"ImageObject\",\"inLanguage\":\"es\",\"@id\":\"https:\/\/www.padreydecano.com\/cms\/partidos\/se-complico\/#primaryimage\",\"url\":\"https:\/\/www.padreydecano.com\/cms\/wp-content\/uploads\/2023\/04\/1FE9F850-86ED-435F-91CB-94D8A1B84E98.jpeg\",\"contentUrl\":\"https:\/\/www.padreydecano.com\/cms\/wp-content\/uploads\/2023\/04\/1FE9F850-86ED-435F-91CB-94D8A1B84E98.jpeg\",\"width\":2048,\"height\":1362},{\"@type\":\"BreadcrumbList\",\"@id\":\"https:\/\/www.padreydecano.com\/cms\/partidos\/se-complico\/#breadcrumb\",\"itemListElement\":[{\"@type\":\"ListItem\",\"position\":1,\"name\":\"Portada\",\"item\":\"https:\/\/www.padreydecano.com\/cms\/\"},{\"@type\":\"ListItem\",\"position\":2,\"name\":\"Se complic\u00f3\"}]},{\"@type\":\"WebSite\",\"@id\":\"https:\/\/www.padreydecano.com\/cms\/#website\",\"url\":\"https:\/\/www.padreydecano.com\/cms\/\",\"name\":\"Padre y Decano - El Sitio del Pueblo\",\"description\":\"Club Atl\u00e9tico Pe\u00f1arol\",\"publisher\":{\"@id\":\"https:\/\/www.padreydecano.com\/cms\/#organization\"},\"potentialAction\":[{\"@type\":\"SearchAction\",\"target\":{\"@type\":\"EntryPoint\",\"urlTemplate\":\"https:\/\/www.padreydecano.com\/cms\/?s={search_term_string}\"},\"query-input\":\"required name=search_term_string\"}],\"inLanguage\":\"es\"},{\"@type\":\"Organization\",\"@id\":\"https:\/\/www.padreydecano.com\/cms\/#organization\",\"name\":\"Padre y Decano\",\"url\":\"https:\/\/www.padreydecano.com\/cms\/\",\"logo\":{\"@type\":\"ImageObject\",\"inLanguage\":\"es\",\"@id\":\"https:\/\/www.padreydecano.com\/cms\/#\/schema\/logo\/image\/\",\"url\":\"https:\/\/www.padreydecano.com\/cms\/wp-content\/uploads\/2022\/01\/avatar-square.png\",\"contentUrl\":\"https:\/\/www.padreydecano.com\/cms\/wp-content\/uploads\/2022\/01\/avatar-square.png\",\"width\":1500,\"height\":1500,\"caption\":\"Padre y Decano\"},\"image\":{\"@id\":\"https:\/\/www.padreydecano.com\/cms\/#\/schema\/logo\/image\/\"}},{\"@type\":\"Person\",\"@id\":\"https:\/\/www.padreydecano.com\/cms\/#\/schema\/person\/37aae8f93aa78e4c5385497f056e3246\",\"name\":\"Redactores Padre y Decano\",\"image\":{\"@type\":\"ImageObject\",\"inLanguage\":\"es\",\"@id\":\"https:\/\/www.padreydecano.com\/cms\/#\/schema\/person\/image\/\",\"url\":\"https:\/\/secure.gravatar.com\/avatar\/8810c4b9081192b118b104af54549af8?s=96&d=https%3A%2F%2Fpadreydecano.com%2Fcms%2Fwp-content%2Fthemes%2Fpyd-theme%2Fimg%2Fdefault-avatar.png&r=g\",\"contentUrl\":\"https:\/\/secure.gravatar.com\/avatar\/8810c4b9081192b118b104af54549af8?s=96&d=https%3A%2F%2Fpadreydecano.com%2Fcms%2Fwp-content%2Fthemes%2Fpyd-theme%2Fimg%2Fdefault-avatar.png&r=g\",\"caption\":\"Redactores Padre y Decano\"},\"sameAs\":[\"http:\/\/www.padreydecano.com\"]}]}<\/script>\n<!-- \/ Yoast SEO plugin. -->","yoast_head_json":{"title":"Se complic\u00f3 - Padre y Decano - El Sitio del Pueblo","robots":{"index":"index","follow":"follow","max-snippet":"max-snippet:-1","max-image-preview":"max-image-preview:large","max-video-preview":"max-video-preview:-1"},"canonical":"https:\/\/www.padreydecano.com\/cms\/partidos\/se-complico\/","og_locale":"es_ES","og_type":"article","og_title":"Se complic\u00f3 - Padre y Decano - El Sitio del Pueblo","og_description":"Pe\u00f1arol cay\u00f3 derrotado 2 a 0 de local frente a Millonarios e hipotec\u00f3 sus posibilidades de avanzar a la siguiente fase de la Copa Sudamericana. Al decano le tocar\u00e1 visitar Florencio Varela y Bogota. El carbonero disputaba su primer partido como local en el Estadio Campe\u00f3n del Siglo en la Copa Sudamericana 2023. Los dirigidos [&hellip;]","og_url":"https:\/\/www.padreydecano.com\/cms\/partidos\/se-complico\/","og_site_name":"Padre y Decano - El Sitio del Pueblo","article_published_time":"2023-04-21T17:49:17+00:00","article_modified_time":"2023-04-25T14:46:06+00:00","og_image":[{"width":2048,"height":1362,"url":"https:\/\/www.padreydecano.com\/cms\/wp-content\/uploads\/2023\/04\/1FE9F850-86ED-435F-91CB-94D8A1B84E98.jpeg","type":"image\/jpeg"}],"author":"Redactores Padre y Decano","twitter_card":"summary_large_image","twitter_misc":{"Escrito por":"Redactores Padre y Decano","Tiempo de lectura":"3 minutos"},"schema":{"@context":"https:\/\/schema.org","@graph":[{"@type":"Article","@id":"https:\/\/www.padreydecano.com\/cms\/partidos\/se-complico\/#article","isPartOf":{"@id":"https:\/\/www.padreydecano.com\/cms\/partidos\/se-complico\/"},"author":{"name":"Redactores Padre y Decano","@id":"https:\/\/www.padreydecano.com\/cms\/#\/schema\/person\/37aae8f93aa78e4c5385497f056e3246"},"headline":"Se complic\u00f3","datePublished":"2023-04-21T17:49:17+00:00","dateModified":"2023-04-25T14:46:06+00:00","mainEntityOfPage":{"@id":"https:\/\/www.padreydecano.com\/cms\/partidos\/se-complico\/"},"wordCount":629,"commentCount":44,"publisher":{"@id":"https:\/\/www.padreydecano.com\/cms\/#organization"},"image":{"@id":"https:\/\/www.padreydecano.com\/cms\/partidos\/se-complico\/#primaryimage"},"thumbnailUrl":"https:\/\/www.padreydecano.com\/cms\/wp-content\/uploads\/2023\/04\/1FE9F850-86ED-435F-91CB-94D8A1B84E98.jpeg","keywords":["Copa Sudamericana 2023"],"articleSection":["Partidos"],"inLanguage":"es","potentialAction":[{"@type":"CommentAction","name":"Comment","target":["https:\/\/www.padreydecano.com\/cms\/partidos\/se-complico\/#respond"]}]},{"@type":"WebPage","@id":"https:\/\/www.padreydecano.com\/cms\/partidos\/se-complico\/","url":"https:\/\/www.padreydecano.com\/cms\/partidos\/se-complico\/","name":"Se complic\u00f3 - Padre y Decano - El Sitio del Pueblo","isPartOf":{"@id":"https:\/\/www.padreydecano.com\/cms\/#website"},"primaryImageOfPage":{"@id":"https:\/\/www.padreydecano.com\/cms\/partidos\/se-complico\/#primaryimage"},"image":{"@id":"https:\/\/www.padreydecano.com\/cms\/partidos\/se-complico\/#primaryimage"},"thumbnailUrl":"https:\/\/www.padreydecano.com\/cms\/wp-content\/uploads\/2023\/04\/1FE9F850-86ED-435F-91CB-94D8A1B84E98.jpeg","datePublished":"2023-04-21T17:49:17+00:00","dateModified":"2023-04-25T14:46:06+00:00","breadcrumb":{"@id":"https:\/\/www.padreydecano.com\/cms\/partidos\/se-complico\/#breadcrumb"},"inLanguage":"es","potentialAction":[{"@type":"ReadAction","target":["https:\/\/www.padreydecano.com\/cms\/partidos\/se-complico\/"]}]},{"@type":"ImageObject","inLanguage":"es","@id":"https:\/\/www.padreydecano.com\/cms\/partidos\/se-complico\/#primaryimage","url":"https:\/\/www.padreydecano.com\/cms\/wp-content\/uploads\/2023\/04\/1FE9F850-86ED-435F-91CB-94D8A1B84E98.jpeg","contentUrl":"https:\/\/www.padreydecano.com\/cms\/wp-content\/uploads\/2023\/04\/1FE9F850-86ED-435F-91CB-94D8A1B84E98.jpeg","width":2048,"height":1362},{"@type":"BreadcrumbList","@id":"https:\/\/www.padreydecano.com\/cms\/partidos\/se-complico\/#breadcrumb","itemListElement":[{"@type":"ListItem","position":1,"name":"Portada","item":"https:\/\/www.padreydecano.com\/cms\/"},{"@type":"ListItem","position":2,"name":"Se complic\u00f3"}]},{"@type":"WebSite","@id":"https:\/\/www.padreydecano.com\/cms\/#website","url":"https:\/\/www.padreydecano.com\/cms\/","name":"Padre y Decano - El Sitio del Pueblo","description":"Club Atl\u00e9tico Pe\u00f1arol","publisher":{"@id":"https:\/\/www.padreydecano.com\/cms\/#organization"},"potentialAction":[{"@type":"SearchAction","target":{"@type":"EntryPoint","urlTemplate":"https:\/\/www.padreydecano.com\/cms\/?s={search_term_string}"},"query-input":"required name=search_term_string"}],"inLanguage":"es"},{"@type":"Organization","@id":"https:\/\/www.padreydecano.com\/cms\/#organization","name":"Padre y Decano","url":"https:\/\/www.padreydecano.com\/cms\/","logo":{"@type":"ImageObject","inLanguage":"es","@id":"https:\/\/www.padreydecano.com\/cms\/#\/schema\/logo\/image\/","url":"https:\/\/www.padreydecano.com\/cms\/wp-content\/uploads\/2022\/01\/avatar-square.png","contentUrl":"https:\/\/www.padreydecano.com\/cms\/wp-content\/uploads\/2022\/01\/avatar-square.png","width":1500,"height":1500,"caption":"Padre y Decano"},"image":{"@id":"https:\/\/www.padreydecano.com\/cms\/#\/schema\/logo\/image\/"}},{"@type":"Person","@id":"https:\/\/www.padreydecano.com\/cms\/#\/schema\/person\/37aae8f93aa78e4c5385497f056e3246","name":"Redactores Padre y Decano","image":{"@type":"ImageObject","inLanguage":"es","@id":"https:\/\/www.padreydecano.com\/cms\/#\/schema\/person\/image\/","url":"https:\/\/secure.gravatar.com\/avatar\/8810c4b9081192b118b104af54549af8?s=96&d=https%3A%2F%2Fpadreydecano.com%2Fcms%2Fwp-content%2Fthemes%2Fpyd-theme%2Fimg%2Fdefault-avatar.png&r=g","contentUrl":"https:\/\/secure.gravatar.com\/avatar\/8810c4b9081192b118b104af54549af8?s=96&d=https%3A%2F%2Fpadreydecano.com%2Fcms%2Fwp-content%2Fthemes%2Fpyd-theme%2Fimg%2Fdefault-avatar.png&r=g","caption":"Redactores Padre y Decano"},"sameAs":["http:\/\/www.padreydecano.com"]}]}},"_links":{"self":[{"href":"https:\/\/www.padreydecano.com\/cms\/wp-json\/wp\/v2\/posts\/80244"}],"collection":[{"href":"https:\/\/www.padreydecano.com\/cms\/wp-json\/wp\/v2\/posts"}],"about":[{"href":"https:\/\/www.padreydecano.com\/cms\/wp-json\/wp\/v2\/types\/post"}],"author":[{"embeddable":true,"href":"https:\/\/www.padreydecano.com\/cms\/wp-json\/wp\/v2\/users\/27"}],"replies":[{"embeddable":true,"href":"https:\/\/www.padreydecano.com\/cms\/wp-json\/wp\/v2\/comments?post=80244"}],"version-history":[{"count":0,"href":"https:\/\/www.padreydecano.com\/cms\/wp-json\/wp\/v2\/posts\/80244\/revisions"}],"wp:featuredmedia":[{"embeddable":true,"href":"https:\/\/www.padreydecano.com\/cms\/wp-json\/wp\/v2\/media\/80245"}],"wp:attachment":[{"href":"https:\/\/www.padreydecano.com\/cms\/wp-json\/wp\/v2\/media?parent=80244"}],"wp:term":[{"taxonomy":"category","embeddable":true,"href":"https:\/\/www.padreydecano.com\/cms\/wp-json\/wp\/v2\/categories?post=80244"},{"taxonomy":"post_tag","embeddable":true,"href":"https:\/\/www.padreydecano.com\/cms\/wp-json\/wp\/v2\/tags?post=80244"}],"curies":[{"name":"wp","href":"https:\/\/api.w.org\/{rel}","templated":true}]}}