{"id":80241,"date":"2023-04-19T19:46:15","date_gmt":"2023-04-19T22:46:15","guid":{"rendered":"https:\/\/www.padreydecano.com\/cms\/?p=80241"},"modified":"2023-04-24T17:45:55","modified_gmt":"2023-04-24T20:45:55","slug":"baja-sensible","status":"publish","type":"post","link":"https:\/\/www.padreydecano.com\/cms\/noticias\/baja-sensible\/","title":{"rendered":"Baja sensible"},"content":{"rendered":"<p><strong><img loading=\"lazy\" decoding=\"async\" class=\"alignnone size-medium wp-image-80242\" src=\"https:\/\/www.padreydecano.com\/cms\/wp-content\/uploads\/2023\/04\/1DFCC1A3-7A2E-4FC9-8FB1-DA1C9614F4CB-800x532.jpeg\" alt=\"\" width=\"800\" height=\"532\" srcset=\"https:\/\/www.padreydecano.com\/cms\/wp-content\/uploads\/2023\/04\/1DFCC1A3-7A2E-4FC9-8FB1-DA1C9614F4CB-800x532.jpeg 800w, https:\/\/www.padreydecano.com\/cms\/wp-content\/uploads\/2023\/04\/1DFCC1A3-7A2E-4FC9-8FB1-DA1C9614F4CB-1280x851.jpeg 1280w, https:\/\/www.padreydecano.com\/cms\/wp-content\/uploads\/2023\/04\/1DFCC1A3-7A2E-4FC9-8FB1-DA1C9614F4CB-768x511.jpeg 768w, https:\/\/www.padreydecano.com\/cms\/wp-content\/uploads\/2023\/04\/1DFCC1A3-7A2E-4FC9-8FB1-DA1C9614F4CB-1536x1022.jpeg 1536w, https:\/\/www.padreydecano.com\/cms\/wp-content\/uploads\/2023\/04\/1DFCC1A3-7A2E-4FC9-8FB1-DA1C9614F4CB-300x200.jpeg 300w, https:\/\/www.padreydecano.com\/cms\/wp-content\/uploads\/2023\/04\/1DFCC1A3-7A2E-4FC9-8FB1-DA1C9614F4CB-128x85.jpeg 128w, https:\/\/www.padreydecano.com\/cms\/wp-content\/uploads\/2023\/04\/1DFCC1A3-7A2E-4FC9-8FB1-DA1C9614F4CB-32x21.jpeg 32w, https:\/\/www.padreydecano.com\/cms\/wp-content\/uploads\/2023\/04\/1DFCC1A3-7A2E-4FC9-8FB1-DA1C9614F4CB.jpeg 2048w\" sizes=\"(max-width: 800px) 100vw, 800px\" \/><br \/>\nSebasti\u00e1n Crist\u00f3foro no estar\u00e1 disponible en los siguientes encuentros de Pe\u00f1arol por lesi\u00f3n.<\/strong><\/p>\n<p>En la victoria del decano frente a Danubio por el Torneo Apertura, el volante de 29 a\u00f1os sali\u00f3 sentido a los 31 minutos por una molestia muscular. El jugador no logr\u00f3 recuperarse de la misma y se perder\u00e1 el duelo por Copa Sudamericana frente a Millonarios de Colombia y el partido por la fecha n\u00famero 12 del Apertura frente a Plaza Colonia.<\/p>\n<p>Para el encuentro internacional ante los cafeteros, Alfredo Arias podr\u00e1 utilizar a Rodrigo Saravia, Dami\u00e1n Garc\u00eda o a Carlos S\u00e1nchez para suplir la baja de Crist\u00f3foro, mientras que el siguiente domingo no podr\u00e1 contar con Homenchenko ni con Garc\u00eda debido a sus citaciones con la selecci\u00f3n Sub 20.<\/p>\n<p>El probable equipo del carbonero para recibir a Millonarios es con: Thiago Cardozo; Pedro Milans, Hern\u00e1n Menosse, Leonardo Coelho y Lucas Hern\u00e1ndez; Sebasti\u00e1n Rodr\u00edguez, Rodrigo Saravia (Dami\u00e1n Garc\u00eda), Santiago Homenchenko; Kevin M\u00e9ndez, Mat\u00edas Arezo y Nicol\u00e1s Rossi.<\/p>\n<p>El partido comenzar\u00e1 a las 19 horas en el Estadio Campe\u00f3n del Siglo. Pe\u00f1arol est\u00e1 obligado a ganar luego de la abultada derrota en Brasil para aspirar a avanzar a la siguiente fase de la Copa.<\/p>\n<div class=\"user-wrapper\"><a class=\"userlink\"href=\"https:\/\/twitter.com\/ftrucce18\" target=\"_blank\"><figure><img decoding=\"async\" src=\"http:\/\/www.padreydecano.com\/cms\/wp-users-files\/postfirmas\/ftrucce.jpg\" \/><\/figure><p class=\"user\"><strong>Franco Trucce<\/strong><br \/>@FTrucce18<\/p><\/a><\/div>\n","protected":false},"excerpt":{"rendered":"<p>Sebasti\u00e1n Crist\u00f3foro no estar\u00e1 disponible en los siguientes encuentros de Pe\u00f1arol por lesi\u00f3n. En la victoria del decano frente a Danubio por el Torneo Apertura, el volante de 29 a\u00f1os sali\u00f3 sentido a los 31 minutos por una molestia muscular. El jugador no logr\u00f3 recuperarse de la misma y se perder\u00e1 el duelo por Copa [&hellip;]<\/p>\n","protected":false},"author":27,"featured_media":80242,"comment_status":"open","ping_status":"closed","sticky":false,"template":"","format":"standard","meta":{"footnotes":""},"categories":[1],"tags":[590,594],"yoast_head":"<!-- This site is optimized with the Yoast SEO plugin v23.2 - https:\/\/yoast.com\/wordpress\/plugins\/seo\/ -->\n<title>Baja sensible - Padre y Decano - El Sitio del Pueblo<\/title>\n<meta name=\"robots\" content=\"index, follow, max-snippet:-1, max-image-preview:large, max-video-preview:-1\" \/>\n<link rel=\"canonical\" href=\"https:\/\/www.padreydecano.com\/cms\/noticias\/baja-sensible\/\" \/>\n<meta property=\"og:locale\" content=\"es_ES\" \/>\n<meta property=\"og:type\" content=\"article\" \/>\n<meta property=\"og:title\" content=\"Baja sensible - Padre y Decano - El Sitio del Pueblo\" \/>\n<meta property=\"og:description\" content=\"Sebasti\u00e1n Crist\u00f3foro no estar\u00e1 disponible en los siguientes encuentros de Pe\u00f1arol por lesi\u00f3n. En la victoria del decano frente a Danubio por el Torneo Apertura, el volante de 29 a\u00f1os sali\u00f3 sentido a los 31 minutos por una molestia muscular. El jugador no logr\u00f3 recuperarse de la misma y se perder\u00e1 el duelo por Copa [&hellip;]\" \/>\n<meta property=\"og:url\" content=\"https:\/\/www.padreydecano.com\/cms\/noticias\/baja-sensible\/\" \/>\n<meta property=\"og:site_name\" content=\"Padre y Decano - El Sitio del Pueblo\" \/>\n<meta property=\"article:published_time\" content=\"2023-04-19T22:46:15+00:00\" \/>\n<meta property=\"article:modified_time\" content=\"2023-04-24T20:45:55+00:00\" \/>\n<meta property=\"og:image\" content=\"https:\/\/www.padreydecano.com\/cms\/wp-content\/uploads\/2023\/04\/1DFCC1A3-7A2E-4FC9-8FB1-DA1C9614F4CB.jpeg\" \/>\n\t<meta property=\"og:image:width\" content=\"2048\" \/>\n\t<meta property=\"og:image:height\" content=\"1362\" \/>\n\t<meta property=\"og:image:type\" content=\"image\/jpeg\" \/>\n<meta name=\"author\" content=\"Redactores Padre y Decano\" \/>\n<meta name=\"twitter:card\" content=\"summary_large_image\" \/>\n<meta name=\"twitter:label1\" content=\"Escrito por\" \/>\n\t<meta name=\"twitter:data1\" content=\"Redactores Padre y Decano\" \/>\n\t<meta name=\"twitter:label2\" content=\"Tiempo de lectura\" \/>\n\t<meta name=\"twitter:data2\" content=\"1 minuto\" \/>\n<script type=\"application\/ld+json\" class=\"yoast-schema-graph\">{\"@context\":\"https:\/\/schema.org\",\"@graph\":[{\"@type\":\"Article\",\"@id\":\"https:\/\/www.padreydecano.com\/cms\/noticias\/baja-sensible\/#article\",\"isPartOf\":{\"@id\":\"https:\/\/www.padreydecano.com\/cms\/noticias\/baja-sensible\/\"},\"author\":{\"name\":\"Redactores Padre y Decano\",\"@id\":\"https:\/\/www.padreydecano.com\/cms\/#\/schema\/person\/37aae8f93aa78e4c5385497f056e3246\"},\"headline\":\"Baja sensible\",\"datePublished\":\"2023-04-19T22:46:15+00:00\",\"dateModified\":\"2023-04-24T20:45:55+00:00\",\"mainEntityOfPage\":{\"@id\":\"https:\/\/www.padreydecano.com\/cms\/noticias\/baja-sensible\/\"},\"wordCount\":217,\"commentCount\":4,\"publisher\":{\"@id\":\"https:\/\/www.padreydecano.com\/cms\/#organization\"},\"image\":{\"@id\":\"https:\/\/www.padreydecano.com\/cms\/noticias\/baja-sensible\/#primaryimage\"},\"thumbnailUrl\":\"https:\/\/www.padreydecano.com\/cms\/wp-content\/uploads\/2023\/04\/1DFCC1A3-7A2E-4FC9-8FB1-DA1C9614F4CB.jpeg\",\"keywords\":[\"Campeonato Uruguayo 2023\",\"Copa Sudamericana 2023\"],\"articleSection\":[\"Noticias\"],\"inLanguage\":\"es\",\"potentialAction\":[{\"@type\":\"CommentAction\",\"name\":\"Comment\",\"target\":[\"https:\/\/www.padreydecano.com\/cms\/noticias\/baja-sensible\/#respond\"]}]},{\"@type\":\"WebPage\",\"@id\":\"https:\/\/www.padreydecano.com\/cms\/noticias\/baja-sensible\/\",\"url\":\"https:\/\/www.padreydecano.com\/cms\/noticias\/baja-sensible\/\",\"name\":\"Baja sensible - Padre y Decano - El Sitio del Pueblo\",\"isPartOf\":{\"@id\":\"https:\/\/www.padreydecano.com\/cms\/#website\"},\"primaryImageOfPage\":{\"@id\":\"https:\/\/www.padreydecano.com\/cms\/noticias\/baja-sensible\/#primaryimage\"},\"image\":{\"@id\":\"https:\/\/www.padreydecano.com\/cms\/noticias\/baja-sensible\/#primaryimage\"},\"thumbnailUrl\":\"https:\/\/www.padreydecano.com\/cms\/wp-content\/uploads\/2023\/04\/1DFCC1A3-7A2E-4FC9-8FB1-DA1C9614F4CB.jpeg\",\"datePublished\":\"2023-04-19T22:46:15+00:00\",\"dateModified\":\"2023-04-24T20:45:55+00:00\",\"breadcrumb\":{\"@id\":\"https:\/\/www.padreydecano.com\/cms\/noticias\/baja-sensible\/#breadcrumb\"},\"inLanguage\":\"es\",\"potentialAction\":[{\"@type\":\"ReadAction\",\"target\":[\"https:\/\/www.padreydecano.com\/cms\/noticias\/baja-sensible\/\"]}]},{\"@type\":\"ImageObject\",\"inLanguage\":\"es\",\"@id\":\"https:\/\/www.padreydecano.com\/cms\/noticias\/baja-sensible\/#primaryimage\",\"url\":\"https:\/\/www.padreydecano.com\/cms\/wp-content\/uploads\/2023\/04\/1DFCC1A3-7A2E-4FC9-8FB1-DA1C9614F4CB.jpeg\",\"contentUrl\":\"https:\/\/www.padreydecano.com\/cms\/wp-content\/uploads\/2023\/04\/1DFCC1A3-7A2E-4FC9-8FB1-DA1C9614F4CB.jpeg\",\"width\":2048,\"height\":1362},{\"@type\":\"BreadcrumbList\",\"@id\":\"https:\/\/www.padreydecano.com\/cms\/noticias\/baja-sensible\/#breadcrumb\",\"itemListElement\":[{\"@type\":\"ListItem\",\"position\":1,\"name\":\"Portada\",\"item\":\"https:\/\/www.padreydecano.com\/cms\/\"},{\"@type\":\"ListItem\",\"position\":2,\"name\":\"Baja sensible\"}]},{\"@type\":\"WebSite\",\"@id\":\"https:\/\/www.padreydecano.com\/cms\/#website\",\"url\":\"https:\/\/www.padreydecano.com\/cms\/\",\"name\":\"Padre y Decano - El Sitio del Pueblo\",\"description\":\"Club Atl\u00e9tico Pe\u00f1arol\",\"publisher\":{\"@id\":\"https:\/\/www.padreydecano.com\/cms\/#organization\"},\"potentialAction\":[{\"@type\":\"SearchAction\",\"target\":{\"@type\":\"EntryPoint\",\"urlTemplate\":\"https:\/\/www.padreydecano.com\/cms\/?s={search_term_string}\"},\"query-input\":\"required name=search_term_string\"}],\"inLanguage\":\"es\"},{\"@type\":\"Organization\",\"@id\":\"https:\/\/www.padreydecano.com\/cms\/#organization\",\"name\":\"Padre y Decano\",\"url\":\"https:\/\/www.padreydecano.com\/cms\/\",\"logo\":{\"@type\":\"ImageObject\",\"inLanguage\":\"es\",\"@id\":\"https:\/\/www.padreydecano.com\/cms\/#\/schema\/logo\/image\/\",\"url\":\"https:\/\/www.padreydecano.com\/cms\/wp-content\/uploads\/2022\/01\/avatar-square.png\",\"contentUrl\":\"https:\/\/www.padreydecano.com\/cms\/wp-content\/uploads\/2022\/01\/avatar-square.png\",\"width\":1500,\"height\":1500,\"caption\":\"Padre y Decano\"},\"image\":{\"@id\":\"https:\/\/www.padreydecano.com\/cms\/#\/schema\/logo\/image\/\"}},{\"@type\":\"Person\",\"@id\":\"https:\/\/www.padreydecano.com\/cms\/#\/schema\/person\/37aae8f93aa78e4c5385497f056e3246\",\"name\":\"Redactores Padre y Decano\",\"image\":{\"@type\":\"ImageObject\",\"inLanguage\":\"es\",\"@id\":\"https:\/\/www.padreydecano.com\/cms\/#\/schema\/person\/image\/\",\"url\":\"https:\/\/secure.gravatar.com\/avatar\/8810c4b9081192b118b104af54549af8?s=96&d=https%3A%2F%2Fpadreydecano.com%2Fcms%2Fwp-content%2Fthemes%2Fpyd-theme%2Fimg%2Fdefault-avatar.png&r=g\",\"contentUrl\":\"https:\/\/secure.gravatar.com\/avatar\/8810c4b9081192b118b104af54549af8?s=96&d=https%3A%2F%2Fpadreydecano.com%2Fcms%2Fwp-content%2Fthemes%2Fpyd-theme%2Fimg%2Fdefault-avatar.png&r=g\",\"caption\":\"Redactores Padre y Decano\"},\"sameAs\":[\"http:\/\/www.padreydecano.com\"]}]}<\/script>\n<!-- \/ Yoast SEO plugin. -->","yoast_head_json":{"title":"Baja sensible - Padre y Decano - El Sitio del Pueblo","robots":{"index":"index","follow":"follow","max-snippet":"max-snippet:-1","max-image-preview":"max-image-preview:large","max-video-preview":"max-video-preview:-1"},"canonical":"https:\/\/www.padreydecano.com\/cms\/noticias\/baja-sensible\/","og_locale":"es_ES","og_type":"article","og_title":"Baja sensible - Padre y Decano - El Sitio del Pueblo","og_description":"Sebasti\u00e1n Crist\u00f3foro no estar\u00e1 disponible en los siguientes encuentros de Pe\u00f1arol por lesi\u00f3n. En la victoria del decano frente a Danubio por el Torneo Apertura, el volante de 29 a\u00f1os sali\u00f3 sentido a los 31 minutos por una molestia muscular. El jugador no logr\u00f3 recuperarse de la misma y se perder\u00e1 el duelo por Copa [&hellip;]","og_url":"https:\/\/www.padreydecano.com\/cms\/noticias\/baja-sensible\/","og_site_name":"Padre y Decano - El Sitio del Pueblo","article_published_time":"2023-04-19T22:46:15+00:00","article_modified_time":"2023-04-24T20:45:55+00:00","og_image":[{"width":2048,"height":1362,"url":"https:\/\/www.padreydecano.com\/cms\/wp-content\/uploads\/2023\/04\/1DFCC1A3-7A2E-4FC9-8FB1-DA1C9614F4CB.jpeg","type":"image\/jpeg"}],"author":"Redactores Padre y Decano","twitter_card":"summary_large_image","twitter_misc":{"Escrito por":"Redactores Padre y Decano","Tiempo de lectura":"1 minuto"},"schema":{"@context":"https:\/\/schema.org","@graph":[{"@type":"Article","@id":"https:\/\/www.padreydecano.com\/cms\/noticias\/baja-sensible\/#article","isPartOf":{"@id":"https:\/\/www.padreydecano.com\/cms\/noticias\/baja-sensible\/"},"author":{"name":"Redactores Padre y Decano","@id":"https:\/\/www.padreydecano.com\/cms\/#\/schema\/person\/37aae8f93aa78e4c5385497f056e3246"},"headline":"Baja sensible","datePublished":"2023-04-19T22:46:15+00:00","dateModified":"2023-04-24T20:45:55+00:00","mainEntityOfPage":{"@id":"https:\/\/www.padreydecano.com\/cms\/noticias\/baja-sensible\/"},"wordCount":217,"commentCount":4,"publisher":{"@id":"https:\/\/www.padreydecano.com\/cms\/#organization"},"image":{"@id":"https:\/\/www.padreydecano.com\/cms\/noticias\/baja-sensible\/#primaryimage"},"thumbnailUrl":"https:\/\/www.padreydecano.com\/cms\/wp-content\/uploads\/2023\/04\/1DFCC1A3-7A2E-4FC9-8FB1-DA1C9614F4CB.jpeg","keywords":["Campeonato Uruguayo 2023","Copa Sudamericana 2023"],"articleSection":["Noticias"],"inLanguage":"es","potentialAction":[{"@type":"CommentAction","name":"Comment","target":["https:\/\/www.padreydecano.com\/cms\/noticias\/baja-sensible\/#respond"]}]},{"@type":"WebPage","@id":"https:\/\/www.padreydecano.com\/cms\/noticias\/baja-sensible\/","url":"https:\/\/www.padreydecano.com\/cms\/noticias\/baja-sensible\/","name":"Baja sensible - Padre y Decano - El Sitio del Pueblo","isPartOf":{"@id":"https:\/\/www.padreydecano.com\/cms\/#website"},"primaryImageOfPage":{"@id":"https:\/\/www.padreydecano.com\/cms\/noticias\/baja-sensible\/#primaryimage"},"image":{"@id":"https:\/\/www.padreydecano.com\/cms\/noticias\/baja-sensible\/#primaryimage"},"thumbnailUrl":"https:\/\/www.padreydecano.com\/cms\/wp-content\/uploads\/2023\/04\/1DFCC1A3-7A2E-4FC9-8FB1-DA1C9614F4CB.jpeg","datePublished":"2023-04-19T22:46:15+00:00","dateModified":"2023-04-24T20:45:55+00:00","breadcrumb":{"@id":"https:\/\/www.padreydecano.com\/cms\/noticias\/baja-sensible\/#breadcrumb"},"inLanguage":"es","potentialAction":[{"@type":"ReadAction","target":["https:\/\/www.padreydecano.com\/cms\/noticias\/baja-sensible\/"]}]},{"@type":"ImageObject","inLanguage":"es","@id":"https:\/\/www.padreydecano.com\/cms\/noticias\/baja-sensible\/#primaryimage","url":"https:\/\/www.padreydecano.com\/cms\/wp-content\/uploads\/2023\/04\/1DFCC1A3-7A2E-4FC9-8FB1-DA1C9614F4CB.jpeg","contentUrl":"https:\/\/www.padreydecano.com\/cms\/wp-content\/uploads\/2023\/04\/1DFCC1A3-7A2E-4FC9-8FB1-DA1C9614F4CB.jpeg","width":2048,"height":1362},{"@type":"BreadcrumbList","@id":"https:\/\/www.padreydecano.com\/cms\/noticias\/baja-sensible\/#breadcrumb","itemListElement":[{"@type":"ListItem","position":1,"name":"Portada","item":"https:\/\/www.padreydecano.com\/cms\/"},{"@type":"ListItem","position":2,"name":"Baja sensible"}]},{"@type":"WebSite","@id":"https:\/\/www.padreydecano.com\/cms\/#website","url":"https:\/\/www.padreydecano.com\/cms\/","name":"Padre y Decano - El Sitio del Pueblo","description":"Club Atl\u00e9tico Pe\u00f1arol","publisher":{"@id":"https:\/\/www.padreydecano.com\/cms\/#organization"},"potentialAction":[{"@type":"SearchAction","target":{"@type":"EntryPoint","urlTemplate":"https:\/\/www.padreydecano.com\/cms\/?s={search_term_string}"},"query-input":"required name=search_term_string"}],"inLanguage":"es"},{"@type":"Organization","@id":"https:\/\/www.padreydecano.com\/cms\/#organization","name":"Padre y Decano","url":"https:\/\/www.padreydecano.com\/cms\/","logo":{"@type":"ImageObject","inLanguage":"es","@id":"https:\/\/www.padreydecano.com\/cms\/#\/schema\/logo\/image\/","url":"https:\/\/www.padreydecano.com\/cms\/wp-content\/uploads\/2022\/01\/avatar-square.png","contentUrl":"https:\/\/www.padreydecano.com\/cms\/wp-content\/uploads\/2022\/01\/avatar-square.png","width":1500,"height":1500,"caption":"Padre y Decano"},"image":{"@id":"https:\/\/www.padreydecano.com\/cms\/#\/schema\/logo\/image\/"}},{"@type":"Person","@id":"https:\/\/www.padreydecano.com\/cms\/#\/schema\/person\/37aae8f93aa78e4c5385497f056e3246","name":"Redactores Padre y Decano","image":{"@type":"ImageObject","inLanguage":"es","@id":"https:\/\/www.padreydecano.com\/cms\/#\/schema\/person\/image\/","url":"https:\/\/secure.gravatar.com\/avatar\/8810c4b9081192b118b104af54549af8?s=96&d=https%3A%2F%2Fpadreydecano.com%2Fcms%2Fwp-content%2Fthemes%2Fpyd-theme%2Fimg%2Fdefault-avatar.png&r=g","contentUrl":"https:\/\/secure.gravatar.com\/avatar\/8810c4b9081192b118b104af54549af8?s=96&d=https%3A%2F%2Fpadreydecano.com%2Fcms%2Fwp-content%2Fthemes%2Fpyd-theme%2Fimg%2Fdefault-avatar.png&r=g","caption":"Redactores Padre y Decano"},"sameAs":["http:\/\/www.padreydecano.com"]}]}},"_links":{"self":[{"href":"https:\/\/www.padreydecano.com\/cms\/wp-json\/wp\/v2\/posts\/80241"}],"collection":[{"href":"https:\/\/www.padreydecano.com\/cms\/wp-json\/wp\/v2\/posts"}],"about":[{"href":"https:\/\/www.padreydecano.com\/cms\/wp-json\/wp\/v2\/types\/post"}],"author":[{"embeddable":true,"href":"https:\/\/www.padreydecano.com\/cms\/wp-json\/wp\/v2\/users\/27"}],"replies":[{"embeddable":true,"href":"https:\/\/www.padreydecano.com\/cms\/wp-json\/wp\/v2\/comments?post=80241"}],"version-history":[{"count":0,"href":"https:\/\/www.padreydecano.com\/cms\/wp-json\/wp\/v2\/posts\/80241\/revisions"}],"wp:featuredmedia":[{"embeddable":true,"href":"https:\/\/www.padreydecano.com\/cms\/wp-json\/wp\/v2\/media\/80242"}],"wp:attachment":[{"href":"https:\/\/www.padreydecano.com\/cms\/wp-json\/wp\/v2\/media?parent=80241"}],"wp:term":[{"taxonomy":"category","embeddable":true,"href":"https:\/\/www.padreydecano.com\/cms\/wp-json\/wp\/v2\/categories?post=80241"},{"taxonomy":"post_tag","embeddable":true,"href":"https:\/\/www.padreydecano.com\/cms\/wp-json\/wp\/v2\/tags?post=80241"}],"curies":[{"name":"wp","href":"https:\/\/api.w.org\/{rel}","templated":true}]}}