{"id":80215,"date":"2023-04-13T17:10:38","date_gmt":"2023-04-13T20:10:38","guid":{"rendered":"https:\/\/www.padreydecano.com\/cms\/?p=80215"},"modified":"2023-04-17T13:50:11","modified_gmt":"2023-04-17T16:50:11","slug":"precios-de-copa","status":"publish","type":"post","link":"https:\/\/www.padreydecano.com\/cms\/noticias\/precios-de-copa\/","title":{"rendered":"Precios de Copa"},"content":{"rendered":"<p><img loading=\"lazy\" decoding=\"async\" class=\"alignnone size-medium wp-image-80125\" src=\"https:\/\/www.padreydecano.com\/cms\/wp-content\/uploads\/2023\/04\/20230401_PenarolvsNacional_-Juan-Manuel-Albores-_017-800x533.jpg\" alt=\"\" width=\"800\" height=\"533\" srcset=\"https:\/\/www.padreydecano.com\/cms\/wp-content\/uploads\/2023\/04\/20230401_PenarolvsNacional_-Juan-Manuel-Albores-_017-800x533.jpg 800w, https:\/\/www.padreydecano.com\/cms\/wp-content\/uploads\/2023\/04\/20230401_PenarolvsNacional_-Juan-Manuel-Albores-_017-1280x853.jpg 1280w, https:\/\/www.padreydecano.com\/cms\/wp-content\/uploads\/2023\/04\/20230401_PenarolvsNacional_-Juan-Manuel-Albores-_017-768x512.jpg 768w, https:\/\/www.padreydecano.com\/cms\/wp-content\/uploads\/2023\/04\/20230401_PenarolvsNacional_-Juan-Manuel-Albores-_017-1536x1024.jpg 1536w, https:\/\/www.padreydecano.com\/cms\/wp-content\/uploads\/2023\/04\/20230401_PenarolvsNacional_-Juan-Manuel-Albores-_017-2048x1365.jpg 2048w, https:\/\/www.padreydecano.com\/cms\/wp-content\/uploads\/2023\/04\/20230401_PenarolvsNacional_-Juan-Manuel-Albores-_017-300x200.jpg 300w, https:\/\/www.padreydecano.com\/cms\/wp-content\/uploads\/2023\/04\/20230401_PenarolvsNacional_-Juan-Manuel-Albores-_017-128x85.jpg 128w, https:\/\/www.padreydecano.com\/cms\/wp-content\/uploads\/2023\/04\/20230401_PenarolvsNacional_-Juan-Manuel-Albores-_017-32x21.jpg 32w\" sizes=\"(max-width: 800px) 100vw, 800px\" \/><\/p>\n<p><strong>Ya se conocen los precios para el encuentro entre Pe\u00f1arol y Millonarios por la Sudamericana. Los precios se fijar\u00e1n individualmente en la previa de cada partido de la fase de grupos de la Copa de local.<\/strong><\/p>\n<p>Pe\u00f1arol enfrentar\u00e1 a Millonarios el pr\u00f3ximo jueves 20 de abril por la segunda fecha de la fase de grupos de la Copa Sudamericana 2023. Las entradas est\u00e1n disponibles por Tickantel para socios. El pr\u00f3ximo viernes a las 16 horas se habilitar\u00e1n para el p\u00fablico en general.<\/p>\n<p><span style=\"color: #ffcc00;\"><strong>Tribuna Cataldi<\/strong><\/span><\/p>\n<p><strong>Socios:<\/strong> $ 331<br \/>\n<strong>Generales:<\/strong> $ 431<\/p>\n<p><span style=\"color: #ffcc00;\"><strong>Tribuna Damiani<\/strong><\/span><\/p>\n<p><strong>Socios:\u00a0<\/strong>$ 491<br \/>\n<strong>Generales:<\/strong> $ 631<\/p>\n<p><strong><span style=\"color: #ffcc00;\">Tribuna Henderson<\/span><\/strong><\/p>\n<p><strong>Socios:<\/strong> $ 891<br \/>\n<strong>Generales:<\/strong> $ 1131<\/p>\n<p>La Tribuna Guelfi estar\u00e1 habilitada \u00fanicamente para hinchas visitantes, a $ 800. Pe\u00f1arol sufri\u00f3 un cierre de 2 partidos de dicha tribuna para que asista su p\u00fablico debido a los incidentes en la misma en el encuentro entre el decano y Col\u00f3n de Santa Fe.<\/p>\n<p>Este a\u00f1o no habr\u00e1 abonos para adquirir las entradas para los 3 partidos. Los precios de cada encuentro ser\u00e1n fijados individualmente en cada semana previa.<\/p>\n<div class=\"user-wrapper\"><a class=\"userlink\"href=\"https:\/\/twitter.com\/ftrucce18\" target=\"_blank\"><figure><img decoding=\"async\" src=\"http:\/\/www.padreydecano.com\/cms\/wp-users-files\/postfirmas\/ftrucce.jpg\" \/><\/figure><p class=\"user\"><strong>Franco Trucce<\/strong><br \/>@FTrucce18<\/p><\/a><\/div>\n","protected":false},"excerpt":{"rendered":"<p>Ya se conocen los precios para el encuentro entre Pe\u00f1arol y Millonarios por la Sudamericana. Los precios se fijar\u00e1n individualmente en la previa de cada partido de la fase de grupos de la Copa de local. Pe\u00f1arol enfrentar\u00e1 a Millonarios el pr\u00f3ximo jueves 20 de abril por la segunda fecha de la fase de grupos [&hellip;]<\/p>\n","protected":false},"author":27,"featured_media":80125,"comment_status":"open","ping_status":"closed","sticky":false,"template":"","format":"standard","meta":{"footnotes":""},"categories":[1],"tags":[594],"yoast_head":"<!-- This site is optimized with the Yoast SEO plugin v23.2 - https:\/\/yoast.com\/wordpress\/plugins\/seo\/ -->\n<title>Precios de Copa - Padre y Decano - El Sitio del Pueblo<\/title>\n<meta name=\"robots\" content=\"index, follow, max-snippet:-1, max-image-preview:large, max-video-preview:-1\" \/>\n<link rel=\"canonical\" href=\"https:\/\/www.padreydecano.com\/cms\/noticias\/precios-de-copa\/\" \/>\n<meta property=\"og:locale\" content=\"es_ES\" \/>\n<meta property=\"og:type\" content=\"article\" \/>\n<meta property=\"og:title\" content=\"Precios de Copa - Padre y Decano - El Sitio del Pueblo\" \/>\n<meta property=\"og:description\" content=\"Ya se conocen los precios para el encuentro entre Pe\u00f1arol y Millonarios por la Sudamericana. Los precios se fijar\u00e1n individualmente en la previa de cada partido de la fase de grupos de la Copa de local. Pe\u00f1arol enfrentar\u00e1 a Millonarios el pr\u00f3ximo jueves 20 de abril por la segunda fecha de la fase de grupos [&hellip;]\" \/>\n<meta property=\"og:url\" content=\"https:\/\/www.padreydecano.com\/cms\/noticias\/precios-de-copa\/\" \/>\n<meta property=\"og:site_name\" content=\"Padre y Decano - El Sitio del Pueblo\" \/>\n<meta property=\"article:published_time\" content=\"2023-04-13T20:10:38+00:00\" \/>\n<meta property=\"article:modified_time\" content=\"2023-04-17T16:50:11+00:00\" \/>\n<meta property=\"og:image\" content=\"https:\/\/www.padreydecano.com\/cms\/wp-content\/uploads\/2023\/04\/20230401_PenarolvsNacional_-Juan-Manuel-Albores-_017-scaled.jpg\" \/>\n\t<meta property=\"og:image:width\" content=\"2560\" \/>\n\t<meta property=\"og:image:height\" content=\"1707\" \/>\n\t<meta property=\"og:image:type\" content=\"image\/jpeg\" \/>\n<meta name=\"author\" content=\"Redactores Padre y Decano\" \/>\n<meta name=\"twitter:card\" content=\"summary_large_image\" \/>\n<meta name=\"twitter:label1\" content=\"Escrito por\" \/>\n\t<meta name=\"twitter:data1\" content=\"Redactores Padre y Decano\" \/>\n\t<meta name=\"twitter:label2\" content=\"Tiempo de lectura\" \/>\n\t<meta name=\"twitter:data2\" content=\"1 minuto\" \/>\n<script type=\"application\/ld+json\" class=\"yoast-schema-graph\">{\"@context\":\"https:\/\/schema.org\",\"@graph\":[{\"@type\":\"Article\",\"@id\":\"https:\/\/www.padreydecano.com\/cms\/noticias\/precios-de-copa\/#article\",\"isPartOf\":{\"@id\":\"https:\/\/www.padreydecano.com\/cms\/noticias\/precios-de-copa\/\"},\"author\":{\"name\":\"Redactores Padre y Decano\",\"@id\":\"https:\/\/www.padreydecano.com\/cms\/#\/schema\/person\/37aae8f93aa78e4c5385497f056e3246\"},\"headline\":\"Precios de Copa\",\"datePublished\":\"2023-04-13T20:10:38+00:00\",\"dateModified\":\"2023-04-17T16:50:11+00:00\",\"mainEntityOfPage\":{\"@id\":\"https:\/\/www.padreydecano.com\/cms\/noticias\/precios-de-copa\/\"},\"wordCount\":174,\"commentCount\":1,\"publisher\":{\"@id\":\"https:\/\/www.padreydecano.com\/cms\/#organization\"},\"image\":{\"@id\":\"https:\/\/www.padreydecano.com\/cms\/noticias\/precios-de-copa\/#primaryimage\"},\"thumbnailUrl\":\"https:\/\/www.padreydecano.com\/cms\/wp-content\/uploads\/2023\/04\/20230401_PenarolvsNacional_-Juan-Manuel-Albores-_017-scaled.jpg\",\"keywords\":[\"Copa Sudamericana 2023\"],\"articleSection\":[\"Noticias\"],\"inLanguage\":\"es\",\"potentialAction\":[{\"@type\":\"CommentAction\",\"name\":\"Comment\",\"target\":[\"https:\/\/www.padreydecano.com\/cms\/noticias\/precios-de-copa\/#respond\"]}]},{\"@type\":\"WebPage\",\"@id\":\"https:\/\/www.padreydecano.com\/cms\/noticias\/precios-de-copa\/\",\"url\":\"https:\/\/www.padreydecano.com\/cms\/noticias\/precios-de-copa\/\",\"name\":\"Precios de Copa - Padre y Decano - El Sitio del Pueblo\",\"isPartOf\":{\"@id\":\"https:\/\/www.padreydecano.com\/cms\/#website\"},\"primaryImageOfPage\":{\"@id\":\"https:\/\/www.padreydecano.com\/cms\/noticias\/precios-de-copa\/#primaryimage\"},\"image\":{\"@id\":\"https:\/\/www.padreydecano.com\/cms\/noticias\/precios-de-copa\/#primaryimage\"},\"thumbnailUrl\":\"https:\/\/www.padreydecano.com\/cms\/wp-content\/uploads\/2023\/04\/20230401_PenarolvsNacional_-Juan-Manuel-Albores-_017-scaled.jpg\",\"datePublished\":\"2023-04-13T20:10:38+00:00\",\"dateModified\":\"2023-04-17T16:50:11+00:00\",\"breadcrumb\":{\"@id\":\"https:\/\/www.padreydecano.com\/cms\/noticias\/precios-de-copa\/#breadcrumb\"},\"inLanguage\":\"es\",\"potentialAction\":[{\"@type\":\"ReadAction\",\"target\":[\"https:\/\/www.padreydecano.com\/cms\/noticias\/precios-de-copa\/\"]}]},{\"@type\":\"ImageObject\",\"inLanguage\":\"es\",\"@id\":\"https:\/\/www.padreydecano.com\/cms\/noticias\/precios-de-copa\/#primaryimage\",\"url\":\"https:\/\/www.padreydecano.com\/cms\/wp-content\/uploads\/2023\/04\/20230401_PenarolvsNacional_-Juan-Manuel-Albores-_017-scaled.jpg\",\"contentUrl\":\"https:\/\/www.padreydecano.com\/cms\/wp-content\/uploads\/2023\/04\/20230401_PenarolvsNacional_-Juan-Manuel-Albores-_017-scaled.jpg\",\"width\":2560,\"height\":1707},{\"@type\":\"BreadcrumbList\",\"@id\":\"https:\/\/www.padreydecano.com\/cms\/noticias\/precios-de-copa\/#breadcrumb\",\"itemListElement\":[{\"@type\":\"ListItem\",\"position\":1,\"name\":\"Portada\",\"item\":\"https:\/\/www.padreydecano.com\/cms\/\"},{\"@type\":\"ListItem\",\"position\":2,\"name\":\"Precios de Copa\"}]},{\"@type\":\"WebSite\",\"@id\":\"https:\/\/www.padreydecano.com\/cms\/#website\",\"url\":\"https:\/\/www.padreydecano.com\/cms\/\",\"name\":\"Padre y Decano - El Sitio del Pueblo\",\"description\":\"Club Atl\u00e9tico Pe\u00f1arol\",\"publisher\":{\"@id\":\"https:\/\/www.padreydecano.com\/cms\/#organization\"},\"potentialAction\":[{\"@type\":\"SearchAction\",\"target\":{\"@type\":\"EntryPoint\",\"urlTemplate\":\"https:\/\/www.padreydecano.com\/cms\/?s={search_term_string}\"},\"query-input\":\"required name=search_term_string\"}],\"inLanguage\":\"es\"},{\"@type\":\"Organization\",\"@id\":\"https:\/\/www.padreydecano.com\/cms\/#organization\",\"name\":\"Padre y Decano\",\"url\":\"https:\/\/www.padreydecano.com\/cms\/\",\"logo\":{\"@type\":\"ImageObject\",\"inLanguage\":\"es\",\"@id\":\"https:\/\/www.padreydecano.com\/cms\/#\/schema\/logo\/image\/\",\"url\":\"https:\/\/www.padreydecano.com\/cms\/wp-content\/uploads\/2022\/01\/avatar-square.png\",\"contentUrl\":\"https:\/\/www.padreydecano.com\/cms\/wp-content\/uploads\/2022\/01\/avatar-square.png\",\"width\":1500,\"height\":1500,\"caption\":\"Padre y Decano\"},\"image\":{\"@id\":\"https:\/\/www.padreydecano.com\/cms\/#\/schema\/logo\/image\/\"}},{\"@type\":\"Person\",\"@id\":\"https:\/\/www.padreydecano.com\/cms\/#\/schema\/person\/37aae8f93aa78e4c5385497f056e3246\",\"name\":\"Redactores Padre y Decano\",\"image\":{\"@type\":\"ImageObject\",\"inLanguage\":\"es\",\"@id\":\"https:\/\/www.padreydecano.com\/cms\/#\/schema\/person\/image\/\",\"url\":\"https:\/\/secure.gravatar.com\/avatar\/8810c4b9081192b118b104af54549af8?s=96&d=https%3A%2F%2Fpadreydecano.com%2Fcms%2Fwp-content%2Fthemes%2Fpyd-theme%2Fimg%2Fdefault-avatar.png&r=g\",\"contentUrl\":\"https:\/\/secure.gravatar.com\/avatar\/8810c4b9081192b118b104af54549af8?s=96&d=https%3A%2F%2Fpadreydecano.com%2Fcms%2Fwp-content%2Fthemes%2Fpyd-theme%2Fimg%2Fdefault-avatar.png&r=g\",\"caption\":\"Redactores Padre y Decano\"},\"sameAs\":[\"http:\/\/www.padreydecano.com\"]}]}<\/script>\n<!-- \/ Yoast SEO plugin. -->","yoast_head_json":{"title":"Precios de Copa - Padre y Decano - El Sitio del Pueblo","robots":{"index":"index","follow":"follow","max-snippet":"max-snippet:-1","max-image-preview":"max-image-preview:large","max-video-preview":"max-video-preview:-1"},"canonical":"https:\/\/www.padreydecano.com\/cms\/noticias\/precios-de-copa\/","og_locale":"es_ES","og_type":"article","og_title":"Precios de Copa - Padre y Decano - El Sitio del Pueblo","og_description":"Ya se conocen los precios para el encuentro entre Pe\u00f1arol y Millonarios por la Sudamericana. Los precios se fijar\u00e1n individualmente en la previa de cada partido de la fase de grupos de la Copa de local. Pe\u00f1arol enfrentar\u00e1 a Millonarios el pr\u00f3ximo jueves 20 de abril por la segunda fecha de la fase de grupos [&hellip;]","og_url":"https:\/\/www.padreydecano.com\/cms\/noticias\/precios-de-copa\/","og_site_name":"Padre y Decano - El Sitio del Pueblo","article_published_time":"2023-04-13T20:10:38+00:00","article_modified_time":"2023-04-17T16:50:11+00:00","og_image":[{"width":2560,"height":1707,"url":"https:\/\/www.padreydecano.com\/cms\/wp-content\/uploads\/2023\/04\/20230401_PenarolvsNacional_-Juan-Manuel-Albores-_017-scaled.jpg","type":"image\/jpeg"}],"author":"Redactores Padre y Decano","twitter_card":"summary_large_image","twitter_misc":{"Escrito por":"Redactores Padre y Decano","Tiempo de lectura":"1 minuto"},"schema":{"@context":"https:\/\/schema.org","@graph":[{"@type":"Article","@id":"https:\/\/www.padreydecano.com\/cms\/noticias\/precios-de-copa\/#article","isPartOf":{"@id":"https:\/\/www.padreydecano.com\/cms\/noticias\/precios-de-copa\/"},"author":{"name":"Redactores Padre y Decano","@id":"https:\/\/www.padreydecano.com\/cms\/#\/schema\/person\/37aae8f93aa78e4c5385497f056e3246"},"headline":"Precios de Copa","datePublished":"2023-04-13T20:10:38+00:00","dateModified":"2023-04-17T16:50:11+00:00","mainEntityOfPage":{"@id":"https:\/\/www.padreydecano.com\/cms\/noticias\/precios-de-copa\/"},"wordCount":174,"commentCount":1,"publisher":{"@id":"https:\/\/www.padreydecano.com\/cms\/#organization"},"image":{"@id":"https:\/\/www.padreydecano.com\/cms\/noticias\/precios-de-copa\/#primaryimage"},"thumbnailUrl":"https:\/\/www.padreydecano.com\/cms\/wp-content\/uploads\/2023\/04\/20230401_PenarolvsNacional_-Juan-Manuel-Albores-_017-scaled.jpg","keywords":["Copa Sudamericana 2023"],"articleSection":["Noticias"],"inLanguage":"es","potentialAction":[{"@type":"CommentAction","name":"Comment","target":["https:\/\/www.padreydecano.com\/cms\/noticias\/precios-de-copa\/#respond"]}]},{"@type":"WebPage","@id":"https:\/\/www.padreydecano.com\/cms\/noticias\/precios-de-copa\/","url":"https:\/\/www.padreydecano.com\/cms\/noticias\/precios-de-copa\/","name":"Precios de Copa - Padre y Decano - El Sitio del Pueblo","isPartOf":{"@id":"https:\/\/www.padreydecano.com\/cms\/#website"},"primaryImageOfPage":{"@id":"https:\/\/www.padreydecano.com\/cms\/noticias\/precios-de-copa\/#primaryimage"},"image":{"@id":"https:\/\/www.padreydecano.com\/cms\/noticias\/precios-de-copa\/#primaryimage"},"thumbnailUrl":"https:\/\/www.padreydecano.com\/cms\/wp-content\/uploads\/2023\/04\/20230401_PenarolvsNacional_-Juan-Manuel-Albores-_017-scaled.jpg","datePublished":"2023-04-13T20:10:38+00:00","dateModified":"2023-04-17T16:50:11+00:00","breadcrumb":{"@id":"https:\/\/www.padreydecano.com\/cms\/noticias\/precios-de-copa\/#breadcrumb"},"inLanguage":"es","potentialAction":[{"@type":"ReadAction","target":["https:\/\/www.padreydecano.com\/cms\/noticias\/precios-de-copa\/"]}]},{"@type":"ImageObject","inLanguage":"es","@id":"https:\/\/www.padreydecano.com\/cms\/noticias\/precios-de-copa\/#primaryimage","url":"https:\/\/www.padreydecano.com\/cms\/wp-content\/uploads\/2023\/04\/20230401_PenarolvsNacional_-Juan-Manuel-Albores-_017-scaled.jpg","contentUrl":"https:\/\/www.padreydecano.com\/cms\/wp-content\/uploads\/2023\/04\/20230401_PenarolvsNacional_-Juan-Manuel-Albores-_017-scaled.jpg","width":2560,"height":1707},{"@type":"BreadcrumbList","@id":"https:\/\/www.padreydecano.com\/cms\/noticias\/precios-de-copa\/#breadcrumb","itemListElement":[{"@type":"ListItem","position":1,"name":"Portada","item":"https:\/\/www.padreydecano.com\/cms\/"},{"@type":"ListItem","position":2,"name":"Precios de Copa"}]},{"@type":"WebSite","@id":"https:\/\/www.padreydecano.com\/cms\/#website","url":"https:\/\/www.padreydecano.com\/cms\/","name":"Padre y Decano - El Sitio del Pueblo","description":"Club Atl\u00e9tico Pe\u00f1arol","publisher":{"@id":"https:\/\/www.padreydecano.com\/cms\/#organization"},"potentialAction":[{"@type":"SearchAction","target":{"@type":"EntryPoint","urlTemplate":"https:\/\/www.padreydecano.com\/cms\/?s={search_term_string}"},"query-input":"required name=search_term_string"}],"inLanguage":"es"},{"@type":"Organization","@id":"https:\/\/www.padreydecano.com\/cms\/#organization","name":"Padre y Decano","url":"https:\/\/www.padreydecano.com\/cms\/","logo":{"@type":"ImageObject","inLanguage":"es","@id":"https:\/\/www.padreydecano.com\/cms\/#\/schema\/logo\/image\/","url":"https:\/\/www.padreydecano.com\/cms\/wp-content\/uploads\/2022\/01\/avatar-square.png","contentUrl":"https:\/\/www.padreydecano.com\/cms\/wp-content\/uploads\/2022\/01\/avatar-square.png","width":1500,"height":1500,"caption":"Padre y Decano"},"image":{"@id":"https:\/\/www.padreydecano.com\/cms\/#\/schema\/logo\/image\/"}},{"@type":"Person","@id":"https:\/\/www.padreydecano.com\/cms\/#\/schema\/person\/37aae8f93aa78e4c5385497f056e3246","name":"Redactores Padre y Decano","image":{"@type":"ImageObject","inLanguage":"es","@id":"https:\/\/www.padreydecano.com\/cms\/#\/schema\/person\/image\/","url":"https:\/\/secure.gravatar.com\/avatar\/8810c4b9081192b118b104af54549af8?s=96&d=https%3A%2F%2Fpadreydecano.com%2Fcms%2Fwp-content%2Fthemes%2Fpyd-theme%2Fimg%2Fdefault-avatar.png&r=g","contentUrl":"https:\/\/secure.gravatar.com\/avatar\/8810c4b9081192b118b104af54549af8?s=96&d=https%3A%2F%2Fpadreydecano.com%2Fcms%2Fwp-content%2Fthemes%2Fpyd-theme%2Fimg%2Fdefault-avatar.png&r=g","caption":"Redactores Padre y Decano"},"sameAs":["http:\/\/www.padreydecano.com"]}]}},"_links":{"self":[{"href":"https:\/\/www.padreydecano.com\/cms\/wp-json\/wp\/v2\/posts\/80215"}],"collection":[{"href":"https:\/\/www.padreydecano.com\/cms\/wp-json\/wp\/v2\/posts"}],"about":[{"href":"https:\/\/www.padreydecano.com\/cms\/wp-json\/wp\/v2\/types\/post"}],"author":[{"embeddable":true,"href":"https:\/\/www.padreydecano.com\/cms\/wp-json\/wp\/v2\/users\/27"}],"replies":[{"embeddable":true,"href":"https:\/\/www.padreydecano.com\/cms\/wp-json\/wp\/v2\/comments?post=80215"}],"version-history":[{"count":0,"href":"https:\/\/www.padreydecano.com\/cms\/wp-json\/wp\/v2\/posts\/80215\/revisions"}],"wp:featuredmedia":[{"embeddable":true,"href":"https:\/\/www.padreydecano.com\/cms\/wp-json\/wp\/v2\/media\/80125"}],"wp:attachment":[{"href":"https:\/\/www.padreydecano.com\/cms\/wp-json\/wp\/v2\/media?parent=80215"}],"wp:term":[{"taxonomy":"category","embeddable":true,"href":"https:\/\/www.padreydecano.com\/cms\/wp-json\/wp\/v2\/categories?post=80215"},{"taxonomy":"post_tag","embeddable":true,"href":"https:\/\/www.padreydecano.com\/cms\/wp-json\/wp\/v2\/tags?post=80215"}],"curies":[{"name":"wp","href":"https:\/\/api.w.org\/{rel}","templated":true}]}}