{"id":80195,"date":"2023-04-05T14:11:16","date_gmt":"2023-04-05T17:11:16","guid":{"rendered":"https:\/\/www.padreydecano.com\/cms\/?p=80195"},"modified":"2023-04-10T15:38:30","modified_gmt":"2023-04-10T18:38:30","slug":"maximo-recuperado","status":"publish","type":"post","link":"https:\/\/www.padreydecano.com\/cms\/noticias\/maximo-recuperado\/","title":{"rendered":"M\u00e1ximo recuperado"},"content":{"rendered":"<p><img loading=\"lazy\" decoding=\"async\" class=\"alignnone size-medium wp-image-80196\" src=\"https:\/\/www.padreydecano.com\/cms\/wp-content\/uploads\/2023\/04\/20230204_aperturaf01_PenarolvsCerro_-Juan-Manuel-Albores-_081-800x532.jpg\" alt=\"\" width=\"800\" height=\"532\" srcset=\"https:\/\/www.padreydecano.com\/cms\/wp-content\/uploads\/2023\/04\/20230204_aperturaf01_PenarolvsCerro_-Juan-Manuel-Albores-_081-800x532.jpg 800w, https:\/\/www.padreydecano.com\/cms\/wp-content\/uploads\/2023\/04\/20230204_aperturaf01_PenarolvsCerro_-Juan-Manuel-Albores-_081-1280x851.jpg 1280w, https:\/\/www.padreydecano.com\/cms\/wp-content\/uploads\/2023\/04\/20230204_aperturaf01_PenarolvsCerro_-Juan-Manuel-Albores-_081-768x511.jpg 768w, https:\/\/www.padreydecano.com\/cms\/wp-content\/uploads\/2023\/04\/20230204_aperturaf01_PenarolvsCerro_-Juan-Manuel-Albores-_081-1536x1021.jpg 1536w, https:\/\/www.padreydecano.com\/cms\/wp-content\/uploads\/2023\/04\/20230204_aperturaf01_PenarolvsCerro_-Juan-Manuel-Albores-_081-2048x1362.jpg 2048w, https:\/\/www.padreydecano.com\/cms\/wp-content\/uploads\/2023\/04\/20230204_aperturaf01_PenarolvsCerro_-Juan-Manuel-Albores-_081-300x199.jpg 300w, https:\/\/www.padreydecano.com\/cms\/wp-content\/uploads\/2023\/04\/20230204_aperturaf01_PenarolvsCerro_-Juan-Manuel-Albores-_081-128x85.jpg 128w, https:\/\/www.padreydecano.com\/cms\/wp-content\/uploads\/2023\/04\/20230204_aperturaf01_PenarolvsCerro_-Juan-Manuel-Albores-_081-32x21.jpg 32w\" sizes=\"(max-width: 800px) 100vw, 800px\" \/><\/p>\n<p><strong>M\u00e1ximo Alonso recibi\u00f3 el alta m\u00e9dica en los \u00faltimos d\u00edas y se mantiene entrenando en Los Aromos con el plantel principal de Pe\u00f1arol bajo las \u00f3rdenes de Alfredo Arias.\u00a0<\/strong><\/p>\n<p>El atacante de 20 a\u00f1os recibi\u00f3 el alta m\u00e9dica en los \u00faltimos d\u00edas de la pasada semana. El jugador realiz\u00f3 la recuperaci\u00f3n con el cuerpo m\u00e9dico de primera divisi\u00f3n y se mantuvo entrenando en el Complejo Washington Cataldi.<\/p>\n<p>Alonso disput\u00f3 apenas 6 minutos oficiales desde la llegada de Arias a Pe\u00f1arol, en la victoria 2 a 0 frente a Cerro en la primera fecha del Torneo Apertura 2023.<\/p>\n<p>Posteriormente, fue parte del equipo de Tercera Divisi\u00f3n en las victorias 3 a 1 frente a Boston River en el Estadio Campe\u00f3n del Siglo y ante Defensor Sporting en el Pichincha. Alonso asisti\u00f3 en los 3 goles frente al Sastre y contra el Violeta convirti\u00f3 uno de los tantos del decano desde el tiro penal, pero luego sali\u00f3 lesionado de la cancha.<\/p>\n<p><span style=\"color: #ffcc00;\"><strong>Partidos<\/strong><\/span><\/p>\n<p><strong>Primera Divisi\u00f3n:<\/strong> Pe\u00f1arol 2-0 Cerro \/ 6 minutos jugados.<\/p>\n<p><strong>Tercera Divisi\u00f3n:<\/strong> Pe\u00f1arol 3-1 Boston River \/ 90 minutos, 3 asistencias.<\/p>\n<p><strong>Tercera Divisi\u00f3n:<\/strong> Defensor Sporting 1-3 Pe\u00f1arol \/ 60 minutos, un gol.<\/p>\n<p>El futbolista no disput\u00f3 el cl\u00e1sico de Tercera Divisi\u00f3n ni viaj\u00f3 a Brasil con el primer equipo para el debut de la fase de grupos Copa Sudamericana 2023 por falta de ritmo.<\/p>\n<p>Ya recuperado, Alonso trabajar\u00e1 a la par de sus compa\u00f1eros. La salida de Ignacio Laquintana del equipo le puede abrir una ventana tener m\u00e1s oportunidades en el primer equipo.<\/p>\n<div class=\"user-wrapper\"><a class=\"userlink\"href=\"https:\/\/twitter.com\/ftrucce18\" target=\"_blank\"><figure><img decoding=\"async\" src=\"http:\/\/www.padreydecano.com\/cms\/wp-users-files\/postfirmas\/ftrucce.jpg\" \/><\/figure><p class=\"user\"><strong>Franco Trucce<\/strong><br \/>@FTrucce18<\/p><\/a><\/div>\n","protected":false},"excerpt":{"rendered":"<p>M\u00e1ximo Alonso recibi\u00f3 el alta m\u00e9dica en los \u00faltimos d\u00edas y se mantiene entrenando en Los Aromos con el plantel principal de Pe\u00f1arol bajo las \u00f3rdenes de Alfredo Arias.\u00a0 El atacante de 20 a\u00f1os recibi\u00f3 el alta m\u00e9dica en los \u00faltimos d\u00edas de la pasada semana. El jugador realiz\u00f3 la recuperaci\u00f3n con el cuerpo m\u00e9dico [&hellip;]<\/p>\n","protected":false},"author":27,"featured_media":80196,"comment_status":"open","ping_status":"closed","sticky":false,"template":"","format":"standard","meta":{"footnotes":""},"categories":[1],"tags":[590],"yoast_head":"<!-- This site is optimized with the Yoast SEO plugin v23.2 - https:\/\/yoast.com\/wordpress\/plugins\/seo\/ -->\n<title>M\u00e1ximo recuperado - Padre y Decano - El Sitio del Pueblo<\/title>\n<meta name=\"robots\" content=\"index, follow, max-snippet:-1, max-image-preview:large, max-video-preview:-1\" \/>\n<link rel=\"canonical\" href=\"https:\/\/www.padreydecano.com\/cms\/noticias\/maximo-recuperado\/\" \/>\n<meta property=\"og:locale\" content=\"es_ES\" \/>\n<meta property=\"og:type\" content=\"article\" \/>\n<meta property=\"og:title\" content=\"M\u00e1ximo recuperado - Padre y Decano - El Sitio del Pueblo\" \/>\n<meta property=\"og:description\" content=\"M\u00e1ximo Alonso recibi\u00f3 el alta m\u00e9dica en los \u00faltimos d\u00edas y se mantiene entrenando en Los Aromos con el plantel principal de Pe\u00f1arol bajo las \u00f3rdenes de Alfredo Arias.\u00a0 El atacante de 20 a\u00f1os recibi\u00f3 el alta m\u00e9dica en los \u00faltimos d\u00edas de la pasada semana. El jugador realiz\u00f3 la recuperaci\u00f3n con el cuerpo m\u00e9dico [&hellip;]\" \/>\n<meta property=\"og:url\" content=\"https:\/\/www.padreydecano.com\/cms\/noticias\/maximo-recuperado\/\" \/>\n<meta property=\"og:site_name\" content=\"Padre y Decano - El Sitio del Pueblo\" \/>\n<meta property=\"article:published_time\" content=\"2023-04-05T17:11:16+00:00\" \/>\n<meta property=\"article:modified_time\" content=\"2023-04-10T18:38:30+00:00\" \/>\n<meta property=\"og:image\" content=\"https:\/\/www.padreydecano.com\/cms\/wp-content\/uploads\/2023\/04\/20230204_aperturaf01_PenarolvsCerro_-Juan-Manuel-Albores-_081-scaled.jpg\" \/>\n\t<meta property=\"og:image:width\" content=\"2560\" \/>\n\t<meta property=\"og:image:height\" content=\"1702\" \/>\n\t<meta property=\"og:image:type\" content=\"image\/jpeg\" \/>\n<meta name=\"author\" content=\"Redactores Padre y Decano\" \/>\n<meta name=\"twitter:card\" content=\"summary_large_image\" \/>\n<meta name=\"twitter:label1\" content=\"Escrito por\" \/>\n\t<meta name=\"twitter:data1\" content=\"Redactores Padre y Decano\" \/>\n\t<meta name=\"twitter:label2\" content=\"Tiempo de lectura\" \/>\n\t<meta name=\"twitter:data2\" content=\"2 minutos\" \/>\n<script type=\"application\/ld+json\" class=\"yoast-schema-graph\">{\"@context\":\"https:\/\/schema.org\",\"@graph\":[{\"@type\":\"Article\",\"@id\":\"https:\/\/www.padreydecano.com\/cms\/noticias\/maximo-recuperado\/#article\",\"isPartOf\":{\"@id\":\"https:\/\/www.padreydecano.com\/cms\/noticias\/maximo-recuperado\/\"},\"author\":{\"name\":\"Redactores Padre y Decano\",\"@id\":\"https:\/\/www.padreydecano.com\/cms\/#\/schema\/person\/37aae8f93aa78e4c5385497f056e3246\"},\"headline\":\"M\u00e1ximo recuperado\",\"datePublished\":\"2023-04-05T17:11:16+00:00\",\"dateModified\":\"2023-04-10T18:38:30+00:00\",\"mainEntityOfPage\":{\"@id\":\"https:\/\/www.padreydecano.com\/cms\/noticias\/maximo-recuperado\/\"},\"wordCount\":263,\"commentCount\":13,\"publisher\":{\"@id\":\"https:\/\/www.padreydecano.com\/cms\/#organization\"},\"image\":{\"@id\":\"https:\/\/www.padreydecano.com\/cms\/noticias\/maximo-recuperado\/#primaryimage\"},\"thumbnailUrl\":\"https:\/\/www.padreydecano.com\/cms\/wp-content\/uploads\/2023\/04\/20230204_aperturaf01_PenarolvsCerro_-Juan-Manuel-Albores-_081-scaled.jpg\",\"keywords\":[\"Campeonato Uruguayo 2023\"],\"articleSection\":[\"Noticias\"],\"inLanguage\":\"es\",\"potentialAction\":[{\"@type\":\"CommentAction\",\"name\":\"Comment\",\"target\":[\"https:\/\/www.padreydecano.com\/cms\/noticias\/maximo-recuperado\/#respond\"]}]},{\"@type\":\"WebPage\",\"@id\":\"https:\/\/www.padreydecano.com\/cms\/noticias\/maximo-recuperado\/\",\"url\":\"https:\/\/www.padreydecano.com\/cms\/noticias\/maximo-recuperado\/\",\"name\":\"M\u00e1ximo recuperado - Padre y Decano - El Sitio del Pueblo\",\"isPartOf\":{\"@id\":\"https:\/\/www.padreydecano.com\/cms\/#website\"},\"primaryImageOfPage\":{\"@id\":\"https:\/\/www.padreydecano.com\/cms\/noticias\/maximo-recuperado\/#primaryimage\"},\"image\":{\"@id\":\"https:\/\/www.padreydecano.com\/cms\/noticias\/maximo-recuperado\/#primaryimage\"},\"thumbnailUrl\":\"https:\/\/www.padreydecano.com\/cms\/wp-content\/uploads\/2023\/04\/20230204_aperturaf01_PenarolvsCerro_-Juan-Manuel-Albores-_081-scaled.jpg\",\"datePublished\":\"2023-04-05T17:11:16+00:00\",\"dateModified\":\"2023-04-10T18:38:30+00:00\",\"breadcrumb\":{\"@id\":\"https:\/\/www.padreydecano.com\/cms\/noticias\/maximo-recuperado\/#breadcrumb\"},\"inLanguage\":\"es\",\"potentialAction\":[{\"@type\":\"ReadAction\",\"target\":[\"https:\/\/www.padreydecano.com\/cms\/noticias\/maximo-recuperado\/\"]}]},{\"@type\":\"ImageObject\",\"inLanguage\":\"es\",\"@id\":\"https:\/\/www.padreydecano.com\/cms\/noticias\/maximo-recuperado\/#primaryimage\",\"url\":\"https:\/\/www.padreydecano.com\/cms\/wp-content\/uploads\/2023\/04\/20230204_aperturaf01_PenarolvsCerro_-Juan-Manuel-Albores-_081-scaled.jpg\",\"contentUrl\":\"https:\/\/www.padreydecano.com\/cms\/wp-content\/uploads\/2023\/04\/20230204_aperturaf01_PenarolvsCerro_-Juan-Manuel-Albores-_081-scaled.jpg\",\"width\":2560,\"height\":1702},{\"@type\":\"BreadcrumbList\",\"@id\":\"https:\/\/www.padreydecano.com\/cms\/noticias\/maximo-recuperado\/#breadcrumb\",\"itemListElement\":[{\"@type\":\"ListItem\",\"position\":1,\"name\":\"Portada\",\"item\":\"https:\/\/www.padreydecano.com\/cms\/\"},{\"@type\":\"ListItem\",\"position\":2,\"name\":\"M\u00e1ximo recuperado\"}]},{\"@type\":\"WebSite\",\"@id\":\"https:\/\/www.padreydecano.com\/cms\/#website\",\"url\":\"https:\/\/www.padreydecano.com\/cms\/\",\"name\":\"Padre y Decano - El Sitio del Pueblo\",\"description\":\"Club Atl\u00e9tico Pe\u00f1arol\",\"publisher\":{\"@id\":\"https:\/\/www.padreydecano.com\/cms\/#organization\"},\"potentialAction\":[{\"@type\":\"SearchAction\",\"target\":{\"@type\":\"EntryPoint\",\"urlTemplate\":\"https:\/\/www.padreydecano.com\/cms\/?s={search_term_string}\"},\"query-input\":\"required name=search_term_string\"}],\"inLanguage\":\"es\"},{\"@type\":\"Organization\",\"@id\":\"https:\/\/www.padreydecano.com\/cms\/#organization\",\"name\":\"Padre y Decano\",\"url\":\"https:\/\/www.padreydecano.com\/cms\/\",\"logo\":{\"@type\":\"ImageObject\",\"inLanguage\":\"es\",\"@id\":\"https:\/\/www.padreydecano.com\/cms\/#\/schema\/logo\/image\/\",\"url\":\"https:\/\/www.padreydecano.com\/cms\/wp-content\/uploads\/2022\/01\/avatar-square.png\",\"contentUrl\":\"https:\/\/www.padreydecano.com\/cms\/wp-content\/uploads\/2022\/01\/avatar-square.png\",\"width\":1500,\"height\":1500,\"caption\":\"Padre y Decano\"},\"image\":{\"@id\":\"https:\/\/www.padreydecano.com\/cms\/#\/schema\/logo\/image\/\"}},{\"@type\":\"Person\",\"@id\":\"https:\/\/www.padreydecano.com\/cms\/#\/schema\/person\/37aae8f93aa78e4c5385497f056e3246\",\"name\":\"Redactores Padre y Decano\",\"image\":{\"@type\":\"ImageObject\",\"inLanguage\":\"es\",\"@id\":\"https:\/\/www.padreydecano.com\/cms\/#\/schema\/person\/image\/\",\"url\":\"https:\/\/secure.gravatar.com\/avatar\/8810c4b9081192b118b104af54549af8?s=96&d=https%3A%2F%2Fpadreydecano.com%2Fcms%2Fwp-content%2Fthemes%2Fpyd-theme%2Fimg%2Fdefault-avatar.png&r=g\",\"contentUrl\":\"https:\/\/secure.gravatar.com\/avatar\/8810c4b9081192b118b104af54549af8?s=96&d=https%3A%2F%2Fpadreydecano.com%2Fcms%2Fwp-content%2Fthemes%2Fpyd-theme%2Fimg%2Fdefault-avatar.png&r=g\",\"caption\":\"Redactores Padre y Decano\"},\"sameAs\":[\"http:\/\/www.padreydecano.com\"]}]}<\/script>\n<!-- \/ Yoast SEO plugin. -->","yoast_head_json":{"title":"M\u00e1ximo recuperado - Padre y Decano - El Sitio del Pueblo","robots":{"index":"index","follow":"follow","max-snippet":"max-snippet:-1","max-image-preview":"max-image-preview:large","max-video-preview":"max-video-preview:-1"},"canonical":"https:\/\/www.padreydecano.com\/cms\/noticias\/maximo-recuperado\/","og_locale":"es_ES","og_type":"article","og_title":"M\u00e1ximo recuperado - Padre y Decano - El Sitio del Pueblo","og_description":"M\u00e1ximo Alonso recibi\u00f3 el alta m\u00e9dica en los \u00faltimos d\u00edas y se mantiene entrenando en Los Aromos con el plantel principal de Pe\u00f1arol bajo las \u00f3rdenes de Alfredo Arias.\u00a0 El atacante de 20 a\u00f1os recibi\u00f3 el alta m\u00e9dica en los \u00faltimos d\u00edas de la pasada semana. El jugador realiz\u00f3 la recuperaci\u00f3n con el cuerpo m\u00e9dico [&hellip;]","og_url":"https:\/\/www.padreydecano.com\/cms\/noticias\/maximo-recuperado\/","og_site_name":"Padre y Decano - El Sitio del Pueblo","article_published_time":"2023-04-05T17:11:16+00:00","article_modified_time":"2023-04-10T18:38:30+00:00","og_image":[{"width":2560,"height":1702,"url":"https:\/\/www.padreydecano.com\/cms\/wp-content\/uploads\/2023\/04\/20230204_aperturaf01_PenarolvsCerro_-Juan-Manuel-Albores-_081-scaled.jpg","type":"image\/jpeg"}],"author":"Redactores Padre y Decano","twitter_card":"summary_large_image","twitter_misc":{"Escrito por":"Redactores Padre y Decano","Tiempo de lectura":"2 minutos"},"schema":{"@context":"https:\/\/schema.org","@graph":[{"@type":"Article","@id":"https:\/\/www.padreydecano.com\/cms\/noticias\/maximo-recuperado\/#article","isPartOf":{"@id":"https:\/\/www.padreydecano.com\/cms\/noticias\/maximo-recuperado\/"},"author":{"name":"Redactores Padre y Decano","@id":"https:\/\/www.padreydecano.com\/cms\/#\/schema\/person\/37aae8f93aa78e4c5385497f056e3246"},"headline":"M\u00e1ximo recuperado","datePublished":"2023-04-05T17:11:16+00:00","dateModified":"2023-04-10T18:38:30+00:00","mainEntityOfPage":{"@id":"https:\/\/www.padreydecano.com\/cms\/noticias\/maximo-recuperado\/"},"wordCount":263,"commentCount":13,"publisher":{"@id":"https:\/\/www.padreydecano.com\/cms\/#organization"},"image":{"@id":"https:\/\/www.padreydecano.com\/cms\/noticias\/maximo-recuperado\/#primaryimage"},"thumbnailUrl":"https:\/\/www.padreydecano.com\/cms\/wp-content\/uploads\/2023\/04\/20230204_aperturaf01_PenarolvsCerro_-Juan-Manuel-Albores-_081-scaled.jpg","keywords":["Campeonato Uruguayo 2023"],"articleSection":["Noticias"],"inLanguage":"es","potentialAction":[{"@type":"CommentAction","name":"Comment","target":["https:\/\/www.padreydecano.com\/cms\/noticias\/maximo-recuperado\/#respond"]}]},{"@type":"WebPage","@id":"https:\/\/www.padreydecano.com\/cms\/noticias\/maximo-recuperado\/","url":"https:\/\/www.padreydecano.com\/cms\/noticias\/maximo-recuperado\/","name":"M\u00e1ximo recuperado - Padre y Decano - El Sitio del Pueblo","isPartOf":{"@id":"https:\/\/www.padreydecano.com\/cms\/#website"},"primaryImageOfPage":{"@id":"https:\/\/www.padreydecano.com\/cms\/noticias\/maximo-recuperado\/#primaryimage"},"image":{"@id":"https:\/\/www.padreydecano.com\/cms\/noticias\/maximo-recuperado\/#primaryimage"},"thumbnailUrl":"https:\/\/www.padreydecano.com\/cms\/wp-content\/uploads\/2023\/04\/20230204_aperturaf01_PenarolvsCerro_-Juan-Manuel-Albores-_081-scaled.jpg","datePublished":"2023-04-05T17:11:16+00:00","dateModified":"2023-04-10T18:38:30+00:00","breadcrumb":{"@id":"https:\/\/www.padreydecano.com\/cms\/noticias\/maximo-recuperado\/#breadcrumb"},"inLanguage":"es","potentialAction":[{"@type":"ReadAction","target":["https:\/\/www.padreydecano.com\/cms\/noticias\/maximo-recuperado\/"]}]},{"@type":"ImageObject","inLanguage":"es","@id":"https:\/\/www.padreydecano.com\/cms\/noticias\/maximo-recuperado\/#primaryimage","url":"https:\/\/www.padreydecano.com\/cms\/wp-content\/uploads\/2023\/04\/20230204_aperturaf01_PenarolvsCerro_-Juan-Manuel-Albores-_081-scaled.jpg","contentUrl":"https:\/\/www.padreydecano.com\/cms\/wp-content\/uploads\/2023\/04\/20230204_aperturaf01_PenarolvsCerro_-Juan-Manuel-Albores-_081-scaled.jpg","width":2560,"height":1702},{"@type":"BreadcrumbList","@id":"https:\/\/www.padreydecano.com\/cms\/noticias\/maximo-recuperado\/#breadcrumb","itemListElement":[{"@type":"ListItem","position":1,"name":"Portada","item":"https:\/\/www.padreydecano.com\/cms\/"},{"@type":"ListItem","position":2,"name":"M\u00e1ximo recuperado"}]},{"@type":"WebSite","@id":"https:\/\/www.padreydecano.com\/cms\/#website","url":"https:\/\/www.padreydecano.com\/cms\/","name":"Padre y Decano - El Sitio del Pueblo","description":"Club Atl\u00e9tico Pe\u00f1arol","publisher":{"@id":"https:\/\/www.padreydecano.com\/cms\/#organization"},"potentialAction":[{"@type":"SearchAction","target":{"@type":"EntryPoint","urlTemplate":"https:\/\/www.padreydecano.com\/cms\/?s={search_term_string}"},"query-input":"required name=search_term_string"}],"inLanguage":"es"},{"@type":"Organization","@id":"https:\/\/www.padreydecano.com\/cms\/#organization","name":"Padre y Decano","url":"https:\/\/www.padreydecano.com\/cms\/","logo":{"@type":"ImageObject","inLanguage":"es","@id":"https:\/\/www.padreydecano.com\/cms\/#\/schema\/logo\/image\/","url":"https:\/\/www.padreydecano.com\/cms\/wp-content\/uploads\/2022\/01\/avatar-square.png","contentUrl":"https:\/\/www.padreydecano.com\/cms\/wp-content\/uploads\/2022\/01\/avatar-square.png","width":1500,"height":1500,"caption":"Padre y Decano"},"image":{"@id":"https:\/\/www.padreydecano.com\/cms\/#\/schema\/logo\/image\/"}},{"@type":"Person","@id":"https:\/\/www.padreydecano.com\/cms\/#\/schema\/person\/37aae8f93aa78e4c5385497f056e3246","name":"Redactores Padre y Decano","image":{"@type":"ImageObject","inLanguage":"es","@id":"https:\/\/www.padreydecano.com\/cms\/#\/schema\/person\/image\/","url":"https:\/\/secure.gravatar.com\/avatar\/8810c4b9081192b118b104af54549af8?s=96&d=https%3A%2F%2Fpadreydecano.com%2Fcms%2Fwp-content%2Fthemes%2Fpyd-theme%2Fimg%2Fdefault-avatar.png&r=g","contentUrl":"https:\/\/secure.gravatar.com\/avatar\/8810c4b9081192b118b104af54549af8?s=96&d=https%3A%2F%2Fpadreydecano.com%2Fcms%2Fwp-content%2Fthemes%2Fpyd-theme%2Fimg%2Fdefault-avatar.png&r=g","caption":"Redactores Padre y Decano"},"sameAs":["http:\/\/www.padreydecano.com"]}]}},"_links":{"self":[{"href":"https:\/\/www.padreydecano.com\/cms\/wp-json\/wp\/v2\/posts\/80195"}],"collection":[{"href":"https:\/\/www.padreydecano.com\/cms\/wp-json\/wp\/v2\/posts"}],"about":[{"href":"https:\/\/www.padreydecano.com\/cms\/wp-json\/wp\/v2\/types\/post"}],"author":[{"embeddable":true,"href":"https:\/\/www.padreydecano.com\/cms\/wp-json\/wp\/v2\/users\/27"}],"replies":[{"embeddable":true,"href":"https:\/\/www.padreydecano.com\/cms\/wp-json\/wp\/v2\/comments?post=80195"}],"version-history":[{"count":0,"href":"https:\/\/www.padreydecano.com\/cms\/wp-json\/wp\/v2\/posts\/80195\/revisions"}],"wp:featuredmedia":[{"embeddable":true,"href":"https:\/\/www.padreydecano.com\/cms\/wp-json\/wp\/v2\/media\/80196"}],"wp:attachment":[{"href":"https:\/\/www.padreydecano.com\/cms\/wp-json\/wp\/v2\/media?parent=80195"}],"wp:term":[{"taxonomy":"category","embeddable":true,"href":"https:\/\/www.padreydecano.com\/cms\/wp-json\/wp\/v2\/categories?post=80195"},{"taxonomy":"post_tag","embeddable":true,"href":"https:\/\/www.padreydecano.com\/cms\/wp-json\/wp\/v2\/tags?post=80195"}],"curies":[{"name":"wp","href":"https:\/\/api.w.org\/{rel}","templated":true}]}}