{"id":80083,"date":"2023-03-28T18:04:04","date_gmt":"2023-03-28T21:04:04","guid":{"rendered":"https:\/\/www.padreydecano.com\/cms\/?p=80083"},"modified":"2023-03-31T13:52:37","modified_gmt":"2023-03-31T16:52:37","slug":"en-marcha-la-semana-clasica","status":"publish","type":"post","link":"https:\/\/www.padreydecano.com\/cms\/noticias\/en-marcha-la-semana-clasica\/","title":{"rendered":"En marcha la semana cl\u00e1sica"},"content":{"rendered":"<p><img loading=\"lazy\" decoding=\"async\" class=\"alignnone size-medium wp-image-80084\" src=\"https:\/\/www.padreydecano.com\/cms\/wp-content\/uploads\/2023\/03\/20230325_LiverpoolvsPenarol_-Juan-Manuel-Albores-_008-800x532.jpg\" alt=\"\" width=\"800\" height=\"532\" srcset=\"https:\/\/www.padreydecano.com\/cms\/wp-content\/uploads\/2023\/03\/20230325_LiverpoolvsPenarol_-Juan-Manuel-Albores-_008-800x532.jpg 800w, https:\/\/www.padreydecano.com\/cms\/wp-content\/uploads\/2023\/03\/20230325_LiverpoolvsPenarol_-Juan-Manuel-Albores-_008-1280x851.jpg 1280w, https:\/\/www.padreydecano.com\/cms\/wp-content\/uploads\/2023\/03\/20230325_LiverpoolvsPenarol_-Juan-Manuel-Albores-_008-768x511.jpg 768w, https:\/\/www.padreydecano.com\/cms\/wp-content\/uploads\/2023\/03\/20230325_LiverpoolvsPenarol_-Juan-Manuel-Albores-_008-1536x1021.jpg 1536w, https:\/\/www.padreydecano.com\/cms\/wp-content\/uploads\/2023\/03\/20230325_LiverpoolvsPenarol_-Juan-Manuel-Albores-_008-2048x1362.jpg 2048w, https:\/\/www.padreydecano.com\/cms\/wp-content\/uploads\/2023\/03\/20230325_LiverpoolvsPenarol_-Juan-Manuel-Albores-_008-300x200.jpg 300w, https:\/\/www.padreydecano.com\/cms\/wp-content\/uploads\/2023\/03\/20230325_LiverpoolvsPenarol_-Juan-Manuel-Albores-_008-128x85.jpg 128w, https:\/\/www.padreydecano.com\/cms\/wp-content\/uploads\/2023\/03\/20230325_LiverpoolvsPenarol_-Juan-Manuel-Albores-_008-32x21.jpg 32w\" sizes=\"(max-width: 800px) 100vw, 800px\" \/><\/p>\n<p><strong>Pe\u00f1arol contin\u00faa trabajando en Los Aromos pensando en el cl\u00e1sico del pr\u00f3ximo s\u00e1bado en el Estadio Campe\u00f3n del Siglo. Lucas Hern\u00e1ndez recuperado lucha por un lugar en el equipo titular.<\/strong><\/p>\n<p>El pr\u00f3ximo s\u00e1bado a las 16 horas, Pe\u00f1arol recibir\u00e1 a Nacional en el Estadio Campe\u00f3n del Siglo por la novena fecha del Torneo Apertura 2023. El decano contin\u00faa con los preparativos del partido cl\u00e1sico en el Complejo Washington Cataldi.<\/p>\n<p>Lucas Hern\u00e1ndez ya est\u00e1 recuperado y luchar\u00e1 por un lugar en el equipo titular. Alfredo Arias decidir\u00e1 en los pr\u00f3ximos d\u00edas qui\u00e9nes integrar\u00e1n la banda izquierda del equipo, probablemente vayan Lucas Hern\u00e1ndez y Valent\u00edn Rodr\u00edguez.<\/p>\n<p>Abel Hern\u00e1ndez entrena a la par de sus compa\u00f1eros. Luego de no estar convocado por 3 fechas consecutivas debido a un parate futbol\u00edstico para recuperarse de su tendinitis aquiliana, el delantero de 32 a\u00f1os podr\u00eda retornar a la n\u00f3mina de convocados para enfrentar al tradicional adversario.<\/p>\n<p>Leonardo Coelho y Carlos S\u00e1nchez contin\u00faan recuper\u00e1ndose de sus respectivas lesiones. El \u00abPato\u00bb tiene chances de meterse en la convocatoria.<\/p>\n<p>Mat\u00edas Arezo regresar\u00e1 al pa\u00eds en la madrugada del d\u00eda jueves y quedar\u00e1 a la orden del cuerpo t\u00e9cnico aurinegro para sumarse a los planes del partido cl\u00e1sico.<\/p>\n<div class=\"user-wrapper\"><a class=\"userlink\"href=\"https:\/\/twitter.com\/ftrucce18\" target=\"_blank\"><figure><img decoding=\"async\" src=\"http:\/\/www.padreydecano.com\/cms\/wp-users-files\/postfirmas\/ftrucce.jpg\" \/><\/figure><p class=\"user\"><strong>Franco Trucce<\/strong><br \/>@FTrucce18<\/p><\/a><\/div>\n","protected":false},"excerpt":{"rendered":"<p>Pe\u00f1arol contin\u00faa trabajando en Los Aromos pensando en el cl\u00e1sico del pr\u00f3ximo s\u00e1bado en el Estadio Campe\u00f3n del Siglo. Lucas Hern\u00e1ndez recuperado lucha por un lugar en el equipo titular. El pr\u00f3ximo s\u00e1bado a las 16 horas, Pe\u00f1arol recibir\u00e1 a Nacional en el Estadio Campe\u00f3n del Siglo por la novena fecha del Torneo Apertura 2023. [&hellip;]<\/p>\n","protected":false},"author":27,"featured_media":80084,"comment_status":"open","ping_status":"closed","sticky":false,"template":"","format":"standard","meta":{"footnotes":""},"categories":[1],"tags":[590],"yoast_head":"<!-- This site is optimized with the Yoast SEO plugin v23.2 - https:\/\/yoast.com\/wordpress\/plugins\/seo\/ -->\n<title>En marcha la semana cl\u00e1sica - Padre y Decano - El Sitio del Pueblo<\/title>\n<meta name=\"robots\" content=\"index, follow, max-snippet:-1, max-image-preview:large, max-video-preview:-1\" \/>\n<link rel=\"canonical\" href=\"https:\/\/www.padreydecano.com\/cms\/noticias\/en-marcha-la-semana-clasica\/\" \/>\n<meta property=\"og:locale\" content=\"es_ES\" \/>\n<meta property=\"og:type\" content=\"article\" \/>\n<meta property=\"og:title\" content=\"En marcha la semana cl\u00e1sica - Padre y Decano - El Sitio del Pueblo\" \/>\n<meta property=\"og:description\" content=\"Pe\u00f1arol contin\u00faa trabajando en Los Aromos pensando en el cl\u00e1sico del pr\u00f3ximo s\u00e1bado en el Estadio Campe\u00f3n del Siglo. Lucas Hern\u00e1ndez recuperado lucha por un lugar en el equipo titular. El pr\u00f3ximo s\u00e1bado a las 16 horas, Pe\u00f1arol recibir\u00e1 a Nacional en el Estadio Campe\u00f3n del Siglo por la novena fecha del Torneo Apertura 2023. [&hellip;]\" \/>\n<meta property=\"og:url\" content=\"https:\/\/www.padreydecano.com\/cms\/noticias\/en-marcha-la-semana-clasica\/\" \/>\n<meta property=\"og:site_name\" content=\"Padre y Decano - El Sitio del Pueblo\" \/>\n<meta property=\"article:published_time\" content=\"2023-03-28T21:04:04+00:00\" \/>\n<meta property=\"article:modified_time\" content=\"2023-03-31T16:52:37+00:00\" \/>\n<meta property=\"og:image\" content=\"https:\/\/www.padreydecano.com\/cms\/wp-content\/uploads\/2023\/03\/20230325_LiverpoolvsPenarol_-Juan-Manuel-Albores-_008-scaled.jpg\" \/>\n\t<meta property=\"og:image:width\" content=\"2560\" \/>\n\t<meta property=\"og:image:height\" content=\"1702\" \/>\n\t<meta property=\"og:image:type\" content=\"image\/jpeg\" \/>\n<meta name=\"author\" content=\"Redactores Padre y Decano\" \/>\n<meta name=\"twitter:card\" content=\"summary_large_image\" \/>\n<meta name=\"twitter:label1\" content=\"Escrito por\" \/>\n\t<meta name=\"twitter:data1\" content=\"Redactores Padre y Decano\" \/>\n\t<meta name=\"twitter:label2\" content=\"Tiempo de lectura\" \/>\n\t<meta name=\"twitter:data2\" content=\"2 minutos\" \/>\n<script type=\"application\/ld+json\" class=\"yoast-schema-graph\">{\"@context\":\"https:\/\/schema.org\",\"@graph\":[{\"@type\":\"Article\",\"@id\":\"https:\/\/www.padreydecano.com\/cms\/noticias\/en-marcha-la-semana-clasica\/#article\",\"isPartOf\":{\"@id\":\"https:\/\/www.padreydecano.com\/cms\/noticias\/en-marcha-la-semana-clasica\/\"},\"author\":{\"name\":\"Redactores Padre y Decano\",\"@id\":\"https:\/\/www.padreydecano.com\/cms\/#\/schema\/person\/37aae8f93aa78e4c5385497f056e3246\"},\"headline\":\"En marcha la semana cl\u00e1sica\",\"datePublished\":\"2023-03-28T21:04:04+00:00\",\"dateModified\":\"2023-03-31T16:52:37+00:00\",\"mainEntityOfPage\":{\"@id\":\"https:\/\/www.padreydecano.com\/cms\/noticias\/en-marcha-la-semana-clasica\/\"},\"wordCount\":236,\"commentCount\":5,\"publisher\":{\"@id\":\"https:\/\/www.padreydecano.com\/cms\/#organization\"},\"image\":{\"@id\":\"https:\/\/www.padreydecano.com\/cms\/noticias\/en-marcha-la-semana-clasica\/#primaryimage\"},\"thumbnailUrl\":\"https:\/\/www.padreydecano.com\/cms\/wp-content\/uploads\/2023\/03\/20230325_LiverpoolvsPenarol_-Juan-Manuel-Albores-_008-scaled.jpg\",\"keywords\":[\"Campeonato Uruguayo 2023\"],\"articleSection\":[\"Noticias\"],\"inLanguage\":\"es\",\"potentialAction\":[{\"@type\":\"CommentAction\",\"name\":\"Comment\",\"target\":[\"https:\/\/www.padreydecano.com\/cms\/noticias\/en-marcha-la-semana-clasica\/#respond\"]}]},{\"@type\":\"WebPage\",\"@id\":\"https:\/\/www.padreydecano.com\/cms\/noticias\/en-marcha-la-semana-clasica\/\",\"url\":\"https:\/\/www.padreydecano.com\/cms\/noticias\/en-marcha-la-semana-clasica\/\",\"name\":\"En marcha la semana cl\u00e1sica - Padre y Decano - El Sitio del Pueblo\",\"isPartOf\":{\"@id\":\"https:\/\/www.padreydecano.com\/cms\/#website\"},\"primaryImageOfPage\":{\"@id\":\"https:\/\/www.padreydecano.com\/cms\/noticias\/en-marcha-la-semana-clasica\/#primaryimage\"},\"image\":{\"@id\":\"https:\/\/www.padreydecano.com\/cms\/noticias\/en-marcha-la-semana-clasica\/#primaryimage\"},\"thumbnailUrl\":\"https:\/\/www.padreydecano.com\/cms\/wp-content\/uploads\/2023\/03\/20230325_LiverpoolvsPenarol_-Juan-Manuel-Albores-_008-scaled.jpg\",\"datePublished\":\"2023-03-28T21:04:04+00:00\",\"dateModified\":\"2023-03-31T16:52:37+00:00\",\"breadcrumb\":{\"@id\":\"https:\/\/www.padreydecano.com\/cms\/noticias\/en-marcha-la-semana-clasica\/#breadcrumb\"},\"inLanguage\":\"es\",\"potentialAction\":[{\"@type\":\"ReadAction\",\"target\":[\"https:\/\/www.padreydecano.com\/cms\/noticias\/en-marcha-la-semana-clasica\/\"]}]},{\"@type\":\"ImageObject\",\"inLanguage\":\"es\",\"@id\":\"https:\/\/www.padreydecano.com\/cms\/noticias\/en-marcha-la-semana-clasica\/#primaryimage\",\"url\":\"https:\/\/www.padreydecano.com\/cms\/wp-content\/uploads\/2023\/03\/20230325_LiverpoolvsPenarol_-Juan-Manuel-Albores-_008-scaled.jpg\",\"contentUrl\":\"https:\/\/www.padreydecano.com\/cms\/wp-content\/uploads\/2023\/03\/20230325_LiverpoolvsPenarol_-Juan-Manuel-Albores-_008-scaled.jpg\",\"width\":2560,\"height\":1702},{\"@type\":\"BreadcrumbList\",\"@id\":\"https:\/\/www.padreydecano.com\/cms\/noticias\/en-marcha-la-semana-clasica\/#breadcrumb\",\"itemListElement\":[{\"@type\":\"ListItem\",\"position\":1,\"name\":\"Portada\",\"item\":\"https:\/\/www.padreydecano.com\/cms\/\"},{\"@type\":\"ListItem\",\"position\":2,\"name\":\"En marcha la semana cl\u00e1sica\"}]},{\"@type\":\"WebSite\",\"@id\":\"https:\/\/www.padreydecano.com\/cms\/#website\",\"url\":\"https:\/\/www.padreydecano.com\/cms\/\",\"name\":\"Padre y Decano - El Sitio del Pueblo\",\"description\":\"Club Atl\u00e9tico Pe\u00f1arol\",\"publisher\":{\"@id\":\"https:\/\/www.padreydecano.com\/cms\/#organization\"},\"potentialAction\":[{\"@type\":\"SearchAction\",\"target\":{\"@type\":\"EntryPoint\",\"urlTemplate\":\"https:\/\/www.padreydecano.com\/cms\/?s={search_term_string}\"},\"query-input\":\"required name=search_term_string\"}],\"inLanguage\":\"es\"},{\"@type\":\"Organization\",\"@id\":\"https:\/\/www.padreydecano.com\/cms\/#organization\",\"name\":\"Padre y Decano\",\"url\":\"https:\/\/www.padreydecano.com\/cms\/\",\"logo\":{\"@type\":\"ImageObject\",\"inLanguage\":\"es\",\"@id\":\"https:\/\/www.padreydecano.com\/cms\/#\/schema\/logo\/image\/\",\"url\":\"https:\/\/www.padreydecano.com\/cms\/wp-content\/uploads\/2022\/01\/avatar-square.png\",\"contentUrl\":\"https:\/\/www.padreydecano.com\/cms\/wp-content\/uploads\/2022\/01\/avatar-square.png\",\"width\":1500,\"height\":1500,\"caption\":\"Padre y Decano\"},\"image\":{\"@id\":\"https:\/\/www.padreydecano.com\/cms\/#\/schema\/logo\/image\/\"}},{\"@type\":\"Person\",\"@id\":\"https:\/\/www.padreydecano.com\/cms\/#\/schema\/person\/37aae8f93aa78e4c5385497f056e3246\",\"name\":\"Redactores Padre y Decano\",\"image\":{\"@type\":\"ImageObject\",\"inLanguage\":\"es\",\"@id\":\"https:\/\/www.padreydecano.com\/cms\/#\/schema\/person\/image\/\",\"url\":\"https:\/\/secure.gravatar.com\/avatar\/8810c4b9081192b118b104af54549af8?s=96&d=https%3A%2F%2Fpadreydecano.com%2Fcms%2Fwp-content%2Fthemes%2Fpyd-theme%2Fimg%2Fdefault-avatar.png&r=g\",\"contentUrl\":\"https:\/\/secure.gravatar.com\/avatar\/8810c4b9081192b118b104af54549af8?s=96&d=https%3A%2F%2Fpadreydecano.com%2Fcms%2Fwp-content%2Fthemes%2Fpyd-theme%2Fimg%2Fdefault-avatar.png&r=g\",\"caption\":\"Redactores Padre y Decano\"},\"sameAs\":[\"http:\/\/www.padreydecano.com\"]}]}<\/script>\n<!-- \/ Yoast SEO plugin. -->","yoast_head_json":{"title":"En marcha la semana cl\u00e1sica - Padre y Decano - El Sitio del Pueblo","robots":{"index":"index","follow":"follow","max-snippet":"max-snippet:-1","max-image-preview":"max-image-preview:large","max-video-preview":"max-video-preview:-1"},"canonical":"https:\/\/www.padreydecano.com\/cms\/noticias\/en-marcha-la-semana-clasica\/","og_locale":"es_ES","og_type":"article","og_title":"En marcha la semana cl\u00e1sica - Padre y Decano - El Sitio del Pueblo","og_description":"Pe\u00f1arol contin\u00faa trabajando en Los Aromos pensando en el cl\u00e1sico del pr\u00f3ximo s\u00e1bado en el Estadio Campe\u00f3n del Siglo. Lucas Hern\u00e1ndez recuperado lucha por un lugar en el equipo titular. El pr\u00f3ximo s\u00e1bado a las 16 horas, Pe\u00f1arol recibir\u00e1 a Nacional en el Estadio Campe\u00f3n del Siglo por la novena fecha del Torneo Apertura 2023. [&hellip;]","og_url":"https:\/\/www.padreydecano.com\/cms\/noticias\/en-marcha-la-semana-clasica\/","og_site_name":"Padre y Decano - El Sitio del Pueblo","article_published_time":"2023-03-28T21:04:04+00:00","article_modified_time":"2023-03-31T16:52:37+00:00","og_image":[{"width":2560,"height":1702,"url":"https:\/\/www.padreydecano.com\/cms\/wp-content\/uploads\/2023\/03\/20230325_LiverpoolvsPenarol_-Juan-Manuel-Albores-_008-scaled.jpg","type":"image\/jpeg"}],"author":"Redactores Padre y Decano","twitter_card":"summary_large_image","twitter_misc":{"Escrito por":"Redactores Padre y Decano","Tiempo de lectura":"2 minutos"},"schema":{"@context":"https:\/\/schema.org","@graph":[{"@type":"Article","@id":"https:\/\/www.padreydecano.com\/cms\/noticias\/en-marcha-la-semana-clasica\/#article","isPartOf":{"@id":"https:\/\/www.padreydecano.com\/cms\/noticias\/en-marcha-la-semana-clasica\/"},"author":{"name":"Redactores Padre y Decano","@id":"https:\/\/www.padreydecano.com\/cms\/#\/schema\/person\/37aae8f93aa78e4c5385497f056e3246"},"headline":"En marcha la semana cl\u00e1sica","datePublished":"2023-03-28T21:04:04+00:00","dateModified":"2023-03-31T16:52:37+00:00","mainEntityOfPage":{"@id":"https:\/\/www.padreydecano.com\/cms\/noticias\/en-marcha-la-semana-clasica\/"},"wordCount":236,"commentCount":5,"publisher":{"@id":"https:\/\/www.padreydecano.com\/cms\/#organization"},"image":{"@id":"https:\/\/www.padreydecano.com\/cms\/noticias\/en-marcha-la-semana-clasica\/#primaryimage"},"thumbnailUrl":"https:\/\/www.padreydecano.com\/cms\/wp-content\/uploads\/2023\/03\/20230325_LiverpoolvsPenarol_-Juan-Manuel-Albores-_008-scaled.jpg","keywords":["Campeonato Uruguayo 2023"],"articleSection":["Noticias"],"inLanguage":"es","potentialAction":[{"@type":"CommentAction","name":"Comment","target":["https:\/\/www.padreydecano.com\/cms\/noticias\/en-marcha-la-semana-clasica\/#respond"]}]},{"@type":"WebPage","@id":"https:\/\/www.padreydecano.com\/cms\/noticias\/en-marcha-la-semana-clasica\/","url":"https:\/\/www.padreydecano.com\/cms\/noticias\/en-marcha-la-semana-clasica\/","name":"En marcha la semana cl\u00e1sica - Padre y Decano - El Sitio del Pueblo","isPartOf":{"@id":"https:\/\/www.padreydecano.com\/cms\/#website"},"primaryImageOfPage":{"@id":"https:\/\/www.padreydecano.com\/cms\/noticias\/en-marcha-la-semana-clasica\/#primaryimage"},"image":{"@id":"https:\/\/www.padreydecano.com\/cms\/noticias\/en-marcha-la-semana-clasica\/#primaryimage"},"thumbnailUrl":"https:\/\/www.padreydecano.com\/cms\/wp-content\/uploads\/2023\/03\/20230325_LiverpoolvsPenarol_-Juan-Manuel-Albores-_008-scaled.jpg","datePublished":"2023-03-28T21:04:04+00:00","dateModified":"2023-03-31T16:52:37+00:00","breadcrumb":{"@id":"https:\/\/www.padreydecano.com\/cms\/noticias\/en-marcha-la-semana-clasica\/#breadcrumb"},"inLanguage":"es","potentialAction":[{"@type":"ReadAction","target":["https:\/\/www.padreydecano.com\/cms\/noticias\/en-marcha-la-semana-clasica\/"]}]},{"@type":"ImageObject","inLanguage":"es","@id":"https:\/\/www.padreydecano.com\/cms\/noticias\/en-marcha-la-semana-clasica\/#primaryimage","url":"https:\/\/www.padreydecano.com\/cms\/wp-content\/uploads\/2023\/03\/20230325_LiverpoolvsPenarol_-Juan-Manuel-Albores-_008-scaled.jpg","contentUrl":"https:\/\/www.padreydecano.com\/cms\/wp-content\/uploads\/2023\/03\/20230325_LiverpoolvsPenarol_-Juan-Manuel-Albores-_008-scaled.jpg","width":2560,"height":1702},{"@type":"BreadcrumbList","@id":"https:\/\/www.padreydecano.com\/cms\/noticias\/en-marcha-la-semana-clasica\/#breadcrumb","itemListElement":[{"@type":"ListItem","position":1,"name":"Portada","item":"https:\/\/www.padreydecano.com\/cms\/"},{"@type":"ListItem","position":2,"name":"En marcha la semana cl\u00e1sica"}]},{"@type":"WebSite","@id":"https:\/\/www.padreydecano.com\/cms\/#website","url":"https:\/\/www.padreydecano.com\/cms\/","name":"Padre y Decano - El Sitio del Pueblo","description":"Club Atl\u00e9tico Pe\u00f1arol","publisher":{"@id":"https:\/\/www.padreydecano.com\/cms\/#organization"},"potentialAction":[{"@type":"SearchAction","target":{"@type":"EntryPoint","urlTemplate":"https:\/\/www.padreydecano.com\/cms\/?s={search_term_string}"},"query-input":"required name=search_term_string"}],"inLanguage":"es"},{"@type":"Organization","@id":"https:\/\/www.padreydecano.com\/cms\/#organization","name":"Padre y Decano","url":"https:\/\/www.padreydecano.com\/cms\/","logo":{"@type":"ImageObject","inLanguage":"es","@id":"https:\/\/www.padreydecano.com\/cms\/#\/schema\/logo\/image\/","url":"https:\/\/www.padreydecano.com\/cms\/wp-content\/uploads\/2022\/01\/avatar-square.png","contentUrl":"https:\/\/www.padreydecano.com\/cms\/wp-content\/uploads\/2022\/01\/avatar-square.png","width":1500,"height":1500,"caption":"Padre y Decano"},"image":{"@id":"https:\/\/www.padreydecano.com\/cms\/#\/schema\/logo\/image\/"}},{"@type":"Person","@id":"https:\/\/www.padreydecano.com\/cms\/#\/schema\/person\/37aae8f93aa78e4c5385497f056e3246","name":"Redactores Padre y Decano","image":{"@type":"ImageObject","inLanguage":"es","@id":"https:\/\/www.padreydecano.com\/cms\/#\/schema\/person\/image\/","url":"https:\/\/secure.gravatar.com\/avatar\/8810c4b9081192b118b104af54549af8?s=96&d=https%3A%2F%2Fpadreydecano.com%2Fcms%2Fwp-content%2Fthemes%2Fpyd-theme%2Fimg%2Fdefault-avatar.png&r=g","contentUrl":"https:\/\/secure.gravatar.com\/avatar\/8810c4b9081192b118b104af54549af8?s=96&d=https%3A%2F%2Fpadreydecano.com%2Fcms%2Fwp-content%2Fthemes%2Fpyd-theme%2Fimg%2Fdefault-avatar.png&r=g","caption":"Redactores Padre y Decano"},"sameAs":["http:\/\/www.padreydecano.com"]}]}},"_links":{"self":[{"href":"https:\/\/www.padreydecano.com\/cms\/wp-json\/wp\/v2\/posts\/80083"}],"collection":[{"href":"https:\/\/www.padreydecano.com\/cms\/wp-json\/wp\/v2\/posts"}],"about":[{"href":"https:\/\/www.padreydecano.com\/cms\/wp-json\/wp\/v2\/types\/post"}],"author":[{"embeddable":true,"href":"https:\/\/www.padreydecano.com\/cms\/wp-json\/wp\/v2\/users\/27"}],"replies":[{"embeddable":true,"href":"https:\/\/www.padreydecano.com\/cms\/wp-json\/wp\/v2\/comments?post=80083"}],"version-history":[{"count":0,"href":"https:\/\/www.padreydecano.com\/cms\/wp-json\/wp\/v2\/posts\/80083\/revisions"}],"wp:featuredmedia":[{"embeddable":true,"href":"https:\/\/www.padreydecano.com\/cms\/wp-json\/wp\/v2\/media\/80084"}],"wp:attachment":[{"href":"https:\/\/www.padreydecano.com\/cms\/wp-json\/wp\/v2\/media?parent=80083"}],"wp:term":[{"taxonomy":"category","embeddable":true,"href":"https:\/\/www.padreydecano.com\/cms\/wp-json\/wp\/v2\/categories?post=80083"},{"taxonomy":"post_tag","embeddable":true,"href":"https:\/\/www.padreydecano.com\/cms\/wp-json\/wp\/v2\/tags?post=80083"}],"curies":[{"name":"wp","href":"https:\/\/api.w.org\/{rel}","templated":true}]}}