{"id":80081,"date":"2023-03-28T17:15:12","date_gmt":"2023-03-28T20:15:12","guid":{"rendered":"https:\/\/www.padreydecano.com\/cms\/?p=80081"},"modified":"2023-03-29T16:44:29","modified_gmt":"2023-03-29T19:44:29","slug":"arezo-tuvo-minutos","status":"publish","type":"post","link":"https:\/\/www.padreydecano.com\/cms\/noticias\/arezo-tuvo-minutos\/","title":{"rendered":"Arezo tuvo minutos"},"content":{"rendered":"<div id=\"attachment_80082\" style=\"width: 651px\" class=\"wp-caption alignnone\"><img loading=\"lazy\" decoding=\"async\" aria-describedby=\"caption-attachment-80082\" class=\"size-medium wp-image-80082\" src=\"https:\/\/www.padreydecano.com\/cms\/wp-content\/uploads\/2023\/03\/20230328_171144-641x800.jpg\" alt=\"\" width=\"641\" height=\"800\" srcset=\"https:\/\/www.padreydecano.com\/cms\/wp-content\/uploads\/2023\/03\/20230328_171144-641x800.jpg 641w, https:\/\/www.padreydecano.com\/cms\/wp-content\/uploads\/2023\/03\/20230328_171144-768x959.jpg 768w, https:\/\/www.padreydecano.com\/cms\/wp-content\/uploads\/2023\/03\/20230328_171144-240x300.jpg 240w, https:\/\/www.padreydecano.com\/cms\/wp-content\/uploads\/2023\/03\/20230328_171144-103x128.jpg 103w, https:\/\/www.padreydecano.com\/cms\/wp-content\/uploads\/2023\/03\/20230328_171144-26x32.jpg 26w, https:\/\/www.padreydecano.com\/cms\/wp-content\/uploads\/2023\/03\/20230328_171144.jpg 820w\" sizes=\"(max-width: 641px) 100vw, 641px\" \/><p id=\"caption-attachment-80082\" class=\"wp-caption-text\">Foto: @Uruguay<\/p><\/div>\n<p><strong>Mat\u00edas Arezo ingres\u00f3 a los 60 minutos en la victoria amistosa de Uruguay frente a Corea del Sur. El delantero llegar\u00e1 sobre el final de la preparaci\u00f3n cl\u00e1sica.<\/strong><\/p>\n<p>Uruguay derrot\u00f3 2 a 1 a Corea del Sur en un amistoso internacional. Mat\u00edas Arezo ingres\u00f3 para disputar los \u00faltimos 30 minutos m\u00e1s los 7 de adici\u00f3n tras recuperarse de su lesi\u00f3n en pleno viaje.<\/p>\n<p>El atacante en su primera pelota asisti\u00f3 r\u00e1pidamente para lo que ser\u00eda la falta de tiro libre, que derivar\u00eda en el segundo gol celeste. Fue su debut con la selecci\u00f3n uruguaya absoluta, y sus primeros minutos desde el empate ante Montevideo City Torque, previo a sufrir la distensi\u00f3n.<\/p>\n<p>El jugador termin\u00f3 el partido muy bien f\u00edsicamente y se sinti\u00f3 muy feliz de poder haber tenido minutos luego de recuperarse.<\/p>\n<p>La citaci\u00f3n del futbolista que retorn\u00f3 al f\u00fatbol uruguayo para jugar en el decano puede dejar un importante antecedente para aquellos jugadores que no est\u00e1n teniendo minutos en el exterior y necesitan recuperar actividad para mostrarse al cuerpo t\u00e9cnico de la selecci\u00f3n.<\/p>\n<p>Arezo volver\u00e1 al pa\u00eds en la madrugada del jueves, luego de varias horas de viaje a\u00e9reo. Ese d\u00eda realizar\u00e1 trabajos regenerativos y estar\u00e1 a la orden de Alfredo Arias pensando en el partido cl\u00e1sico.<\/p>\n<p>Si bien el futbolista de 20 a\u00f1os llegar\u00e1 en el final de la preparaci\u00f3n cl\u00e1sica a Los Aromos, se espera que sea titular en el duelo frente a Nacional en el Estadio Campe\u00f3n del Siglo, por la novena fecha del Torneo Apertura 2023.<\/p>\n<div class=\"user-wrapper\"><a class=\"userlink\"href=\"https:\/\/twitter.com\/ftrucce18\" target=\"_blank\"><figure><img decoding=\"async\" src=\"http:\/\/www.padreydecano.com\/cms\/wp-users-files\/postfirmas\/ftrucce.jpg\" \/><\/figure><p class=\"user\"><strong>Franco Trucce<\/strong><br \/>@FTrucce18<\/p><\/a><\/div>\n","protected":false},"excerpt":{"rendered":"<p>Mat\u00edas Arezo ingres\u00f3 a los 60 minutos en la victoria amistosa de Uruguay frente a Corea del Sur. El delantero llegar\u00e1 sobre el final de la preparaci\u00f3n cl\u00e1sica. Uruguay derrot\u00f3 2 a 1 a Corea del Sur en un amistoso internacional. Mat\u00edas Arezo ingres\u00f3 para disputar los \u00faltimos 30 minutos m\u00e1s los 7 de adici\u00f3n [&hellip;]<\/p>\n","protected":false},"author":27,"featured_media":80082,"comment_status":"open","ping_status":"closed","sticky":false,"template":"","format":"standard","meta":{"footnotes":""},"categories":[1],"tags":[],"yoast_head":"<!-- This site is optimized with the Yoast SEO plugin v23.2 - https:\/\/yoast.com\/wordpress\/plugins\/seo\/ -->\n<title>Arezo tuvo minutos - Padre y Decano - El Sitio del Pueblo<\/title>\n<meta name=\"robots\" content=\"index, follow, max-snippet:-1, max-image-preview:large, max-video-preview:-1\" \/>\n<link rel=\"canonical\" href=\"https:\/\/www.padreydecano.com\/cms\/noticias\/arezo-tuvo-minutos\/\" \/>\n<meta property=\"og:locale\" content=\"es_ES\" \/>\n<meta property=\"og:type\" content=\"article\" \/>\n<meta property=\"og:title\" content=\"Arezo tuvo minutos - Padre y Decano - El Sitio del Pueblo\" \/>\n<meta property=\"og:description\" content=\"Mat\u00edas Arezo ingres\u00f3 a los 60 minutos en la victoria amistosa de Uruguay frente a Corea del Sur. El delantero llegar\u00e1 sobre el final de la preparaci\u00f3n cl\u00e1sica. Uruguay derrot\u00f3 2 a 1 a Corea del Sur en un amistoso internacional. Mat\u00edas Arezo ingres\u00f3 para disputar los \u00faltimos 30 minutos m\u00e1s los 7 de adici\u00f3n [&hellip;]\" \/>\n<meta property=\"og:url\" content=\"https:\/\/www.padreydecano.com\/cms\/noticias\/arezo-tuvo-minutos\/\" \/>\n<meta property=\"og:site_name\" content=\"Padre y Decano - El Sitio del Pueblo\" \/>\n<meta property=\"article:published_time\" content=\"2023-03-28T20:15:12+00:00\" \/>\n<meta property=\"article:modified_time\" content=\"2023-03-29T19:44:29+00:00\" \/>\n<meta property=\"og:image\" content=\"https:\/\/www.padreydecano.com\/cms\/wp-content\/uploads\/2023\/03\/20230328_171144.jpg\" \/>\n\t<meta property=\"og:image:width\" content=\"820\" \/>\n\t<meta property=\"og:image:height\" content=\"1024\" \/>\n\t<meta property=\"og:image:type\" content=\"image\/jpeg\" \/>\n<meta name=\"author\" content=\"Redactores Padre y Decano\" \/>\n<meta name=\"twitter:card\" content=\"summary_large_image\" \/>\n<meta name=\"twitter:label1\" content=\"Escrito por\" \/>\n\t<meta name=\"twitter:data1\" content=\"Redactores Padre y Decano\" \/>\n\t<meta name=\"twitter:label2\" content=\"Tiempo de lectura\" \/>\n\t<meta name=\"twitter:data2\" content=\"2 minutos\" \/>\n<script type=\"application\/ld+json\" class=\"yoast-schema-graph\">{\"@context\":\"https:\/\/schema.org\",\"@graph\":[{\"@type\":\"Article\",\"@id\":\"https:\/\/www.padreydecano.com\/cms\/noticias\/arezo-tuvo-minutos\/#article\",\"isPartOf\":{\"@id\":\"https:\/\/www.padreydecano.com\/cms\/noticias\/arezo-tuvo-minutos\/\"},\"author\":{\"name\":\"Redactores Padre y Decano\",\"@id\":\"https:\/\/www.padreydecano.com\/cms\/#\/schema\/person\/37aae8f93aa78e4c5385497f056e3246\"},\"headline\":\"Arezo tuvo minutos\",\"datePublished\":\"2023-03-28T20:15:12+00:00\",\"dateModified\":\"2023-03-29T19:44:29+00:00\",\"mainEntityOfPage\":{\"@id\":\"https:\/\/www.padreydecano.com\/cms\/noticias\/arezo-tuvo-minutos\/\"},\"wordCount\":283,\"commentCount\":1,\"publisher\":{\"@id\":\"https:\/\/www.padreydecano.com\/cms\/#organization\"},\"image\":{\"@id\":\"https:\/\/www.padreydecano.com\/cms\/noticias\/arezo-tuvo-minutos\/#primaryimage\"},\"thumbnailUrl\":\"https:\/\/www.padreydecano.com\/cms\/wp-content\/uploads\/2023\/03\/20230328_171144.jpg\",\"articleSection\":[\"Noticias\"],\"inLanguage\":\"es\",\"potentialAction\":[{\"@type\":\"CommentAction\",\"name\":\"Comment\",\"target\":[\"https:\/\/www.padreydecano.com\/cms\/noticias\/arezo-tuvo-minutos\/#respond\"]}]},{\"@type\":\"WebPage\",\"@id\":\"https:\/\/www.padreydecano.com\/cms\/noticias\/arezo-tuvo-minutos\/\",\"url\":\"https:\/\/www.padreydecano.com\/cms\/noticias\/arezo-tuvo-minutos\/\",\"name\":\"Arezo tuvo minutos - Padre y Decano - El Sitio del Pueblo\",\"isPartOf\":{\"@id\":\"https:\/\/www.padreydecano.com\/cms\/#website\"},\"primaryImageOfPage\":{\"@id\":\"https:\/\/www.padreydecano.com\/cms\/noticias\/arezo-tuvo-minutos\/#primaryimage\"},\"image\":{\"@id\":\"https:\/\/www.padreydecano.com\/cms\/noticias\/arezo-tuvo-minutos\/#primaryimage\"},\"thumbnailUrl\":\"https:\/\/www.padreydecano.com\/cms\/wp-content\/uploads\/2023\/03\/20230328_171144.jpg\",\"datePublished\":\"2023-03-28T20:15:12+00:00\",\"dateModified\":\"2023-03-29T19:44:29+00:00\",\"breadcrumb\":{\"@id\":\"https:\/\/www.padreydecano.com\/cms\/noticias\/arezo-tuvo-minutos\/#breadcrumb\"},\"inLanguage\":\"es\",\"potentialAction\":[{\"@type\":\"ReadAction\",\"target\":[\"https:\/\/www.padreydecano.com\/cms\/noticias\/arezo-tuvo-minutos\/\"]}]},{\"@type\":\"ImageObject\",\"inLanguage\":\"es\",\"@id\":\"https:\/\/www.padreydecano.com\/cms\/noticias\/arezo-tuvo-minutos\/#primaryimage\",\"url\":\"https:\/\/www.padreydecano.com\/cms\/wp-content\/uploads\/2023\/03\/20230328_171144.jpg\",\"contentUrl\":\"https:\/\/www.padreydecano.com\/cms\/wp-content\/uploads\/2023\/03\/20230328_171144.jpg\",\"width\":820,\"height\":1024,\"caption\":\"Foto: @Uruguay\"},{\"@type\":\"BreadcrumbList\",\"@id\":\"https:\/\/www.padreydecano.com\/cms\/noticias\/arezo-tuvo-minutos\/#breadcrumb\",\"itemListElement\":[{\"@type\":\"ListItem\",\"position\":1,\"name\":\"Portada\",\"item\":\"https:\/\/www.padreydecano.com\/cms\/\"},{\"@type\":\"ListItem\",\"position\":2,\"name\":\"Arezo tuvo minutos\"}]},{\"@type\":\"WebSite\",\"@id\":\"https:\/\/www.padreydecano.com\/cms\/#website\",\"url\":\"https:\/\/www.padreydecano.com\/cms\/\",\"name\":\"Padre y Decano - El Sitio del Pueblo\",\"description\":\"Club Atl\u00e9tico Pe\u00f1arol\",\"publisher\":{\"@id\":\"https:\/\/www.padreydecano.com\/cms\/#organization\"},\"potentialAction\":[{\"@type\":\"SearchAction\",\"target\":{\"@type\":\"EntryPoint\",\"urlTemplate\":\"https:\/\/www.padreydecano.com\/cms\/?s={search_term_string}\"},\"query-input\":\"required name=search_term_string\"}],\"inLanguage\":\"es\"},{\"@type\":\"Organization\",\"@id\":\"https:\/\/www.padreydecano.com\/cms\/#organization\",\"name\":\"Padre y Decano\",\"url\":\"https:\/\/www.padreydecano.com\/cms\/\",\"logo\":{\"@type\":\"ImageObject\",\"inLanguage\":\"es\",\"@id\":\"https:\/\/www.padreydecano.com\/cms\/#\/schema\/logo\/image\/\",\"url\":\"https:\/\/www.padreydecano.com\/cms\/wp-content\/uploads\/2022\/01\/avatar-square.png\",\"contentUrl\":\"https:\/\/www.padreydecano.com\/cms\/wp-content\/uploads\/2022\/01\/avatar-square.png\",\"width\":1500,\"height\":1500,\"caption\":\"Padre y Decano\"},\"image\":{\"@id\":\"https:\/\/www.padreydecano.com\/cms\/#\/schema\/logo\/image\/\"}},{\"@type\":\"Person\",\"@id\":\"https:\/\/www.padreydecano.com\/cms\/#\/schema\/person\/37aae8f93aa78e4c5385497f056e3246\",\"name\":\"Redactores Padre y Decano\",\"image\":{\"@type\":\"ImageObject\",\"inLanguage\":\"es\",\"@id\":\"https:\/\/www.padreydecano.com\/cms\/#\/schema\/person\/image\/\",\"url\":\"https:\/\/secure.gravatar.com\/avatar\/8810c4b9081192b118b104af54549af8?s=96&d=https%3A%2F%2Fpadreydecano.com%2Fcms%2Fwp-content%2Fthemes%2Fpyd-theme%2Fimg%2Fdefault-avatar.png&r=g\",\"contentUrl\":\"https:\/\/secure.gravatar.com\/avatar\/8810c4b9081192b118b104af54549af8?s=96&d=https%3A%2F%2Fpadreydecano.com%2Fcms%2Fwp-content%2Fthemes%2Fpyd-theme%2Fimg%2Fdefault-avatar.png&r=g\",\"caption\":\"Redactores Padre y Decano\"},\"sameAs\":[\"http:\/\/www.padreydecano.com\"]}]}<\/script>\n<!-- \/ Yoast SEO plugin. -->","yoast_head_json":{"title":"Arezo tuvo minutos - Padre y Decano - El Sitio del Pueblo","robots":{"index":"index","follow":"follow","max-snippet":"max-snippet:-1","max-image-preview":"max-image-preview:large","max-video-preview":"max-video-preview:-1"},"canonical":"https:\/\/www.padreydecano.com\/cms\/noticias\/arezo-tuvo-minutos\/","og_locale":"es_ES","og_type":"article","og_title":"Arezo tuvo minutos - Padre y Decano - El Sitio del Pueblo","og_description":"Mat\u00edas Arezo ingres\u00f3 a los 60 minutos en la victoria amistosa de Uruguay frente a Corea del Sur. El delantero llegar\u00e1 sobre el final de la preparaci\u00f3n cl\u00e1sica. Uruguay derrot\u00f3 2 a 1 a Corea del Sur en un amistoso internacional. Mat\u00edas Arezo ingres\u00f3 para disputar los \u00faltimos 30 minutos m\u00e1s los 7 de adici\u00f3n [&hellip;]","og_url":"https:\/\/www.padreydecano.com\/cms\/noticias\/arezo-tuvo-minutos\/","og_site_name":"Padre y Decano - El Sitio del Pueblo","article_published_time":"2023-03-28T20:15:12+00:00","article_modified_time":"2023-03-29T19:44:29+00:00","og_image":[{"width":820,"height":1024,"url":"https:\/\/www.padreydecano.com\/cms\/wp-content\/uploads\/2023\/03\/20230328_171144.jpg","type":"image\/jpeg"}],"author":"Redactores Padre y Decano","twitter_card":"summary_large_image","twitter_misc":{"Escrito por":"Redactores Padre y Decano","Tiempo de lectura":"2 minutos"},"schema":{"@context":"https:\/\/schema.org","@graph":[{"@type":"Article","@id":"https:\/\/www.padreydecano.com\/cms\/noticias\/arezo-tuvo-minutos\/#article","isPartOf":{"@id":"https:\/\/www.padreydecano.com\/cms\/noticias\/arezo-tuvo-minutos\/"},"author":{"name":"Redactores Padre y Decano","@id":"https:\/\/www.padreydecano.com\/cms\/#\/schema\/person\/37aae8f93aa78e4c5385497f056e3246"},"headline":"Arezo tuvo minutos","datePublished":"2023-03-28T20:15:12+00:00","dateModified":"2023-03-29T19:44:29+00:00","mainEntityOfPage":{"@id":"https:\/\/www.padreydecano.com\/cms\/noticias\/arezo-tuvo-minutos\/"},"wordCount":283,"commentCount":1,"publisher":{"@id":"https:\/\/www.padreydecano.com\/cms\/#organization"},"image":{"@id":"https:\/\/www.padreydecano.com\/cms\/noticias\/arezo-tuvo-minutos\/#primaryimage"},"thumbnailUrl":"https:\/\/www.padreydecano.com\/cms\/wp-content\/uploads\/2023\/03\/20230328_171144.jpg","articleSection":["Noticias"],"inLanguage":"es","potentialAction":[{"@type":"CommentAction","name":"Comment","target":["https:\/\/www.padreydecano.com\/cms\/noticias\/arezo-tuvo-minutos\/#respond"]}]},{"@type":"WebPage","@id":"https:\/\/www.padreydecano.com\/cms\/noticias\/arezo-tuvo-minutos\/","url":"https:\/\/www.padreydecano.com\/cms\/noticias\/arezo-tuvo-minutos\/","name":"Arezo tuvo minutos - Padre y Decano - El Sitio del Pueblo","isPartOf":{"@id":"https:\/\/www.padreydecano.com\/cms\/#website"},"primaryImageOfPage":{"@id":"https:\/\/www.padreydecano.com\/cms\/noticias\/arezo-tuvo-minutos\/#primaryimage"},"image":{"@id":"https:\/\/www.padreydecano.com\/cms\/noticias\/arezo-tuvo-minutos\/#primaryimage"},"thumbnailUrl":"https:\/\/www.padreydecano.com\/cms\/wp-content\/uploads\/2023\/03\/20230328_171144.jpg","datePublished":"2023-03-28T20:15:12+00:00","dateModified":"2023-03-29T19:44:29+00:00","breadcrumb":{"@id":"https:\/\/www.padreydecano.com\/cms\/noticias\/arezo-tuvo-minutos\/#breadcrumb"},"inLanguage":"es","potentialAction":[{"@type":"ReadAction","target":["https:\/\/www.padreydecano.com\/cms\/noticias\/arezo-tuvo-minutos\/"]}]},{"@type":"ImageObject","inLanguage":"es","@id":"https:\/\/www.padreydecano.com\/cms\/noticias\/arezo-tuvo-minutos\/#primaryimage","url":"https:\/\/www.padreydecano.com\/cms\/wp-content\/uploads\/2023\/03\/20230328_171144.jpg","contentUrl":"https:\/\/www.padreydecano.com\/cms\/wp-content\/uploads\/2023\/03\/20230328_171144.jpg","width":820,"height":1024,"caption":"Foto: @Uruguay"},{"@type":"BreadcrumbList","@id":"https:\/\/www.padreydecano.com\/cms\/noticias\/arezo-tuvo-minutos\/#breadcrumb","itemListElement":[{"@type":"ListItem","position":1,"name":"Portada","item":"https:\/\/www.padreydecano.com\/cms\/"},{"@type":"ListItem","position":2,"name":"Arezo tuvo minutos"}]},{"@type":"WebSite","@id":"https:\/\/www.padreydecano.com\/cms\/#website","url":"https:\/\/www.padreydecano.com\/cms\/","name":"Padre y Decano - El Sitio del Pueblo","description":"Club Atl\u00e9tico Pe\u00f1arol","publisher":{"@id":"https:\/\/www.padreydecano.com\/cms\/#organization"},"potentialAction":[{"@type":"SearchAction","target":{"@type":"EntryPoint","urlTemplate":"https:\/\/www.padreydecano.com\/cms\/?s={search_term_string}"},"query-input":"required name=search_term_string"}],"inLanguage":"es"},{"@type":"Organization","@id":"https:\/\/www.padreydecano.com\/cms\/#organization","name":"Padre y Decano","url":"https:\/\/www.padreydecano.com\/cms\/","logo":{"@type":"ImageObject","inLanguage":"es","@id":"https:\/\/www.padreydecano.com\/cms\/#\/schema\/logo\/image\/","url":"https:\/\/www.padreydecano.com\/cms\/wp-content\/uploads\/2022\/01\/avatar-square.png","contentUrl":"https:\/\/www.padreydecano.com\/cms\/wp-content\/uploads\/2022\/01\/avatar-square.png","width":1500,"height":1500,"caption":"Padre y Decano"},"image":{"@id":"https:\/\/www.padreydecano.com\/cms\/#\/schema\/logo\/image\/"}},{"@type":"Person","@id":"https:\/\/www.padreydecano.com\/cms\/#\/schema\/person\/37aae8f93aa78e4c5385497f056e3246","name":"Redactores Padre y Decano","image":{"@type":"ImageObject","inLanguage":"es","@id":"https:\/\/www.padreydecano.com\/cms\/#\/schema\/person\/image\/","url":"https:\/\/secure.gravatar.com\/avatar\/8810c4b9081192b118b104af54549af8?s=96&d=https%3A%2F%2Fpadreydecano.com%2Fcms%2Fwp-content%2Fthemes%2Fpyd-theme%2Fimg%2Fdefault-avatar.png&r=g","contentUrl":"https:\/\/secure.gravatar.com\/avatar\/8810c4b9081192b118b104af54549af8?s=96&d=https%3A%2F%2Fpadreydecano.com%2Fcms%2Fwp-content%2Fthemes%2Fpyd-theme%2Fimg%2Fdefault-avatar.png&r=g","caption":"Redactores Padre y Decano"},"sameAs":["http:\/\/www.padreydecano.com"]}]}},"_links":{"self":[{"href":"https:\/\/www.padreydecano.com\/cms\/wp-json\/wp\/v2\/posts\/80081"}],"collection":[{"href":"https:\/\/www.padreydecano.com\/cms\/wp-json\/wp\/v2\/posts"}],"about":[{"href":"https:\/\/www.padreydecano.com\/cms\/wp-json\/wp\/v2\/types\/post"}],"author":[{"embeddable":true,"href":"https:\/\/www.padreydecano.com\/cms\/wp-json\/wp\/v2\/users\/27"}],"replies":[{"embeddable":true,"href":"https:\/\/www.padreydecano.com\/cms\/wp-json\/wp\/v2\/comments?post=80081"}],"version-history":[{"count":0,"href":"https:\/\/www.padreydecano.com\/cms\/wp-json\/wp\/v2\/posts\/80081\/revisions"}],"wp:featuredmedia":[{"embeddable":true,"href":"https:\/\/www.padreydecano.com\/cms\/wp-json\/wp\/v2\/media\/80082"}],"wp:attachment":[{"href":"https:\/\/www.padreydecano.com\/cms\/wp-json\/wp\/v2\/media?parent=80081"}],"wp:term":[{"taxonomy":"category","embeddable":true,"href":"https:\/\/www.padreydecano.com\/cms\/wp-json\/wp\/v2\/categories?post=80081"},{"taxonomy":"post_tag","embeddable":true,"href":"https:\/\/www.padreydecano.com\/cms\/wp-json\/wp\/v2\/tags?post=80081"}],"curies":[{"name":"wp","href":"https:\/\/api.w.org\/{rel}","templated":true}]}}