{"id":80065,"date":"2023-03-27T21:46:17","date_gmt":"2023-03-28T00:46:17","guid":{"rendered":"https:\/\/www.padreydecano.com\/cms\/?p=80065"},"modified":"2023-03-30T21:26:16","modified_gmt":"2023-03-31T00:26:16","slug":"grupo-de-la-muerte","status":"publish","type":"post","link":"https:\/\/www.padreydecano.com\/cms\/noticias\/grupo-de-la-muerte\/","title":{"rendered":"Grupo de la muerte\u00a0"},"content":{"rendered":"<p><img loading=\"lazy\" decoding=\"async\" class=\"alignnone size-medium wp-image-79922\" src=\"https:\/\/www.padreydecano.com\/cms\/wp-content\/uploads\/2023\/03\/20230219_PenarolvsBostonRiver_-Juan-Manuel-Albores-_062-600x400.jpg\" alt=\"\" width=\"600\" height=\"400\" srcset=\"https:\/\/www.padreydecano.com\/cms\/wp-content\/uploads\/2023\/03\/20230219_PenarolvsBostonRiver_-Juan-Manuel-Albores-_062-600x400.jpg 600w, https:\/\/www.padreydecano.com\/cms\/wp-content\/uploads\/2023\/03\/20230219_PenarolvsBostonRiver_-Juan-Manuel-Albores-_062-1024x683.jpg 1024w, https:\/\/www.padreydecano.com\/cms\/wp-content\/uploads\/2023\/03\/20230219_PenarolvsBostonRiver_-Juan-Manuel-Albores-_062-768x512.jpg 768w, https:\/\/www.padreydecano.com\/cms\/wp-content\/uploads\/2023\/03\/20230219_PenarolvsBostonRiver_-Juan-Manuel-Albores-_062-1536x1024.jpg 1536w, https:\/\/www.padreydecano.com\/cms\/wp-content\/uploads\/2023\/03\/20230219_PenarolvsBostonRiver_-Juan-Manuel-Albores-_062-2048x1365.jpg 2048w, https:\/\/www.padreydecano.com\/cms\/wp-content\/uploads\/2023\/03\/20230219_PenarolvsBostonRiver_-Juan-Manuel-Albores-_062-300x200.jpg 300w, https:\/\/www.padreydecano.com\/cms\/wp-content\/uploads\/2023\/03\/20230219_PenarolvsBostonRiver_-Juan-Manuel-Albores-_062-128x85.jpg 128w, https:\/\/www.padreydecano.com\/cms\/wp-content\/uploads\/2023\/03\/20230219_PenarolvsBostonRiver_-Juan-Manuel-Albores-_062-32x21.jpg 32w\" sizes=\"(max-width: 600px) 100vw, 600px\" \/><\/p>\n<p><strong>Se sorte\u00f3 la fase de grupos de la Copa Sudamericana 2023. Pe\u00f1arol integrar\u00e1 el Grupo F, junto a Defensa y Justicia, Am\u00e9rica Mineiro y Millonarios.<\/strong><\/p>\n<p>El decano del f\u00fatbol uruguayo ya conoce a sus rivales de la fase de grupos de la Copa Sudamericana 2023.<\/p>\n<p><span style=\"color: #ffcc00;\"><strong>Fixture<\/strong><\/span><\/p>\n<p><strong>Fecha 1:<\/strong> Am\u00e9rica Mineiro vs Pe\u00f1arol.<\/p>\n<p><strong>Fecha 2:<\/strong> Pe\u00f1arol vs Millonarios<\/p>\n<p><strong>Fecha 3:<\/strong> Defensa y Justicia vs Pe\u00f1arol<\/p>\n<p><strong>Fecha 4:<\/strong> Millonarios vs Pe\u00f1arol<\/p>\n<p><strong>Fecha 5:<\/strong> Pe\u00f1arol vs Defensa y Justicia<\/p>\n<p><strong>Fecha 6:<\/strong> Pe\u00f1arol vs Am\u00e9rica Mineiro<\/p>\n<p>Las fechas y horarios se dar\u00e1n a conocer pr\u00f3ximamente.<\/p>\n<p>Grupo complicado, rivales de peso y 2 viajes considerables para el carbonero, que deber\u00e1 afrontar 3 partidos de visitante en sus primeras 4 apariciones y definir\u00e1 los 2 \u00faltimos en el Estadio Campe\u00f3n del Siglo.<\/p>\n<p>El primero de cada grupo avanzar\u00e1 a los octavos de final del certamen internacional, mientras que el segundo enfrentar\u00e1 a un equipo que haya quedado en la tercera posici\u00f3n en la fase de grupos de la Copa Libertadores en los dieciseisavos de final.<\/p>\n<div class=\"user-wrapper\"><a class=\"userlink\"href=\"https:\/\/twitter.com\/ftrucce18\" target=\"_blank\"><figure><img decoding=\"async\" src=\"http:\/\/www.padreydecano.com\/cms\/wp-users-files\/postfirmas\/ftrucce.jpg\" \/><\/figure><p class=\"user\"><strong>Franco Trucce<\/strong><br \/>@FTrucce18<\/p><\/a><\/div>\n","protected":false},"excerpt":{"rendered":"<p>Se sorte\u00f3 la fase de grupos de la Copa Sudamericana 2023. Pe\u00f1arol integrar\u00e1 el Grupo F, junto a Defensa y Justicia, Am\u00e9rica Mineiro y Millonarios. El decano del f\u00fatbol uruguayo ya conoce a sus rivales de la fase de grupos de la Copa Sudamericana 2023. Fixture Fecha 1: Am\u00e9rica Mineiro vs Pe\u00f1arol. Fecha 2: Pe\u00f1arol [&hellip;]<\/p>\n","protected":false},"author":27,"featured_media":79922,"comment_status":"open","ping_status":"closed","sticky":false,"template":"","format":"standard","meta":{"footnotes":""},"categories":[1],"tags":[594],"yoast_head":"<!-- This site is optimized with the Yoast SEO plugin v23.2 - https:\/\/yoast.com\/wordpress\/plugins\/seo\/ -->\n<title>Grupo de la muerte\u00a0 - Padre y Decano - El Sitio del Pueblo<\/title>\n<meta name=\"robots\" content=\"index, follow, max-snippet:-1, max-image-preview:large, max-video-preview:-1\" \/>\n<link rel=\"canonical\" href=\"https:\/\/www.padreydecano.com\/cms\/noticias\/grupo-de-la-muerte\/\" \/>\n<meta property=\"og:locale\" content=\"es_ES\" \/>\n<meta property=\"og:type\" content=\"article\" \/>\n<meta property=\"og:title\" content=\"Grupo de la muerte\u00a0 - Padre y Decano - El Sitio del Pueblo\" \/>\n<meta property=\"og:description\" content=\"Se sorte\u00f3 la fase de grupos de la Copa Sudamericana 2023. Pe\u00f1arol integrar\u00e1 el Grupo F, junto a Defensa y Justicia, Am\u00e9rica Mineiro y Millonarios. El decano del f\u00fatbol uruguayo ya conoce a sus rivales de la fase de grupos de la Copa Sudamericana 2023. Fixture Fecha 1: Am\u00e9rica Mineiro vs Pe\u00f1arol. Fecha 2: Pe\u00f1arol [&hellip;]\" \/>\n<meta property=\"og:url\" content=\"https:\/\/www.padreydecano.com\/cms\/noticias\/grupo-de-la-muerte\/\" \/>\n<meta property=\"og:site_name\" content=\"Padre y Decano - El Sitio del Pueblo\" \/>\n<meta property=\"article:published_time\" content=\"2023-03-28T00:46:17+00:00\" \/>\n<meta property=\"article:modified_time\" content=\"2023-03-31T00:26:16+00:00\" \/>\n<meta property=\"og:image\" content=\"https:\/\/www.padreydecano.com\/cms\/wp-content\/uploads\/2023\/03\/20230219_PenarolvsBostonRiver_-Juan-Manuel-Albores-_062-scaled.jpg\" \/>\n\t<meta property=\"og:image:width\" content=\"2560\" \/>\n\t<meta property=\"og:image:height\" content=\"1707\" \/>\n\t<meta property=\"og:image:type\" content=\"image\/jpeg\" \/>\n<meta name=\"author\" content=\"Redactores Padre y Decano\" \/>\n<meta name=\"twitter:card\" content=\"summary_large_image\" \/>\n<meta name=\"twitter:label1\" content=\"Escrito por\" \/>\n\t<meta name=\"twitter:data1\" content=\"Redactores Padre y Decano\" \/>\n\t<meta name=\"twitter:label2\" content=\"Tiempo de lectura\" \/>\n\t<meta name=\"twitter:data2\" content=\"1 minuto\" \/>\n<script type=\"application\/ld+json\" class=\"yoast-schema-graph\">{\"@context\":\"https:\/\/schema.org\",\"@graph\":[{\"@type\":\"Article\",\"@id\":\"https:\/\/www.padreydecano.com\/cms\/noticias\/grupo-de-la-muerte\/#article\",\"isPartOf\":{\"@id\":\"https:\/\/www.padreydecano.com\/cms\/noticias\/grupo-de-la-muerte\/\"},\"author\":{\"name\":\"Redactores Padre y Decano\",\"@id\":\"https:\/\/www.padreydecano.com\/cms\/#\/schema\/person\/37aae8f93aa78e4c5385497f056e3246\"},\"headline\":\"Grupo de la muerte\u00a0\",\"datePublished\":\"2023-03-28T00:46:17+00:00\",\"dateModified\":\"2023-03-31T00:26:16+00:00\",\"mainEntityOfPage\":{\"@id\":\"https:\/\/www.padreydecano.com\/cms\/noticias\/grupo-de-la-muerte\/\"},\"wordCount\":177,\"commentCount\":23,\"publisher\":{\"@id\":\"https:\/\/www.padreydecano.com\/cms\/#organization\"},\"image\":{\"@id\":\"https:\/\/www.padreydecano.com\/cms\/noticias\/grupo-de-la-muerte\/#primaryimage\"},\"thumbnailUrl\":\"https:\/\/www.padreydecano.com\/cms\/wp-content\/uploads\/2023\/03\/20230219_PenarolvsBostonRiver_-Juan-Manuel-Albores-_062-scaled.jpg\",\"keywords\":[\"Copa Sudamericana 2023\"],\"articleSection\":[\"Noticias\"],\"inLanguage\":\"es\",\"potentialAction\":[{\"@type\":\"CommentAction\",\"name\":\"Comment\",\"target\":[\"https:\/\/www.padreydecano.com\/cms\/noticias\/grupo-de-la-muerte\/#respond\"]}]},{\"@type\":\"WebPage\",\"@id\":\"https:\/\/www.padreydecano.com\/cms\/noticias\/grupo-de-la-muerte\/\",\"url\":\"https:\/\/www.padreydecano.com\/cms\/noticias\/grupo-de-la-muerte\/\",\"name\":\"Grupo de la muerte\u00a0 - Padre y Decano - El Sitio del Pueblo\",\"isPartOf\":{\"@id\":\"https:\/\/www.padreydecano.com\/cms\/#website\"},\"primaryImageOfPage\":{\"@id\":\"https:\/\/www.padreydecano.com\/cms\/noticias\/grupo-de-la-muerte\/#primaryimage\"},\"image\":{\"@id\":\"https:\/\/www.padreydecano.com\/cms\/noticias\/grupo-de-la-muerte\/#primaryimage\"},\"thumbnailUrl\":\"https:\/\/www.padreydecano.com\/cms\/wp-content\/uploads\/2023\/03\/20230219_PenarolvsBostonRiver_-Juan-Manuel-Albores-_062-scaled.jpg\",\"datePublished\":\"2023-03-28T00:46:17+00:00\",\"dateModified\":\"2023-03-31T00:26:16+00:00\",\"breadcrumb\":{\"@id\":\"https:\/\/www.padreydecano.com\/cms\/noticias\/grupo-de-la-muerte\/#breadcrumb\"},\"inLanguage\":\"es\",\"potentialAction\":[{\"@type\":\"ReadAction\",\"target\":[\"https:\/\/www.padreydecano.com\/cms\/noticias\/grupo-de-la-muerte\/\"]}]},{\"@type\":\"ImageObject\",\"inLanguage\":\"es\",\"@id\":\"https:\/\/www.padreydecano.com\/cms\/noticias\/grupo-de-la-muerte\/#primaryimage\",\"url\":\"https:\/\/www.padreydecano.com\/cms\/wp-content\/uploads\/2023\/03\/20230219_PenarolvsBostonRiver_-Juan-Manuel-Albores-_062-scaled.jpg\",\"contentUrl\":\"https:\/\/www.padreydecano.com\/cms\/wp-content\/uploads\/2023\/03\/20230219_PenarolvsBostonRiver_-Juan-Manuel-Albores-_062-scaled.jpg\",\"width\":2560,\"height\":1707},{\"@type\":\"BreadcrumbList\",\"@id\":\"https:\/\/www.padreydecano.com\/cms\/noticias\/grupo-de-la-muerte\/#breadcrumb\",\"itemListElement\":[{\"@type\":\"ListItem\",\"position\":1,\"name\":\"Portada\",\"item\":\"https:\/\/www.padreydecano.com\/cms\/\"},{\"@type\":\"ListItem\",\"position\":2,\"name\":\"Grupo de la muerte\u00a0\"}]},{\"@type\":\"WebSite\",\"@id\":\"https:\/\/www.padreydecano.com\/cms\/#website\",\"url\":\"https:\/\/www.padreydecano.com\/cms\/\",\"name\":\"Padre y Decano - El Sitio del Pueblo\",\"description\":\"Club Atl\u00e9tico Pe\u00f1arol\",\"publisher\":{\"@id\":\"https:\/\/www.padreydecano.com\/cms\/#organization\"},\"potentialAction\":[{\"@type\":\"SearchAction\",\"target\":{\"@type\":\"EntryPoint\",\"urlTemplate\":\"https:\/\/www.padreydecano.com\/cms\/?s={search_term_string}\"},\"query-input\":\"required name=search_term_string\"}],\"inLanguage\":\"es\"},{\"@type\":\"Organization\",\"@id\":\"https:\/\/www.padreydecano.com\/cms\/#organization\",\"name\":\"Padre y Decano\",\"url\":\"https:\/\/www.padreydecano.com\/cms\/\",\"logo\":{\"@type\":\"ImageObject\",\"inLanguage\":\"es\",\"@id\":\"https:\/\/www.padreydecano.com\/cms\/#\/schema\/logo\/image\/\",\"url\":\"https:\/\/www.padreydecano.com\/cms\/wp-content\/uploads\/2022\/01\/avatar-square.png\",\"contentUrl\":\"https:\/\/www.padreydecano.com\/cms\/wp-content\/uploads\/2022\/01\/avatar-square.png\",\"width\":1500,\"height\":1500,\"caption\":\"Padre y Decano\"},\"image\":{\"@id\":\"https:\/\/www.padreydecano.com\/cms\/#\/schema\/logo\/image\/\"}},{\"@type\":\"Person\",\"@id\":\"https:\/\/www.padreydecano.com\/cms\/#\/schema\/person\/37aae8f93aa78e4c5385497f056e3246\",\"name\":\"Redactores Padre y Decano\",\"image\":{\"@type\":\"ImageObject\",\"inLanguage\":\"es\",\"@id\":\"https:\/\/www.padreydecano.com\/cms\/#\/schema\/person\/image\/\",\"url\":\"https:\/\/secure.gravatar.com\/avatar\/8810c4b9081192b118b104af54549af8?s=96&d=https%3A%2F%2Fpadreydecano.com%2Fcms%2Fwp-content%2Fthemes%2Fpyd-theme%2Fimg%2Fdefault-avatar.png&r=g\",\"contentUrl\":\"https:\/\/secure.gravatar.com\/avatar\/8810c4b9081192b118b104af54549af8?s=96&d=https%3A%2F%2Fpadreydecano.com%2Fcms%2Fwp-content%2Fthemes%2Fpyd-theme%2Fimg%2Fdefault-avatar.png&r=g\",\"caption\":\"Redactores Padre y Decano\"},\"sameAs\":[\"http:\/\/www.padreydecano.com\"]}]}<\/script>\n<!-- \/ Yoast SEO plugin. -->","yoast_head_json":{"title":"Grupo de la muerte\u00a0 - Padre y Decano - El Sitio del Pueblo","robots":{"index":"index","follow":"follow","max-snippet":"max-snippet:-1","max-image-preview":"max-image-preview:large","max-video-preview":"max-video-preview:-1"},"canonical":"https:\/\/www.padreydecano.com\/cms\/noticias\/grupo-de-la-muerte\/","og_locale":"es_ES","og_type":"article","og_title":"Grupo de la muerte\u00a0 - Padre y Decano - El Sitio del Pueblo","og_description":"Se sorte\u00f3 la fase de grupos de la Copa Sudamericana 2023. Pe\u00f1arol integrar\u00e1 el Grupo F, junto a Defensa y Justicia, Am\u00e9rica Mineiro y Millonarios. El decano del f\u00fatbol uruguayo ya conoce a sus rivales de la fase de grupos de la Copa Sudamericana 2023. Fixture Fecha 1: Am\u00e9rica Mineiro vs Pe\u00f1arol. Fecha 2: Pe\u00f1arol [&hellip;]","og_url":"https:\/\/www.padreydecano.com\/cms\/noticias\/grupo-de-la-muerte\/","og_site_name":"Padre y Decano - El Sitio del Pueblo","article_published_time":"2023-03-28T00:46:17+00:00","article_modified_time":"2023-03-31T00:26:16+00:00","og_image":[{"width":2560,"height":1707,"url":"https:\/\/www.padreydecano.com\/cms\/wp-content\/uploads\/2023\/03\/20230219_PenarolvsBostonRiver_-Juan-Manuel-Albores-_062-scaled.jpg","type":"image\/jpeg"}],"author":"Redactores Padre y Decano","twitter_card":"summary_large_image","twitter_misc":{"Escrito por":"Redactores Padre y Decano","Tiempo de lectura":"1 minuto"},"schema":{"@context":"https:\/\/schema.org","@graph":[{"@type":"Article","@id":"https:\/\/www.padreydecano.com\/cms\/noticias\/grupo-de-la-muerte\/#article","isPartOf":{"@id":"https:\/\/www.padreydecano.com\/cms\/noticias\/grupo-de-la-muerte\/"},"author":{"name":"Redactores Padre y Decano","@id":"https:\/\/www.padreydecano.com\/cms\/#\/schema\/person\/37aae8f93aa78e4c5385497f056e3246"},"headline":"Grupo de la muerte\u00a0","datePublished":"2023-03-28T00:46:17+00:00","dateModified":"2023-03-31T00:26:16+00:00","mainEntityOfPage":{"@id":"https:\/\/www.padreydecano.com\/cms\/noticias\/grupo-de-la-muerte\/"},"wordCount":177,"commentCount":23,"publisher":{"@id":"https:\/\/www.padreydecano.com\/cms\/#organization"},"image":{"@id":"https:\/\/www.padreydecano.com\/cms\/noticias\/grupo-de-la-muerte\/#primaryimage"},"thumbnailUrl":"https:\/\/www.padreydecano.com\/cms\/wp-content\/uploads\/2023\/03\/20230219_PenarolvsBostonRiver_-Juan-Manuel-Albores-_062-scaled.jpg","keywords":["Copa Sudamericana 2023"],"articleSection":["Noticias"],"inLanguage":"es","potentialAction":[{"@type":"CommentAction","name":"Comment","target":["https:\/\/www.padreydecano.com\/cms\/noticias\/grupo-de-la-muerte\/#respond"]}]},{"@type":"WebPage","@id":"https:\/\/www.padreydecano.com\/cms\/noticias\/grupo-de-la-muerte\/","url":"https:\/\/www.padreydecano.com\/cms\/noticias\/grupo-de-la-muerte\/","name":"Grupo de la muerte\u00a0 - Padre y Decano - El Sitio del Pueblo","isPartOf":{"@id":"https:\/\/www.padreydecano.com\/cms\/#website"},"primaryImageOfPage":{"@id":"https:\/\/www.padreydecano.com\/cms\/noticias\/grupo-de-la-muerte\/#primaryimage"},"image":{"@id":"https:\/\/www.padreydecano.com\/cms\/noticias\/grupo-de-la-muerte\/#primaryimage"},"thumbnailUrl":"https:\/\/www.padreydecano.com\/cms\/wp-content\/uploads\/2023\/03\/20230219_PenarolvsBostonRiver_-Juan-Manuel-Albores-_062-scaled.jpg","datePublished":"2023-03-28T00:46:17+00:00","dateModified":"2023-03-31T00:26:16+00:00","breadcrumb":{"@id":"https:\/\/www.padreydecano.com\/cms\/noticias\/grupo-de-la-muerte\/#breadcrumb"},"inLanguage":"es","potentialAction":[{"@type":"ReadAction","target":["https:\/\/www.padreydecano.com\/cms\/noticias\/grupo-de-la-muerte\/"]}]},{"@type":"ImageObject","inLanguage":"es","@id":"https:\/\/www.padreydecano.com\/cms\/noticias\/grupo-de-la-muerte\/#primaryimage","url":"https:\/\/www.padreydecano.com\/cms\/wp-content\/uploads\/2023\/03\/20230219_PenarolvsBostonRiver_-Juan-Manuel-Albores-_062-scaled.jpg","contentUrl":"https:\/\/www.padreydecano.com\/cms\/wp-content\/uploads\/2023\/03\/20230219_PenarolvsBostonRiver_-Juan-Manuel-Albores-_062-scaled.jpg","width":2560,"height":1707},{"@type":"BreadcrumbList","@id":"https:\/\/www.padreydecano.com\/cms\/noticias\/grupo-de-la-muerte\/#breadcrumb","itemListElement":[{"@type":"ListItem","position":1,"name":"Portada","item":"https:\/\/www.padreydecano.com\/cms\/"},{"@type":"ListItem","position":2,"name":"Grupo de la muerte\u00a0"}]},{"@type":"WebSite","@id":"https:\/\/www.padreydecano.com\/cms\/#website","url":"https:\/\/www.padreydecano.com\/cms\/","name":"Padre y Decano - El Sitio del Pueblo","description":"Club Atl\u00e9tico Pe\u00f1arol","publisher":{"@id":"https:\/\/www.padreydecano.com\/cms\/#organization"},"potentialAction":[{"@type":"SearchAction","target":{"@type":"EntryPoint","urlTemplate":"https:\/\/www.padreydecano.com\/cms\/?s={search_term_string}"},"query-input":"required name=search_term_string"}],"inLanguage":"es"},{"@type":"Organization","@id":"https:\/\/www.padreydecano.com\/cms\/#organization","name":"Padre y Decano","url":"https:\/\/www.padreydecano.com\/cms\/","logo":{"@type":"ImageObject","inLanguage":"es","@id":"https:\/\/www.padreydecano.com\/cms\/#\/schema\/logo\/image\/","url":"https:\/\/www.padreydecano.com\/cms\/wp-content\/uploads\/2022\/01\/avatar-square.png","contentUrl":"https:\/\/www.padreydecano.com\/cms\/wp-content\/uploads\/2022\/01\/avatar-square.png","width":1500,"height":1500,"caption":"Padre y Decano"},"image":{"@id":"https:\/\/www.padreydecano.com\/cms\/#\/schema\/logo\/image\/"}},{"@type":"Person","@id":"https:\/\/www.padreydecano.com\/cms\/#\/schema\/person\/37aae8f93aa78e4c5385497f056e3246","name":"Redactores Padre y Decano","image":{"@type":"ImageObject","inLanguage":"es","@id":"https:\/\/www.padreydecano.com\/cms\/#\/schema\/person\/image\/","url":"https:\/\/secure.gravatar.com\/avatar\/8810c4b9081192b118b104af54549af8?s=96&d=https%3A%2F%2Fpadreydecano.com%2Fcms%2Fwp-content%2Fthemes%2Fpyd-theme%2Fimg%2Fdefault-avatar.png&r=g","contentUrl":"https:\/\/secure.gravatar.com\/avatar\/8810c4b9081192b118b104af54549af8?s=96&d=https%3A%2F%2Fpadreydecano.com%2Fcms%2Fwp-content%2Fthemes%2Fpyd-theme%2Fimg%2Fdefault-avatar.png&r=g","caption":"Redactores Padre y Decano"},"sameAs":["http:\/\/www.padreydecano.com"]}]}},"_links":{"self":[{"href":"https:\/\/www.padreydecano.com\/cms\/wp-json\/wp\/v2\/posts\/80065"}],"collection":[{"href":"https:\/\/www.padreydecano.com\/cms\/wp-json\/wp\/v2\/posts"}],"about":[{"href":"https:\/\/www.padreydecano.com\/cms\/wp-json\/wp\/v2\/types\/post"}],"author":[{"embeddable":true,"href":"https:\/\/www.padreydecano.com\/cms\/wp-json\/wp\/v2\/users\/27"}],"replies":[{"embeddable":true,"href":"https:\/\/www.padreydecano.com\/cms\/wp-json\/wp\/v2\/comments?post=80065"}],"version-history":[{"count":0,"href":"https:\/\/www.padreydecano.com\/cms\/wp-json\/wp\/v2\/posts\/80065\/revisions"}],"wp:featuredmedia":[{"embeddable":true,"href":"https:\/\/www.padreydecano.com\/cms\/wp-json\/wp\/v2\/media\/79922"}],"wp:attachment":[{"href":"https:\/\/www.padreydecano.com\/cms\/wp-json\/wp\/v2\/media?parent=80065"}],"wp:term":[{"taxonomy":"category","embeddable":true,"href":"https:\/\/www.padreydecano.com\/cms\/wp-json\/wp\/v2\/categories?post=80065"},{"taxonomy":"post_tag","embeddable":true,"href":"https:\/\/www.padreydecano.com\/cms\/wp-json\/wp\/v2\/tags?post=80065"}],"curies":[{"name":"wp","href":"https:\/\/api.w.org\/{rel}","templated":true}]}}