{"id":80046,"date":"2023-03-22T17:59:26","date_gmt":"2023-03-22T20:59:26","guid":{"rendered":"https:\/\/www.padreydecano.com\/cms\/?p=80046"},"modified":"2023-03-24T19:59:21","modified_gmt":"2023-03-24T22:59:21","slug":"postura-firme","status":"publish","type":"post","link":"https:\/\/www.padreydecano.com\/cms\/noticias\/postura-firme\/","title":{"rendered":"Postura firme\u00a0"},"content":{"rendered":"<p><img loading=\"lazy\" decoding=\"async\" class=\"alignnone size-medium wp-image-80047\" src=\"https:\/\/www.padreydecano.com\/cms\/wp-content\/uploads\/2023\/03\/20230204_aperturaf01_PenarolvsCerro_-Juan-Manuel-Albores-_009-800x532.jpg\" alt=\"\" width=\"800\" height=\"532\" srcset=\"https:\/\/www.padreydecano.com\/cms\/wp-content\/uploads\/2023\/03\/20230204_aperturaf01_PenarolvsCerro_-Juan-Manuel-Albores-_009-800x532.jpg 800w, https:\/\/www.padreydecano.com\/cms\/wp-content\/uploads\/2023\/03\/20230204_aperturaf01_PenarolvsCerro_-Juan-Manuel-Albores-_009-1280x851.jpg 1280w, https:\/\/www.padreydecano.com\/cms\/wp-content\/uploads\/2023\/03\/20230204_aperturaf01_PenarolvsCerro_-Juan-Manuel-Albores-_009-768x511.jpg 768w, https:\/\/www.padreydecano.com\/cms\/wp-content\/uploads\/2023\/03\/20230204_aperturaf01_PenarolvsCerro_-Juan-Manuel-Albores-_009-1536x1021.jpg 1536w, https:\/\/www.padreydecano.com\/cms\/wp-content\/uploads\/2023\/03\/20230204_aperturaf01_PenarolvsCerro_-Juan-Manuel-Albores-_009-2048x1362.jpg 2048w, https:\/\/www.padreydecano.com\/cms\/wp-content\/uploads\/2023\/03\/20230204_aperturaf01_PenarolvsCerro_-Juan-Manuel-Albores-_009-300x199.jpg 300w, https:\/\/www.padreydecano.com\/cms\/wp-content\/uploads\/2023\/03\/20230204_aperturaf01_PenarolvsCerro_-Juan-Manuel-Albores-_009-128x85.jpg 128w, https:\/\/www.padreydecano.com\/cms\/wp-content\/uploads\/2023\/03\/20230204_aperturaf01_PenarolvsCerro_-Juan-Manuel-Albores-_009-32x21.jpg 32w\" sizes=\"(max-width: 800px) 100vw, 800px\" \/><\/p>\n<p><strong>Pe\u00f1arol mantiene firme su postura de jugar el cl\u00e1sico de local en el Estadio Campe\u00f3n del Siglo. De no cambiarse la fecha, probablemente se dispute el s\u00e1bado primero de abril. La uni\u00f3n de clubes respald\u00f3, resta la definici\u00f3n del Ministerio del Interior.<\/strong><\/p>\n<p>Los d\u00edas pasan y todav\u00eda no se defini\u00f3 ni la fecha ni el escenario donde se disputar\u00e1 el partido m\u00e1s importante del torneo. En la tarde de hoy hay consejo de liga, donde se votar\u00e1 la rotaci\u00f3n de las fechas 9 y 12. En la previa, no alcanzar\u00edan los votos para el cambio de fechas y ya se conoce que la uni\u00f3n de clubes respaldar\u00e1 a Pe\u00f1arol. A\u00fan as\u00ed, el Ministerio del Interior podr\u00eda ejercer el cambio de fecha. Resta oficializaci\u00f3n.<\/p>\n<p>Pe\u00f1arol insiste con recibir a Nacional en el Estadio Campe\u00f3n del Siglo, con p\u00fablico visitante. Adem\u00e1s, no aprueba el cambio de fecha. As\u00ed lo comunic\u00f3 el Club en sus redes oficiales:<\/p>\n<blockquote class=\"twitter-tweet\" data-width=\"500\" data-dnt=\"true\">\n<p lang=\"es\" dir=\"ltr\">Comunicado &#8211; Club Atl\u00e9tico Pe\u00f1arol <a href=\"https:\/\/t.co\/0TX7wbRgww\">pic.twitter.com\/0TX7wbRgww<\/a><\/p>\n<p>&mdash; PE\u00d1AROL (@OficialCAP) <a href=\"https:\/\/twitter.com\/OficialCAP\/status\/1638345092170752005?ref_src=twsrc%5Etfw\">March 22, 2023<\/a><\/p><\/blockquote>\n<p><script async src=\"https:\/\/platform.twitter.com\/widgets.js\" charset=\"utf-8\"><\/script><\/p>\n<p>Probablemente, debido a que el pr\u00f3ximo lunes se realizar\u00e1n los sorteos de las copas internacionales y tanto Pe\u00f1arol como Nacional podr\u00edan debutar el martes 4 de abril, el cl\u00e1sico se disputar\u00eda el s\u00e1bado primero de abril.<\/p>\n<p>El carbonero siempre dej\u00f3 clara la intenci\u00f3n de que el cl\u00e1sico se juegue con p\u00fablico visitante, lo que no es seguro es la cantidad de entradas que se colocar\u00e1n para el p\u00fablico albo en el escenario aurinegro.<\/p>\n<p>Por su parte, el tradicional rival asegur\u00f3 que jugar\u00eda como local sin p\u00fablico de Pe\u00f1arol, algo que marcar\u00eda un antes y despu\u00e9s en el f\u00fatbol uruguayo. Esperemos no llegar a la extinci\u00f3n de la fiesta cl\u00e1sica por la inoperancia del adversario a la hora de ejercer como local en el partido cl\u00e1sico.<\/p>\n<div class=\"user-wrapper\"><a class=\"userlink\"href=\"https:\/\/twitter.com\/ftrucce18\" target=\"_blank\"><figure><img decoding=\"async\" src=\"http:\/\/www.padreydecano.com\/cms\/wp-users-files\/postfirmas\/ftrucce.jpg\" \/><\/figure><p class=\"user\"><strong>Franco Trucce<\/strong><br \/>@FTrucce18<\/p><\/a><\/div>\n","protected":false},"excerpt":{"rendered":"<p>Pe\u00f1arol mantiene firme su postura de jugar el cl\u00e1sico de local en el Estadio Campe\u00f3n del Siglo. De no cambiarse la fecha, probablemente se dispute el s\u00e1bado primero de abril. La uni\u00f3n de clubes respald\u00f3, resta la definici\u00f3n del Ministerio del Interior. Los d\u00edas pasan y todav\u00eda no se defini\u00f3 ni la fecha ni el [&hellip;]<\/p>\n","protected":false},"author":27,"featured_media":80047,"comment_status":"open","ping_status":"closed","sticky":false,"template":"","format":"standard","meta":{"footnotes":""},"categories":[1],"tags":[590],"yoast_head":"<!-- This site is optimized with the Yoast SEO plugin v23.2 - https:\/\/yoast.com\/wordpress\/plugins\/seo\/ -->\n<title>Postura firme\u00a0 - Padre y Decano - El Sitio del Pueblo<\/title>\n<meta name=\"robots\" content=\"index, follow, max-snippet:-1, max-image-preview:large, max-video-preview:-1\" \/>\n<link rel=\"canonical\" href=\"https:\/\/www.padreydecano.com\/cms\/noticias\/postura-firme\/\" \/>\n<meta property=\"og:locale\" content=\"es_ES\" \/>\n<meta property=\"og:type\" content=\"article\" \/>\n<meta property=\"og:title\" content=\"Postura firme\u00a0 - Padre y Decano - El Sitio del Pueblo\" \/>\n<meta property=\"og:description\" content=\"Pe\u00f1arol mantiene firme su postura de jugar el cl\u00e1sico de local en el Estadio Campe\u00f3n del Siglo. De no cambiarse la fecha, probablemente se dispute el s\u00e1bado primero de abril. La uni\u00f3n de clubes respald\u00f3, resta la definici\u00f3n del Ministerio del Interior. Los d\u00edas pasan y todav\u00eda no se defini\u00f3 ni la fecha ni el [&hellip;]\" \/>\n<meta property=\"og:url\" content=\"https:\/\/www.padreydecano.com\/cms\/noticias\/postura-firme\/\" \/>\n<meta property=\"og:site_name\" content=\"Padre y Decano - El Sitio del Pueblo\" \/>\n<meta property=\"article:published_time\" content=\"2023-03-22T20:59:26+00:00\" \/>\n<meta property=\"article:modified_time\" content=\"2023-03-24T22:59:21+00:00\" \/>\n<meta property=\"og:image\" content=\"https:\/\/www.padreydecano.com\/cms\/wp-content\/uploads\/2023\/03\/20230204_aperturaf01_PenarolvsCerro_-Juan-Manuel-Albores-_009-scaled.jpg\" \/>\n\t<meta property=\"og:image:width\" content=\"2560\" \/>\n\t<meta property=\"og:image:height\" content=\"1702\" \/>\n\t<meta property=\"og:image:type\" content=\"image\/jpeg\" \/>\n<meta name=\"author\" content=\"Redactores Padre y Decano\" \/>\n<meta name=\"twitter:card\" content=\"summary_large_image\" \/>\n<meta name=\"twitter:label1\" content=\"Escrito por\" \/>\n\t<meta name=\"twitter:data1\" content=\"Redactores Padre y Decano\" \/>\n\t<meta name=\"twitter:label2\" content=\"Tiempo de lectura\" \/>\n\t<meta name=\"twitter:data2\" content=\"2 minutos\" \/>\n<script type=\"application\/ld+json\" class=\"yoast-schema-graph\">{\"@context\":\"https:\/\/schema.org\",\"@graph\":[{\"@type\":\"Article\",\"@id\":\"https:\/\/www.padreydecano.com\/cms\/noticias\/postura-firme\/#article\",\"isPartOf\":{\"@id\":\"https:\/\/www.padreydecano.com\/cms\/noticias\/postura-firme\/\"},\"author\":{\"name\":\"Redactores Padre y Decano\",\"@id\":\"https:\/\/www.padreydecano.com\/cms\/#\/schema\/person\/37aae8f93aa78e4c5385497f056e3246\"},\"headline\":\"Postura firme\u00a0\",\"datePublished\":\"2023-03-22T20:59:26+00:00\",\"dateModified\":\"2023-03-24T22:59:21+00:00\",\"mainEntityOfPage\":{\"@id\":\"https:\/\/www.padreydecano.com\/cms\/noticias\/postura-firme\/\"},\"wordCount\":331,\"commentCount\":7,\"publisher\":{\"@id\":\"https:\/\/www.padreydecano.com\/cms\/#organization\"},\"image\":{\"@id\":\"https:\/\/www.padreydecano.com\/cms\/noticias\/postura-firme\/#primaryimage\"},\"thumbnailUrl\":\"https:\/\/www.padreydecano.com\/cms\/wp-content\/uploads\/2023\/03\/20230204_aperturaf01_PenarolvsCerro_-Juan-Manuel-Albores-_009-scaled.jpg\",\"keywords\":[\"Campeonato Uruguayo 2023\"],\"articleSection\":[\"Noticias\"],\"inLanguage\":\"es\",\"potentialAction\":[{\"@type\":\"CommentAction\",\"name\":\"Comment\",\"target\":[\"https:\/\/www.padreydecano.com\/cms\/noticias\/postura-firme\/#respond\"]}]},{\"@type\":\"WebPage\",\"@id\":\"https:\/\/www.padreydecano.com\/cms\/noticias\/postura-firme\/\",\"url\":\"https:\/\/www.padreydecano.com\/cms\/noticias\/postura-firme\/\",\"name\":\"Postura firme\u00a0 - Padre y Decano - El Sitio del Pueblo\",\"isPartOf\":{\"@id\":\"https:\/\/www.padreydecano.com\/cms\/#website\"},\"primaryImageOfPage\":{\"@id\":\"https:\/\/www.padreydecano.com\/cms\/noticias\/postura-firme\/#primaryimage\"},\"image\":{\"@id\":\"https:\/\/www.padreydecano.com\/cms\/noticias\/postura-firme\/#primaryimage\"},\"thumbnailUrl\":\"https:\/\/www.padreydecano.com\/cms\/wp-content\/uploads\/2023\/03\/20230204_aperturaf01_PenarolvsCerro_-Juan-Manuel-Albores-_009-scaled.jpg\",\"datePublished\":\"2023-03-22T20:59:26+00:00\",\"dateModified\":\"2023-03-24T22:59:21+00:00\",\"breadcrumb\":{\"@id\":\"https:\/\/www.padreydecano.com\/cms\/noticias\/postura-firme\/#breadcrumb\"},\"inLanguage\":\"es\",\"potentialAction\":[{\"@type\":\"ReadAction\",\"target\":[\"https:\/\/www.padreydecano.com\/cms\/noticias\/postura-firme\/\"]}]},{\"@type\":\"ImageObject\",\"inLanguage\":\"es\",\"@id\":\"https:\/\/www.padreydecano.com\/cms\/noticias\/postura-firme\/#primaryimage\",\"url\":\"https:\/\/www.padreydecano.com\/cms\/wp-content\/uploads\/2023\/03\/20230204_aperturaf01_PenarolvsCerro_-Juan-Manuel-Albores-_009-scaled.jpg\",\"contentUrl\":\"https:\/\/www.padreydecano.com\/cms\/wp-content\/uploads\/2023\/03\/20230204_aperturaf01_PenarolvsCerro_-Juan-Manuel-Albores-_009-scaled.jpg\",\"width\":2560,\"height\":1702},{\"@type\":\"BreadcrumbList\",\"@id\":\"https:\/\/www.padreydecano.com\/cms\/noticias\/postura-firme\/#breadcrumb\",\"itemListElement\":[{\"@type\":\"ListItem\",\"position\":1,\"name\":\"Portada\",\"item\":\"https:\/\/www.padreydecano.com\/cms\/\"},{\"@type\":\"ListItem\",\"position\":2,\"name\":\"Postura firme\u00a0\"}]},{\"@type\":\"WebSite\",\"@id\":\"https:\/\/www.padreydecano.com\/cms\/#website\",\"url\":\"https:\/\/www.padreydecano.com\/cms\/\",\"name\":\"Padre y Decano - El Sitio del Pueblo\",\"description\":\"Club Atl\u00e9tico Pe\u00f1arol\",\"publisher\":{\"@id\":\"https:\/\/www.padreydecano.com\/cms\/#organization\"},\"potentialAction\":[{\"@type\":\"SearchAction\",\"target\":{\"@type\":\"EntryPoint\",\"urlTemplate\":\"https:\/\/www.padreydecano.com\/cms\/?s={search_term_string}\"},\"query-input\":\"required name=search_term_string\"}],\"inLanguage\":\"es\"},{\"@type\":\"Organization\",\"@id\":\"https:\/\/www.padreydecano.com\/cms\/#organization\",\"name\":\"Padre y Decano\",\"url\":\"https:\/\/www.padreydecano.com\/cms\/\",\"logo\":{\"@type\":\"ImageObject\",\"inLanguage\":\"es\",\"@id\":\"https:\/\/www.padreydecano.com\/cms\/#\/schema\/logo\/image\/\",\"url\":\"https:\/\/www.padreydecano.com\/cms\/wp-content\/uploads\/2022\/01\/avatar-square.png\",\"contentUrl\":\"https:\/\/www.padreydecano.com\/cms\/wp-content\/uploads\/2022\/01\/avatar-square.png\",\"width\":1500,\"height\":1500,\"caption\":\"Padre y Decano\"},\"image\":{\"@id\":\"https:\/\/www.padreydecano.com\/cms\/#\/schema\/logo\/image\/\"}},{\"@type\":\"Person\",\"@id\":\"https:\/\/www.padreydecano.com\/cms\/#\/schema\/person\/37aae8f93aa78e4c5385497f056e3246\",\"name\":\"Redactores Padre y Decano\",\"image\":{\"@type\":\"ImageObject\",\"inLanguage\":\"es\",\"@id\":\"https:\/\/www.padreydecano.com\/cms\/#\/schema\/person\/image\/\",\"url\":\"https:\/\/secure.gravatar.com\/avatar\/8810c4b9081192b118b104af54549af8?s=96&d=https%3A%2F%2Fpadreydecano.com%2Fcms%2Fwp-content%2Fthemes%2Fpyd-theme%2Fimg%2Fdefault-avatar.png&r=g\",\"contentUrl\":\"https:\/\/secure.gravatar.com\/avatar\/8810c4b9081192b118b104af54549af8?s=96&d=https%3A%2F%2Fpadreydecano.com%2Fcms%2Fwp-content%2Fthemes%2Fpyd-theme%2Fimg%2Fdefault-avatar.png&r=g\",\"caption\":\"Redactores Padre y Decano\"},\"sameAs\":[\"http:\/\/www.padreydecano.com\"]}]}<\/script>\n<!-- \/ Yoast SEO plugin. -->","yoast_head_json":{"title":"Postura firme\u00a0 - Padre y Decano - El Sitio del Pueblo","robots":{"index":"index","follow":"follow","max-snippet":"max-snippet:-1","max-image-preview":"max-image-preview:large","max-video-preview":"max-video-preview:-1"},"canonical":"https:\/\/www.padreydecano.com\/cms\/noticias\/postura-firme\/","og_locale":"es_ES","og_type":"article","og_title":"Postura firme\u00a0 - Padre y Decano - El Sitio del Pueblo","og_description":"Pe\u00f1arol mantiene firme su postura de jugar el cl\u00e1sico de local en el Estadio Campe\u00f3n del Siglo. De no cambiarse la fecha, probablemente se dispute el s\u00e1bado primero de abril. La uni\u00f3n de clubes respald\u00f3, resta la definici\u00f3n del Ministerio del Interior. Los d\u00edas pasan y todav\u00eda no se defini\u00f3 ni la fecha ni el [&hellip;]","og_url":"https:\/\/www.padreydecano.com\/cms\/noticias\/postura-firme\/","og_site_name":"Padre y Decano - El Sitio del Pueblo","article_published_time":"2023-03-22T20:59:26+00:00","article_modified_time":"2023-03-24T22:59:21+00:00","og_image":[{"width":2560,"height":1702,"url":"https:\/\/www.padreydecano.com\/cms\/wp-content\/uploads\/2023\/03\/20230204_aperturaf01_PenarolvsCerro_-Juan-Manuel-Albores-_009-scaled.jpg","type":"image\/jpeg"}],"author":"Redactores Padre y Decano","twitter_card":"summary_large_image","twitter_misc":{"Escrito por":"Redactores Padre y Decano","Tiempo de lectura":"2 minutos"},"schema":{"@context":"https:\/\/schema.org","@graph":[{"@type":"Article","@id":"https:\/\/www.padreydecano.com\/cms\/noticias\/postura-firme\/#article","isPartOf":{"@id":"https:\/\/www.padreydecano.com\/cms\/noticias\/postura-firme\/"},"author":{"name":"Redactores Padre y Decano","@id":"https:\/\/www.padreydecano.com\/cms\/#\/schema\/person\/37aae8f93aa78e4c5385497f056e3246"},"headline":"Postura firme\u00a0","datePublished":"2023-03-22T20:59:26+00:00","dateModified":"2023-03-24T22:59:21+00:00","mainEntityOfPage":{"@id":"https:\/\/www.padreydecano.com\/cms\/noticias\/postura-firme\/"},"wordCount":331,"commentCount":7,"publisher":{"@id":"https:\/\/www.padreydecano.com\/cms\/#organization"},"image":{"@id":"https:\/\/www.padreydecano.com\/cms\/noticias\/postura-firme\/#primaryimage"},"thumbnailUrl":"https:\/\/www.padreydecano.com\/cms\/wp-content\/uploads\/2023\/03\/20230204_aperturaf01_PenarolvsCerro_-Juan-Manuel-Albores-_009-scaled.jpg","keywords":["Campeonato Uruguayo 2023"],"articleSection":["Noticias"],"inLanguage":"es","potentialAction":[{"@type":"CommentAction","name":"Comment","target":["https:\/\/www.padreydecano.com\/cms\/noticias\/postura-firme\/#respond"]}]},{"@type":"WebPage","@id":"https:\/\/www.padreydecano.com\/cms\/noticias\/postura-firme\/","url":"https:\/\/www.padreydecano.com\/cms\/noticias\/postura-firme\/","name":"Postura firme\u00a0 - Padre y Decano - El Sitio del Pueblo","isPartOf":{"@id":"https:\/\/www.padreydecano.com\/cms\/#website"},"primaryImageOfPage":{"@id":"https:\/\/www.padreydecano.com\/cms\/noticias\/postura-firme\/#primaryimage"},"image":{"@id":"https:\/\/www.padreydecano.com\/cms\/noticias\/postura-firme\/#primaryimage"},"thumbnailUrl":"https:\/\/www.padreydecano.com\/cms\/wp-content\/uploads\/2023\/03\/20230204_aperturaf01_PenarolvsCerro_-Juan-Manuel-Albores-_009-scaled.jpg","datePublished":"2023-03-22T20:59:26+00:00","dateModified":"2023-03-24T22:59:21+00:00","breadcrumb":{"@id":"https:\/\/www.padreydecano.com\/cms\/noticias\/postura-firme\/#breadcrumb"},"inLanguage":"es","potentialAction":[{"@type":"ReadAction","target":["https:\/\/www.padreydecano.com\/cms\/noticias\/postura-firme\/"]}]},{"@type":"ImageObject","inLanguage":"es","@id":"https:\/\/www.padreydecano.com\/cms\/noticias\/postura-firme\/#primaryimage","url":"https:\/\/www.padreydecano.com\/cms\/wp-content\/uploads\/2023\/03\/20230204_aperturaf01_PenarolvsCerro_-Juan-Manuel-Albores-_009-scaled.jpg","contentUrl":"https:\/\/www.padreydecano.com\/cms\/wp-content\/uploads\/2023\/03\/20230204_aperturaf01_PenarolvsCerro_-Juan-Manuel-Albores-_009-scaled.jpg","width":2560,"height":1702},{"@type":"BreadcrumbList","@id":"https:\/\/www.padreydecano.com\/cms\/noticias\/postura-firme\/#breadcrumb","itemListElement":[{"@type":"ListItem","position":1,"name":"Portada","item":"https:\/\/www.padreydecano.com\/cms\/"},{"@type":"ListItem","position":2,"name":"Postura firme\u00a0"}]},{"@type":"WebSite","@id":"https:\/\/www.padreydecano.com\/cms\/#website","url":"https:\/\/www.padreydecano.com\/cms\/","name":"Padre y Decano - El Sitio del Pueblo","description":"Club Atl\u00e9tico Pe\u00f1arol","publisher":{"@id":"https:\/\/www.padreydecano.com\/cms\/#organization"},"potentialAction":[{"@type":"SearchAction","target":{"@type":"EntryPoint","urlTemplate":"https:\/\/www.padreydecano.com\/cms\/?s={search_term_string}"},"query-input":"required name=search_term_string"}],"inLanguage":"es"},{"@type":"Organization","@id":"https:\/\/www.padreydecano.com\/cms\/#organization","name":"Padre y Decano","url":"https:\/\/www.padreydecano.com\/cms\/","logo":{"@type":"ImageObject","inLanguage":"es","@id":"https:\/\/www.padreydecano.com\/cms\/#\/schema\/logo\/image\/","url":"https:\/\/www.padreydecano.com\/cms\/wp-content\/uploads\/2022\/01\/avatar-square.png","contentUrl":"https:\/\/www.padreydecano.com\/cms\/wp-content\/uploads\/2022\/01\/avatar-square.png","width":1500,"height":1500,"caption":"Padre y Decano"},"image":{"@id":"https:\/\/www.padreydecano.com\/cms\/#\/schema\/logo\/image\/"}},{"@type":"Person","@id":"https:\/\/www.padreydecano.com\/cms\/#\/schema\/person\/37aae8f93aa78e4c5385497f056e3246","name":"Redactores Padre y Decano","image":{"@type":"ImageObject","inLanguage":"es","@id":"https:\/\/www.padreydecano.com\/cms\/#\/schema\/person\/image\/","url":"https:\/\/secure.gravatar.com\/avatar\/8810c4b9081192b118b104af54549af8?s=96&d=https%3A%2F%2Fpadreydecano.com%2Fcms%2Fwp-content%2Fthemes%2Fpyd-theme%2Fimg%2Fdefault-avatar.png&r=g","contentUrl":"https:\/\/secure.gravatar.com\/avatar\/8810c4b9081192b118b104af54549af8?s=96&d=https%3A%2F%2Fpadreydecano.com%2Fcms%2Fwp-content%2Fthemes%2Fpyd-theme%2Fimg%2Fdefault-avatar.png&r=g","caption":"Redactores Padre y Decano"},"sameAs":["http:\/\/www.padreydecano.com"]}]}},"_links":{"self":[{"href":"https:\/\/www.padreydecano.com\/cms\/wp-json\/wp\/v2\/posts\/80046"}],"collection":[{"href":"https:\/\/www.padreydecano.com\/cms\/wp-json\/wp\/v2\/posts"}],"about":[{"href":"https:\/\/www.padreydecano.com\/cms\/wp-json\/wp\/v2\/types\/post"}],"author":[{"embeddable":true,"href":"https:\/\/www.padreydecano.com\/cms\/wp-json\/wp\/v2\/users\/27"}],"replies":[{"embeddable":true,"href":"https:\/\/www.padreydecano.com\/cms\/wp-json\/wp\/v2\/comments?post=80046"}],"version-history":[{"count":0,"href":"https:\/\/www.padreydecano.com\/cms\/wp-json\/wp\/v2\/posts\/80046\/revisions"}],"wp:featuredmedia":[{"embeddable":true,"href":"https:\/\/www.padreydecano.com\/cms\/wp-json\/wp\/v2\/media\/80047"}],"wp:attachment":[{"href":"https:\/\/www.padreydecano.com\/cms\/wp-json\/wp\/v2\/media?parent=80046"}],"wp:term":[{"taxonomy":"category","embeddable":true,"href":"https:\/\/www.padreydecano.com\/cms\/wp-json\/wp\/v2\/categories?post=80046"},{"taxonomy":"post_tag","embeddable":true,"href":"https:\/\/www.padreydecano.com\/cms\/wp-json\/wp\/v2\/tags?post=80046"}],"curies":[{"name":"wp","href":"https:\/\/api.w.org\/{rel}","templated":true}]}}