{"id":79995,"date":"2023-03-10T18:42:10","date_gmt":"2023-03-10T21:42:10","guid":{"rendered":"https:\/\/www.padreydecano.com\/cms\/?p=79995"},"modified":"2023-03-13T10:19:11","modified_gmt":"2023-03-13T13:19:11","slug":"arezo-y-milans-en-el-equipo-de-la-semana","status":"publish","type":"post","link":"https:\/\/www.padreydecano.com\/cms\/noticias\/arezo-y-milans-en-el-equipo-de-la-semana\/","title":{"rendered":"Arezo y Milans en el equipo de la semana\u00a0"},"content":{"rendered":"<p><img loading=\"lazy\" decoding=\"async\" class=\"alignnone size-medium wp-image-79977\" src=\"https:\/\/www.padreydecano.com\/cms\/wp-content\/uploads\/2023\/03\/20230307_RivervsPenarol_-Juan-Manuel-Albores-_046-800x532.jpg\" alt=\"\" width=\"800\" height=\"532\" srcset=\"https:\/\/www.padreydecano.com\/cms\/wp-content\/uploads\/2023\/03\/20230307_RivervsPenarol_-Juan-Manuel-Albores-_046-800x532.jpg 800w, https:\/\/www.padreydecano.com\/cms\/wp-content\/uploads\/2023\/03\/20230307_RivervsPenarol_-Juan-Manuel-Albores-_046-1280x851.jpg 1280w, https:\/\/www.padreydecano.com\/cms\/wp-content\/uploads\/2023\/03\/20230307_RivervsPenarol_-Juan-Manuel-Albores-_046-768x510.jpg 768w, https:\/\/www.padreydecano.com\/cms\/wp-content\/uploads\/2023\/03\/20230307_RivervsPenarol_-Juan-Manuel-Albores-_046-1536x1021.jpg 1536w, https:\/\/www.padreydecano.com\/cms\/wp-content\/uploads\/2023\/03\/20230307_RivervsPenarol_-Juan-Manuel-Albores-_046-2048x1361.jpg 2048w, https:\/\/www.padreydecano.com\/cms\/wp-content\/uploads\/2023\/03\/20230307_RivervsPenarol_-Juan-Manuel-Albores-_046-300x199.jpg 300w, https:\/\/www.padreydecano.com\/cms\/wp-content\/uploads\/2023\/03\/20230307_RivervsPenarol_-Juan-Manuel-Albores-_046-128x85.jpg 128w, https:\/\/www.padreydecano.com\/cms\/wp-content\/uploads\/2023\/03\/20230307_RivervsPenarol_-Juan-Manuel-Albores-_046-32x21.jpg 32w\" sizes=\"(max-width: 800px) 100vw, 800px\" \/><\/p>\n<p><strong>Mat\u00edas Arezo, autor de 3 goles en la victoria frente a River Plate y Pedro Milans, quien anot\u00f3 el gol restante, son parte del equipo de la fecha de la Copa Sudamericana 2023.<\/strong><\/p>\n<p>Tras la aplastante victoria ante River Plate por 4 a 0 en Maldonado, Pe\u00f1arol se clasific\u00f3 a la fase de grupos de la Copa Sudamericana 2023.<\/p>\n<p>Mat\u00edas Arezo, delantero que convirti\u00f3 3 goles en la victoria carbonera y adem\u00e1s fue la figura del encuentro generando peligro constantemente, integra el equipo de la fecha del certamen continental, en la que se disputaron 16 encuentros<\/p>\n<p>Pedro Milans, lateral derecho que convirti\u00f3 el tercer gol del encuentro, tambi\u00e9n aparece en el equipo ideal de la semana. Buen reconocimiento para el defensor titular del equipo.<\/p>\n<p>El decano del f\u00fatbol uruguayo conocer\u00e1 sus rivales de fase de grupos el pr\u00f3ximo lunes 27 de marzo.<\/p>\n<div class=\"user-wrapper\"><a class=\"userlink\"href=\"https:\/\/twitter.com\/ftrucce18\" target=\"_blank\"><figure><img decoding=\"async\" src=\"http:\/\/www.padreydecano.com\/cms\/wp-users-files\/postfirmas\/ftrucce.jpg\" \/><\/figure><p class=\"user\"><strong>Franco Trucce<\/strong><br \/>@FTrucce18<\/p><\/a><\/div>\n","protected":false},"excerpt":{"rendered":"<p>Mat\u00edas Arezo, autor de 3 goles en la victoria frente a River Plate y Pedro Milans, quien anot\u00f3 el gol restante, son parte del equipo de la fecha de la Copa Sudamericana 2023. Tras la aplastante victoria ante River Plate por 4 a 0 en Maldonado, Pe\u00f1arol se clasific\u00f3 a la fase de grupos de [&hellip;]<\/p>\n","protected":false},"author":27,"featured_media":79977,"comment_status":"open","ping_status":"closed","sticky":false,"template":"","format":"standard","meta":{"footnotes":""},"categories":[1],"tags":[594],"yoast_head":"<!-- This site is optimized with the Yoast SEO plugin v23.2 - https:\/\/yoast.com\/wordpress\/plugins\/seo\/ -->\n<title>Arezo y Milans en el equipo de la semana\u00a0 - Padre y Decano - El Sitio del Pueblo<\/title>\n<meta name=\"robots\" content=\"index, follow, max-snippet:-1, max-image-preview:large, max-video-preview:-1\" \/>\n<link rel=\"canonical\" href=\"https:\/\/www.padreydecano.com\/cms\/noticias\/arezo-y-milans-en-el-equipo-de-la-semana\/\" \/>\n<meta property=\"og:locale\" content=\"es_ES\" \/>\n<meta property=\"og:type\" content=\"article\" \/>\n<meta property=\"og:title\" content=\"Arezo y Milans en el equipo de la semana\u00a0 - Padre y Decano - El Sitio del Pueblo\" \/>\n<meta property=\"og:description\" content=\"Mat\u00edas Arezo, autor de 3 goles en la victoria frente a River Plate y Pedro Milans, quien anot\u00f3 el gol restante, son parte del equipo de la fecha de la Copa Sudamericana 2023. Tras la aplastante victoria ante River Plate por 4 a 0 en Maldonado, Pe\u00f1arol se clasific\u00f3 a la fase de grupos de [&hellip;]\" \/>\n<meta property=\"og:url\" content=\"https:\/\/www.padreydecano.com\/cms\/noticias\/arezo-y-milans-en-el-equipo-de-la-semana\/\" \/>\n<meta property=\"og:site_name\" content=\"Padre y Decano - El Sitio del Pueblo\" \/>\n<meta property=\"article:published_time\" content=\"2023-03-10T21:42:10+00:00\" \/>\n<meta property=\"article:modified_time\" content=\"2023-03-13T13:19:11+00:00\" \/>\n<meta property=\"og:image\" content=\"https:\/\/www.padreydecano.com\/cms\/wp-content\/uploads\/2023\/03\/20230307_RivervsPenarol_-Juan-Manuel-Albores-_046-scaled.jpg\" \/>\n\t<meta property=\"og:image:width\" content=\"2560\" \/>\n\t<meta property=\"og:image:height\" content=\"1702\" \/>\n\t<meta property=\"og:image:type\" content=\"image\/jpeg\" \/>\n<meta name=\"author\" content=\"Redactores Padre y Decano\" \/>\n<meta name=\"twitter:card\" content=\"summary_large_image\" \/>\n<meta name=\"twitter:label1\" content=\"Escrito por\" \/>\n\t<meta name=\"twitter:data1\" content=\"Redactores Padre y Decano\" \/>\n\t<meta name=\"twitter:label2\" content=\"Tiempo de lectura\" \/>\n\t<meta name=\"twitter:data2\" content=\"1 minuto\" \/>\n<script type=\"application\/ld+json\" class=\"yoast-schema-graph\">{\"@context\":\"https:\/\/schema.org\",\"@graph\":[{\"@type\":\"Article\",\"@id\":\"https:\/\/www.padreydecano.com\/cms\/noticias\/arezo-y-milans-en-el-equipo-de-la-semana\/#article\",\"isPartOf\":{\"@id\":\"https:\/\/www.padreydecano.com\/cms\/noticias\/arezo-y-milans-en-el-equipo-de-la-semana\/\"},\"author\":{\"name\":\"Redactores Padre y Decano\",\"@id\":\"https:\/\/www.padreydecano.com\/cms\/#\/schema\/person\/37aae8f93aa78e4c5385497f056e3246\"},\"headline\":\"Arezo y Milans en el equipo de la semana\u00a0\",\"datePublished\":\"2023-03-10T21:42:10+00:00\",\"dateModified\":\"2023-03-13T13:19:11+00:00\",\"mainEntityOfPage\":{\"@id\":\"https:\/\/www.padreydecano.com\/cms\/noticias\/arezo-y-milans-en-el-equipo-de-la-semana\/\"},\"wordCount\":151,\"commentCount\":0,\"publisher\":{\"@id\":\"https:\/\/www.padreydecano.com\/cms\/#organization\"},\"image\":{\"@id\":\"https:\/\/www.padreydecano.com\/cms\/noticias\/arezo-y-milans-en-el-equipo-de-la-semana\/#primaryimage\"},\"thumbnailUrl\":\"https:\/\/www.padreydecano.com\/cms\/wp-content\/uploads\/2023\/03\/20230307_RivervsPenarol_-Juan-Manuel-Albores-_046-scaled.jpg\",\"keywords\":[\"Copa Sudamericana 2023\"],\"articleSection\":[\"Noticias\"],\"inLanguage\":\"es\",\"potentialAction\":[{\"@type\":\"CommentAction\",\"name\":\"Comment\",\"target\":[\"https:\/\/www.padreydecano.com\/cms\/noticias\/arezo-y-milans-en-el-equipo-de-la-semana\/#respond\"]}]},{\"@type\":\"WebPage\",\"@id\":\"https:\/\/www.padreydecano.com\/cms\/noticias\/arezo-y-milans-en-el-equipo-de-la-semana\/\",\"url\":\"https:\/\/www.padreydecano.com\/cms\/noticias\/arezo-y-milans-en-el-equipo-de-la-semana\/\",\"name\":\"Arezo y Milans en el equipo de la semana\u00a0 - Padre y Decano - El Sitio del Pueblo\",\"isPartOf\":{\"@id\":\"https:\/\/www.padreydecano.com\/cms\/#website\"},\"primaryImageOfPage\":{\"@id\":\"https:\/\/www.padreydecano.com\/cms\/noticias\/arezo-y-milans-en-el-equipo-de-la-semana\/#primaryimage\"},\"image\":{\"@id\":\"https:\/\/www.padreydecano.com\/cms\/noticias\/arezo-y-milans-en-el-equipo-de-la-semana\/#primaryimage\"},\"thumbnailUrl\":\"https:\/\/www.padreydecano.com\/cms\/wp-content\/uploads\/2023\/03\/20230307_RivervsPenarol_-Juan-Manuel-Albores-_046-scaled.jpg\",\"datePublished\":\"2023-03-10T21:42:10+00:00\",\"dateModified\":\"2023-03-13T13:19:11+00:00\",\"breadcrumb\":{\"@id\":\"https:\/\/www.padreydecano.com\/cms\/noticias\/arezo-y-milans-en-el-equipo-de-la-semana\/#breadcrumb\"},\"inLanguage\":\"es\",\"potentialAction\":[{\"@type\":\"ReadAction\",\"target\":[\"https:\/\/www.padreydecano.com\/cms\/noticias\/arezo-y-milans-en-el-equipo-de-la-semana\/\"]}]},{\"@type\":\"ImageObject\",\"inLanguage\":\"es\",\"@id\":\"https:\/\/www.padreydecano.com\/cms\/noticias\/arezo-y-milans-en-el-equipo-de-la-semana\/#primaryimage\",\"url\":\"https:\/\/www.padreydecano.com\/cms\/wp-content\/uploads\/2023\/03\/20230307_RivervsPenarol_-Juan-Manuel-Albores-_046-scaled.jpg\",\"contentUrl\":\"https:\/\/www.padreydecano.com\/cms\/wp-content\/uploads\/2023\/03\/20230307_RivervsPenarol_-Juan-Manuel-Albores-_046-scaled.jpg\",\"width\":2560,\"height\":1702},{\"@type\":\"BreadcrumbList\",\"@id\":\"https:\/\/www.padreydecano.com\/cms\/noticias\/arezo-y-milans-en-el-equipo-de-la-semana\/#breadcrumb\",\"itemListElement\":[{\"@type\":\"ListItem\",\"position\":1,\"name\":\"Portada\",\"item\":\"https:\/\/www.padreydecano.com\/cms\/\"},{\"@type\":\"ListItem\",\"position\":2,\"name\":\"Arezo y Milans en el equipo de la semana\u00a0\"}]},{\"@type\":\"WebSite\",\"@id\":\"https:\/\/www.padreydecano.com\/cms\/#website\",\"url\":\"https:\/\/www.padreydecano.com\/cms\/\",\"name\":\"Padre y Decano - El Sitio del Pueblo\",\"description\":\"Club Atl\u00e9tico Pe\u00f1arol\",\"publisher\":{\"@id\":\"https:\/\/www.padreydecano.com\/cms\/#organization\"},\"potentialAction\":[{\"@type\":\"SearchAction\",\"target\":{\"@type\":\"EntryPoint\",\"urlTemplate\":\"https:\/\/www.padreydecano.com\/cms\/?s={search_term_string}\"},\"query-input\":\"required name=search_term_string\"}],\"inLanguage\":\"es\"},{\"@type\":\"Organization\",\"@id\":\"https:\/\/www.padreydecano.com\/cms\/#organization\",\"name\":\"Padre y Decano\",\"url\":\"https:\/\/www.padreydecano.com\/cms\/\",\"logo\":{\"@type\":\"ImageObject\",\"inLanguage\":\"es\",\"@id\":\"https:\/\/www.padreydecano.com\/cms\/#\/schema\/logo\/image\/\",\"url\":\"https:\/\/www.padreydecano.com\/cms\/wp-content\/uploads\/2022\/01\/avatar-square.png\",\"contentUrl\":\"https:\/\/www.padreydecano.com\/cms\/wp-content\/uploads\/2022\/01\/avatar-square.png\",\"width\":1500,\"height\":1500,\"caption\":\"Padre y Decano\"},\"image\":{\"@id\":\"https:\/\/www.padreydecano.com\/cms\/#\/schema\/logo\/image\/\"}},{\"@type\":\"Person\",\"@id\":\"https:\/\/www.padreydecano.com\/cms\/#\/schema\/person\/37aae8f93aa78e4c5385497f056e3246\",\"name\":\"Redactores Padre y Decano\",\"image\":{\"@type\":\"ImageObject\",\"inLanguage\":\"es\",\"@id\":\"https:\/\/www.padreydecano.com\/cms\/#\/schema\/person\/image\/\",\"url\":\"https:\/\/secure.gravatar.com\/avatar\/8810c4b9081192b118b104af54549af8?s=96&d=https%3A%2F%2Fpadreydecano.com%2Fcms%2Fwp-content%2Fthemes%2Fpyd-theme%2Fimg%2Fdefault-avatar.png&r=g\",\"contentUrl\":\"https:\/\/secure.gravatar.com\/avatar\/8810c4b9081192b118b104af54549af8?s=96&d=https%3A%2F%2Fpadreydecano.com%2Fcms%2Fwp-content%2Fthemes%2Fpyd-theme%2Fimg%2Fdefault-avatar.png&r=g\",\"caption\":\"Redactores Padre y Decano\"},\"sameAs\":[\"http:\/\/www.padreydecano.com\"]}]}<\/script>\n<!-- \/ Yoast SEO plugin. -->","yoast_head_json":{"title":"Arezo y Milans en el equipo de la semana\u00a0 - Padre y Decano - El Sitio del Pueblo","robots":{"index":"index","follow":"follow","max-snippet":"max-snippet:-1","max-image-preview":"max-image-preview:large","max-video-preview":"max-video-preview:-1"},"canonical":"https:\/\/www.padreydecano.com\/cms\/noticias\/arezo-y-milans-en-el-equipo-de-la-semana\/","og_locale":"es_ES","og_type":"article","og_title":"Arezo y Milans en el equipo de la semana\u00a0 - Padre y Decano - El Sitio del Pueblo","og_description":"Mat\u00edas Arezo, autor de 3 goles en la victoria frente a River Plate y Pedro Milans, quien anot\u00f3 el gol restante, son parte del equipo de la fecha de la Copa Sudamericana 2023. Tras la aplastante victoria ante River Plate por 4 a 0 en Maldonado, Pe\u00f1arol se clasific\u00f3 a la fase de grupos de [&hellip;]","og_url":"https:\/\/www.padreydecano.com\/cms\/noticias\/arezo-y-milans-en-el-equipo-de-la-semana\/","og_site_name":"Padre y Decano - El Sitio del Pueblo","article_published_time":"2023-03-10T21:42:10+00:00","article_modified_time":"2023-03-13T13:19:11+00:00","og_image":[{"width":2560,"height":1702,"url":"https:\/\/www.padreydecano.com\/cms\/wp-content\/uploads\/2023\/03\/20230307_RivervsPenarol_-Juan-Manuel-Albores-_046-scaled.jpg","type":"image\/jpeg"}],"author":"Redactores Padre y Decano","twitter_card":"summary_large_image","twitter_misc":{"Escrito por":"Redactores Padre y Decano","Tiempo de lectura":"1 minuto"},"schema":{"@context":"https:\/\/schema.org","@graph":[{"@type":"Article","@id":"https:\/\/www.padreydecano.com\/cms\/noticias\/arezo-y-milans-en-el-equipo-de-la-semana\/#article","isPartOf":{"@id":"https:\/\/www.padreydecano.com\/cms\/noticias\/arezo-y-milans-en-el-equipo-de-la-semana\/"},"author":{"name":"Redactores Padre y Decano","@id":"https:\/\/www.padreydecano.com\/cms\/#\/schema\/person\/37aae8f93aa78e4c5385497f056e3246"},"headline":"Arezo y Milans en el equipo de la semana\u00a0","datePublished":"2023-03-10T21:42:10+00:00","dateModified":"2023-03-13T13:19:11+00:00","mainEntityOfPage":{"@id":"https:\/\/www.padreydecano.com\/cms\/noticias\/arezo-y-milans-en-el-equipo-de-la-semana\/"},"wordCount":151,"commentCount":0,"publisher":{"@id":"https:\/\/www.padreydecano.com\/cms\/#organization"},"image":{"@id":"https:\/\/www.padreydecano.com\/cms\/noticias\/arezo-y-milans-en-el-equipo-de-la-semana\/#primaryimage"},"thumbnailUrl":"https:\/\/www.padreydecano.com\/cms\/wp-content\/uploads\/2023\/03\/20230307_RivervsPenarol_-Juan-Manuel-Albores-_046-scaled.jpg","keywords":["Copa Sudamericana 2023"],"articleSection":["Noticias"],"inLanguage":"es","potentialAction":[{"@type":"CommentAction","name":"Comment","target":["https:\/\/www.padreydecano.com\/cms\/noticias\/arezo-y-milans-en-el-equipo-de-la-semana\/#respond"]}]},{"@type":"WebPage","@id":"https:\/\/www.padreydecano.com\/cms\/noticias\/arezo-y-milans-en-el-equipo-de-la-semana\/","url":"https:\/\/www.padreydecano.com\/cms\/noticias\/arezo-y-milans-en-el-equipo-de-la-semana\/","name":"Arezo y Milans en el equipo de la semana\u00a0 - Padre y Decano - El Sitio del Pueblo","isPartOf":{"@id":"https:\/\/www.padreydecano.com\/cms\/#website"},"primaryImageOfPage":{"@id":"https:\/\/www.padreydecano.com\/cms\/noticias\/arezo-y-milans-en-el-equipo-de-la-semana\/#primaryimage"},"image":{"@id":"https:\/\/www.padreydecano.com\/cms\/noticias\/arezo-y-milans-en-el-equipo-de-la-semana\/#primaryimage"},"thumbnailUrl":"https:\/\/www.padreydecano.com\/cms\/wp-content\/uploads\/2023\/03\/20230307_RivervsPenarol_-Juan-Manuel-Albores-_046-scaled.jpg","datePublished":"2023-03-10T21:42:10+00:00","dateModified":"2023-03-13T13:19:11+00:00","breadcrumb":{"@id":"https:\/\/www.padreydecano.com\/cms\/noticias\/arezo-y-milans-en-el-equipo-de-la-semana\/#breadcrumb"},"inLanguage":"es","potentialAction":[{"@type":"ReadAction","target":["https:\/\/www.padreydecano.com\/cms\/noticias\/arezo-y-milans-en-el-equipo-de-la-semana\/"]}]},{"@type":"ImageObject","inLanguage":"es","@id":"https:\/\/www.padreydecano.com\/cms\/noticias\/arezo-y-milans-en-el-equipo-de-la-semana\/#primaryimage","url":"https:\/\/www.padreydecano.com\/cms\/wp-content\/uploads\/2023\/03\/20230307_RivervsPenarol_-Juan-Manuel-Albores-_046-scaled.jpg","contentUrl":"https:\/\/www.padreydecano.com\/cms\/wp-content\/uploads\/2023\/03\/20230307_RivervsPenarol_-Juan-Manuel-Albores-_046-scaled.jpg","width":2560,"height":1702},{"@type":"BreadcrumbList","@id":"https:\/\/www.padreydecano.com\/cms\/noticias\/arezo-y-milans-en-el-equipo-de-la-semana\/#breadcrumb","itemListElement":[{"@type":"ListItem","position":1,"name":"Portada","item":"https:\/\/www.padreydecano.com\/cms\/"},{"@type":"ListItem","position":2,"name":"Arezo y Milans en el equipo de la semana\u00a0"}]},{"@type":"WebSite","@id":"https:\/\/www.padreydecano.com\/cms\/#website","url":"https:\/\/www.padreydecano.com\/cms\/","name":"Padre y Decano - El Sitio del Pueblo","description":"Club Atl\u00e9tico Pe\u00f1arol","publisher":{"@id":"https:\/\/www.padreydecano.com\/cms\/#organization"},"potentialAction":[{"@type":"SearchAction","target":{"@type":"EntryPoint","urlTemplate":"https:\/\/www.padreydecano.com\/cms\/?s={search_term_string}"},"query-input":"required name=search_term_string"}],"inLanguage":"es"},{"@type":"Organization","@id":"https:\/\/www.padreydecano.com\/cms\/#organization","name":"Padre y Decano","url":"https:\/\/www.padreydecano.com\/cms\/","logo":{"@type":"ImageObject","inLanguage":"es","@id":"https:\/\/www.padreydecano.com\/cms\/#\/schema\/logo\/image\/","url":"https:\/\/www.padreydecano.com\/cms\/wp-content\/uploads\/2022\/01\/avatar-square.png","contentUrl":"https:\/\/www.padreydecano.com\/cms\/wp-content\/uploads\/2022\/01\/avatar-square.png","width":1500,"height":1500,"caption":"Padre y Decano"},"image":{"@id":"https:\/\/www.padreydecano.com\/cms\/#\/schema\/logo\/image\/"}},{"@type":"Person","@id":"https:\/\/www.padreydecano.com\/cms\/#\/schema\/person\/37aae8f93aa78e4c5385497f056e3246","name":"Redactores Padre y Decano","image":{"@type":"ImageObject","inLanguage":"es","@id":"https:\/\/www.padreydecano.com\/cms\/#\/schema\/person\/image\/","url":"https:\/\/secure.gravatar.com\/avatar\/8810c4b9081192b118b104af54549af8?s=96&d=https%3A%2F%2Fpadreydecano.com%2Fcms%2Fwp-content%2Fthemes%2Fpyd-theme%2Fimg%2Fdefault-avatar.png&r=g","contentUrl":"https:\/\/secure.gravatar.com\/avatar\/8810c4b9081192b118b104af54549af8?s=96&d=https%3A%2F%2Fpadreydecano.com%2Fcms%2Fwp-content%2Fthemes%2Fpyd-theme%2Fimg%2Fdefault-avatar.png&r=g","caption":"Redactores Padre y Decano"},"sameAs":["http:\/\/www.padreydecano.com"]}]}},"_links":{"self":[{"href":"https:\/\/www.padreydecano.com\/cms\/wp-json\/wp\/v2\/posts\/79995"}],"collection":[{"href":"https:\/\/www.padreydecano.com\/cms\/wp-json\/wp\/v2\/posts"}],"about":[{"href":"https:\/\/www.padreydecano.com\/cms\/wp-json\/wp\/v2\/types\/post"}],"author":[{"embeddable":true,"href":"https:\/\/www.padreydecano.com\/cms\/wp-json\/wp\/v2\/users\/27"}],"replies":[{"embeddable":true,"href":"https:\/\/www.padreydecano.com\/cms\/wp-json\/wp\/v2\/comments?post=79995"}],"version-history":[{"count":0,"href":"https:\/\/www.padreydecano.com\/cms\/wp-json\/wp\/v2\/posts\/79995\/revisions"}],"wp:featuredmedia":[{"embeddable":true,"href":"https:\/\/www.padreydecano.com\/cms\/wp-json\/wp\/v2\/media\/79977"}],"wp:attachment":[{"href":"https:\/\/www.padreydecano.com\/cms\/wp-json\/wp\/v2\/media?parent=79995"}],"wp:term":[{"taxonomy":"category","embeddable":true,"href":"https:\/\/www.padreydecano.com\/cms\/wp-json\/wp\/v2\/categories?post=79995"},{"taxonomy":"post_tag","embeddable":true,"href":"https:\/\/www.padreydecano.com\/cms\/wp-json\/wp\/v2\/tags?post=79995"}],"curies":[{"name":"wp","href":"https:\/\/api.w.org\/{rel}","templated":true}]}}