{"id":79888,"date":"2023-02-27T21:19:17","date_gmt":"2023-02-28T00:19:17","guid":{"rendered":"https:\/\/www.padreydecano.com\/cms\/?p=79888"},"modified":"2023-02-28T11:32:33","modified_gmt":"2023-02-28T14:32:33","slug":"tercera-division-victoria-en-el-pichincha","status":"publish","type":"post","link":"https:\/\/www.padreydecano.com\/cms\/3era-division\/tercera-division-victoria-en-el-pichincha\/","title":{"rendered":"Tercera Divisi\u00f3n: Victoria en el Pichincha\u00a0"},"content":{"rendered":"<p><img loading=\"lazy\" decoding=\"async\" class=\"alignnone size-medium wp-image-79889\" src=\"https:\/\/www.padreydecano.com\/cms\/wp-content\/uploads\/2023\/02\/20230227_211611-600x338.jpg\" alt=\"\" width=\"600\" height=\"338\" srcset=\"https:\/\/www.padreydecano.com\/cms\/wp-content\/uploads\/2023\/02\/20230227_211611-600x338.jpg 600w, https:\/\/www.padreydecano.com\/cms\/wp-content\/uploads\/2023\/02\/20230227_211611-1024x576.jpg 1024w, https:\/\/www.padreydecano.com\/cms\/wp-content\/uploads\/2023\/02\/20230227_211611-768x432.jpg 768w, https:\/\/www.padreydecano.com\/cms\/wp-content\/uploads\/2023\/02\/20230227_211611-1536x864.jpg 1536w, https:\/\/www.padreydecano.com\/cms\/wp-content\/uploads\/2023\/02\/20230227_211611-300x169.jpg 300w, https:\/\/www.padreydecano.com\/cms\/wp-content\/uploads\/2023\/02\/20230227_211611-128x72.jpg 128w, https:\/\/www.padreydecano.com\/cms\/wp-content\/uploads\/2023\/02\/20230227_211611-32x18.jpg 32w, https:\/\/www.padreydecano.com\/cms\/wp-content\/uploads\/2023\/02\/20230227_211611.jpg 1600w\" sizes=\"(max-width: 600px) 100vw, 600px\" \/><\/p>\n<p><strong>Pe\u00f1arol derrot\u00f3 3 a 1 a Defensor Sporting en su visita al Complejo Arsuaga. Mat\u00edas Ferriera (x2) y M\u00e1ximo Alonso convirtieron los goles del decano.<\/strong><\/p>\n<p>Luego de la victoria ante Boston River en el Estadio Campe\u00f3n del Siglo por el debut en la competencia, el carbonero visit\u00f3 a Defensor Sporting en el Pichincha en el segundo duelo de la categor\u00eda.<\/p>\n<p>Los dirigidos por Juan Manuel Olivera y Dami\u00e1n Macaluso formaron con: Randall Rodr\u00edguez; Joaqu\u00edn Ferreira, Agust\u00edn Rodr\u00edguez, Andr\u00e9s Madruga, Math\u00edas De Ritis; Dami\u00e1n Garc\u00eda, Braulio Guisolfo (70&#8242; Ademir Silva), Mat\u00edas Ferreira (84&#8242; Franco Su\u00e1rez); Santiago \u00c1lvez (70&#8242; Nahuel De Armas), Santiago D\u00edaz (60&#8242; Bruno Bentancor) y M\u00e1ximo Alonso (60&#8242; Diego M\u00e9ndez).<\/p>\n<p>Banco: Fernando Martinez, Mateo Ovelar, Lucas \u00c1lvez, Mateo Carrizo y Pablo Nongoy.<\/p>\n<p>El carbonero fue superior durante todo el tr\u00e1mite del encuentro al equipo local y logr\u00f3 concretar su dominio en el marcador.<\/p>\n<p>La apertura del marcador lleg\u00f3 a los 9 minutos de juego, luego de un penal sancionado a favor de Pe\u00f1arol, Mat\u00edas Ferreira lo cambi\u00f3 por gol y el carbonero se puso arriba en el marcador temprano en el partido.<\/p>\n<p>El violate respondi\u00f3 y a los 22 minutos igual\u00f3 el partido convirtiendo de tiro libre. Sin embargo, el empate no preocup\u00f3 y el aurinegro sigui\u00f3 dominando el tr\u00e1mite.<\/p>\n<p>Pocos minutos despu\u00e9s, se sancion\u00f3 otro penal a favor del decano. Fue el turno para M\u00e1ximo Alonso que convirti\u00f3 al palo derecho del arquero, poniendo nuevamente al mirasol arriba. Otro buen partido de Alonso, que sali\u00f3 sentido a la hora de juego. En su lugar ingres\u00f3 Diego M\u00e9ndez.<\/p>\n<p>Llegando al tramo final del partido, Mat\u00edas Ferreira convirti\u00f3 un golazo cruzado desde afuera del \u00e1rea, sentenciando el partido a los 77 minutos. Poco m\u00e1s pas\u00f3 despu\u00e9s.<\/p>\n<p>Pe\u00f1arol se llev\u00f3 una importante victoria del complejo de la calle Pichincha. El carbonero gan\u00f3 los 2 partidos que disput\u00f3 hasta el momento siendo superior al rival y buscar\u00e1 replicar su nivel en los siguientes encuentros.<\/p>\n<div class=\"user-wrapper\"><a class=\"userlink\"href=\"https:\/\/twitter.com\/ftrucce18\" target=\"_blank\"><figure><img decoding=\"async\" src=\"http:\/\/www.padreydecano.com\/cms\/wp-users-files\/postfirmas\/ftrucce.jpg\" \/><\/figure><p class=\"user\"><strong>Franco Trucce<\/strong><br \/>@FTrucce18<\/p><\/a><\/div>\n","protected":false},"excerpt":{"rendered":"<p>Pe\u00f1arol derrot\u00f3 3 a 1 a Defensor Sporting en su visita al Complejo Arsuaga. Mat\u00edas Ferriera (x2) y M\u00e1ximo Alonso convirtieron los goles del decano. Luego de la victoria ante Boston River en el Estadio Campe\u00f3n del Siglo por el debut en la competencia, el carbonero visit\u00f3 a Defensor Sporting en el Pichincha en el [&hellip;]<\/p>\n","protected":false},"author":27,"featured_media":79889,"comment_status":"open","ping_status":"closed","sticky":false,"template":"","format":"standard","meta":{"footnotes":""},"categories":[51],"tags":[],"yoast_head":"<!-- This site is optimized with the Yoast SEO plugin v23.2 - https:\/\/yoast.com\/wordpress\/plugins\/seo\/ -->\n<title>Tercera Divisi\u00f3n: Victoria en el Pichincha\u00a0 - Padre y Decano - El Sitio del Pueblo<\/title>\n<meta name=\"robots\" content=\"index, follow, max-snippet:-1, max-image-preview:large, max-video-preview:-1\" \/>\n<link rel=\"canonical\" href=\"https:\/\/www.padreydecano.com\/cms\/3era-division\/tercera-division-victoria-en-el-pichincha\/\" \/>\n<meta property=\"og:locale\" content=\"es_ES\" \/>\n<meta property=\"og:type\" content=\"article\" \/>\n<meta property=\"og:title\" content=\"Tercera Divisi\u00f3n: Victoria en el Pichincha\u00a0 - Padre y Decano - El Sitio del Pueblo\" \/>\n<meta property=\"og:description\" content=\"Pe\u00f1arol derrot\u00f3 3 a 1 a Defensor Sporting en su visita al Complejo Arsuaga. Mat\u00edas Ferriera (x2) y M\u00e1ximo Alonso convirtieron los goles del decano. Luego de la victoria ante Boston River en el Estadio Campe\u00f3n del Siglo por el debut en la competencia, el carbonero visit\u00f3 a Defensor Sporting en el Pichincha en el [&hellip;]\" \/>\n<meta property=\"og:url\" content=\"https:\/\/www.padreydecano.com\/cms\/3era-division\/tercera-division-victoria-en-el-pichincha\/\" \/>\n<meta property=\"og:site_name\" content=\"Padre y Decano - El Sitio del Pueblo\" \/>\n<meta property=\"article:published_time\" content=\"2023-02-28T00:19:17+00:00\" \/>\n<meta property=\"article:modified_time\" content=\"2023-02-28T14:32:33+00:00\" \/>\n<meta property=\"og:image\" content=\"https:\/\/www.padreydecano.com\/cms\/wp-content\/uploads\/2023\/02\/20230227_211611.jpg\" \/>\n\t<meta property=\"og:image:width\" content=\"1600\" \/>\n\t<meta property=\"og:image:height\" content=\"900\" \/>\n\t<meta property=\"og:image:type\" content=\"image\/jpeg\" \/>\n<meta name=\"author\" content=\"Redactores Padre y Decano\" \/>\n<meta name=\"twitter:card\" content=\"summary_large_image\" \/>\n<meta name=\"twitter:label1\" content=\"Escrito por\" \/>\n\t<meta name=\"twitter:data1\" content=\"Redactores Padre y Decano\" \/>\n\t<meta name=\"twitter:label2\" content=\"Tiempo de lectura\" \/>\n\t<meta name=\"twitter:data2\" content=\"2 minutos\" \/>\n<script type=\"application\/ld+json\" class=\"yoast-schema-graph\">{\"@context\":\"https:\/\/schema.org\",\"@graph\":[{\"@type\":\"Article\",\"@id\":\"https:\/\/www.padreydecano.com\/cms\/3era-division\/tercera-division-victoria-en-el-pichincha\/#article\",\"isPartOf\":{\"@id\":\"https:\/\/www.padreydecano.com\/cms\/3era-division\/tercera-division-victoria-en-el-pichincha\/\"},\"author\":{\"name\":\"Redactores Padre y Decano\",\"@id\":\"https:\/\/www.padreydecano.com\/cms\/#\/schema\/person\/37aae8f93aa78e4c5385497f056e3246\"},\"headline\":\"Tercera Divisi\u00f3n: Victoria en el Pichincha\u00a0\",\"datePublished\":\"2023-02-28T00:19:17+00:00\",\"dateModified\":\"2023-02-28T14:32:33+00:00\",\"mainEntityOfPage\":{\"@id\":\"https:\/\/www.padreydecano.com\/cms\/3era-division\/tercera-division-victoria-en-el-pichincha\/\"},\"wordCount\":349,\"commentCount\":1,\"publisher\":{\"@id\":\"https:\/\/www.padreydecano.com\/cms\/#organization\"},\"image\":{\"@id\":\"https:\/\/www.padreydecano.com\/cms\/3era-division\/tercera-division-victoria-en-el-pichincha\/#primaryimage\"},\"thumbnailUrl\":\"https:\/\/www.padreydecano.com\/cms\/wp-content\/uploads\/2023\/02\/20230227_211611.jpg\",\"articleSection\":[\"3era Divisi\u00f3n\"],\"inLanguage\":\"es\",\"potentialAction\":[{\"@type\":\"CommentAction\",\"name\":\"Comment\",\"target\":[\"https:\/\/www.padreydecano.com\/cms\/3era-division\/tercera-division-victoria-en-el-pichincha\/#respond\"]}]},{\"@type\":\"WebPage\",\"@id\":\"https:\/\/www.padreydecano.com\/cms\/3era-division\/tercera-division-victoria-en-el-pichincha\/\",\"url\":\"https:\/\/www.padreydecano.com\/cms\/3era-division\/tercera-division-victoria-en-el-pichincha\/\",\"name\":\"Tercera Divisi\u00f3n: Victoria en el Pichincha\u00a0 - Padre y Decano - El Sitio del Pueblo\",\"isPartOf\":{\"@id\":\"https:\/\/www.padreydecano.com\/cms\/#website\"},\"primaryImageOfPage\":{\"@id\":\"https:\/\/www.padreydecano.com\/cms\/3era-division\/tercera-division-victoria-en-el-pichincha\/#primaryimage\"},\"image\":{\"@id\":\"https:\/\/www.padreydecano.com\/cms\/3era-division\/tercera-division-victoria-en-el-pichincha\/#primaryimage\"},\"thumbnailUrl\":\"https:\/\/www.padreydecano.com\/cms\/wp-content\/uploads\/2023\/02\/20230227_211611.jpg\",\"datePublished\":\"2023-02-28T00:19:17+00:00\",\"dateModified\":\"2023-02-28T14:32:33+00:00\",\"breadcrumb\":{\"@id\":\"https:\/\/www.padreydecano.com\/cms\/3era-division\/tercera-division-victoria-en-el-pichincha\/#breadcrumb\"},\"inLanguage\":\"es\",\"potentialAction\":[{\"@type\":\"ReadAction\",\"target\":[\"https:\/\/www.padreydecano.com\/cms\/3era-division\/tercera-division-victoria-en-el-pichincha\/\"]}]},{\"@type\":\"ImageObject\",\"inLanguage\":\"es\",\"@id\":\"https:\/\/www.padreydecano.com\/cms\/3era-division\/tercera-division-victoria-en-el-pichincha\/#primaryimage\",\"url\":\"https:\/\/www.padreydecano.com\/cms\/wp-content\/uploads\/2023\/02\/20230227_211611.jpg\",\"contentUrl\":\"https:\/\/www.padreydecano.com\/cms\/wp-content\/uploads\/2023\/02\/20230227_211611.jpg\",\"width\":1600,\"height\":900},{\"@type\":\"BreadcrumbList\",\"@id\":\"https:\/\/www.padreydecano.com\/cms\/3era-division\/tercera-division-victoria-en-el-pichincha\/#breadcrumb\",\"itemListElement\":[{\"@type\":\"ListItem\",\"position\":1,\"name\":\"Portada\",\"item\":\"https:\/\/www.padreydecano.com\/cms\/\"},{\"@type\":\"ListItem\",\"position\":2,\"name\":\"Tercera Divisi\u00f3n: Victoria en el Pichincha\u00a0\"}]},{\"@type\":\"WebSite\",\"@id\":\"https:\/\/www.padreydecano.com\/cms\/#website\",\"url\":\"https:\/\/www.padreydecano.com\/cms\/\",\"name\":\"Padre y Decano - El Sitio del Pueblo\",\"description\":\"Club Atl\u00e9tico Pe\u00f1arol\",\"publisher\":{\"@id\":\"https:\/\/www.padreydecano.com\/cms\/#organization\"},\"potentialAction\":[{\"@type\":\"SearchAction\",\"target\":{\"@type\":\"EntryPoint\",\"urlTemplate\":\"https:\/\/www.padreydecano.com\/cms\/?s={search_term_string}\"},\"query-input\":\"required name=search_term_string\"}],\"inLanguage\":\"es\"},{\"@type\":\"Organization\",\"@id\":\"https:\/\/www.padreydecano.com\/cms\/#organization\",\"name\":\"Padre y Decano\",\"url\":\"https:\/\/www.padreydecano.com\/cms\/\",\"logo\":{\"@type\":\"ImageObject\",\"inLanguage\":\"es\",\"@id\":\"https:\/\/www.padreydecano.com\/cms\/#\/schema\/logo\/image\/\",\"url\":\"https:\/\/www.padreydecano.com\/cms\/wp-content\/uploads\/2022\/01\/avatar-square.png\",\"contentUrl\":\"https:\/\/www.padreydecano.com\/cms\/wp-content\/uploads\/2022\/01\/avatar-square.png\",\"width\":1500,\"height\":1500,\"caption\":\"Padre y Decano\"},\"image\":{\"@id\":\"https:\/\/www.padreydecano.com\/cms\/#\/schema\/logo\/image\/\"}},{\"@type\":\"Person\",\"@id\":\"https:\/\/www.padreydecano.com\/cms\/#\/schema\/person\/37aae8f93aa78e4c5385497f056e3246\",\"name\":\"Redactores Padre y Decano\",\"image\":{\"@type\":\"ImageObject\",\"inLanguage\":\"es\",\"@id\":\"https:\/\/www.padreydecano.com\/cms\/#\/schema\/person\/image\/\",\"url\":\"https:\/\/secure.gravatar.com\/avatar\/8810c4b9081192b118b104af54549af8?s=96&d=https%3A%2F%2Fpadreydecano.com%2Fcms%2Fwp-content%2Fthemes%2Fpyd-theme%2Fimg%2Fdefault-avatar.png&r=g\",\"contentUrl\":\"https:\/\/secure.gravatar.com\/avatar\/8810c4b9081192b118b104af54549af8?s=96&d=https%3A%2F%2Fpadreydecano.com%2Fcms%2Fwp-content%2Fthemes%2Fpyd-theme%2Fimg%2Fdefault-avatar.png&r=g\",\"caption\":\"Redactores Padre y Decano\"},\"sameAs\":[\"http:\/\/www.padreydecano.com\"]}]}<\/script>\n<!-- \/ Yoast SEO plugin. -->","yoast_head_json":{"title":"Tercera Divisi\u00f3n: Victoria en el Pichincha\u00a0 - Padre y Decano - El Sitio del Pueblo","robots":{"index":"index","follow":"follow","max-snippet":"max-snippet:-1","max-image-preview":"max-image-preview:large","max-video-preview":"max-video-preview:-1"},"canonical":"https:\/\/www.padreydecano.com\/cms\/3era-division\/tercera-division-victoria-en-el-pichincha\/","og_locale":"es_ES","og_type":"article","og_title":"Tercera Divisi\u00f3n: Victoria en el Pichincha\u00a0 - Padre y Decano - El Sitio del Pueblo","og_description":"Pe\u00f1arol derrot\u00f3 3 a 1 a Defensor Sporting en su visita al Complejo Arsuaga. Mat\u00edas Ferriera (x2) y M\u00e1ximo Alonso convirtieron los goles del decano. Luego de la victoria ante Boston River en el Estadio Campe\u00f3n del Siglo por el debut en la competencia, el carbonero visit\u00f3 a Defensor Sporting en el Pichincha en el [&hellip;]","og_url":"https:\/\/www.padreydecano.com\/cms\/3era-division\/tercera-division-victoria-en-el-pichincha\/","og_site_name":"Padre y Decano - El Sitio del Pueblo","article_published_time":"2023-02-28T00:19:17+00:00","article_modified_time":"2023-02-28T14:32:33+00:00","og_image":[{"width":1600,"height":900,"url":"https:\/\/www.padreydecano.com\/cms\/wp-content\/uploads\/2023\/02\/20230227_211611.jpg","type":"image\/jpeg"}],"author":"Redactores Padre y Decano","twitter_card":"summary_large_image","twitter_misc":{"Escrito por":"Redactores Padre y Decano","Tiempo de lectura":"2 minutos"},"schema":{"@context":"https:\/\/schema.org","@graph":[{"@type":"Article","@id":"https:\/\/www.padreydecano.com\/cms\/3era-division\/tercera-division-victoria-en-el-pichincha\/#article","isPartOf":{"@id":"https:\/\/www.padreydecano.com\/cms\/3era-division\/tercera-division-victoria-en-el-pichincha\/"},"author":{"name":"Redactores Padre y Decano","@id":"https:\/\/www.padreydecano.com\/cms\/#\/schema\/person\/37aae8f93aa78e4c5385497f056e3246"},"headline":"Tercera Divisi\u00f3n: Victoria en el Pichincha\u00a0","datePublished":"2023-02-28T00:19:17+00:00","dateModified":"2023-02-28T14:32:33+00:00","mainEntityOfPage":{"@id":"https:\/\/www.padreydecano.com\/cms\/3era-division\/tercera-division-victoria-en-el-pichincha\/"},"wordCount":349,"commentCount":1,"publisher":{"@id":"https:\/\/www.padreydecano.com\/cms\/#organization"},"image":{"@id":"https:\/\/www.padreydecano.com\/cms\/3era-division\/tercera-division-victoria-en-el-pichincha\/#primaryimage"},"thumbnailUrl":"https:\/\/www.padreydecano.com\/cms\/wp-content\/uploads\/2023\/02\/20230227_211611.jpg","articleSection":["3era Divisi\u00f3n"],"inLanguage":"es","potentialAction":[{"@type":"CommentAction","name":"Comment","target":["https:\/\/www.padreydecano.com\/cms\/3era-division\/tercera-division-victoria-en-el-pichincha\/#respond"]}]},{"@type":"WebPage","@id":"https:\/\/www.padreydecano.com\/cms\/3era-division\/tercera-division-victoria-en-el-pichincha\/","url":"https:\/\/www.padreydecano.com\/cms\/3era-division\/tercera-division-victoria-en-el-pichincha\/","name":"Tercera Divisi\u00f3n: Victoria en el Pichincha\u00a0 - Padre y Decano - El Sitio del Pueblo","isPartOf":{"@id":"https:\/\/www.padreydecano.com\/cms\/#website"},"primaryImageOfPage":{"@id":"https:\/\/www.padreydecano.com\/cms\/3era-division\/tercera-division-victoria-en-el-pichincha\/#primaryimage"},"image":{"@id":"https:\/\/www.padreydecano.com\/cms\/3era-division\/tercera-division-victoria-en-el-pichincha\/#primaryimage"},"thumbnailUrl":"https:\/\/www.padreydecano.com\/cms\/wp-content\/uploads\/2023\/02\/20230227_211611.jpg","datePublished":"2023-02-28T00:19:17+00:00","dateModified":"2023-02-28T14:32:33+00:00","breadcrumb":{"@id":"https:\/\/www.padreydecano.com\/cms\/3era-division\/tercera-division-victoria-en-el-pichincha\/#breadcrumb"},"inLanguage":"es","potentialAction":[{"@type":"ReadAction","target":["https:\/\/www.padreydecano.com\/cms\/3era-division\/tercera-division-victoria-en-el-pichincha\/"]}]},{"@type":"ImageObject","inLanguage":"es","@id":"https:\/\/www.padreydecano.com\/cms\/3era-division\/tercera-division-victoria-en-el-pichincha\/#primaryimage","url":"https:\/\/www.padreydecano.com\/cms\/wp-content\/uploads\/2023\/02\/20230227_211611.jpg","contentUrl":"https:\/\/www.padreydecano.com\/cms\/wp-content\/uploads\/2023\/02\/20230227_211611.jpg","width":1600,"height":900},{"@type":"BreadcrumbList","@id":"https:\/\/www.padreydecano.com\/cms\/3era-division\/tercera-division-victoria-en-el-pichincha\/#breadcrumb","itemListElement":[{"@type":"ListItem","position":1,"name":"Portada","item":"https:\/\/www.padreydecano.com\/cms\/"},{"@type":"ListItem","position":2,"name":"Tercera Divisi\u00f3n: Victoria en el Pichincha\u00a0"}]},{"@type":"WebSite","@id":"https:\/\/www.padreydecano.com\/cms\/#website","url":"https:\/\/www.padreydecano.com\/cms\/","name":"Padre y Decano - El Sitio del Pueblo","description":"Club Atl\u00e9tico Pe\u00f1arol","publisher":{"@id":"https:\/\/www.padreydecano.com\/cms\/#organization"},"potentialAction":[{"@type":"SearchAction","target":{"@type":"EntryPoint","urlTemplate":"https:\/\/www.padreydecano.com\/cms\/?s={search_term_string}"},"query-input":"required name=search_term_string"}],"inLanguage":"es"},{"@type":"Organization","@id":"https:\/\/www.padreydecano.com\/cms\/#organization","name":"Padre y Decano","url":"https:\/\/www.padreydecano.com\/cms\/","logo":{"@type":"ImageObject","inLanguage":"es","@id":"https:\/\/www.padreydecano.com\/cms\/#\/schema\/logo\/image\/","url":"https:\/\/www.padreydecano.com\/cms\/wp-content\/uploads\/2022\/01\/avatar-square.png","contentUrl":"https:\/\/www.padreydecano.com\/cms\/wp-content\/uploads\/2022\/01\/avatar-square.png","width":1500,"height":1500,"caption":"Padre y Decano"},"image":{"@id":"https:\/\/www.padreydecano.com\/cms\/#\/schema\/logo\/image\/"}},{"@type":"Person","@id":"https:\/\/www.padreydecano.com\/cms\/#\/schema\/person\/37aae8f93aa78e4c5385497f056e3246","name":"Redactores Padre y Decano","image":{"@type":"ImageObject","inLanguage":"es","@id":"https:\/\/www.padreydecano.com\/cms\/#\/schema\/person\/image\/","url":"https:\/\/secure.gravatar.com\/avatar\/8810c4b9081192b118b104af54549af8?s=96&d=https%3A%2F%2Fpadreydecano.com%2Fcms%2Fwp-content%2Fthemes%2Fpyd-theme%2Fimg%2Fdefault-avatar.png&r=g","contentUrl":"https:\/\/secure.gravatar.com\/avatar\/8810c4b9081192b118b104af54549af8?s=96&d=https%3A%2F%2Fpadreydecano.com%2Fcms%2Fwp-content%2Fthemes%2Fpyd-theme%2Fimg%2Fdefault-avatar.png&r=g","caption":"Redactores Padre y Decano"},"sameAs":["http:\/\/www.padreydecano.com"]}]}},"_links":{"self":[{"href":"https:\/\/www.padreydecano.com\/cms\/wp-json\/wp\/v2\/posts\/79888"}],"collection":[{"href":"https:\/\/www.padreydecano.com\/cms\/wp-json\/wp\/v2\/posts"}],"about":[{"href":"https:\/\/www.padreydecano.com\/cms\/wp-json\/wp\/v2\/types\/post"}],"author":[{"embeddable":true,"href":"https:\/\/www.padreydecano.com\/cms\/wp-json\/wp\/v2\/users\/27"}],"replies":[{"embeddable":true,"href":"https:\/\/www.padreydecano.com\/cms\/wp-json\/wp\/v2\/comments?post=79888"}],"version-history":[{"count":0,"href":"https:\/\/www.padreydecano.com\/cms\/wp-json\/wp\/v2\/posts\/79888\/revisions"}],"wp:featuredmedia":[{"embeddable":true,"href":"https:\/\/www.padreydecano.com\/cms\/wp-json\/wp\/v2\/media\/79889"}],"wp:attachment":[{"href":"https:\/\/www.padreydecano.com\/cms\/wp-json\/wp\/v2\/media?parent=79888"}],"wp:term":[{"taxonomy":"category","embeddable":true,"href":"https:\/\/www.padreydecano.com\/cms\/wp-json\/wp\/v2\/categories?post=79888"},{"taxonomy":"post_tag","embeddable":true,"href":"https:\/\/www.padreydecano.com\/cms\/wp-json\/wp\/v2\/tags?post=79888"}],"curies":[{"name":"wp","href":"https:\/\/api.w.org\/{rel}","templated":true}]}}