{"id":79872,"date":"2023-02-24T17:39:21","date_gmt":"2023-02-24T20:39:21","guid":{"rendered":"https:\/\/www.padreydecano.com\/cms\/?p=79872"},"modified":"2023-02-28T11:34:34","modified_gmt":"2023-02-28T14:34:34","slug":"ojo-con-el-vasquito","status":"publish","type":"post","link":"https:\/\/www.padreydecano.com\/cms\/noticias\/ojo-con-el-vasquito\/","title":{"rendered":"Ojo con el Vasquito"},"content":{"rendered":"<p><img loading=\"lazy\" decoding=\"async\" class=\"alignnone size-medium wp-image-79874\" src=\"https:\/\/www.padreydecano.com\/cms\/wp-content\/uploads\/2023\/02\/IMG-20230224-WA0094-600x400.jpg\" alt=\"\" width=\"600\" height=\"400\" srcset=\"https:\/\/www.padreydecano.com\/cms\/wp-content\/uploads\/2023\/02\/IMG-20230224-WA0094-600x400.jpg 600w, https:\/\/www.padreydecano.com\/cms\/wp-content\/uploads\/2023\/02\/IMG-20230224-WA0094-1024x683.jpg 1024w, https:\/\/www.padreydecano.com\/cms\/wp-content\/uploads\/2023\/02\/IMG-20230224-WA0094-768x512.jpg 768w, https:\/\/www.padreydecano.com\/cms\/wp-content\/uploads\/2023\/02\/IMG-20230224-WA0094-1536x1024.jpg 1536w, https:\/\/www.padreydecano.com\/cms\/wp-content\/uploads\/2023\/02\/IMG-20230224-WA0094-300x200.jpg 300w, https:\/\/www.padreydecano.com\/cms\/wp-content\/uploads\/2023\/02\/IMG-20230224-WA0094-128x85.jpg 128w, https:\/\/www.padreydecano.com\/cms\/wp-content\/uploads\/2023\/02\/IMG-20230224-WA0094-32x21.jpg 32w, https:\/\/www.padreydecano.com\/cms\/wp-content\/uploads\/2023\/02\/IMG-20230224-WA0094.jpg 2048w\" sizes=\"(max-width: 600px) 100vw, 600px\" \/><\/p>\n<p><strong>Alfredo Arias posicion\u00f3 como titular a Mat\u00edas Aguirregaray en los \u00faltimos entrenamientos. Habr\u00e1n m\u00e1s cambios en el equipo titular con respecto al \u00faltimo encuentro.<\/strong><\/p>\n<p>Luego de cumplir la sanci\u00f3n autom\u00e1tica tras la roja recibida desde el banco de suplentes debido a encontronazos entre los suplentes de Pe\u00f1arol y La Luz, Aguirregaray volver\u00e1 a la n\u00f3mina de convocados y adem\u00e1s, como titular suplantando a Pedro Milans.<\/p>\n<p>En caso de confirmarse su titularidad, Vasquito tendr\u00e1 sus primeros minutos en la temporada, e ingresar\u00e1 por primera vez desde la llegada de Arias a la direcci\u00f3n t\u00e9cnica del decano.<\/p>\n<p>El probable equipo de Pe\u00f1arol para enfrentar a Defensor Sporting en el Franzini por la cuarta fecha del Torneo Apertura 2023 es con: Thiago Cardozo; Mat\u00edas Aguirregaray, Hern\u00e1n Menosse, Leonardo Coelho, Valent\u00edn Rodr\u00edguez; Ignacio Laquintana, Sebasti\u00e1n Rodr\u00edguez, Sebasti\u00e1n Cristoforo, Kevin M\u00e9ndez; Abel Hern\u00e1ndez y Mat\u00edas Arezo. Pueden surgir variantes antes del encuentro.<\/p>\n<p>La principal duda es la aparici\u00f3n de Abel Hern\u00e1ndez, ya que se eval\u00faa su condici\u00f3n f\u00edsica y en caso de no estar al 100 % no se arriesgar\u00e1 al delantero de 32 a\u00f1os. El otro jugador que est\u00e1 en duda por el aspecto f\u00edsico es Diego Rolan, quien debut\u00f3 oficialmente en la victoria ante Boston River.<\/p>\n<p>El encuentro ante el violeta ser\u00e1 el pr\u00f3ximo s\u00e1bado a las 20 horas, con entradas agotadas para la parcialidad de Pe\u00f1arol.<\/p>\n<div class=\"user-wrapper\"><a class=\"userlink\"href=\"https:\/\/twitter.com\/ftrucce18\" target=\"_blank\"><figure><img decoding=\"async\" src=\"http:\/\/www.padreydecano.com\/cms\/wp-users-files\/postfirmas\/ftrucce.jpg\" \/><\/figure><p class=\"user\"><strong>Franco Trucce<\/strong><br \/>@FTrucce18<\/p><\/a><\/div>\n","protected":false},"excerpt":{"rendered":"<p>Alfredo Arias posicion\u00f3 como titular a Mat\u00edas Aguirregaray en los \u00faltimos entrenamientos. Habr\u00e1n m\u00e1s cambios en el equipo titular con respecto al \u00faltimo encuentro. Luego de cumplir la sanci\u00f3n autom\u00e1tica tras la roja recibida desde el banco de suplentes debido a encontronazos entre los suplentes de Pe\u00f1arol y La Luz, Aguirregaray volver\u00e1 a la n\u00f3mina [&hellip;]<\/p>\n","protected":false},"author":27,"featured_media":79874,"comment_status":"open","ping_status":"closed","sticky":false,"template":"","format":"standard","meta":{"footnotes":""},"categories":[1],"tags":[590],"yoast_head":"<!-- This site is optimized with the Yoast SEO plugin v23.2 - https:\/\/yoast.com\/wordpress\/plugins\/seo\/ -->\n<title>Ojo con el Vasquito - Padre y Decano - El Sitio del Pueblo<\/title>\n<meta name=\"robots\" content=\"index, follow, max-snippet:-1, max-image-preview:large, max-video-preview:-1\" \/>\n<link rel=\"canonical\" href=\"https:\/\/www.padreydecano.com\/cms\/noticias\/ojo-con-el-vasquito\/\" \/>\n<meta property=\"og:locale\" content=\"es_ES\" \/>\n<meta property=\"og:type\" content=\"article\" \/>\n<meta property=\"og:title\" content=\"Ojo con el Vasquito - Padre y Decano - El Sitio del Pueblo\" \/>\n<meta property=\"og:description\" content=\"Alfredo Arias posicion\u00f3 como titular a Mat\u00edas Aguirregaray en los \u00faltimos entrenamientos. Habr\u00e1n m\u00e1s cambios en el equipo titular con respecto al \u00faltimo encuentro. Luego de cumplir la sanci\u00f3n autom\u00e1tica tras la roja recibida desde el banco de suplentes debido a encontronazos entre los suplentes de Pe\u00f1arol y La Luz, Aguirregaray volver\u00e1 a la n\u00f3mina [&hellip;]\" \/>\n<meta property=\"og:url\" content=\"https:\/\/www.padreydecano.com\/cms\/noticias\/ojo-con-el-vasquito\/\" \/>\n<meta property=\"og:site_name\" content=\"Padre y Decano - El Sitio del Pueblo\" \/>\n<meta property=\"article:published_time\" content=\"2023-02-24T20:39:21+00:00\" \/>\n<meta property=\"article:modified_time\" content=\"2023-02-28T14:34:34+00:00\" \/>\n<meta property=\"og:image\" content=\"https:\/\/www.padreydecano.com\/cms\/wp-content\/uploads\/2023\/02\/IMG-20230224-WA0094.jpg\" \/>\n\t<meta property=\"og:image:width\" content=\"2048\" \/>\n\t<meta property=\"og:image:height\" content=\"1365\" \/>\n\t<meta property=\"og:image:type\" content=\"image\/jpeg\" \/>\n<meta name=\"author\" content=\"Redactores Padre y Decano\" \/>\n<meta name=\"twitter:card\" content=\"summary_large_image\" \/>\n<meta name=\"twitter:label1\" content=\"Escrito por\" \/>\n\t<meta name=\"twitter:data1\" content=\"Redactores Padre y Decano\" \/>\n\t<meta name=\"twitter:label2\" content=\"Tiempo de lectura\" \/>\n\t<meta name=\"twitter:data2\" content=\"2 minutos\" \/>\n<script type=\"application\/ld+json\" class=\"yoast-schema-graph\">{\"@context\":\"https:\/\/schema.org\",\"@graph\":[{\"@type\":\"Article\",\"@id\":\"https:\/\/www.padreydecano.com\/cms\/noticias\/ojo-con-el-vasquito\/#article\",\"isPartOf\":{\"@id\":\"https:\/\/www.padreydecano.com\/cms\/noticias\/ojo-con-el-vasquito\/\"},\"author\":{\"name\":\"Redactores Padre y Decano\",\"@id\":\"https:\/\/www.padreydecano.com\/cms\/#\/schema\/person\/37aae8f93aa78e4c5385497f056e3246\"},\"headline\":\"Ojo con el Vasquito\",\"datePublished\":\"2023-02-24T20:39:21+00:00\",\"dateModified\":\"2023-02-28T14:34:34+00:00\",\"mainEntityOfPage\":{\"@id\":\"https:\/\/www.padreydecano.com\/cms\/noticias\/ojo-con-el-vasquito\/\"},\"wordCount\":255,\"commentCount\":16,\"publisher\":{\"@id\":\"https:\/\/www.padreydecano.com\/cms\/#organization\"},\"image\":{\"@id\":\"https:\/\/www.padreydecano.com\/cms\/noticias\/ojo-con-el-vasquito\/#primaryimage\"},\"thumbnailUrl\":\"https:\/\/www.padreydecano.com\/cms\/wp-content\/uploads\/2023\/02\/IMG-20230224-WA0094.jpg\",\"keywords\":[\"Campeonato Uruguayo 2023\"],\"articleSection\":[\"Noticias\"],\"inLanguage\":\"es\",\"potentialAction\":[{\"@type\":\"CommentAction\",\"name\":\"Comment\",\"target\":[\"https:\/\/www.padreydecano.com\/cms\/noticias\/ojo-con-el-vasquito\/#respond\"]}]},{\"@type\":\"WebPage\",\"@id\":\"https:\/\/www.padreydecano.com\/cms\/noticias\/ojo-con-el-vasquito\/\",\"url\":\"https:\/\/www.padreydecano.com\/cms\/noticias\/ojo-con-el-vasquito\/\",\"name\":\"Ojo con el Vasquito - Padre y Decano - El Sitio del Pueblo\",\"isPartOf\":{\"@id\":\"https:\/\/www.padreydecano.com\/cms\/#website\"},\"primaryImageOfPage\":{\"@id\":\"https:\/\/www.padreydecano.com\/cms\/noticias\/ojo-con-el-vasquito\/#primaryimage\"},\"image\":{\"@id\":\"https:\/\/www.padreydecano.com\/cms\/noticias\/ojo-con-el-vasquito\/#primaryimage\"},\"thumbnailUrl\":\"https:\/\/www.padreydecano.com\/cms\/wp-content\/uploads\/2023\/02\/IMG-20230224-WA0094.jpg\",\"datePublished\":\"2023-02-24T20:39:21+00:00\",\"dateModified\":\"2023-02-28T14:34:34+00:00\",\"breadcrumb\":{\"@id\":\"https:\/\/www.padreydecano.com\/cms\/noticias\/ojo-con-el-vasquito\/#breadcrumb\"},\"inLanguage\":\"es\",\"potentialAction\":[{\"@type\":\"ReadAction\",\"target\":[\"https:\/\/www.padreydecano.com\/cms\/noticias\/ojo-con-el-vasquito\/\"]}]},{\"@type\":\"ImageObject\",\"inLanguage\":\"es\",\"@id\":\"https:\/\/www.padreydecano.com\/cms\/noticias\/ojo-con-el-vasquito\/#primaryimage\",\"url\":\"https:\/\/www.padreydecano.com\/cms\/wp-content\/uploads\/2023\/02\/IMG-20230224-WA0094.jpg\",\"contentUrl\":\"https:\/\/www.padreydecano.com\/cms\/wp-content\/uploads\/2023\/02\/IMG-20230224-WA0094.jpg\",\"width\":2048,\"height\":1365},{\"@type\":\"BreadcrumbList\",\"@id\":\"https:\/\/www.padreydecano.com\/cms\/noticias\/ojo-con-el-vasquito\/#breadcrumb\",\"itemListElement\":[{\"@type\":\"ListItem\",\"position\":1,\"name\":\"Portada\",\"item\":\"https:\/\/www.padreydecano.com\/cms\/\"},{\"@type\":\"ListItem\",\"position\":2,\"name\":\"Ojo con el Vasquito\"}]},{\"@type\":\"WebSite\",\"@id\":\"https:\/\/www.padreydecano.com\/cms\/#website\",\"url\":\"https:\/\/www.padreydecano.com\/cms\/\",\"name\":\"Padre y Decano - El Sitio del Pueblo\",\"description\":\"Club Atl\u00e9tico Pe\u00f1arol\",\"publisher\":{\"@id\":\"https:\/\/www.padreydecano.com\/cms\/#organization\"},\"potentialAction\":[{\"@type\":\"SearchAction\",\"target\":{\"@type\":\"EntryPoint\",\"urlTemplate\":\"https:\/\/www.padreydecano.com\/cms\/?s={search_term_string}\"},\"query-input\":\"required name=search_term_string\"}],\"inLanguage\":\"es\"},{\"@type\":\"Organization\",\"@id\":\"https:\/\/www.padreydecano.com\/cms\/#organization\",\"name\":\"Padre y Decano\",\"url\":\"https:\/\/www.padreydecano.com\/cms\/\",\"logo\":{\"@type\":\"ImageObject\",\"inLanguage\":\"es\",\"@id\":\"https:\/\/www.padreydecano.com\/cms\/#\/schema\/logo\/image\/\",\"url\":\"https:\/\/www.padreydecano.com\/cms\/wp-content\/uploads\/2022\/01\/avatar-square.png\",\"contentUrl\":\"https:\/\/www.padreydecano.com\/cms\/wp-content\/uploads\/2022\/01\/avatar-square.png\",\"width\":1500,\"height\":1500,\"caption\":\"Padre y Decano\"},\"image\":{\"@id\":\"https:\/\/www.padreydecano.com\/cms\/#\/schema\/logo\/image\/\"}},{\"@type\":\"Person\",\"@id\":\"https:\/\/www.padreydecano.com\/cms\/#\/schema\/person\/37aae8f93aa78e4c5385497f056e3246\",\"name\":\"Redactores Padre y Decano\",\"image\":{\"@type\":\"ImageObject\",\"inLanguage\":\"es\",\"@id\":\"https:\/\/www.padreydecano.com\/cms\/#\/schema\/person\/image\/\",\"url\":\"https:\/\/secure.gravatar.com\/avatar\/8810c4b9081192b118b104af54549af8?s=96&d=https%3A%2F%2Fpadreydecano.com%2Fcms%2Fwp-content%2Fthemes%2Fpyd-theme%2Fimg%2Fdefault-avatar.png&r=g\",\"contentUrl\":\"https:\/\/secure.gravatar.com\/avatar\/8810c4b9081192b118b104af54549af8?s=96&d=https%3A%2F%2Fpadreydecano.com%2Fcms%2Fwp-content%2Fthemes%2Fpyd-theme%2Fimg%2Fdefault-avatar.png&r=g\",\"caption\":\"Redactores Padre y Decano\"},\"sameAs\":[\"http:\/\/www.padreydecano.com\"]}]}<\/script>\n<!-- \/ Yoast SEO plugin. -->","yoast_head_json":{"title":"Ojo con el Vasquito - Padre y Decano - El Sitio del Pueblo","robots":{"index":"index","follow":"follow","max-snippet":"max-snippet:-1","max-image-preview":"max-image-preview:large","max-video-preview":"max-video-preview:-1"},"canonical":"https:\/\/www.padreydecano.com\/cms\/noticias\/ojo-con-el-vasquito\/","og_locale":"es_ES","og_type":"article","og_title":"Ojo con el Vasquito - Padre y Decano - El Sitio del Pueblo","og_description":"Alfredo Arias posicion\u00f3 como titular a Mat\u00edas Aguirregaray en los \u00faltimos entrenamientos. Habr\u00e1n m\u00e1s cambios en el equipo titular con respecto al \u00faltimo encuentro. Luego de cumplir la sanci\u00f3n autom\u00e1tica tras la roja recibida desde el banco de suplentes debido a encontronazos entre los suplentes de Pe\u00f1arol y La Luz, Aguirregaray volver\u00e1 a la n\u00f3mina [&hellip;]","og_url":"https:\/\/www.padreydecano.com\/cms\/noticias\/ojo-con-el-vasquito\/","og_site_name":"Padre y Decano - El Sitio del Pueblo","article_published_time":"2023-02-24T20:39:21+00:00","article_modified_time":"2023-02-28T14:34:34+00:00","og_image":[{"width":2048,"height":1365,"url":"https:\/\/www.padreydecano.com\/cms\/wp-content\/uploads\/2023\/02\/IMG-20230224-WA0094.jpg","type":"image\/jpeg"}],"author":"Redactores Padre y Decano","twitter_card":"summary_large_image","twitter_misc":{"Escrito por":"Redactores Padre y Decano","Tiempo de lectura":"2 minutos"},"schema":{"@context":"https:\/\/schema.org","@graph":[{"@type":"Article","@id":"https:\/\/www.padreydecano.com\/cms\/noticias\/ojo-con-el-vasquito\/#article","isPartOf":{"@id":"https:\/\/www.padreydecano.com\/cms\/noticias\/ojo-con-el-vasquito\/"},"author":{"name":"Redactores Padre y Decano","@id":"https:\/\/www.padreydecano.com\/cms\/#\/schema\/person\/37aae8f93aa78e4c5385497f056e3246"},"headline":"Ojo con el Vasquito","datePublished":"2023-02-24T20:39:21+00:00","dateModified":"2023-02-28T14:34:34+00:00","mainEntityOfPage":{"@id":"https:\/\/www.padreydecano.com\/cms\/noticias\/ojo-con-el-vasquito\/"},"wordCount":255,"commentCount":16,"publisher":{"@id":"https:\/\/www.padreydecano.com\/cms\/#organization"},"image":{"@id":"https:\/\/www.padreydecano.com\/cms\/noticias\/ojo-con-el-vasquito\/#primaryimage"},"thumbnailUrl":"https:\/\/www.padreydecano.com\/cms\/wp-content\/uploads\/2023\/02\/IMG-20230224-WA0094.jpg","keywords":["Campeonato Uruguayo 2023"],"articleSection":["Noticias"],"inLanguage":"es","potentialAction":[{"@type":"CommentAction","name":"Comment","target":["https:\/\/www.padreydecano.com\/cms\/noticias\/ojo-con-el-vasquito\/#respond"]}]},{"@type":"WebPage","@id":"https:\/\/www.padreydecano.com\/cms\/noticias\/ojo-con-el-vasquito\/","url":"https:\/\/www.padreydecano.com\/cms\/noticias\/ojo-con-el-vasquito\/","name":"Ojo con el Vasquito - Padre y Decano - El Sitio del Pueblo","isPartOf":{"@id":"https:\/\/www.padreydecano.com\/cms\/#website"},"primaryImageOfPage":{"@id":"https:\/\/www.padreydecano.com\/cms\/noticias\/ojo-con-el-vasquito\/#primaryimage"},"image":{"@id":"https:\/\/www.padreydecano.com\/cms\/noticias\/ojo-con-el-vasquito\/#primaryimage"},"thumbnailUrl":"https:\/\/www.padreydecano.com\/cms\/wp-content\/uploads\/2023\/02\/IMG-20230224-WA0094.jpg","datePublished":"2023-02-24T20:39:21+00:00","dateModified":"2023-02-28T14:34:34+00:00","breadcrumb":{"@id":"https:\/\/www.padreydecano.com\/cms\/noticias\/ojo-con-el-vasquito\/#breadcrumb"},"inLanguage":"es","potentialAction":[{"@type":"ReadAction","target":["https:\/\/www.padreydecano.com\/cms\/noticias\/ojo-con-el-vasquito\/"]}]},{"@type":"ImageObject","inLanguage":"es","@id":"https:\/\/www.padreydecano.com\/cms\/noticias\/ojo-con-el-vasquito\/#primaryimage","url":"https:\/\/www.padreydecano.com\/cms\/wp-content\/uploads\/2023\/02\/IMG-20230224-WA0094.jpg","contentUrl":"https:\/\/www.padreydecano.com\/cms\/wp-content\/uploads\/2023\/02\/IMG-20230224-WA0094.jpg","width":2048,"height":1365},{"@type":"BreadcrumbList","@id":"https:\/\/www.padreydecano.com\/cms\/noticias\/ojo-con-el-vasquito\/#breadcrumb","itemListElement":[{"@type":"ListItem","position":1,"name":"Portada","item":"https:\/\/www.padreydecano.com\/cms\/"},{"@type":"ListItem","position":2,"name":"Ojo con el Vasquito"}]},{"@type":"WebSite","@id":"https:\/\/www.padreydecano.com\/cms\/#website","url":"https:\/\/www.padreydecano.com\/cms\/","name":"Padre y Decano - El Sitio del Pueblo","description":"Club Atl\u00e9tico Pe\u00f1arol","publisher":{"@id":"https:\/\/www.padreydecano.com\/cms\/#organization"},"potentialAction":[{"@type":"SearchAction","target":{"@type":"EntryPoint","urlTemplate":"https:\/\/www.padreydecano.com\/cms\/?s={search_term_string}"},"query-input":"required name=search_term_string"}],"inLanguage":"es"},{"@type":"Organization","@id":"https:\/\/www.padreydecano.com\/cms\/#organization","name":"Padre y Decano","url":"https:\/\/www.padreydecano.com\/cms\/","logo":{"@type":"ImageObject","inLanguage":"es","@id":"https:\/\/www.padreydecano.com\/cms\/#\/schema\/logo\/image\/","url":"https:\/\/www.padreydecano.com\/cms\/wp-content\/uploads\/2022\/01\/avatar-square.png","contentUrl":"https:\/\/www.padreydecano.com\/cms\/wp-content\/uploads\/2022\/01\/avatar-square.png","width":1500,"height":1500,"caption":"Padre y Decano"},"image":{"@id":"https:\/\/www.padreydecano.com\/cms\/#\/schema\/logo\/image\/"}},{"@type":"Person","@id":"https:\/\/www.padreydecano.com\/cms\/#\/schema\/person\/37aae8f93aa78e4c5385497f056e3246","name":"Redactores Padre y Decano","image":{"@type":"ImageObject","inLanguage":"es","@id":"https:\/\/www.padreydecano.com\/cms\/#\/schema\/person\/image\/","url":"https:\/\/secure.gravatar.com\/avatar\/8810c4b9081192b118b104af54549af8?s=96&d=https%3A%2F%2Fpadreydecano.com%2Fcms%2Fwp-content%2Fthemes%2Fpyd-theme%2Fimg%2Fdefault-avatar.png&r=g","contentUrl":"https:\/\/secure.gravatar.com\/avatar\/8810c4b9081192b118b104af54549af8?s=96&d=https%3A%2F%2Fpadreydecano.com%2Fcms%2Fwp-content%2Fthemes%2Fpyd-theme%2Fimg%2Fdefault-avatar.png&r=g","caption":"Redactores Padre y Decano"},"sameAs":["http:\/\/www.padreydecano.com"]}]}},"_links":{"self":[{"href":"https:\/\/www.padreydecano.com\/cms\/wp-json\/wp\/v2\/posts\/79872"}],"collection":[{"href":"https:\/\/www.padreydecano.com\/cms\/wp-json\/wp\/v2\/posts"}],"about":[{"href":"https:\/\/www.padreydecano.com\/cms\/wp-json\/wp\/v2\/types\/post"}],"author":[{"embeddable":true,"href":"https:\/\/www.padreydecano.com\/cms\/wp-json\/wp\/v2\/users\/27"}],"replies":[{"embeddable":true,"href":"https:\/\/www.padreydecano.com\/cms\/wp-json\/wp\/v2\/comments?post=79872"}],"version-history":[{"count":0,"href":"https:\/\/www.padreydecano.com\/cms\/wp-json\/wp\/v2\/posts\/79872\/revisions"}],"wp:featuredmedia":[{"embeddable":true,"href":"https:\/\/www.padreydecano.com\/cms\/wp-json\/wp\/v2\/media\/79874"}],"wp:attachment":[{"href":"https:\/\/www.padreydecano.com\/cms\/wp-json\/wp\/v2\/media?parent=79872"}],"wp:term":[{"taxonomy":"category","embeddable":true,"href":"https:\/\/www.padreydecano.com\/cms\/wp-json\/wp\/v2\/categories?post=79872"},{"taxonomy":"post_tag","embeddable":true,"href":"https:\/\/www.padreydecano.com\/cms\/wp-json\/wp\/v2\/tags?post=79872"}],"curies":[{"name":"wp","href":"https:\/\/api.w.org\/{rel}","templated":true}]}}