{"id":79832,"date":"2023-02-16T22:45:41","date_gmt":"2023-02-17T01:45:41","guid":{"rendered":"https:\/\/www.padreydecano.com\/cms\/?p=79832"},"modified":"2023-02-18T19:54:46","modified_gmt":"2023-02-18T22:54:46","slug":"carnaval-en-el-campeon-del-siglo","status":"publish","type":"post","link":"https:\/\/www.padreydecano.com\/cms\/noticias\/carnaval-en-el-campeon-del-siglo\/","title":{"rendered":"Carnaval en el Campe\u00f3n del Siglo\u00a0"},"content":{"rendered":"<p>&nbsp;<\/p>\n<p><img loading=\"lazy\" decoding=\"async\" class=\"alignnone size-medium wp-image-79833\" src=\"https:\/\/www.padreydecano.com\/cms\/wp-content\/uploads\/2023\/02\/20230216_221746-480x600.jpg\" alt=\"\" width=\"480\" height=\"600\" srcset=\"https:\/\/www.padreydecano.com\/cms\/wp-content\/uploads\/2023\/02\/20230216_221746-480x600.jpg 480w, https:\/\/www.padreydecano.com\/cms\/wp-content\/uploads\/2023\/02\/20230216_221746-819x1024.jpg 819w, https:\/\/www.padreydecano.com\/cms\/wp-content\/uploads\/2023\/02\/20230216_221746-768x960.jpg 768w, https:\/\/www.padreydecano.com\/cms\/wp-content\/uploads\/2023\/02\/20230216_221746-240x300.jpg 240w, https:\/\/www.padreydecano.com\/cms\/wp-content\/uploads\/2023\/02\/20230216_221746-102x128.jpg 102w, https:\/\/www.padreydecano.com\/cms\/wp-content\/uploads\/2023\/02\/20230216_221746-26x32.jpg 26w, https:\/\/www.padreydecano.com\/cms\/wp-content\/uploads\/2023\/02\/20230216_221746.jpg 1081w\" sizes=\"(max-width: 480px) 100vw, 480px\" \/><\/p>\n<p><strong>El domingo 26 de febrero a las 19:30 horas se realizar\u00e1 un tablado en el Estadio Campe\u00f3n del Siglo. Asistir\u00e1n conjuntos liguilleros con entradas populares.<\/strong><\/p>\n<p>Tras la inauguraci\u00f3n del estadio, volver\u00e1 el carnaval al escenario mirasol con conjuntos liguilleros. El escenario estar\u00e1 ubicado sobre el nivel del terreno de juego y se habilitar\u00e1n entradas para la tribuna Henderson.<\/p>\n<p><strong>Actuar\u00e1n:<\/strong> Lonjas Oro y Carb\u00f3n, Los Muchachos (Parodistas), Do\u00f1a Bastarda (Murga), La Trasnochada (Murga), Asaltantes con Patente (Murga) y La Nueva Milonga (Murga).<\/p>\n<p><span style=\"color: #ffcc00;\"><strong>Entradas<\/strong><\/span><\/p>\n<p>Las entradas saldr\u00e1n a la venta el viernes 17 de febrero a las 11 horas a trav\u00e9s de SportsTicket.<\/p>\n<p><strong>Socios:<\/strong> $ 200<\/p>\n<p><strong>Generales: <\/strong>$ 300<\/p>\n<div class=\"user-wrapper\"><a class=\"userlink\"href=\"https:\/\/twitter.com\/ftrucce18\" target=\"_blank\"><figure><img decoding=\"async\" src=\"http:\/\/www.padreydecano.com\/cms\/wp-users-files\/postfirmas\/ftrucce.jpg\" \/><\/figure><p class=\"user\"><strong>Franco Trucce<\/strong><br \/>@FTrucce18<\/p><\/a><\/div>\n","protected":false},"excerpt":{"rendered":"<p>&nbsp; El domingo 26 de febrero a las 19:30 horas se realizar\u00e1 un tablado en el Estadio Campe\u00f3n del Siglo. Asistir\u00e1n conjuntos liguilleros con entradas populares. Tras la inauguraci\u00f3n del estadio, volver\u00e1 el carnaval al escenario mirasol con conjuntos liguilleros. El escenario estar\u00e1 ubicado sobre el nivel del terreno de juego y se habilitar\u00e1n entradas [&hellip;]<\/p>\n","protected":false},"author":27,"featured_media":79833,"comment_status":"open","ping_status":"closed","sticky":false,"template":"","format":"standard","meta":{"footnotes":""},"categories":[1],"tags":[],"yoast_head":"<!-- This site is optimized with the Yoast SEO plugin v23.2 - https:\/\/yoast.com\/wordpress\/plugins\/seo\/ -->\n<title>Carnaval en el Campe\u00f3n del Siglo\u00a0 - Padre y Decano - El Sitio del Pueblo<\/title>\n<meta name=\"robots\" content=\"index, follow, max-snippet:-1, max-image-preview:large, max-video-preview:-1\" \/>\n<link rel=\"canonical\" href=\"https:\/\/www.padreydecano.com\/cms\/noticias\/carnaval-en-el-campeon-del-siglo\/\" \/>\n<meta property=\"og:locale\" content=\"es_ES\" \/>\n<meta property=\"og:type\" content=\"article\" \/>\n<meta property=\"og:title\" content=\"Carnaval en el Campe\u00f3n del Siglo\u00a0 - Padre y Decano - El Sitio del Pueblo\" \/>\n<meta property=\"og:description\" content=\"&nbsp; El domingo 26 de febrero a las 19:30 horas se realizar\u00e1 un tablado en el Estadio Campe\u00f3n del Siglo. Asistir\u00e1n conjuntos liguilleros con entradas populares. Tras la inauguraci\u00f3n del estadio, volver\u00e1 el carnaval al escenario mirasol con conjuntos liguilleros. El escenario estar\u00e1 ubicado sobre el nivel del terreno de juego y se habilitar\u00e1n entradas [&hellip;]\" \/>\n<meta property=\"og:url\" content=\"https:\/\/www.padreydecano.com\/cms\/noticias\/carnaval-en-el-campeon-del-siglo\/\" \/>\n<meta property=\"og:site_name\" content=\"Padre y Decano - El Sitio del Pueblo\" \/>\n<meta property=\"article:published_time\" content=\"2023-02-17T01:45:41+00:00\" \/>\n<meta property=\"article:modified_time\" content=\"2023-02-18T22:54:46+00:00\" \/>\n<meta property=\"og:image\" content=\"https:\/\/www.padreydecano.com\/cms\/wp-content\/uploads\/2023\/02\/20230216_221746.jpg\" \/>\n\t<meta property=\"og:image:width\" content=\"1081\" \/>\n\t<meta property=\"og:image:height\" content=\"1351\" \/>\n\t<meta property=\"og:image:type\" content=\"image\/jpeg\" \/>\n<meta name=\"author\" content=\"Redactores Padre y Decano\" \/>\n<meta name=\"twitter:card\" content=\"summary_large_image\" \/>\n<meta name=\"twitter:label1\" content=\"Escrito por\" \/>\n\t<meta name=\"twitter:data1\" content=\"Redactores Padre y Decano\" \/>\n\t<meta name=\"twitter:label2\" content=\"Tiempo de lectura\" \/>\n\t<meta name=\"twitter:data2\" content=\"1 minuto\" \/>\n<script type=\"application\/ld+json\" class=\"yoast-schema-graph\">{\"@context\":\"https:\/\/schema.org\",\"@graph\":[{\"@type\":\"Article\",\"@id\":\"https:\/\/www.padreydecano.com\/cms\/noticias\/carnaval-en-el-campeon-del-siglo\/#article\",\"isPartOf\":{\"@id\":\"https:\/\/www.padreydecano.com\/cms\/noticias\/carnaval-en-el-campeon-del-siglo\/\"},\"author\":{\"name\":\"Redactores Padre y Decano\",\"@id\":\"https:\/\/www.padreydecano.com\/cms\/#\/schema\/person\/37aae8f93aa78e4c5385497f056e3246\"},\"headline\":\"Carnaval en el Campe\u00f3n del Siglo\u00a0\",\"datePublished\":\"2023-02-17T01:45:41+00:00\",\"dateModified\":\"2023-02-18T22:54:46+00:00\",\"mainEntityOfPage\":{\"@id\":\"https:\/\/www.padreydecano.com\/cms\/noticias\/carnaval-en-el-campeon-del-siglo\/\"},\"wordCount\":117,\"commentCount\":5,\"publisher\":{\"@id\":\"https:\/\/www.padreydecano.com\/cms\/#organization\"},\"image\":{\"@id\":\"https:\/\/www.padreydecano.com\/cms\/noticias\/carnaval-en-el-campeon-del-siglo\/#primaryimage\"},\"thumbnailUrl\":\"https:\/\/www.padreydecano.com\/cms\/wp-content\/uploads\/2023\/02\/20230216_221746.jpg\",\"articleSection\":[\"Noticias\"],\"inLanguage\":\"es\",\"potentialAction\":[{\"@type\":\"CommentAction\",\"name\":\"Comment\",\"target\":[\"https:\/\/www.padreydecano.com\/cms\/noticias\/carnaval-en-el-campeon-del-siglo\/#respond\"]}]},{\"@type\":\"WebPage\",\"@id\":\"https:\/\/www.padreydecano.com\/cms\/noticias\/carnaval-en-el-campeon-del-siglo\/\",\"url\":\"https:\/\/www.padreydecano.com\/cms\/noticias\/carnaval-en-el-campeon-del-siglo\/\",\"name\":\"Carnaval en el Campe\u00f3n del Siglo\u00a0 - Padre y Decano - El Sitio del Pueblo\",\"isPartOf\":{\"@id\":\"https:\/\/www.padreydecano.com\/cms\/#website\"},\"primaryImageOfPage\":{\"@id\":\"https:\/\/www.padreydecano.com\/cms\/noticias\/carnaval-en-el-campeon-del-siglo\/#primaryimage\"},\"image\":{\"@id\":\"https:\/\/www.padreydecano.com\/cms\/noticias\/carnaval-en-el-campeon-del-siglo\/#primaryimage\"},\"thumbnailUrl\":\"https:\/\/www.padreydecano.com\/cms\/wp-content\/uploads\/2023\/02\/20230216_221746.jpg\",\"datePublished\":\"2023-02-17T01:45:41+00:00\",\"dateModified\":\"2023-02-18T22:54:46+00:00\",\"breadcrumb\":{\"@id\":\"https:\/\/www.padreydecano.com\/cms\/noticias\/carnaval-en-el-campeon-del-siglo\/#breadcrumb\"},\"inLanguage\":\"es\",\"potentialAction\":[{\"@type\":\"ReadAction\",\"target\":[\"https:\/\/www.padreydecano.com\/cms\/noticias\/carnaval-en-el-campeon-del-siglo\/\"]}]},{\"@type\":\"ImageObject\",\"inLanguage\":\"es\",\"@id\":\"https:\/\/www.padreydecano.com\/cms\/noticias\/carnaval-en-el-campeon-del-siglo\/#primaryimage\",\"url\":\"https:\/\/www.padreydecano.com\/cms\/wp-content\/uploads\/2023\/02\/20230216_221746.jpg\",\"contentUrl\":\"https:\/\/www.padreydecano.com\/cms\/wp-content\/uploads\/2023\/02\/20230216_221746.jpg\",\"width\":1081,\"height\":1351},{\"@type\":\"BreadcrumbList\",\"@id\":\"https:\/\/www.padreydecano.com\/cms\/noticias\/carnaval-en-el-campeon-del-siglo\/#breadcrumb\",\"itemListElement\":[{\"@type\":\"ListItem\",\"position\":1,\"name\":\"Portada\",\"item\":\"https:\/\/www.padreydecano.com\/cms\/\"},{\"@type\":\"ListItem\",\"position\":2,\"name\":\"Carnaval en el Campe\u00f3n del Siglo\u00a0\"}]},{\"@type\":\"WebSite\",\"@id\":\"https:\/\/www.padreydecano.com\/cms\/#website\",\"url\":\"https:\/\/www.padreydecano.com\/cms\/\",\"name\":\"Padre y Decano - El Sitio del Pueblo\",\"description\":\"Club Atl\u00e9tico Pe\u00f1arol\",\"publisher\":{\"@id\":\"https:\/\/www.padreydecano.com\/cms\/#organization\"},\"potentialAction\":[{\"@type\":\"SearchAction\",\"target\":{\"@type\":\"EntryPoint\",\"urlTemplate\":\"https:\/\/www.padreydecano.com\/cms\/?s={search_term_string}\"},\"query-input\":\"required name=search_term_string\"}],\"inLanguage\":\"es\"},{\"@type\":\"Organization\",\"@id\":\"https:\/\/www.padreydecano.com\/cms\/#organization\",\"name\":\"Padre y Decano\",\"url\":\"https:\/\/www.padreydecano.com\/cms\/\",\"logo\":{\"@type\":\"ImageObject\",\"inLanguage\":\"es\",\"@id\":\"https:\/\/www.padreydecano.com\/cms\/#\/schema\/logo\/image\/\",\"url\":\"https:\/\/www.padreydecano.com\/cms\/wp-content\/uploads\/2022\/01\/avatar-square.png\",\"contentUrl\":\"https:\/\/www.padreydecano.com\/cms\/wp-content\/uploads\/2022\/01\/avatar-square.png\",\"width\":1500,\"height\":1500,\"caption\":\"Padre y Decano\"},\"image\":{\"@id\":\"https:\/\/www.padreydecano.com\/cms\/#\/schema\/logo\/image\/\"}},{\"@type\":\"Person\",\"@id\":\"https:\/\/www.padreydecano.com\/cms\/#\/schema\/person\/37aae8f93aa78e4c5385497f056e3246\",\"name\":\"Redactores Padre y Decano\",\"image\":{\"@type\":\"ImageObject\",\"inLanguage\":\"es\",\"@id\":\"https:\/\/www.padreydecano.com\/cms\/#\/schema\/person\/image\/\",\"url\":\"https:\/\/secure.gravatar.com\/avatar\/8810c4b9081192b118b104af54549af8?s=96&d=https%3A%2F%2Fpadreydecano.com%2Fcms%2Fwp-content%2Fthemes%2Fpyd-theme%2Fimg%2Fdefault-avatar.png&r=g\",\"contentUrl\":\"https:\/\/secure.gravatar.com\/avatar\/8810c4b9081192b118b104af54549af8?s=96&d=https%3A%2F%2Fpadreydecano.com%2Fcms%2Fwp-content%2Fthemes%2Fpyd-theme%2Fimg%2Fdefault-avatar.png&r=g\",\"caption\":\"Redactores Padre y Decano\"},\"sameAs\":[\"http:\/\/www.padreydecano.com\"]}]}<\/script>\n<!-- \/ Yoast SEO plugin. -->","yoast_head_json":{"title":"Carnaval en el Campe\u00f3n del Siglo\u00a0 - Padre y Decano - El Sitio del Pueblo","robots":{"index":"index","follow":"follow","max-snippet":"max-snippet:-1","max-image-preview":"max-image-preview:large","max-video-preview":"max-video-preview:-1"},"canonical":"https:\/\/www.padreydecano.com\/cms\/noticias\/carnaval-en-el-campeon-del-siglo\/","og_locale":"es_ES","og_type":"article","og_title":"Carnaval en el Campe\u00f3n del Siglo\u00a0 - Padre y Decano - El Sitio del Pueblo","og_description":"&nbsp; El domingo 26 de febrero a las 19:30 horas se realizar\u00e1 un tablado en el Estadio Campe\u00f3n del Siglo. Asistir\u00e1n conjuntos liguilleros con entradas populares. Tras la inauguraci\u00f3n del estadio, volver\u00e1 el carnaval al escenario mirasol con conjuntos liguilleros. El escenario estar\u00e1 ubicado sobre el nivel del terreno de juego y se habilitar\u00e1n entradas [&hellip;]","og_url":"https:\/\/www.padreydecano.com\/cms\/noticias\/carnaval-en-el-campeon-del-siglo\/","og_site_name":"Padre y Decano - El Sitio del Pueblo","article_published_time":"2023-02-17T01:45:41+00:00","article_modified_time":"2023-02-18T22:54:46+00:00","og_image":[{"width":1081,"height":1351,"url":"https:\/\/www.padreydecano.com\/cms\/wp-content\/uploads\/2023\/02\/20230216_221746.jpg","type":"image\/jpeg"}],"author":"Redactores Padre y Decano","twitter_card":"summary_large_image","twitter_misc":{"Escrito por":"Redactores Padre y Decano","Tiempo de lectura":"1 minuto"},"schema":{"@context":"https:\/\/schema.org","@graph":[{"@type":"Article","@id":"https:\/\/www.padreydecano.com\/cms\/noticias\/carnaval-en-el-campeon-del-siglo\/#article","isPartOf":{"@id":"https:\/\/www.padreydecano.com\/cms\/noticias\/carnaval-en-el-campeon-del-siglo\/"},"author":{"name":"Redactores Padre y Decano","@id":"https:\/\/www.padreydecano.com\/cms\/#\/schema\/person\/37aae8f93aa78e4c5385497f056e3246"},"headline":"Carnaval en el Campe\u00f3n del Siglo\u00a0","datePublished":"2023-02-17T01:45:41+00:00","dateModified":"2023-02-18T22:54:46+00:00","mainEntityOfPage":{"@id":"https:\/\/www.padreydecano.com\/cms\/noticias\/carnaval-en-el-campeon-del-siglo\/"},"wordCount":117,"commentCount":5,"publisher":{"@id":"https:\/\/www.padreydecano.com\/cms\/#organization"},"image":{"@id":"https:\/\/www.padreydecano.com\/cms\/noticias\/carnaval-en-el-campeon-del-siglo\/#primaryimage"},"thumbnailUrl":"https:\/\/www.padreydecano.com\/cms\/wp-content\/uploads\/2023\/02\/20230216_221746.jpg","articleSection":["Noticias"],"inLanguage":"es","potentialAction":[{"@type":"CommentAction","name":"Comment","target":["https:\/\/www.padreydecano.com\/cms\/noticias\/carnaval-en-el-campeon-del-siglo\/#respond"]}]},{"@type":"WebPage","@id":"https:\/\/www.padreydecano.com\/cms\/noticias\/carnaval-en-el-campeon-del-siglo\/","url":"https:\/\/www.padreydecano.com\/cms\/noticias\/carnaval-en-el-campeon-del-siglo\/","name":"Carnaval en el Campe\u00f3n del Siglo\u00a0 - Padre y Decano - El Sitio del Pueblo","isPartOf":{"@id":"https:\/\/www.padreydecano.com\/cms\/#website"},"primaryImageOfPage":{"@id":"https:\/\/www.padreydecano.com\/cms\/noticias\/carnaval-en-el-campeon-del-siglo\/#primaryimage"},"image":{"@id":"https:\/\/www.padreydecano.com\/cms\/noticias\/carnaval-en-el-campeon-del-siglo\/#primaryimage"},"thumbnailUrl":"https:\/\/www.padreydecano.com\/cms\/wp-content\/uploads\/2023\/02\/20230216_221746.jpg","datePublished":"2023-02-17T01:45:41+00:00","dateModified":"2023-02-18T22:54:46+00:00","breadcrumb":{"@id":"https:\/\/www.padreydecano.com\/cms\/noticias\/carnaval-en-el-campeon-del-siglo\/#breadcrumb"},"inLanguage":"es","potentialAction":[{"@type":"ReadAction","target":["https:\/\/www.padreydecano.com\/cms\/noticias\/carnaval-en-el-campeon-del-siglo\/"]}]},{"@type":"ImageObject","inLanguage":"es","@id":"https:\/\/www.padreydecano.com\/cms\/noticias\/carnaval-en-el-campeon-del-siglo\/#primaryimage","url":"https:\/\/www.padreydecano.com\/cms\/wp-content\/uploads\/2023\/02\/20230216_221746.jpg","contentUrl":"https:\/\/www.padreydecano.com\/cms\/wp-content\/uploads\/2023\/02\/20230216_221746.jpg","width":1081,"height":1351},{"@type":"BreadcrumbList","@id":"https:\/\/www.padreydecano.com\/cms\/noticias\/carnaval-en-el-campeon-del-siglo\/#breadcrumb","itemListElement":[{"@type":"ListItem","position":1,"name":"Portada","item":"https:\/\/www.padreydecano.com\/cms\/"},{"@type":"ListItem","position":2,"name":"Carnaval en el Campe\u00f3n del Siglo\u00a0"}]},{"@type":"WebSite","@id":"https:\/\/www.padreydecano.com\/cms\/#website","url":"https:\/\/www.padreydecano.com\/cms\/","name":"Padre y Decano - El Sitio del Pueblo","description":"Club Atl\u00e9tico Pe\u00f1arol","publisher":{"@id":"https:\/\/www.padreydecano.com\/cms\/#organization"},"potentialAction":[{"@type":"SearchAction","target":{"@type":"EntryPoint","urlTemplate":"https:\/\/www.padreydecano.com\/cms\/?s={search_term_string}"},"query-input":"required name=search_term_string"}],"inLanguage":"es"},{"@type":"Organization","@id":"https:\/\/www.padreydecano.com\/cms\/#organization","name":"Padre y Decano","url":"https:\/\/www.padreydecano.com\/cms\/","logo":{"@type":"ImageObject","inLanguage":"es","@id":"https:\/\/www.padreydecano.com\/cms\/#\/schema\/logo\/image\/","url":"https:\/\/www.padreydecano.com\/cms\/wp-content\/uploads\/2022\/01\/avatar-square.png","contentUrl":"https:\/\/www.padreydecano.com\/cms\/wp-content\/uploads\/2022\/01\/avatar-square.png","width":1500,"height":1500,"caption":"Padre y Decano"},"image":{"@id":"https:\/\/www.padreydecano.com\/cms\/#\/schema\/logo\/image\/"}},{"@type":"Person","@id":"https:\/\/www.padreydecano.com\/cms\/#\/schema\/person\/37aae8f93aa78e4c5385497f056e3246","name":"Redactores Padre y Decano","image":{"@type":"ImageObject","inLanguage":"es","@id":"https:\/\/www.padreydecano.com\/cms\/#\/schema\/person\/image\/","url":"https:\/\/secure.gravatar.com\/avatar\/8810c4b9081192b118b104af54549af8?s=96&d=https%3A%2F%2Fpadreydecano.com%2Fcms%2Fwp-content%2Fthemes%2Fpyd-theme%2Fimg%2Fdefault-avatar.png&r=g","contentUrl":"https:\/\/secure.gravatar.com\/avatar\/8810c4b9081192b118b104af54549af8?s=96&d=https%3A%2F%2Fpadreydecano.com%2Fcms%2Fwp-content%2Fthemes%2Fpyd-theme%2Fimg%2Fdefault-avatar.png&r=g","caption":"Redactores Padre y Decano"},"sameAs":["http:\/\/www.padreydecano.com"]}]}},"_links":{"self":[{"href":"https:\/\/www.padreydecano.com\/cms\/wp-json\/wp\/v2\/posts\/79832"}],"collection":[{"href":"https:\/\/www.padreydecano.com\/cms\/wp-json\/wp\/v2\/posts"}],"about":[{"href":"https:\/\/www.padreydecano.com\/cms\/wp-json\/wp\/v2\/types\/post"}],"author":[{"embeddable":true,"href":"https:\/\/www.padreydecano.com\/cms\/wp-json\/wp\/v2\/users\/27"}],"replies":[{"embeddable":true,"href":"https:\/\/www.padreydecano.com\/cms\/wp-json\/wp\/v2\/comments?post=79832"}],"version-history":[{"count":0,"href":"https:\/\/www.padreydecano.com\/cms\/wp-json\/wp\/v2\/posts\/79832\/revisions"}],"wp:featuredmedia":[{"embeddable":true,"href":"https:\/\/www.padreydecano.com\/cms\/wp-json\/wp\/v2\/media\/79833"}],"wp:attachment":[{"href":"https:\/\/www.padreydecano.com\/cms\/wp-json\/wp\/v2\/media?parent=79832"}],"wp:term":[{"taxonomy":"category","embeddable":true,"href":"https:\/\/www.padreydecano.com\/cms\/wp-json\/wp\/v2\/categories?post=79832"},{"taxonomy":"post_tag","embeddable":true,"href":"https:\/\/www.padreydecano.com\/cms\/wp-json\/wp\/v2\/tags?post=79832"}],"curies":[{"name":"wp","href":"https:\/\/api.w.org\/{rel}","templated":true}]}}