{"id":79690,"date":"2023-01-24T13:06:46","date_gmt":"2023-01-24T16:06:46","guid":{"rendered":"https:\/\/www.padreydecano.com\/cms\/?p=79690"},"modified":"2023-01-25T12:32:52","modified_gmt":"2023-01-25T15:32:52","slug":"otro-punto-fundamental","status":"publish","type":"post","link":"https:\/\/www.padreydecano.com\/cms\/basket\/otro-punto-fundamental\/","title":{"rendered":"Otro punto fundamental"},"content":{"rendered":"<p><img loading=\"lazy\" decoding=\"async\" class=\"alignnone wp-image-79691 size-full\" src=\"https:\/\/www.padreydecano.com\/cms\/wp-content\/uploads\/2023\/01\/image-2.jpg\" alt=\"\" width=\"1000\" height=\"667\" srcset=\"https:\/\/www.padreydecano.com\/cms\/wp-content\/uploads\/2023\/01\/image-2.jpg 1000w, https:\/\/www.padreydecano.com\/cms\/wp-content\/uploads\/2023\/01\/image-2-600x400.jpg 600w, https:\/\/www.padreydecano.com\/cms\/wp-content\/uploads\/2023\/01\/image-2-768x512.jpg 768w, https:\/\/www.padreydecano.com\/cms\/wp-content\/uploads\/2023\/01\/image-2-300x200.jpg 300w, https:\/\/www.padreydecano.com\/cms\/wp-content\/uploads\/2023\/01\/image-2-128x85.jpg 128w, https:\/\/www.padreydecano.com\/cms\/wp-content\/uploads\/2023\/01\/image-2-32x21.jpg 32w\" sizes=\"(max-width: 1000px) 100vw, 1000px\" \/><\/p>\n<p><strong>Pe\u00f1arol recibe a Defensor Sporting desde las 20:30 horas en otro punto directo para escapar de la zona baja.<\/strong><\/p>\n<p>Luego de la gran victoria ante Aguada, el carbonero deber\u00e1 enfocarse en otro due\u00f1o trascendental para evitar el descenso. Los de L\u00f3pez llegan en un buen momento an\u00edmico, sin embargo,\u00a0 deber\u00e1n afrontar el juego con dos extranjeros. Ya que Charles Thomas estar\u00e1 cambiado pero no se sabe si tendr\u00e1 minutos.<\/p>\n<p>El rival de turno llega en un buen momento. Luego de estar comprometido en la zona baja, encadenaron victorias consecutivas y llegan m\u00e1s tranquilos. En la primera rueda fue un juego parejo, donde el aurinegro tuvo un cierre para el olvido. Esta noche solo sirve ganar, ya que una derrota nos dejar\u00eda con la soga al cuello, de cara a las \u00faltimas 7 fechas.<\/p>\n<p>El juego comienza a las 20:30 horas y las entradas ya est\u00e1n disponibles para los socios basketball. Adem\u00e1s, hay unas 200 entradas para que puedan sacar lo socios de Pe\u00f1arol.<\/p>\n<div class=\"user-wrapper\"><a class=\"userlink\" href=\"https:\/\/twitter.com\/griegosebas\" target=\"_blank\"><figure><img decoding=\"async\" src=\"http:\/\/www.padreydecano.com\/cms\/wp-users-files\/postfirmas\/sebagriego.jpg\" \/><\/figure><p class=\"user\"><strong>Sebasti&aacute;n Griego<\/strong><br \/>@SebaGriego<\/p><\/a><\/div>\n","protected":false},"excerpt":{"rendered":"<p>Pe\u00f1arol recibe a Defensor Sporting desde las 20:30 horas en otro punto directo para escapar de la zona baja. Luego de la gran victoria ante Aguada, el carbonero deber\u00e1 enfocarse en otro due\u00f1o trascendental para evitar el descenso. Los de L\u00f3pez llegan en un buen momento an\u00edmico, sin embargo,\u00a0 deber\u00e1n afrontar el juego con dos [&hellip;]<\/p>\n","protected":false},"author":27,"featured_media":79691,"comment_status":"open","ping_status":"closed","sticky":false,"template":"","format":"standard","meta":{"footnotes":""},"categories":[407],"tags":[580],"yoast_head":"<!-- This site is optimized with the Yoast SEO plugin v23.2 - https:\/\/yoast.com\/wordpress\/plugins\/seo\/ -->\n<title>Otro punto fundamental - Padre y Decano - El Sitio del Pueblo<\/title>\n<meta name=\"robots\" content=\"index, follow, max-snippet:-1, max-image-preview:large, max-video-preview:-1\" \/>\n<link rel=\"canonical\" href=\"https:\/\/www.padreydecano.com\/cms\/basket\/otro-punto-fundamental\/\" \/>\n<meta property=\"og:locale\" content=\"es_ES\" \/>\n<meta property=\"og:type\" content=\"article\" \/>\n<meta property=\"og:title\" content=\"Otro punto fundamental - Padre y Decano - El Sitio del Pueblo\" \/>\n<meta property=\"og:description\" content=\"Pe\u00f1arol recibe a Defensor Sporting desde las 20:30 horas en otro punto directo para escapar de la zona baja. Luego de la gran victoria ante Aguada, el carbonero deber\u00e1 enfocarse en otro due\u00f1o trascendental para evitar el descenso. Los de L\u00f3pez llegan en un buen momento an\u00edmico, sin embargo,\u00a0 deber\u00e1n afrontar el juego con dos [&hellip;]\" \/>\n<meta property=\"og:url\" content=\"https:\/\/www.padreydecano.com\/cms\/basket\/otro-punto-fundamental\/\" \/>\n<meta property=\"og:site_name\" content=\"Padre y Decano - El Sitio del Pueblo\" \/>\n<meta property=\"article:published_time\" content=\"2023-01-24T16:06:46+00:00\" \/>\n<meta property=\"article:modified_time\" content=\"2023-01-25T15:32:52+00:00\" \/>\n<meta property=\"og:image\" content=\"https:\/\/www.padreydecano.com\/cms\/wp-content\/uploads\/2023\/01\/image-2.jpg\" \/>\n\t<meta property=\"og:image:width\" content=\"1000\" \/>\n\t<meta property=\"og:image:height\" content=\"667\" \/>\n\t<meta property=\"og:image:type\" content=\"image\/jpeg\" \/>\n<meta name=\"author\" content=\"Redactores Padre y Decano\" \/>\n<meta name=\"twitter:card\" content=\"summary_large_image\" \/>\n<meta name=\"twitter:label1\" content=\"Escrito por\" \/>\n\t<meta name=\"twitter:data1\" content=\"Redactores Padre y Decano\" \/>\n\t<meta name=\"twitter:label2\" content=\"Tiempo de lectura\" \/>\n\t<meta name=\"twitter:data2\" content=\"1 minuto\" \/>\n<script type=\"application\/ld+json\" class=\"yoast-schema-graph\">{\"@context\":\"https:\/\/schema.org\",\"@graph\":[{\"@type\":\"Article\",\"@id\":\"https:\/\/www.padreydecano.com\/cms\/basket\/otro-punto-fundamental\/#article\",\"isPartOf\":{\"@id\":\"https:\/\/www.padreydecano.com\/cms\/basket\/otro-punto-fundamental\/\"},\"author\":{\"name\":\"Redactores Padre y Decano\",\"@id\":\"https:\/\/www.padreydecano.com\/cms\/#\/schema\/person\/37aae8f93aa78e4c5385497f056e3246\"},\"headline\":\"Otro punto fundamental\",\"datePublished\":\"2023-01-24T16:06:46+00:00\",\"dateModified\":\"2023-01-25T15:32:52+00:00\",\"mainEntityOfPage\":{\"@id\":\"https:\/\/www.padreydecano.com\/cms\/basket\/otro-punto-fundamental\/\"},\"wordCount\":173,\"commentCount\":4,\"publisher\":{\"@id\":\"https:\/\/www.padreydecano.com\/cms\/#organization\"},\"image\":{\"@id\":\"https:\/\/www.padreydecano.com\/cms\/basket\/otro-punto-fundamental\/#primaryimage\"},\"thumbnailUrl\":\"https:\/\/www.padreydecano.com\/cms\/wp-content\/uploads\/2023\/01\/image-2.jpg\",\"keywords\":[\"LUB 2022\/2023\"],\"articleSection\":[\"Basket\"],\"inLanguage\":\"es\",\"potentialAction\":[{\"@type\":\"CommentAction\",\"name\":\"Comment\",\"target\":[\"https:\/\/www.padreydecano.com\/cms\/basket\/otro-punto-fundamental\/#respond\"]}]},{\"@type\":\"WebPage\",\"@id\":\"https:\/\/www.padreydecano.com\/cms\/basket\/otro-punto-fundamental\/\",\"url\":\"https:\/\/www.padreydecano.com\/cms\/basket\/otro-punto-fundamental\/\",\"name\":\"Otro punto fundamental - Padre y Decano - El Sitio del Pueblo\",\"isPartOf\":{\"@id\":\"https:\/\/www.padreydecano.com\/cms\/#website\"},\"primaryImageOfPage\":{\"@id\":\"https:\/\/www.padreydecano.com\/cms\/basket\/otro-punto-fundamental\/#primaryimage\"},\"image\":{\"@id\":\"https:\/\/www.padreydecano.com\/cms\/basket\/otro-punto-fundamental\/#primaryimage\"},\"thumbnailUrl\":\"https:\/\/www.padreydecano.com\/cms\/wp-content\/uploads\/2023\/01\/image-2.jpg\",\"datePublished\":\"2023-01-24T16:06:46+00:00\",\"dateModified\":\"2023-01-25T15:32:52+00:00\",\"breadcrumb\":{\"@id\":\"https:\/\/www.padreydecano.com\/cms\/basket\/otro-punto-fundamental\/#breadcrumb\"},\"inLanguage\":\"es\",\"potentialAction\":[{\"@type\":\"ReadAction\",\"target\":[\"https:\/\/www.padreydecano.com\/cms\/basket\/otro-punto-fundamental\/\"]}]},{\"@type\":\"ImageObject\",\"inLanguage\":\"es\",\"@id\":\"https:\/\/www.padreydecano.com\/cms\/basket\/otro-punto-fundamental\/#primaryimage\",\"url\":\"https:\/\/www.padreydecano.com\/cms\/wp-content\/uploads\/2023\/01\/image-2.jpg\",\"contentUrl\":\"https:\/\/www.padreydecano.com\/cms\/wp-content\/uploads\/2023\/01\/image-2.jpg\",\"width\":1000,\"height\":667},{\"@type\":\"BreadcrumbList\",\"@id\":\"https:\/\/www.padreydecano.com\/cms\/basket\/otro-punto-fundamental\/#breadcrumb\",\"itemListElement\":[{\"@type\":\"ListItem\",\"position\":1,\"name\":\"Portada\",\"item\":\"https:\/\/www.padreydecano.com\/cms\/\"},{\"@type\":\"ListItem\",\"position\":2,\"name\":\"Otro punto fundamental\"}]},{\"@type\":\"WebSite\",\"@id\":\"https:\/\/www.padreydecano.com\/cms\/#website\",\"url\":\"https:\/\/www.padreydecano.com\/cms\/\",\"name\":\"Padre y Decano - El Sitio del Pueblo\",\"description\":\"Club Atl\u00e9tico Pe\u00f1arol\",\"publisher\":{\"@id\":\"https:\/\/www.padreydecano.com\/cms\/#organization\"},\"potentialAction\":[{\"@type\":\"SearchAction\",\"target\":{\"@type\":\"EntryPoint\",\"urlTemplate\":\"https:\/\/www.padreydecano.com\/cms\/?s={search_term_string}\"},\"query-input\":\"required name=search_term_string\"}],\"inLanguage\":\"es\"},{\"@type\":\"Organization\",\"@id\":\"https:\/\/www.padreydecano.com\/cms\/#organization\",\"name\":\"Padre y Decano\",\"url\":\"https:\/\/www.padreydecano.com\/cms\/\",\"logo\":{\"@type\":\"ImageObject\",\"inLanguage\":\"es\",\"@id\":\"https:\/\/www.padreydecano.com\/cms\/#\/schema\/logo\/image\/\",\"url\":\"https:\/\/www.padreydecano.com\/cms\/wp-content\/uploads\/2022\/01\/avatar-square.png\",\"contentUrl\":\"https:\/\/www.padreydecano.com\/cms\/wp-content\/uploads\/2022\/01\/avatar-square.png\",\"width\":1500,\"height\":1500,\"caption\":\"Padre y Decano\"},\"image\":{\"@id\":\"https:\/\/www.padreydecano.com\/cms\/#\/schema\/logo\/image\/\"}},{\"@type\":\"Person\",\"@id\":\"https:\/\/www.padreydecano.com\/cms\/#\/schema\/person\/37aae8f93aa78e4c5385497f056e3246\",\"name\":\"Redactores Padre y Decano\",\"image\":{\"@type\":\"ImageObject\",\"inLanguage\":\"es\",\"@id\":\"https:\/\/www.padreydecano.com\/cms\/#\/schema\/person\/image\/\",\"url\":\"https:\/\/secure.gravatar.com\/avatar\/8810c4b9081192b118b104af54549af8?s=96&d=https%3A%2F%2Fpadreydecano.com%2Fcms%2Fwp-content%2Fthemes%2Fpyd-theme%2Fimg%2Fdefault-avatar.png&r=g\",\"contentUrl\":\"https:\/\/secure.gravatar.com\/avatar\/8810c4b9081192b118b104af54549af8?s=96&d=https%3A%2F%2Fpadreydecano.com%2Fcms%2Fwp-content%2Fthemes%2Fpyd-theme%2Fimg%2Fdefault-avatar.png&r=g\",\"caption\":\"Redactores Padre y Decano\"},\"sameAs\":[\"http:\/\/www.padreydecano.com\"]}]}<\/script>\n<!-- \/ Yoast SEO plugin. -->","yoast_head_json":{"title":"Otro punto fundamental - Padre y Decano - El Sitio del Pueblo","robots":{"index":"index","follow":"follow","max-snippet":"max-snippet:-1","max-image-preview":"max-image-preview:large","max-video-preview":"max-video-preview:-1"},"canonical":"https:\/\/www.padreydecano.com\/cms\/basket\/otro-punto-fundamental\/","og_locale":"es_ES","og_type":"article","og_title":"Otro punto fundamental - Padre y Decano - El Sitio del Pueblo","og_description":"Pe\u00f1arol recibe a Defensor Sporting desde las 20:30 horas en otro punto directo para escapar de la zona baja. Luego de la gran victoria ante Aguada, el carbonero deber\u00e1 enfocarse en otro due\u00f1o trascendental para evitar el descenso. Los de L\u00f3pez llegan en un buen momento an\u00edmico, sin embargo,\u00a0 deber\u00e1n afrontar el juego con dos [&hellip;]","og_url":"https:\/\/www.padreydecano.com\/cms\/basket\/otro-punto-fundamental\/","og_site_name":"Padre y Decano - El Sitio del Pueblo","article_published_time":"2023-01-24T16:06:46+00:00","article_modified_time":"2023-01-25T15:32:52+00:00","og_image":[{"width":1000,"height":667,"url":"https:\/\/www.padreydecano.com\/cms\/wp-content\/uploads\/2023\/01\/image-2.jpg","type":"image\/jpeg"}],"author":"Redactores Padre y Decano","twitter_card":"summary_large_image","twitter_misc":{"Escrito por":"Redactores Padre y Decano","Tiempo de lectura":"1 minuto"},"schema":{"@context":"https:\/\/schema.org","@graph":[{"@type":"Article","@id":"https:\/\/www.padreydecano.com\/cms\/basket\/otro-punto-fundamental\/#article","isPartOf":{"@id":"https:\/\/www.padreydecano.com\/cms\/basket\/otro-punto-fundamental\/"},"author":{"name":"Redactores Padre y Decano","@id":"https:\/\/www.padreydecano.com\/cms\/#\/schema\/person\/37aae8f93aa78e4c5385497f056e3246"},"headline":"Otro punto fundamental","datePublished":"2023-01-24T16:06:46+00:00","dateModified":"2023-01-25T15:32:52+00:00","mainEntityOfPage":{"@id":"https:\/\/www.padreydecano.com\/cms\/basket\/otro-punto-fundamental\/"},"wordCount":173,"commentCount":4,"publisher":{"@id":"https:\/\/www.padreydecano.com\/cms\/#organization"},"image":{"@id":"https:\/\/www.padreydecano.com\/cms\/basket\/otro-punto-fundamental\/#primaryimage"},"thumbnailUrl":"https:\/\/www.padreydecano.com\/cms\/wp-content\/uploads\/2023\/01\/image-2.jpg","keywords":["LUB 2022\/2023"],"articleSection":["Basket"],"inLanguage":"es","potentialAction":[{"@type":"CommentAction","name":"Comment","target":["https:\/\/www.padreydecano.com\/cms\/basket\/otro-punto-fundamental\/#respond"]}]},{"@type":"WebPage","@id":"https:\/\/www.padreydecano.com\/cms\/basket\/otro-punto-fundamental\/","url":"https:\/\/www.padreydecano.com\/cms\/basket\/otro-punto-fundamental\/","name":"Otro punto fundamental - Padre y Decano - El Sitio del Pueblo","isPartOf":{"@id":"https:\/\/www.padreydecano.com\/cms\/#website"},"primaryImageOfPage":{"@id":"https:\/\/www.padreydecano.com\/cms\/basket\/otro-punto-fundamental\/#primaryimage"},"image":{"@id":"https:\/\/www.padreydecano.com\/cms\/basket\/otro-punto-fundamental\/#primaryimage"},"thumbnailUrl":"https:\/\/www.padreydecano.com\/cms\/wp-content\/uploads\/2023\/01\/image-2.jpg","datePublished":"2023-01-24T16:06:46+00:00","dateModified":"2023-01-25T15:32:52+00:00","breadcrumb":{"@id":"https:\/\/www.padreydecano.com\/cms\/basket\/otro-punto-fundamental\/#breadcrumb"},"inLanguage":"es","potentialAction":[{"@type":"ReadAction","target":["https:\/\/www.padreydecano.com\/cms\/basket\/otro-punto-fundamental\/"]}]},{"@type":"ImageObject","inLanguage":"es","@id":"https:\/\/www.padreydecano.com\/cms\/basket\/otro-punto-fundamental\/#primaryimage","url":"https:\/\/www.padreydecano.com\/cms\/wp-content\/uploads\/2023\/01\/image-2.jpg","contentUrl":"https:\/\/www.padreydecano.com\/cms\/wp-content\/uploads\/2023\/01\/image-2.jpg","width":1000,"height":667},{"@type":"BreadcrumbList","@id":"https:\/\/www.padreydecano.com\/cms\/basket\/otro-punto-fundamental\/#breadcrumb","itemListElement":[{"@type":"ListItem","position":1,"name":"Portada","item":"https:\/\/www.padreydecano.com\/cms\/"},{"@type":"ListItem","position":2,"name":"Otro punto fundamental"}]},{"@type":"WebSite","@id":"https:\/\/www.padreydecano.com\/cms\/#website","url":"https:\/\/www.padreydecano.com\/cms\/","name":"Padre y Decano - El Sitio del Pueblo","description":"Club Atl\u00e9tico Pe\u00f1arol","publisher":{"@id":"https:\/\/www.padreydecano.com\/cms\/#organization"},"potentialAction":[{"@type":"SearchAction","target":{"@type":"EntryPoint","urlTemplate":"https:\/\/www.padreydecano.com\/cms\/?s={search_term_string}"},"query-input":"required name=search_term_string"}],"inLanguage":"es"},{"@type":"Organization","@id":"https:\/\/www.padreydecano.com\/cms\/#organization","name":"Padre y Decano","url":"https:\/\/www.padreydecano.com\/cms\/","logo":{"@type":"ImageObject","inLanguage":"es","@id":"https:\/\/www.padreydecano.com\/cms\/#\/schema\/logo\/image\/","url":"https:\/\/www.padreydecano.com\/cms\/wp-content\/uploads\/2022\/01\/avatar-square.png","contentUrl":"https:\/\/www.padreydecano.com\/cms\/wp-content\/uploads\/2022\/01\/avatar-square.png","width":1500,"height":1500,"caption":"Padre y Decano"},"image":{"@id":"https:\/\/www.padreydecano.com\/cms\/#\/schema\/logo\/image\/"}},{"@type":"Person","@id":"https:\/\/www.padreydecano.com\/cms\/#\/schema\/person\/37aae8f93aa78e4c5385497f056e3246","name":"Redactores Padre y Decano","image":{"@type":"ImageObject","inLanguage":"es","@id":"https:\/\/www.padreydecano.com\/cms\/#\/schema\/person\/image\/","url":"https:\/\/secure.gravatar.com\/avatar\/8810c4b9081192b118b104af54549af8?s=96&d=https%3A%2F%2Fpadreydecano.com%2Fcms%2Fwp-content%2Fthemes%2Fpyd-theme%2Fimg%2Fdefault-avatar.png&r=g","contentUrl":"https:\/\/secure.gravatar.com\/avatar\/8810c4b9081192b118b104af54549af8?s=96&d=https%3A%2F%2Fpadreydecano.com%2Fcms%2Fwp-content%2Fthemes%2Fpyd-theme%2Fimg%2Fdefault-avatar.png&r=g","caption":"Redactores Padre y Decano"},"sameAs":["http:\/\/www.padreydecano.com"]}]}},"_links":{"self":[{"href":"https:\/\/www.padreydecano.com\/cms\/wp-json\/wp\/v2\/posts\/79690"}],"collection":[{"href":"https:\/\/www.padreydecano.com\/cms\/wp-json\/wp\/v2\/posts"}],"about":[{"href":"https:\/\/www.padreydecano.com\/cms\/wp-json\/wp\/v2\/types\/post"}],"author":[{"embeddable":true,"href":"https:\/\/www.padreydecano.com\/cms\/wp-json\/wp\/v2\/users\/27"}],"replies":[{"embeddable":true,"href":"https:\/\/www.padreydecano.com\/cms\/wp-json\/wp\/v2\/comments?post=79690"}],"version-history":[{"count":0,"href":"https:\/\/www.padreydecano.com\/cms\/wp-json\/wp\/v2\/posts\/79690\/revisions"}],"wp:featuredmedia":[{"embeddable":true,"href":"https:\/\/www.padreydecano.com\/cms\/wp-json\/wp\/v2\/media\/79691"}],"wp:attachment":[{"href":"https:\/\/www.padreydecano.com\/cms\/wp-json\/wp\/v2\/media?parent=79690"}],"wp:term":[{"taxonomy":"category","embeddable":true,"href":"https:\/\/www.padreydecano.com\/cms\/wp-json\/wp\/v2\/categories?post=79690"},{"taxonomy":"post_tag","embeddable":true,"href":"https:\/\/www.padreydecano.com\/cms\/wp-json\/wp\/v2\/tags?post=79690"}],"curies":[{"name":"wp","href":"https:\/\/api.w.org\/{rel}","templated":true}]}}