{"id":79669,"date":"2023-01-18T11:55:30","date_gmt":"2023-01-18T14:55:30","guid":{"rendered":"https:\/\/www.padreydecano.com\/cms\/?p=79669"},"modified":"2023-01-20T18:30:47","modified_gmt":"2023-01-20T21:30:47","slug":"agonica-victoria-con-gol-del-goleador","status":"publish","type":"post","link":"https:\/\/www.padreydecano.com\/cms\/noticias\/agonica-victoria-con-gol-del-goleador\/","title":{"rendered":"Ag\u00f3nica victoria con gol del goleador"},"content":{"rendered":"<p><img loading=\"lazy\" decoding=\"async\" class=\"alignnone size-medium wp-image-79670\" src=\"https:\/\/www.padreydecano.com\/cms\/wp-content\/uploads\/2023\/01\/20230118_115038-600x450.jpg\" alt=\"\" width=\"600\" height=\"450\" srcset=\"https:\/\/www.padreydecano.com\/cms\/wp-content\/uploads\/2023\/01\/20230118_115038-600x450.jpg 600w, https:\/\/www.padreydecano.com\/cms\/wp-content\/uploads\/2023\/01\/20230118_115038-1024x768.jpg 1024w, https:\/\/www.padreydecano.com\/cms\/wp-content\/uploads\/2023\/01\/20230118_115038-768x576.jpg 768w, https:\/\/www.padreydecano.com\/cms\/wp-content\/uploads\/2023\/01\/20230118_115038-1536x1152.jpg 1536w, https:\/\/www.padreydecano.com\/cms\/wp-content\/uploads\/2023\/01\/20230118_115038-300x225.jpg 300w, https:\/\/www.padreydecano.com\/cms\/wp-content\/uploads\/2023\/01\/20230118_115038-128x96.jpg 128w, https:\/\/www.padreydecano.com\/cms\/wp-content\/uploads\/2023\/01\/20230118_115038-32x24.jpg 32w, https:\/\/www.padreydecano.com\/cms\/wp-content\/uploads\/2023\/01\/20230118_115038.jpg 2048w\" sizes=\"(max-width: 600px) 100vw, 600px\" \/><\/p>\n<p><strong>Pe\u00f1arol derrot\u00f3 sobre el final a San Lorenzo en el Estadio Campe\u00f3n del Siglo por la copa amistosa Walter Corbo. El gol de la victoria fue convertido por \u00d3scar Cruz.<\/strong><\/p>\n<p>Luego de la victoria de atr\u00e1s frente a Estudiantes de La Plata, Pe\u00f1arol se midi\u00f3 ante San Lorenzo tambi\u00e9n en el escenario mirasol por el segundo encuentro correspondiente a la Serie R\u00edo de La Plata.<\/p>\n<p>Nuevamente se vio un buen marco de p\u00fablico en el templo mirasol. Alrededor de 16.000 entradas vendidas para el segundo partido de la pretemporada en el Estadio Campe\u00f3n del Siglo.<\/p>\n<p>Por temas de p\u00fablico conocimiento, Thiago Cardozo no s\u00e9 hizo presente en el encuentro. Tampoco lo hicieron Kevin M\u00e9ndez, Sebasti\u00e1n Crist\u00f3foro, Juan Manuel Ramos y Mat\u00edas Aguirregaray que acompa\u00f1aron al guardameta mirasol. Nicol\u00e1s Milesi sostiene una lesi\u00f3n y no estuvo convocado. Walter Gargano volvi\u00f3 a estar ausente por segundo partido consecutivo.<\/p>\n<p><strong>El equipo de Alfredo Arias form\u00f3 con:<\/strong> Jhonatan Lima; Pedro Milans (70&#8242; Joaqu\u00edn Ferreira), Hern\u00e1n Menosse, Yonatthan Rak, Valent\u00edn Rodr\u00edguez (80&#8242; Pablo L\u00f3pez); Carlos S\u00e1nchez (70&#8242; Santiago Homenchenko), Sebasti\u00e1n Rodr\u00edguez, Rodrigo Saravia (57&#8242; Ruben Betancourt), Nicol\u00e1s Rossi (70&#8242; M\u00e1ximo Alonso); L\u00f3pez); Ignacio Laquintana (57&#8242; Brian Mansilla) yAbel Hern\u00e1ndez (80&#8242; \u00d3scar Cruz).<\/p>\n<p><strong>Banco:<\/strong> Kevin Morgan y Mat\u00edas Ferreira.<\/p>\n<p><span style=\"color: #ffcc00;\"><strong>Primer tiempo<\/strong><\/span><\/p>\n<p>Pe\u00f1arol fue superior al equipo argentino desde el primer momento. Ya con algunas de las nuevas incorporaciones en cancha, se vio a un equipo m\u00e1s din\u00e1mico en la mitad de la cancha y desde el inicio fue al ataque.<\/p>\n<p>El equipo argentino se repleg\u00f3 r\u00e1pidamente y con esto hizo que el primer intento del carbonero debiera ser de media distancia, por intermedio de Carlos S\u00e1nchez a los 5 minutos de juego.<\/p>\n<p>El decano continu\u00f3 con el dominio del bal\u00f3n, pero San Lorenzo apareci\u00f3 en el partido. En primera instancia un tiro libre al borde del \u00e1rea que ataj\u00f3 Lima y en el rebote el delantero cuervo remat\u00f3 muy lejos por arriba del travesa\u00f1o y en segunda instancia un intento de Silva dentro del \u00e1rea que volvi\u00f3 a rechazar de buena manera el arquero de 23 a\u00f1os.<\/p>\n<p>Llegando al final de la primera parte, S\u00e1nchez volvi\u00f3 a intentar de afuera del \u00e1rea y la pelota impact\u00f3 en el brazo de un defensor azulgrana. El \u00e1rbitro sancion\u00f3 r\u00e1pidamente penal para Pe\u00f1arol.<\/p>\n<p>El mismo fue ejecutado por Abel Hern\u00e1ndez. El nuevo n\u00famero nueve del carbonero que volvi\u00f3 a disputar un encuentro con la casaca mirasol despu\u00e9s de 14 a\u00f1os no pate\u00f3 bien el penal y el meta argentino se adue\u00f1\u00f3 del bal\u00f3n.<\/p>\n<p><span style=\"color: #ffcc00;\"><strong>Segundo tiempo\u00a0<\/strong><\/span><\/p>\n<p>La segunda parte comenz\u00f3 igual que el primer tiempo, con Pe\u00f1arol due\u00f1o de la pelota y con la visita esperando en el fondo. Aunque con menos intensidad que los primeros 45 minutos.<\/p>\n<p>A los 55&#8242; Rossi busc\u00f3 de centro a Abel pero la pelota le qued\u00f3 a Laquintana que no logr\u00f3 conectar y sigui\u00f3 de largo. Pocos minutos despu\u00e9s Valent\u00edn Rodr\u00edguez prob\u00f3 con un tiro libre cruzado que rechaz\u00f3 el guardameta del cicl\u00f3n.<\/p>\n<p>De a poco se fueron realizando las variantes y desdibujando el esquema t\u00e1ctico. Cuando ingres\u00f3 Bentancourt en lugar de Saravia se vio a Carlos S\u00e1nchez y Rodr\u00edguez de doble 5, entre otras variantes que se llevaron a cabo en el amistoso.<\/p>\n<p>Sebasti\u00e1n Rodr\u00edguez fue muy importante en el partido. Manej\u00f3 los hilos en la mitad de la cancha y asisti\u00f3 en todo momento a los delanteros. Se vio un buen nivel del volante de 30 a\u00f1os.<\/p>\n<p>El mismo Rodr\u00edguez fue quien se encarg\u00f3 de los tiros de esquina y a los 75 luego de enviar uno al \u00e1rea y tras dos cabezazos la pelota le qued\u00f3 en la cabeza a Abel que no logr\u00f3 vencer a Batalla, de firme partido en el arco del cuervo.<\/p>\n<p>A los 88 minutos, luego de otro centro apareci\u00f3 Bentancourt de cabeza y la pelota pas\u00f3 rozando el vertical. R\u00e1pidamente el equipo fue en b\u00fasqueda de otra chance.<\/p>\n<p>Llegando a los 90 minutos, Rodr\u00edguez recuper\u00f3 la pelota en la mitad de la cancha, asisti\u00f3 a Mansilla que intent\u00f3 entrar al \u00e1rea, la pelota le qued\u00f3 servida al reci\u00e9n ingresado \u00d3scar Cruz y el delantero juvenil prob\u00f3 de frente al arco y convirti\u00f3 el ag\u00f3nico gol de la victoria.<\/p>\n<p>Primer gol del m\u00e1ximo goleador de las formativas del Club en escasos minutos en dos partidos amistosos en el primer equipo de Pe\u00f1arol.<\/p>\n<p>El decano gan\u00f3 su segundo partido amistoso consecutivo ante un equipo argentino. El pr\u00f3ximo viernes el mirasol se enfrentar\u00e1 a Uni\u00f3n de Santa F\u00e9 en la antesala del partido cl\u00e1sico del lunes 23 en el Estadio Centenario.<\/p>\n","protected":false},"excerpt":{"rendered":"<p>Pe\u00f1arol derrot\u00f3 sobre el final a San Lorenzo en el Estadio Campe\u00f3n del Siglo por la copa amistosa Walter Corbo. El gol de la victoria fue convertido por \u00d3scar Cruz. Luego de la victoria de atr\u00e1s frente a Estudiantes de La Plata, Pe\u00f1arol se midi\u00f3 ante San Lorenzo tambi\u00e9n en el escenario mirasol por el [&hellip;]<\/p>\n","protected":false},"author":27,"featured_media":79670,"comment_status":"open","ping_status":"closed","sticky":false,"template":"","format":"standard","meta":{"footnotes":""},"categories":[1],"tags":[],"yoast_head":"<!-- This site is optimized with the Yoast SEO plugin v23.2 - https:\/\/yoast.com\/wordpress\/plugins\/seo\/ -->\n<title>Ag\u00f3nica victoria con gol del goleador - Padre y Decano - El Sitio del Pueblo<\/title>\n<meta name=\"robots\" content=\"index, follow, max-snippet:-1, max-image-preview:large, max-video-preview:-1\" \/>\n<link rel=\"canonical\" href=\"https:\/\/www.padreydecano.com\/cms\/noticias\/agonica-victoria-con-gol-del-goleador\/\" \/>\n<meta property=\"og:locale\" content=\"es_ES\" \/>\n<meta property=\"og:type\" content=\"article\" \/>\n<meta property=\"og:title\" content=\"Ag\u00f3nica victoria con gol del goleador - Padre y Decano - El Sitio del Pueblo\" \/>\n<meta property=\"og:description\" content=\"Pe\u00f1arol derrot\u00f3 sobre el final a San Lorenzo en el Estadio Campe\u00f3n del Siglo por la copa amistosa Walter Corbo. El gol de la victoria fue convertido por \u00d3scar Cruz. Luego de la victoria de atr\u00e1s frente a Estudiantes de La Plata, Pe\u00f1arol se midi\u00f3 ante San Lorenzo tambi\u00e9n en el escenario mirasol por el [&hellip;]\" \/>\n<meta property=\"og:url\" content=\"https:\/\/www.padreydecano.com\/cms\/noticias\/agonica-victoria-con-gol-del-goleador\/\" \/>\n<meta property=\"og:site_name\" content=\"Padre y Decano - El Sitio del Pueblo\" \/>\n<meta property=\"article:published_time\" content=\"2023-01-18T14:55:30+00:00\" \/>\n<meta property=\"article:modified_time\" content=\"2023-01-20T21:30:47+00:00\" \/>\n<meta property=\"og:image\" content=\"https:\/\/www.padreydecano.com\/cms\/wp-content\/uploads\/2023\/01\/20230118_115038.jpg\" \/>\n\t<meta property=\"og:image:width\" content=\"2048\" \/>\n\t<meta property=\"og:image:height\" content=\"1536\" \/>\n\t<meta property=\"og:image:type\" content=\"image\/jpeg\" \/>\n<meta name=\"author\" content=\"Redactores Padre y Decano\" \/>\n<meta name=\"twitter:card\" content=\"summary_large_image\" \/>\n<meta name=\"twitter:label1\" content=\"Escrito por\" \/>\n\t<meta name=\"twitter:data1\" content=\"Redactores Padre y Decano\" \/>\n\t<meta name=\"twitter:label2\" content=\"Tiempo de lectura\" \/>\n\t<meta name=\"twitter:data2\" content=\"4 minutos\" \/>\n<script type=\"application\/ld+json\" class=\"yoast-schema-graph\">{\"@context\":\"https:\/\/schema.org\",\"@graph\":[{\"@type\":\"Article\",\"@id\":\"https:\/\/www.padreydecano.com\/cms\/noticias\/agonica-victoria-con-gol-del-goleador\/#article\",\"isPartOf\":{\"@id\":\"https:\/\/www.padreydecano.com\/cms\/noticias\/agonica-victoria-con-gol-del-goleador\/\"},\"author\":{\"name\":\"Redactores Padre y Decano\",\"@id\":\"https:\/\/www.padreydecano.com\/cms\/#\/schema\/person\/37aae8f93aa78e4c5385497f056e3246\"},\"headline\":\"Ag\u00f3nica victoria con gol del goleador\",\"datePublished\":\"2023-01-18T14:55:30+00:00\",\"dateModified\":\"2023-01-20T21:30:47+00:00\",\"mainEntityOfPage\":{\"@id\":\"https:\/\/www.padreydecano.com\/cms\/noticias\/agonica-victoria-con-gol-del-goleador\/\"},\"wordCount\":808,\"commentCount\":9,\"publisher\":{\"@id\":\"https:\/\/www.padreydecano.com\/cms\/#organization\"},\"image\":{\"@id\":\"https:\/\/www.padreydecano.com\/cms\/noticias\/agonica-victoria-con-gol-del-goleador\/#primaryimage\"},\"thumbnailUrl\":\"https:\/\/www.padreydecano.com\/cms\/wp-content\/uploads\/2023\/01\/20230118_115038.jpg\",\"articleSection\":[\"Noticias\"],\"inLanguage\":\"es\",\"potentialAction\":[{\"@type\":\"CommentAction\",\"name\":\"Comment\",\"target\":[\"https:\/\/www.padreydecano.com\/cms\/noticias\/agonica-victoria-con-gol-del-goleador\/#respond\"]}]},{\"@type\":\"WebPage\",\"@id\":\"https:\/\/www.padreydecano.com\/cms\/noticias\/agonica-victoria-con-gol-del-goleador\/\",\"url\":\"https:\/\/www.padreydecano.com\/cms\/noticias\/agonica-victoria-con-gol-del-goleador\/\",\"name\":\"Ag\u00f3nica victoria con gol del goleador - Padre y Decano - El Sitio del Pueblo\",\"isPartOf\":{\"@id\":\"https:\/\/www.padreydecano.com\/cms\/#website\"},\"primaryImageOfPage\":{\"@id\":\"https:\/\/www.padreydecano.com\/cms\/noticias\/agonica-victoria-con-gol-del-goleador\/#primaryimage\"},\"image\":{\"@id\":\"https:\/\/www.padreydecano.com\/cms\/noticias\/agonica-victoria-con-gol-del-goleador\/#primaryimage\"},\"thumbnailUrl\":\"https:\/\/www.padreydecano.com\/cms\/wp-content\/uploads\/2023\/01\/20230118_115038.jpg\",\"datePublished\":\"2023-01-18T14:55:30+00:00\",\"dateModified\":\"2023-01-20T21:30:47+00:00\",\"breadcrumb\":{\"@id\":\"https:\/\/www.padreydecano.com\/cms\/noticias\/agonica-victoria-con-gol-del-goleador\/#breadcrumb\"},\"inLanguage\":\"es\",\"potentialAction\":[{\"@type\":\"ReadAction\",\"target\":[\"https:\/\/www.padreydecano.com\/cms\/noticias\/agonica-victoria-con-gol-del-goleador\/\"]}]},{\"@type\":\"ImageObject\",\"inLanguage\":\"es\",\"@id\":\"https:\/\/www.padreydecano.com\/cms\/noticias\/agonica-victoria-con-gol-del-goleador\/#primaryimage\",\"url\":\"https:\/\/www.padreydecano.com\/cms\/wp-content\/uploads\/2023\/01\/20230118_115038.jpg\",\"contentUrl\":\"https:\/\/www.padreydecano.com\/cms\/wp-content\/uploads\/2023\/01\/20230118_115038.jpg\",\"width\":2048,\"height\":1536},{\"@type\":\"BreadcrumbList\",\"@id\":\"https:\/\/www.padreydecano.com\/cms\/noticias\/agonica-victoria-con-gol-del-goleador\/#breadcrumb\",\"itemListElement\":[{\"@type\":\"ListItem\",\"position\":1,\"name\":\"Portada\",\"item\":\"https:\/\/www.padreydecano.com\/cms\/\"},{\"@type\":\"ListItem\",\"position\":2,\"name\":\"Ag\u00f3nica victoria con gol del goleador\"}]},{\"@type\":\"WebSite\",\"@id\":\"https:\/\/www.padreydecano.com\/cms\/#website\",\"url\":\"https:\/\/www.padreydecano.com\/cms\/\",\"name\":\"Padre y Decano - El Sitio del Pueblo\",\"description\":\"Club Atl\u00e9tico Pe\u00f1arol\",\"publisher\":{\"@id\":\"https:\/\/www.padreydecano.com\/cms\/#organization\"},\"potentialAction\":[{\"@type\":\"SearchAction\",\"target\":{\"@type\":\"EntryPoint\",\"urlTemplate\":\"https:\/\/www.padreydecano.com\/cms\/?s={search_term_string}\"},\"query-input\":\"required name=search_term_string\"}],\"inLanguage\":\"es\"},{\"@type\":\"Organization\",\"@id\":\"https:\/\/www.padreydecano.com\/cms\/#organization\",\"name\":\"Padre y Decano\",\"url\":\"https:\/\/www.padreydecano.com\/cms\/\",\"logo\":{\"@type\":\"ImageObject\",\"inLanguage\":\"es\",\"@id\":\"https:\/\/www.padreydecano.com\/cms\/#\/schema\/logo\/image\/\",\"url\":\"https:\/\/www.padreydecano.com\/cms\/wp-content\/uploads\/2022\/01\/avatar-square.png\",\"contentUrl\":\"https:\/\/www.padreydecano.com\/cms\/wp-content\/uploads\/2022\/01\/avatar-square.png\",\"width\":1500,\"height\":1500,\"caption\":\"Padre y Decano\"},\"image\":{\"@id\":\"https:\/\/www.padreydecano.com\/cms\/#\/schema\/logo\/image\/\"}},{\"@type\":\"Person\",\"@id\":\"https:\/\/www.padreydecano.com\/cms\/#\/schema\/person\/37aae8f93aa78e4c5385497f056e3246\",\"name\":\"Redactores Padre y Decano\",\"image\":{\"@type\":\"ImageObject\",\"inLanguage\":\"es\",\"@id\":\"https:\/\/www.padreydecano.com\/cms\/#\/schema\/person\/image\/\",\"url\":\"https:\/\/secure.gravatar.com\/avatar\/8810c4b9081192b118b104af54549af8?s=96&d=https%3A%2F%2Fpadreydecano.com%2Fcms%2Fwp-content%2Fthemes%2Fpyd-theme%2Fimg%2Fdefault-avatar.png&r=g\",\"contentUrl\":\"https:\/\/secure.gravatar.com\/avatar\/8810c4b9081192b118b104af54549af8?s=96&d=https%3A%2F%2Fpadreydecano.com%2Fcms%2Fwp-content%2Fthemes%2Fpyd-theme%2Fimg%2Fdefault-avatar.png&r=g\",\"caption\":\"Redactores Padre y Decano\"},\"sameAs\":[\"http:\/\/www.padreydecano.com\"]}]}<\/script>\n<!-- \/ Yoast SEO plugin. -->","yoast_head_json":{"title":"Ag\u00f3nica victoria con gol del goleador - Padre y Decano - El Sitio del Pueblo","robots":{"index":"index","follow":"follow","max-snippet":"max-snippet:-1","max-image-preview":"max-image-preview:large","max-video-preview":"max-video-preview:-1"},"canonical":"https:\/\/www.padreydecano.com\/cms\/noticias\/agonica-victoria-con-gol-del-goleador\/","og_locale":"es_ES","og_type":"article","og_title":"Ag\u00f3nica victoria con gol del goleador - Padre y Decano - El Sitio del Pueblo","og_description":"Pe\u00f1arol derrot\u00f3 sobre el final a San Lorenzo en el Estadio Campe\u00f3n del Siglo por la copa amistosa Walter Corbo. El gol de la victoria fue convertido por \u00d3scar Cruz. Luego de la victoria de atr\u00e1s frente a Estudiantes de La Plata, Pe\u00f1arol se midi\u00f3 ante San Lorenzo tambi\u00e9n en el escenario mirasol por el [&hellip;]","og_url":"https:\/\/www.padreydecano.com\/cms\/noticias\/agonica-victoria-con-gol-del-goleador\/","og_site_name":"Padre y Decano - El Sitio del Pueblo","article_published_time":"2023-01-18T14:55:30+00:00","article_modified_time":"2023-01-20T21:30:47+00:00","og_image":[{"width":2048,"height":1536,"url":"https:\/\/www.padreydecano.com\/cms\/wp-content\/uploads\/2023\/01\/20230118_115038.jpg","type":"image\/jpeg"}],"author":"Redactores Padre y Decano","twitter_card":"summary_large_image","twitter_misc":{"Escrito por":"Redactores Padre y Decano","Tiempo de lectura":"4 minutos"},"schema":{"@context":"https:\/\/schema.org","@graph":[{"@type":"Article","@id":"https:\/\/www.padreydecano.com\/cms\/noticias\/agonica-victoria-con-gol-del-goleador\/#article","isPartOf":{"@id":"https:\/\/www.padreydecano.com\/cms\/noticias\/agonica-victoria-con-gol-del-goleador\/"},"author":{"name":"Redactores Padre y Decano","@id":"https:\/\/www.padreydecano.com\/cms\/#\/schema\/person\/37aae8f93aa78e4c5385497f056e3246"},"headline":"Ag\u00f3nica victoria con gol del goleador","datePublished":"2023-01-18T14:55:30+00:00","dateModified":"2023-01-20T21:30:47+00:00","mainEntityOfPage":{"@id":"https:\/\/www.padreydecano.com\/cms\/noticias\/agonica-victoria-con-gol-del-goleador\/"},"wordCount":808,"commentCount":9,"publisher":{"@id":"https:\/\/www.padreydecano.com\/cms\/#organization"},"image":{"@id":"https:\/\/www.padreydecano.com\/cms\/noticias\/agonica-victoria-con-gol-del-goleador\/#primaryimage"},"thumbnailUrl":"https:\/\/www.padreydecano.com\/cms\/wp-content\/uploads\/2023\/01\/20230118_115038.jpg","articleSection":["Noticias"],"inLanguage":"es","potentialAction":[{"@type":"CommentAction","name":"Comment","target":["https:\/\/www.padreydecano.com\/cms\/noticias\/agonica-victoria-con-gol-del-goleador\/#respond"]}]},{"@type":"WebPage","@id":"https:\/\/www.padreydecano.com\/cms\/noticias\/agonica-victoria-con-gol-del-goleador\/","url":"https:\/\/www.padreydecano.com\/cms\/noticias\/agonica-victoria-con-gol-del-goleador\/","name":"Ag\u00f3nica victoria con gol del goleador - Padre y Decano - El Sitio del Pueblo","isPartOf":{"@id":"https:\/\/www.padreydecano.com\/cms\/#website"},"primaryImageOfPage":{"@id":"https:\/\/www.padreydecano.com\/cms\/noticias\/agonica-victoria-con-gol-del-goleador\/#primaryimage"},"image":{"@id":"https:\/\/www.padreydecano.com\/cms\/noticias\/agonica-victoria-con-gol-del-goleador\/#primaryimage"},"thumbnailUrl":"https:\/\/www.padreydecano.com\/cms\/wp-content\/uploads\/2023\/01\/20230118_115038.jpg","datePublished":"2023-01-18T14:55:30+00:00","dateModified":"2023-01-20T21:30:47+00:00","breadcrumb":{"@id":"https:\/\/www.padreydecano.com\/cms\/noticias\/agonica-victoria-con-gol-del-goleador\/#breadcrumb"},"inLanguage":"es","potentialAction":[{"@type":"ReadAction","target":["https:\/\/www.padreydecano.com\/cms\/noticias\/agonica-victoria-con-gol-del-goleador\/"]}]},{"@type":"ImageObject","inLanguage":"es","@id":"https:\/\/www.padreydecano.com\/cms\/noticias\/agonica-victoria-con-gol-del-goleador\/#primaryimage","url":"https:\/\/www.padreydecano.com\/cms\/wp-content\/uploads\/2023\/01\/20230118_115038.jpg","contentUrl":"https:\/\/www.padreydecano.com\/cms\/wp-content\/uploads\/2023\/01\/20230118_115038.jpg","width":2048,"height":1536},{"@type":"BreadcrumbList","@id":"https:\/\/www.padreydecano.com\/cms\/noticias\/agonica-victoria-con-gol-del-goleador\/#breadcrumb","itemListElement":[{"@type":"ListItem","position":1,"name":"Portada","item":"https:\/\/www.padreydecano.com\/cms\/"},{"@type":"ListItem","position":2,"name":"Ag\u00f3nica victoria con gol del goleador"}]},{"@type":"WebSite","@id":"https:\/\/www.padreydecano.com\/cms\/#website","url":"https:\/\/www.padreydecano.com\/cms\/","name":"Padre y Decano - El Sitio del Pueblo","description":"Club Atl\u00e9tico Pe\u00f1arol","publisher":{"@id":"https:\/\/www.padreydecano.com\/cms\/#organization"},"potentialAction":[{"@type":"SearchAction","target":{"@type":"EntryPoint","urlTemplate":"https:\/\/www.padreydecano.com\/cms\/?s={search_term_string}"},"query-input":"required name=search_term_string"}],"inLanguage":"es"},{"@type":"Organization","@id":"https:\/\/www.padreydecano.com\/cms\/#organization","name":"Padre y Decano","url":"https:\/\/www.padreydecano.com\/cms\/","logo":{"@type":"ImageObject","inLanguage":"es","@id":"https:\/\/www.padreydecano.com\/cms\/#\/schema\/logo\/image\/","url":"https:\/\/www.padreydecano.com\/cms\/wp-content\/uploads\/2022\/01\/avatar-square.png","contentUrl":"https:\/\/www.padreydecano.com\/cms\/wp-content\/uploads\/2022\/01\/avatar-square.png","width":1500,"height":1500,"caption":"Padre y Decano"},"image":{"@id":"https:\/\/www.padreydecano.com\/cms\/#\/schema\/logo\/image\/"}},{"@type":"Person","@id":"https:\/\/www.padreydecano.com\/cms\/#\/schema\/person\/37aae8f93aa78e4c5385497f056e3246","name":"Redactores Padre y Decano","image":{"@type":"ImageObject","inLanguage":"es","@id":"https:\/\/www.padreydecano.com\/cms\/#\/schema\/person\/image\/","url":"https:\/\/secure.gravatar.com\/avatar\/8810c4b9081192b118b104af54549af8?s=96&d=https%3A%2F%2Fpadreydecano.com%2Fcms%2Fwp-content%2Fthemes%2Fpyd-theme%2Fimg%2Fdefault-avatar.png&r=g","contentUrl":"https:\/\/secure.gravatar.com\/avatar\/8810c4b9081192b118b104af54549af8?s=96&d=https%3A%2F%2Fpadreydecano.com%2Fcms%2Fwp-content%2Fthemes%2Fpyd-theme%2Fimg%2Fdefault-avatar.png&r=g","caption":"Redactores Padre y Decano"},"sameAs":["http:\/\/www.padreydecano.com"]}]}},"_links":{"self":[{"href":"https:\/\/www.padreydecano.com\/cms\/wp-json\/wp\/v2\/posts\/79669"}],"collection":[{"href":"https:\/\/www.padreydecano.com\/cms\/wp-json\/wp\/v2\/posts"}],"about":[{"href":"https:\/\/www.padreydecano.com\/cms\/wp-json\/wp\/v2\/types\/post"}],"author":[{"embeddable":true,"href":"https:\/\/www.padreydecano.com\/cms\/wp-json\/wp\/v2\/users\/27"}],"replies":[{"embeddable":true,"href":"https:\/\/www.padreydecano.com\/cms\/wp-json\/wp\/v2\/comments?post=79669"}],"version-history":[{"count":0,"href":"https:\/\/www.padreydecano.com\/cms\/wp-json\/wp\/v2\/posts\/79669\/revisions"}],"wp:featuredmedia":[{"embeddable":true,"href":"https:\/\/www.padreydecano.com\/cms\/wp-json\/wp\/v2\/media\/79670"}],"wp:attachment":[{"href":"https:\/\/www.padreydecano.com\/cms\/wp-json\/wp\/v2\/media?parent=79669"}],"wp:term":[{"taxonomy":"category","embeddable":true,"href":"https:\/\/www.padreydecano.com\/cms\/wp-json\/wp\/v2\/categories?post=79669"},{"taxonomy":"post_tag","embeddable":true,"href":"https:\/\/www.padreydecano.com\/cms\/wp-json\/wp\/v2\/tags?post=79669"}],"curies":[{"name":"wp","href":"https:\/\/api.w.org\/{rel}","templated":true}]}}