{"id":79663,"date":"2023-01-16T20:16:47","date_gmt":"2023-01-16T23:16:47","guid":{"rendered":"https:\/\/www.padreydecano.com\/cms\/?p=79663"},"modified":"2023-01-18T12:01:40","modified_gmt":"2023-01-18T15:01:40","slug":"seguir-en-rodaje","status":"publish","type":"post","link":"https:\/\/www.padreydecano.com\/cms\/noticias\/seguir-en-rodaje\/","title":{"rendered":"Seguir en rodaje"},"content":{"rendered":"<p><img loading=\"lazy\" decoding=\"async\" class=\"aligncenter wp-image-79664 size-medium\" src=\"https:\/\/www.padreydecano.com\/cms\/wp-content\/uploads\/2023\/01\/FmhL5uaXkAAGOA1-600x600.jpeg\" alt=\"\" width=\"600\" height=\"600\" srcset=\"https:\/\/www.padreydecano.com\/cms\/wp-content\/uploads\/2023\/01\/FmhL5uaXkAAGOA1-600x600.jpeg 600w, https:\/\/www.padreydecano.com\/cms\/wp-content\/uploads\/2023\/01\/FmhL5uaXkAAGOA1-1024x1024.jpeg 1024w, https:\/\/www.padreydecano.com\/cms\/wp-content\/uploads\/2023\/01\/FmhL5uaXkAAGOA1-150x150.jpeg 150w, https:\/\/www.padreydecano.com\/cms\/wp-content\/uploads\/2023\/01\/FmhL5uaXkAAGOA1-768x768.jpeg 768w, https:\/\/www.padreydecano.com\/cms\/wp-content\/uploads\/2023\/01\/FmhL5uaXkAAGOA1-300x300.jpeg 300w, https:\/\/www.padreydecano.com\/cms\/wp-content\/uploads\/2023\/01\/FmhL5uaXkAAGOA1-128x128.jpeg 128w, https:\/\/www.padreydecano.com\/cms\/wp-content\/uploads\/2023\/01\/FmhL5uaXkAAGOA1-32x32.jpeg 32w, https:\/\/www.padreydecano.com\/cms\/wp-content\/uploads\/2023\/01\/FmhL5uaXkAAGOA1.jpeg 1440w\" sizes=\"(max-width: 600px) 100vw, 600px\" \/><\/p>\n<p style=\"text-align: center;\">Foto extra\u00edda de @OficialCAP<\/p>\n<p><strong>Pe\u00f1arol recibir\u00e1 el pr\u00f3ximo martes a San Lorenzo de Almagro por la Serie Rio de la Plata. El encuentro se disputar\u00e1 en el Estadio Campe\u00f3n del Siglo, a partir de las 20.00 HS. Ser\u00e1 televisado por VTV.<\/strong><\/p>\n<p>Luego de la victoria, de atr\u00e1s, frente a Estudiantes de la Plata, el Decano, buscar\u00e1 su segundo triunfo consecutivo para llegar de la mejor manera al cl\u00e1sico a disputarse el lunes 23 de enero.<\/p>\n<p><strong><span style=\"color: #ffcc00;\">Equipo probable<\/span><\/strong><\/p>\n<p>Si bien a\u00fan no hay un equipo confirmado, se especula que la oncena titular sea similar a la del encuentro frente a Estudiante de la Plata. Es casi un hecho que las altas de Pe\u00f1arol tengan minutos.<\/p>\n<p><span style=\"color: #ffcc00;\"><strong>\u00bfQu\u00e9 dej\u00f3 el primer amistoso?<\/strong><\/span><\/p>\n<p><strong><span style=\"color: #ffcc00;\">Los laterales<\/span><\/strong><\/p>\n<p>Pedro Milans y Valent\u00edn Rodr\u00edguez fueron piezas claves en el equipo de Arias. Profundidad, proyecci\u00f3n e intensidad de ambos para manejar los hilos de los laterales.<\/p>\n<p><strong><span style=\"color: #ffcc00;\">Materia prima en casa<\/span><\/strong><\/p>\n<p>Pe\u00f1arol cerr\u00f3 el encuentro ante el Pincha con varios jugadores formados en el Club. Una muestra clara que hay material de sobra.<\/p>\n<p><span style=\"color: #ffcc00;\"><strong>El rival<\/strong><\/span><\/p>\n<p>San Lorenzo ya se encuentra en Uruguay, donde en la jornada del domingo, se midi\u00f3 ante Independiente del Valle en el Campus de Maldonado. Igual\u00f3 sin goles, definiendo el ganador desde el punto penal, en el que los ecuatorianos se impusieron por 5 a 4.<\/p>\n<p>El Cicl\u00f3n de Boedo seguir\u00e1 su preparaci\u00f3n en territorio uruguayo, de cara al inicio del torneo argentino, en el que debutar\u00e1 de local ante Arsenal de Sarand\u00ed.<\/p>\n<p><strong><span style=\"color: #ffcc00;\">Entradas<\/span><\/strong><\/p>\n<p>Las tribunas Cataldi, Damiani y Henderson tendr\u00e1n un costo de $200 para socios, y $400 para generales. La venta es a trav\u00e9s de TickAntel. Palquistas y butaquistas canjean mediante la app.<\/p>\n<p>La parcialidad de San Lorenzo se ubicar\u00e1 en la Tribuna G\u00fcelfi, teniendo que abonar $600.<\/p>\n<p><strong><span style=\"color: #ffcc00;\">Lo que se viene<\/span><\/strong><\/p>\n<p>El pr\u00f3ximo viernes ser\u00e1 la tercera presentaci\u00f3n del equipo de Alfredo Arias. A las 21.30 HS, y en el Campe\u00f3n del Siglo, el Decano se medir\u00e1 ante Uni\u00f3n de Santa Fe por la Serie Rio de la Plata. Ser\u00e1 el encuentro previo de cara al cl\u00e1sico a disputarse el lunes 23 de enero.<\/p>\n<div class=\"user-wrapper\"><a class=\"userlink\" href=\"https:\/\/twitter.com\/mathiaastilve\" target=\"_blank\"><figure><img decoding=\"async\" src=\"http:\/\/www.padreydecano.com\/cms\/wp-users-files\/postfirmas\/mathiastilve.jpg\" \/><\/figure><p class=\"user\"><strong>Mathias Tilve<\/strong><br \/>@mathiaastilve<\/p><\/a><\/div>\n","protected":false},"excerpt":{"rendered":"<p>Foto extra\u00edda de @OficialCAP Pe\u00f1arol recibir\u00e1 el pr\u00f3ximo martes a San Lorenzo de Almagro por la Serie Rio de la Plata. El encuentro se disputar\u00e1 en el Estadio Campe\u00f3n del Siglo, a partir de las 20.00 HS. Ser\u00e1 televisado por VTV. Luego de la victoria, de atr\u00e1s, frente a Estudiantes de la Plata, el Decano, [&hellip;]<\/p>\n","protected":false},"author":30,"featured_media":79664,"comment_status":"open","ping_status":"closed","sticky":false,"template":"","format":"standard","meta":{"footnotes":""},"categories":[1],"tags":[],"yoast_head":"<!-- This site is optimized with the Yoast SEO plugin v23.2 - https:\/\/yoast.com\/wordpress\/plugins\/seo\/ -->\n<title>Seguir en rodaje - Padre y Decano - El Sitio del Pueblo<\/title>\n<meta name=\"robots\" content=\"index, follow, max-snippet:-1, max-image-preview:large, max-video-preview:-1\" \/>\n<link rel=\"canonical\" href=\"https:\/\/www.padreydecano.com\/cms\/noticias\/seguir-en-rodaje\/\" \/>\n<meta property=\"og:locale\" content=\"es_ES\" \/>\n<meta property=\"og:type\" content=\"article\" \/>\n<meta property=\"og:title\" content=\"Seguir en rodaje - Padre y Decano - El Sitio del Pueblo\" \/>\n<meta property=\"og:description\" content=\"Foto extra\u00edda de @OficialCAP Pe\u00f1arol recibir\u00e1 el pr\u00f3ximo martes a San Lorenzo de Almagro por la Serie Rio de la Plata. El encuentro se disputar\u00e1 en el Estadio Campe\u00f3n del Siglo, a partir de las 20.00 HS. Ser\u00e1 televisado por VTV. Luego de la victoria, de atr\u00e1s, frente a Estudiantes de la Plata, el Decano, [&hellip;]\" \/>\n<meta property=\"og:url\" content=\"https:\/\/www.padreydecano.com\/cms\/noticias\/seguir-en-rodaje\/\" \/>\n<meta property=\"og:site_name\" content=\"Padre y Decano - El Sitio del Pueblo\" \/>\n<meta property=\"article:published_time\" content=\"2023-01-16T23:16:47+00:00\" \/>\n<meta property=\"article:modified_time\" content=\"2023-01-18T15:01:40+00:00\" \/>\n<meta property=\"og:image\" content=\"https:\/\/www.padreydecano.com\/cms\/wp-content\/uploads\/2023\/01\/FmhL5uaXkAAGOA1.jpeg\" \/>\n\t<meta property=\"og:image:width\" content=\"1440\" \/>\n\t<meta property=\"og:image:height\" content=\"1440\" \/>\n\t<meta property=\"og:image:type\" content=\"image\/jpeg\" \/>\n<meta name=\"author\" content=\"Udelar\" \/>\n<meta name=\"twitter:card\" content=\"summary_large_image\" \/>\n<meta name=\"twitter:label1\" content=\"Escrito por\" \/>\n\t<meta name=\"twitter:data1\" content=\"Udelar\" \/>\n\t<meta name=\"twitter:label2\" content=\"Tiempo de lectura\" \/>\n\t<meta name=\"twitter:data2\" content=\"2 minutos\" \/>\n<script type=\"application\/ld+json\" class=\"yoast-schema-graph\">{\"@context\":\"https:\/\/schema.org\",\"@graph\":[{\"@type\":\"Article\",\"@id\":\"https:\/\/www.padreydecano.com\/cms\/noticias\/seguir-en-rodaje\/#article\",\"isPartOf\":{\"@id\":\"https:\/\/www.padreydecano.com\/cms\/noticias\/seguir-en-rodaje\/\"},\"author\":{\"name\":\"Udelar\",\"@id\":\"https:\/\/www.padreydecano.com\/cms\/#\/schema\/person\/b22191326be6d1c7fa55c2ad137a9a32\"},\"headline\":\"Seguir en rodaje\",\"datePublished\":\"2023-01-16T23:16:47+00:00\",\"dateModified\":\"2023-01-18T15:01:40+00:00\",\"mainEntityOfPage\":{\"@id\":\"https:\/\/www.padreydecano.com\/cms\/noticias\/seguir-en-rodaje\/\"},\"wordCount\":368,\"commentCount\":10,\"publisher\":{\"@id\":\"https:\/\/www.padreydecano.com\/cms\/#organization\"},\"image\":{\"@id\":\"https:\/\/www.padreydecano.com\/cms\/noticias\/seguir-en-rodaje\/#primaryimage\"},\"thumbnailUrl\":\"https:\/\/www.padreydecano.com\/cms\/wp-content\/uploads\/2023\/01\/FmhL5uaXkAAGOA1.jpeg\",\"articleSection\":[\"Noticias\"],\"inLanguage\":\"es\",\"potentialAction\":[{\"@type\":\"CommentAction\",\"name\":\"Comment\",\"target\":[\"https:\/\/www.padreydecano.com\/cms\/noticias\/seguir-en-rodaje\/#respond\"]}]},{\"@type\":\"WebPage\",\"@id\":\"https:\/\/www.padreydecano.com\/cms\/noticias\/seguir-en-rodaje\/\",\"url\":\"https:\/\/www.padreydecano.com\/cms\/noticias\/seguir-en-rodaje\/\",\"name\":\"Seguir en rodaje - Padre y Decano - El Sitio del Pueblo\",\"isPartOf\":{\"@id\":\"https:\/\/www.padreydecano.com\/cms\/#website\"},\"primaryImageOfPage\":{\"@id\":\"https:\/\/www.padreydecano.com\/cms\/noticias\/seguir-en-rodaje\/#primaryimage\"},\"image\":{\"@id\":\"https:\/\/www.padreydecano.com\/cms\/noticias\/seguir-en-rodaje\/#primaryimage\"},\"thumbnailUrl\":\"https:\/\/www.padreydecano.com\/cms\/wp-content\/uploads\/2023\/01\/FmhL5uaXkAAGOA1.jpeg\",\"datePublished\":\"2023-01-16T23:16:47+00:00\",\"dateModified\":\"2023-01-18T15:01:40+00:00\",\"breadcrumb\":{\"@id\":\"https:\/\/www.padreydecano.com\/cms\/noticias\/seguir-en-rodaje\/#breadcrumb\"},\"inLanguage\":\"es\",\"potentialAction\":[{\"@type\":\"ReadAction\",\"target\":[\"https:\/\/www.padreydecano.com\/cms\/noticias\/seguir-en-rodaje\/\"]}]},{\"@type\":\"ImageObject\",\"inLanguage\":\"es\",\"@id\":\"https:\/\/www.padreydecano.com\/cms\/noticias\/seguir-en-rodaje\/#primaryimage\",\"url\":\"https:\/\/www.padreydecano.com\/cms\/wp-content\/uploads\/2023\/01\/FmhL5uaXkAAGOA1.jpeg\",\"contentUrl\":\"https:\/\/www.padreydecano.com\/cms\/wp-content\/uploads\/2023\/01\/FmhL5uaXkAAGOA1.jpeg\",\"width\":1440,\"height\":1440},{\"@type\":\"BreadcrumbList\",\"@id\":\"https:\/\/www.padreydecano.com\/cms\/noticias\/seguir-en-rodaje\/#breadcrumb\",\"itemListElement\":[{\"@type\":\"ListItem\",\"position\":1,\"name\":\"Portada\",\"item\":\"https:\/\/www.padreydecano.com\/cms\/\"},{\"@type\":\"ListItem\",\"position\":2,\"name\":\"Seguir en rodaje\"}]},{\"@type\":\"WebSite\",\"@id\":\"https:\/\/www.padreydecano.com\/cms\/#website\",\"url\":\"https:\/\/www.padreydecano.com\/cms\/\",\"name\":\"Padre y Decano - El Sitio del Pueblo\",\"description\":\"Club Atl\u00e9tico Pe\u00f1arol\",\"publisher\":{\"@id\":\"https:\/\/www.padreydecano.com\/cms\/#organization\"},\"potentialAction\":[{\"@type\":\"SearchAction\",\"target\":{\"@type\":\"EntryPoint\",\"urlTemplate\":\"https:\/\/www.padreydecano.com\/cms\/?s={search_term_string}\"},\"query-input\":\"required name=search_term_string\"}],\"inLanguage\":\"es\"},{\"@type\":\"Organization\",\"@id\":\"https:\/\/www.padreydecano.com\/cms\/#organization\",\"name\":\"Padre y Decano\",\"url\":\"https:\/\/www.padreydecano.com\/cms\/\",\"logo\":{\"@type\":\"ImageObject\",\"inLanguage\":\"es\",\"@id\":\"https:\/\/www.padreydecano.com\/cms\/#\/schema\/logo\/image\/\",\"url\":\"https:\/\/www.padreydecano.com\/cms\/wp-content\/uploads\/2022\/01\/avatar-square.png\",\"contentUrl\":\"https:\/\/www.padreydecano.com\/cms\/wp-content\/uploads\/2022\/01\/avatar-square.png\",\"width\":1500,\"height\":1500,\"caption\":\"Padre y Decano\"},\"image\":{\"@id\":\"https:\/\/www.padreydecano.com\/cms\/#\/schema\/logo\/image\/\"}},{\"@type\":\"Person\",\"@id\":\"https:\/\/www.padreydecano.com\/cms\/#\/schema\/person\/b22191326be6d1c7fa55c2ad137a9a32\",\"name\":\"Udelar\",\"image\":{\"@type\":\"ImageObject\",\"inLanguage\":\"es\",\"@id\":\"https:\/\/www.padreydecano.com\/cms\/#\/schema\/person\/image\/\",\"url\":\"https:\/\/secure.gravatar.com\/avatar\/611ece663b16897a2cd2f46982281225?s=96&d=https%3A%2F%2Fpadreydecano.com%2Fcms%2Fwp-content%2Fthemes%2Fpyd-theme%2Fimg%2Fdefault-avatar.png&r=g\",\"contentUrl\":\"https:\/\/secure.gravatar.com\/avatar\/611ece663b16897a2cd2f46982281225?s=96&d=https%3A%2F%2Fpadreydecano.com%2Fcms%2Fwp-content%2Fthemes%2Fpyd-theme%2Fimg%2Fdefault-avatar.png&r=g\",\"caption\":\"Udelar\"}}]}<\/script>\n<!-- \/ Yoast SEO plugin. -->","yoast_head_json":{"title":"Seguir en rodaje - Padre y Decano - El Sitio del Pueblo","robots":{"index":"index","follow":"follow","max-snippet":"max-snippet:-1","max-image-preview":"max-image-preview:large","max-video-preview":"max-video-preview:-1"},"canonical":"https:\/\/www.padreydecano.com\/cms\/noticias\/seguir-en-rodaje\/","og_locale":"es_ES","og_type":"article","og_title":"Seguir en rodaje - Padre y Decano - El Sitio del Pueblo","og_description":"Foto extra\u00edda de @OficialCAP Pe\u00f1arol recibir\u00e1 el pr\u00f3ximo martes a San Lorenzo de Almagro por la Serie Rio de la Plata. El encuentro se disputar\u00e1 en el Estadio Campe\u00f3n del Siglo, a partir de las 20.00 HS. Ser\u00e1 televisado por VTV. Luego de la victoria, de atr\u00e1s, frente a Estudiantes de la Plata, el Decano, [&hellip;]","og_url":"https:\/\/www.padreydecano.com\/cms\/noticias\/seguir-en-rodaje\/","og_site_name":"Padre y Decano - El Sitio del Pueblo","article_published_time":"2023-01-16T23:16:47+00:00","article_modified_time":"2023-01-18T15:01:40+00:00","og_image":[{"width":1440,"height":1440,"url":"https:\/\/www.padreydecano.com\/cms\/wp-content\/uploads\/2023\/01\/FmhL5uaXkAAGOA1.jpeg","type":"image\/jpeg"}],"author":"Udelar","twitter_card":"summary_large_image","twitter_misc":{"Escrito por":"Udelar","Tiempo de lectura":"2 minutos"},"schema":{"@context":"https:\/\/schema.org","@graph":[{"@type":"Article","@id":"https:\/\/www.padreydecano.com\/cms\/noticias\/seguir-en-rodaje\/#article","isPartOf":{"@id":"https:\/\/www.padreydecano.com\/cms\/noticias\/seguir-en-rodaje\/"},"author":{"name":"Udelar","@id":"https:\/\/www.padreydecano.com\/cms\/#\/schema\/person\/b22191326be6d1c7fa55c2ad137a9a32"},"headline":"Seguir en rodaje","datePublished":"2023-01-16T23:16:47+00:00","dateModified":"2023-01-18T15:01:40+00:00","mainEntityOfPage":{"@id":"https:\/\/www.padreydecano.com\/cms\/noticias\/seguir-en-rodaje\/"},"wordCount":368,"commentCount":10,"publisher":{"@id":"https:\/\/www.padreydecano.com\/cms\/#organization"},"image":{"@id":"https:\/\/www.padreydecano.com\/cms\/noticias\/seguir-en-rodaje\/#primaryimage"},"thumbnailUrl":"https:\/\/www.padreydecano.com\/cms\/wp-content\/uploads\/2023\/01\/FmhL5uaXkAAGOA1.jpeg","articleSection":["Noticias"],"inLanguage":"es","potentialAction":[{"@type":"CommentAction","name":"Comment","target":["https:\/\/www.padreydecano.com\/cms\/noticias\/seguir-en-rodaje\/#respond"]}]},{"@type":"WebPage","@id":"https:\/\/www.padreydecano.com\/cms\/noticias\/seguir-en-rodaje\/","url":"https:\/\/www.padreydecano.com\/cms\/noticias\/seguir-en-rodaje\/","name":"Seguir en rodaje - Padre y Decano - El Sitio del Pueblo","isPartOf":{"@id":"https:\/\/www.padreydecano.com\/cms\/#website"},"primaryImageOfPage":{"@id":"https:\/\/www.padreydecano.com\/cms\/noticias\/seguir-en-rodaje\/#primaryimage"},"image":{"@id":"https:\/\/www.padreydecano.com\/cms\/noticias\/seguir-en-rodaje\/#primaryimage"},"thumbnailUrl":"https:\/\/www.padreydecano.com\/cms\/wp-content\/uploads\/2023\/01\/FmhL5uaXkAAGOA1.jpeg","datePublished":"2023-01-16T23:16:47+00:00","dateModified":"2023-01-18T15:01:40+00:00","breadcrumb":{"@id":"https:\/\/www.padreydecano.com\/cms\/noticias\/seguir-en-rodaje\/#breadcrumb"},"inLanguage":"es","potentialAction":[{"@type":"ReadAction","target":["https:\/\/www.padreydecano.com\/cms\/noticias\/seguir-en-rodaje\/"]}]},{"@type":"ImageObject","inLanguage":"es","@id":"https:\/\/www.padreydecano.com\/cms\/noticias\/seguir-en-rodaje\/#primaryimage","url":"https:\/\/www.padreydecano.com\/cms\/wp-content\/uploads\/2023\/01\/FmhL5uaXkAAGOA1.jpeg","contentUrl":"https:\/\/www.padreydecano.com\/cms\/wp-content\/uploads\/2023\/01\/FmhL5uaXkAAGOA1.jpeg","width":1440,"height":1440},{"@type":"BreadcrumbList","@id":"https:\/\/www.padreydecano.com\/cms\/noticias\/seguir-en-rodaje\/#breadcrumb","itemListElement":[{"@type":"ListItem","position":1,"name":"Portada","item":"https:\/\/www.padreydecano.com\/cms\/"},{"@type":"ListItem","position":2,"name":"Seguir en rodaje"}]},{"@type":"WebSite","@id":"https:\/\/www.padreydecano.com\/cms\/#website","url":"https:\/\/www.padreydecano.com\/cms\/","name":"Padre y Decano - El Sitio del Pueblo","description":"Club Atl\u00e9tico Pe\u00f1arol","publisher":{"@id":"https:\/\/www.padreydecano.com\/cms\/#organization"},"potentialAction":[{"@type":"SearchAction","target":{"@type":"EntryPoint","urlTemplate":"https:\/\/www.padreydecano.com\/cms\/?s={search_term_string}"},"query-input":"required name=search_term_string"}],"inLanguage":"es"},{"@type":"Organization","@id":"https:\/\/www.padreydecano.com\/cms\/#organization","name":"Padre y Decano","url":"https:\/\/www.padreydecano.com\/cms\/","logo":{"@type":"ImageObject","inLanguage":"es","@id":"https:\/\/www.padreydecano.com\/cms\/#\/schema\/logo\/image\/","url":"https:\/\/www.padreydecano.com\/cms\/wp-content\/uploads\/2022\/01\/avatar-square.png","contentUrl":"https:\/\/www.padreydecano.com\/cms\/wp-content\/uploads\/2022\/01\/avatar-square.png","width":1500,"height":1500,"caption":"Padre y Decano"},"image":{"@id":"https:\/\/www.padreydecano.com\/cms\/#\/schema\/logo\/image\/"}},{"@type":"Person","@id":"https:\/\/www.padreydecano.com\/cms\/#\/schema\/person\/b22191326be6d1c7fa55c2ad137a9a32","name":"Udelar","image":{"@type":"ImageObject","inLanguage":"es","@id":"https:\/\/www.padreydecano.com\/cms\/#\/schema\/person\/image\/","url":"https:\/\/secure.gravatar.com\/avatar\/611ece663b16897a2cd2f46982281225?s=96&d=https%3A%2F%2Fpadreydecano.com%2Fcms%2Fwp-content%2Fthemes%2Fpyd-theme%2Fimg%2Fdefault-avatar.png&r=g","contentUrl":"https:\/\/secure.gravatar.com\/avatar\/611ece663b16897a2cd2f46982281225?s=96&d=https%3A%2F%2Fpadreydecano.com%2Fcms%2Fwp-content%2Fthemes%2Fpyd-theme%2Fimg%2Fdefault-avatar.png&r=g","caption":"Udelar"}}]}},"_links":{"self":[{"href":"https:\/\/www.padreydecano.com\/cms\/wp-json\/wp\/v2\/posts\/79663"}],"collection":[{"href":"https:\/\/www.padreydecano.com\/cms\/wp-json\/wp\/v2\/posts"}],"about":[{"href":"https:\/\/www.padreydecano.com\/cms\/wp-json\/wp\/v2\/types\/post"}],"author":[{"embeddable":true,"href":"https:\/\/www.padreydecano.com\/cms\/wp-json\/wp\/v2\/users\/30"}],"replies":[{"embeddable":true,"href":"https:\/\/www.padreydecano.com\/cms\/wp-json\/wp\/v2\/comments?post=79663"}],"version-history":[{"count":0,"href":"https:\/\/www.padreydecano.com\/cms\/wp-json\/wp\/v2\/posts\/79663\/revisions"}],"wp:featuredmedia":[{"embeddable":true,"href":"https:\/\/www.padreydecano.com\/cms\/wp-json\/wp\/v2\/media\/79664"}],"wp:attachment":[{"href":"https:\/\/www.padreydecano.com\/cms\/wp-json\/wp\/v2\/media?parent=79663"}],"wp:term":[{"taxonomy":"category","embeddable":true,"href":"https:\/\/www.padreydecano.com\/cms\/wp-json\/wp\/v2\/categories?post=79663"},{"taxonomy":"post_tag","embeddable":true,"href":"https:\/\/www.padreydecano.com\/cms\/wp-json\/wp\/v2\/tags?post=79663"}],"curies":[{"name":"wp","href":"https:\/\/api.w.org\/{rel}","templated":true}]}}