{"id":79646,"date":"2023-01-11T17:39:29","date_gmt":"2023-01-11T20:39:29","guid":{"rendered":"https:\/\/www.padreydecano.com\/cms\/?p=79646"},"modified":"2023-01-13T03:26:31","modified_gmt":"2023-01-13T06:26:31","slug":"arranque-de-ano","status":"publish","type":"post","link":"https:\/\/www.padreydecano.com\/cms\/noticias\/arranque-de-ano\/","title":{"rendered":"Arranque de a\u00f1o"},"content":{"rendered":"<div id=\"attachment_79159\" style=\"width: 2058px\" class=\"wp-caption aligncenter\"><img loading=\"lazy\" decoding=\"async\" aria-describedby=\"caption-attachment-79159\" class=\"wp-image-79159 size-full\" src=\"https:\/\/www.padreydecano.com\/cms\/wp-content\/uploads\/2022\/09\/FdykaE7XkAEFInc.jpeg\" alt=\"\" width=\"2048\" height=\"1366\" srcset=\"https:\/\/www.padreydecano.com\/cms\/wp-content\/uploads\/2022\/09\/FdykaE7XkAEFInc.jpeg 2048w, https:\/\/www.padreydecano.com\/cms\/wp-content\/uploads\/2022\/09\/FdykaE7XkAEFInc-600x400.jpeg 600w, https:\/\/www.padreydecano.com\/cms\/wp-content\/uploads\/2022\/09\/FdykaE7XkAEFInc-1024x683.jpeg 1024w, https:\/\/www.padreydecano.com\/cms\/wp-content\/uploads\/2022\/09\/FdykaE7XkAEFInc-768x512.jpeg 768w, https:\/\/www.padreydecano.com\/cms\/wp-content\/uploads\/2022\/09\/FdykaE7XkAEFInc-1536x1025.jpeg 1536w, https:\/\/www.padreydecano.com\/cms\/wp-content\/uploads\/2022\/09\/FdykaE7XkAEFInc-300x200.jpeg 300w, https:\/\/www.padreydecano.com\/cms\/wp-content\/uploads\/2022\/09\/FdykaE7XkAEFInc-128x85.jpeg 128w, https:\/\/www.padreydecano.com\/cms\/wp-content\/uploads\/2022\/09\/FdykaE7XkAEFInc-32x21.jpeg 32w\" sizes=\"(max-width: 2048px) 100vw, 2048px\" \/><p id=\"caption-attachment-79159\" class=\"wp-caption-text\">Foto: @OficialCAP<\/p><\/div>\n<p><strong>Pe\u00f1arol se mide ante Estudiantes de la Plata en el primer amistoso de la temporada 2023. El pr\u00f3ximo jueves a las 21.30 HS, Alfredo Arias, debutar\u00e1 como director t\u00e9cnico del conjunto Mirasol. El encuentro ser\u00e1 televisado por VTV.<\/strong><\/p>\n<p><span style=\"color: #ffcc00;\"><strong>El rival<\/strong><\/span><\/p>\n<p>Un viejo conocido. Estudiante de la Plata ser\u00e1 el primer rival de Pe\u00f1arol. El Pincha viaj\u00f3 a Uruguay para seguir con la pretemporada de cara al comienzo del torneo argentino que est\u00e1 programado para fines del mes de enero. Adem\u00e1s de disputar el encuentro ante Pe\u00f1arol, se medir\u00e1 ante Atl\u00e9tico Tucum\u00e1n en el Estadio Centenario.<\/p>\n<p><span style=\"color: #ffcc00;\"><strong>Entradas<\/strong><\/span><\/p>\n<p>Las entradas ya est\u00e1n a la venta. Las tribunas Cataldi, Damiani y Henderson (agotada) tienen un precio de $200 para los socios y $400 para generales. La visita se ubicar\u00e1 en la tribuna Guelfi que tiene un costo de $600.<\/p>\n<p><span style=\"color: #ffcc00;\"><strong>Lo pr\u00f3ximo<\/strong><\/span><\/p>\n<p>Calendario cargado para el Decano que luego de recibir a Estudiantes de la Plata, se medir\u00e1 el pr\u00f3ximo 15 de enero con San Lorenzo. Tres d\u00edas m\u00e1s tarde, har\u00e1 lo mismo frente a Uni\u00f3n de Santa Fe. Todos los partidos ser\u00e1n en el Estadio Campe\u00f3n del Siglo. Cerrar\u00e1 el mes enfrentando al tradicional rival, en el Estadio Centenario. El encuentro est\u00e1 programado para el 23 de enero. Cabe recordar que, el 4 de febrero ser\u00e1 el inicio del Torneo Apertura 2023.<\/p>\n<div class=\"user-wrapper\"><a class=\"userlink\" href=\"https:\/\/twitter.com\/mathiaastilve\" target=\"_blank\"><figure><img decoding=\"async\" src=\"http:\/\/www.padreydecano.com\/cms\/wp-users-files\/postfirmas\/mathiastilve.jpg\" \/><\/figure><p class=\"user\"><strong>Mathias Tilve<\/strong><br \/>@mathiaastilve<\/p><\/a><\/div>\n","protected":false},"excerpt":{"rendered":"<p>Pe\u00f1arol se mide ante Estudiantes de la Plata en el primer amistoso de la temporada 2023. El pr\u00f3ximo jueves a las 21.30 HS, Alfredo Arias, debutar\u00e1 como director t\u00e9cnico del conjunto Mirasol. El encuentro ser\u00e1 televisado por VTV. El rival Un viejo conocido. Estudiante de la Plata ser\u00e1 el primer rival de Pe\u00f1arol. El Pincha [&hellip;]<\/p>\n","protected":false},"author":30,"featured_media":79159,"comment_status":"open","ping_status":"closed","sticky":false,"template":"","format":"standard","meta":{"footnotes":""},"categories":[1],"tags":[],"yoast_head":"<!-- This site is optimized with the Yoast SEO plugin v23.2 - https:\/\/yoast.com\/wordpress\/plugins\/seo\/ -->\n<title>Arranque de a\u00f1o - Padre y Decano - El Sitio del Pueblo<\/title>\n<meta name=\"robots\" content=\"index, follow, max-snippet:-1, max-image-preview:large, max-video-preview:-1\" \/>\n<link rel=\"canonical\" href=\"https:\/\/www.padreydecano.com\/cms\/noticias\/arranque-de-ano\/\" \/>\n<meta property=\"og:locale\" content=\"es_ES\" \/>\n<meta property=\"og:type\" content=\"article\" \/>\n<meta property=\"og:title\" content=\"Arranque de a\u00f1o - Padre y Decano - El Sitio del Pueblo\" \/>\n<meta property=\"og:description\" content=\"Pe\u00f1arol se mide ante Estudiantes de la Plata en el primer amistoso de la temporada 2023. El pr\u00f3ximo jueves a las 21.30 HS, Alfredo Arias, debutar\u00e1 como director t\u00e9cnico del conjunto Mirasol. El encuentro ser\u00e1 televisado por VTV. El rival Un viejo conocido. Estudiante de la Plata ser\u00e1 el primer rival de Pe\u00f1arol. El Pincha [&hellip;]\" \/>\n<meta property=\"og:url\" content=\"https:\/\/www.padreydecano.com\/cms\/noticias\/arranque-de-ano\/\" \/>\n<meta property=\"og:site_name\" content=\"Padre y Decano - El Sitio del Pueblo\" \/>\n<meta property=\"article:published_time\" content=\"2023-01-11T20:39:29+00:00\" \/>\n<meta property=\"article:modified_time\" content=\"2023-01-13T06:26:31+00:00\" \/>\n<meta property=\"og:image\" content=\"https:\/\/www.padreydecano.com\/cms\/wp-content\/uploads\/2022\/09\/FdykaE7XkAEFInc.jpeg\" \/>\n\t<meta property=\"og:image:width\" content=\"2048\" \/>\n\t<meta property=\"og:image:height\" content=\"1366\" \/>\n\t<meta property=\"og:image:type\" content=\"image\/jpeg\" \/>\n<meta name=\"author\" content=\"Udelar\" \/>\n<meta name=\"twitter:card\" content=\"summary_large_image\" \/>\n<meta name=\"twitter:label1\" content=\"Escrito por\" \/>\n\t<meta name=\"twitter:data1\" content=\"Udelar\" \/>\n\t<meta name=\"twitter:label2\" content=\"Tiempo de lectura\" \/>\n\t<meta name=\"twitter:data2\" content=\"2 minutos\" \/>\n<script type=\"application\/ld+json\" class=\"yoast-schema-graph\">{\"@context\":\"https:\/\/schema.org\",\"@graph\":[{\"@type\":\"Article\",\"@id\":\"https:\/\/www.padreydecano.com\/cms\/noticias\/arranque-de-ano\/#article\",\"isPartOf\":{\"@id\":\"https:\/\/www.padreydecano.com\/cms\/noticias\/arranque-de-ano\/\"},\"author\":{\"name\":\"Udelar\",\"@id\":\"https:\/\/www.padreydecano.com\/cms\/#\/schema\/person\/b22191326be6d1c7fa55c2ad137a9a32\"},\"headline\":\"Arranque de a\u00f1o\",\"datePublished\":\"2023-01-11T20:39:29+00:00\",\"dateModified\":\"2023-01-13T06:26:31+00:00\",\"mainEntityOfPage\":{\"@id\":\"https:\/\/www.padreydecano.com\/cms\/noticias\/arranque-de-ano\/\"},\"wordCount\":240,\"commentCount\":14,\"publisher\":{\"@id\":\"https:\/\/www.padreydecano.com\/cms\/#organization\"},\"image\":{\"@id\":\"https:\/\/www.padreydecano.com\/cms\/noticias\/arranque-de-ano\/#primaryimage\"},\"thumbnailUrl\":\"https:\/\/www.padreydecano.com\/cms\/wp-content\/uploads\/2022\/09\/FdykaE7XkAEFInc.jpeg\",\"articleSection\":[\"Noticias\"],\"inLanguage\":\"es\",\"potentialAction\":[{\"@type\":\"CommentAction\",\"name\":\"Comment\",\"target\":[\"https:\/\/www.padreydecano.com\/cms\/noticias\/arranque-de-ano\/#respond\"]}]},{\"@type\":\"WebPage\",\"@id\":\"https:\/\/www.padreydecano.com\/cms\/noticias\/arranque-de-ano\/\",\"url\":\"https:\/\/www.padreydecano.com\/cms\/noticias\/arranque-de-ano\/\",\"name\":\"Arranque de a\u00f1o - Padre y Decano - El Sitio del Pueblo\",\"isPartOf\":{\"@id\":\"https:\/\/www.padreydecano.com\/cms\/#website\"},\"primaryImageOfPage\":{\"@id\":\"https:\/\/www.padreydecano.com\/cms\/noticias\/arranque-de-ano\/#primaryimage\"},\"image\":{\"@id\":\"https:\/\/www.padreydecano.com\/cms\/noticias\/arranque-de-ano\/#primaryimage\"},\"thumbnailUrl\":\"https:\/\/www.padreydecano.com\/cms\/wp-content\/uploads\/2022\/09\/FdykaE7XkAEFInc.jpeg\",\"datePublished\":\"2023-01-11T20:39:29+00:00\",\"dateModified\":\"2023-01-13T06:26:31+00:00\",\"breadcrumb\":{\"@id\":\"https:\/\/www.padreydecano.com\/cms\/noticias\/arranque-de-ano\/#breadcrumb\"},\"inLanguage\":\"es\",\"potentialAction\":[{\"@type\":\"ReadAction\",\"target\":[\"https:\/\/www.padreydecano.com\/cms\/noticias\/arranque-de-ano\/\"]}]},{\"@type\":\"ImageObject\",\"inLanguage\":\"es\",\"@id\":\"https:\/\/www.padreydecano.com\/cms\/noticias\/arranque-de-ano\/#primaryimage\",\"url\":\"https:\/\/www.padreydecano.com\/cms\/wp-content\/uploads\/2022\/09\/FdykaE7XkAEFInc.jpeg\",\"contentUrl\":\"https:\/\/www.padreydecano.com\/cms\/wp-content\/uploads\/2022\/09\/FdykaE7XkAEFInc.jpeg\",\"width\":2048,\"height\":1366,\"caption\":\"Foto: @OficialCAP\"},{\"@type\":\"BreadcrumbList\",\"@id\":\"https:\/\/www.padreydecano.com\/cms\/noticias\/arranque-de-ano\/#breadcrumb\",\"itemListElement\":[{\"@type\":\"ListItem\",\"position\":1,\"name\":\"Portada\",\"item\":\"https:\/\/www.padreydecano.com\/cms\/\"},{\"@type\":\"ListItem\",\"position\":2,\"name\":\"Arranque de a\u00f1o\"}]},{\"@type\":\"WebSite\",\"@id\":\"https:\/\/www.padreydecano.com\/cms\/#website\",\"url\":\"https:\/\/www.padreydecano.com\/cms\/\",\"name\":\"Padre y Decano - El Sitio del Pueblo\",\"description\":\"Club Atl\u00e9tico Pe\u00f1arol\",\"publisher\":{\"@id\":\"https:\/\/www.padreydecano.com\/cms\/#organization\"},\"potentialAction\":[{\"@type\":\"SearchAction\",\"target\":{\"@type\":\"EntryPoint\",\"urlTemplate\":\"https:\/\/www.padreydecano.com\/cms\/?s={search_term_string}\"},\"query-input\":\"required name=search_term_string\"}],\"inLanguage\":\"es\"},{\"@type\":\"Organization\",\"@id\":\"https:\/\/www.padreydecano.com\/cms\/#organization\",\"name\":\"Padre y Decano\",\"url\":\"https:\/\/www.padreydecano.com\/cms\/\",\"logo\":{\"@type\":\"ImageObject\",\"inLanguage\":\"es\",\"@id\":\"https:\/\/www.padreydecano.com\/cms\/#\/schema\/logo\/image\/\",\"url\":\"https:\/\/www.padreydecano.com\/cms\/wp-content\/uploads\/2022\/01\/avatar-square.png\",\"contentUrl\":\"https:\/\/www.padreydecano.com\/cms\/wp-content\/uploads\/2022\/01\/avatar-square.png\",\"width\":1500,\"height\":1500,\"caption\":\"Padre y Decano\"},\"image\":{\"@id\":\"https:\/\/www.padreydecano.com\/cms\/#\/schema\/logo\/image\/\"}},{\"@type\":\"Person\",\"@id\":\"https:\/\/www.padreydecano.com\/cms\/#\/schema\/person\/b22191326be6d1c7fa55c2ad137a9a32\",\"name\":\"Udelar\",\"image\":{\"@type\":\"ImageObject\",\"inLanguage\":\"es\",\"@id\":\"https:\/\/www.padreydecano.com\/cms\/#\/schema\/person\/image\/\",\"url\":\"https:\/\/secure.gravatar.com\/avatar\/611ece663b16897a2cd2f46982281225?s=96&d=https%3A%2F%2Fpadreydecano.com%2Fcms%2Fwp-content%2Fthemes%2Fpyd-theme%2Fimg%2Fdefault-avatar.png&r=g\",\"contentUrl\":\"https:\/\/secure.gravatar.com\/avatar\/611ece663b16897a2cd2f46982281225?s=96&d=https%3A%2F%2Fpadreydecano.com%2Fcms%2Fwp-content%2Fthemes%2Fpyd-theme%2Fimg%2Fdefault-avatar.png&r=g\",\"caption\":\"Udelar\"}}]}<\/script>\n<!-- \/ Yoast SEO plugin. -->","yoast_head_json":{"title":"Arranque de a\u00f1o - Padre y Decano - El Sitio del Pueblo","robots":{"index":"index","follow":"follow","max-snippet":"max-snippet:-1","max-image-preview":"max-image-preview:large","max-video-preview":"max-video-preview:-1"},"canonical":"https:\/\/www.padreydecano.com\/cms\/noticias\/arranque-de-ano\/","og_locale":"es_ES","og_type":"article","og_title":"Arranque de a\u00f1o - Padre y Decano - El Sitio del Pueblo","og_description":"Pe\u00f1arol se mide ante Estudiantes de la Plata en el primer amistoso de la temporada 2023. El pr\u00f3ximo jueves a las 21.30 HS, Alfredo Arias, debutar\u00e1 como director t\u00e9cnico del conjunto Mirasol. El encuentro ser\u00e1 televisado por VTV. El rival Un viejo conocido. Estudiante de la Plata ser\u00e1 el primer rival de Pe\u00f1arol. El Pincha [&hellip;]","og_url":"https:\/\/www.padreydecano.com\/cms\/noticias\/arranque-de-ano\/","og_site_name":"Padre y Decano - El Sitio del Pueblo","article_published_time":"2023-01-11T20:39:29+00:00","article_modified_time":"2023-01-13T06:26:31+00:00","og_image":[{"width":2048,"height":1366,"url":"https:\/\/www.padreydecano.com\/cms\/wp-content\/uploads\/2022\/09\/FdykaE7XkAEFInc.jpeg","type":"image\/jpeg"}],"author":"Udelar","twitter_card":"summary_large_image","twitter_misc":{"Escrito por":"Udelar","Tiempo de lectura":"2 minutos"},"schema":{"@context":"https:\/\/schema.org","@graph":[{"@type":"Article","@id":"https:\/\/www.padreydecano.com\/cms\/noticias\/arranque-de-ano\/#article","isPartOf":{"@id":"https:\/\/www.padreydecano.com\/cms\/noticias\/arranque-de-ano\/"},"author":{"name":"Udelar","@id":"https:\/\/www.padreydecano.com\/cms\/#\/schema\/person\/b22191326be6d1c7fa55c2ad137a9a32"},"headline":"Arranque de a\u00f1o","datePublished":"2023-01-11T20:39:29+00:00","dateModified":"2023-01-13T06:26:31+00:00","mainEntityOfPage":{"@id":"https:\/\/www.padreydecano.com\/cms\/noticias\/arranque-de-ano\/"},"wordCount":240,"commentCount":14,"publisher":{"@id":"https:\/\/www.padreydecano.com\/cms\/#organization"},"image":{"@id":"https:\/\/www.padreydecano.com\/cms\/noticias\/arranque-de-ano\/#primaryimage"},"thumbnailUrl":"https:\/\/www.padreydecano.com\/cms\/wp-content\/uploads\/2022\/09\/FdykaE7XkAEFInc.jpeg","articleSection":["Noticias"],"inLanguage":"es","potentialAction":[{"@type":"CommentAction","name":"Comment","target":["https:\/\/www.padreydecano.com\/cms\/noticias\/arranque-de-ano\/#respond"]}]},{"@type":"WebPage","@id":"https:\/\/www.padreydecano.com\/cms\/noticias\/arranque-de-ano\/","url":"https:\/\/www.padreydecano.com\/cms\/noticias\/arranque-de-ano\/","name":"Arranque de a\u00f1o - Padre y Decano - El Sitio del Pueblo","isPartOf":{"@id":"https:\/\/www.padreydecano.com\/cms\/#website"},"primaryImageOfPage":{"@id":"https:\/\/www.padreydecano.com\/cms\/noticias\/arranque-de-ano\/#primaryimage"},"image":{"@id":"https:\/\/www.padreydecano.com\/cms\/noticias\/arranque-de-ano\/#primaryimage"},"thumbnailUrl":"https:\/\/www.padreydecano.com\/cms\/wp-content\/uploads\/2022\/09\/FdykaE7XkAEFInc.jpeg","datePublished":"2023-01-11T20:39:29+00:00","dateModified":"2023-01-13T06:26:31+00:00","breadcrumb":{"@id":"https:\/\/www.padreydecano.com\/cms\/noticias\/arranque-de-ano\/#breadcrumb"},"inLanguage":"es","potentialAction":[{"@type":"ReadAction","target":["https:\/\/www.padreydecano.com\/cms\/noticias\/arranque-de-ano\/"]}]},{"@type":"ImageObject","inLanguage":"es","@id":"https:\/\/www.padreydecano.com\/cms\/noticias\/arranque-de-ano\/#primaryimage","url":"https:\/\/www.padreydecano.com\/cms\/wp-content\/uploads\/2022\/09\/FdykaE7XkAEFInc.jpeg","contentUrl":"https:\/\/www.padreydecano.com\/cms\/wp-content\/uploads\/2022\/09\/FdykaE7XkAEFInc.jpeg","width":2048,"height":1366,"caption":"Foto: @OficialCAP"},{"@type":"BreadcrumbList","@id":"https:\/\/www.padreydecano.com\/cms\/noticias\/arranque-de-ano\/#breadcrumb","itemListElement":[{"@type":"ListItem","position":1,"name":"Portada","item":"https:\/\/www.padreydecano.com\/cms\/"},{"@type":"ListItem","position":2,"name":"Arranque de a\u00f1o"}]},{"@type":"WebSite","@id":"https:\/\/www.padreydecano.com\/cms\/#website","url":"https:\/\/www.padreydecano.com\/cms\/","name":"Padre y Decano - El Sitio del Pueblo","description":"Club Atl\u00e9tico Pe\u00f1arol","publisher":{"@id":"https:\/\/www.padreydecano.com\/cms\/#organization"},"potentialAction":[{"@type":"SearchAction","target":{"@type":"EntryPoint","urlTemplate":"https:\/\/www.padreydecano.com\/cms\/?s={search_term_string}"},"query-input":"required name=search_term_string"}],"inLanguage":"es"},{"@type":"Organization","@id":"https:\/\/www.padreydecano.com\/cms\/#organization","name":"Padre y Decano","url":"https:\/\/www.padreydecano.com\/cms\/","logo":{"@type":"ImageObject","inLanguage":"es","@id":"https:\/\/www.padreydecano.com\/cms\/#\/schema\/logo\/image\/","url":"https:\/\/www.padreydecano.com\/cms\/wp-content\/uploads\/2022\/01\/avatar-square.png","contentUrl":"https:\/\/www.padreydecano.com\/cms\/wp-content\/uploads\/2022\/01\/avatar-square.png","width":1500,"height":1500,"caption":"Padre y Decano"},"image":{"@id":"https:\/\/www.padreydecano.com\/cms\/#\/schema\/logo\/image\/"}},{"@type":"Person","@id":"https:\/\/www.padreydecano.com\/cms\/#\/schema\/person\/b22191326be6d1c7fa55c2ad137a9a32","name":"Udelar","image":{"@type":"ImageObject","inLanguage":"es","@id":"https:\/\/www.padreydecano.com\/cms\/#\/schema\/person\/image\/","url":"https:\/\/secure.gravatar.com\/avatar\/611ece663b16897a2cd2f46982281225?s=96&d=https%3A%2F%2Fpadreydecano.com%2Fcms%2Fwp-content%2Fthemes%2Fpyd-theme%2Fimg%2Fdefault-avatar.png&r=g","contentUrl":"https:\/\/secure.gravatar.com\/avatar\/611ece663b16897a2cd2f46982281225?s=96&d=https%3A%2F%2Fpadreydecano.com%2Fcms%2Fwp-content%2Fthemes%2Fpyd-theme%2Fimg%2Fdefault-avatar.png&r=g","caption":"Udelar"}}]}},"_links":{"self":[{"href":"https:\/\/www.padreydecano.com\/cms\/wp-json\/wp\/v2\/posts\/79646"}],"collection":[{"href":"https:\/\/www.padreydecano.com\/cms\/wp-json\/wp\/v2\/posts"}],"about":[{"href":"https:\/\/www.padreydecano.com\/cms\/wp-json\/wp\/v2\/types\/post"}],"author":[{"embeddable":true,"href":"https:\/\/www.padreydecano.com\/cms\/wp-json\/wp\/v2\/users\/30"}],"replies":[{"embeddable":true,"href":"https:\/\/www.padreydecano.com\/cms\/wp-json\/wp\/v2\/comments?post=79646"}],"version-history":[{"count":0,"href":"https:\/\/www.padreydecano.com\/cms\/wp-json\/wp\/v2\/posts\/79646\/revisions"}],"wp:featuredmedia":[{"embeddable":true,"href":"https:\/\/www.padreydecano.com\/cms\/wp-json\/wp\/v2\/media\/79159"}],"wp:attachment":[{"href":"https:\/\/www.padreydecano.com\/cms\/wp-json\/wp\/v2\/media?parent=79646"}],"wp:term":[{"taxonomy":"category","embeddable":true,"href":"https:\/\/www.padreydecano.com\/cms\/wp-json\/wp\/v2\/categories?post=79646"},{"taxonomy":"post_tag","embeddable":true,"href":"https:\/\/www.padreydecano.com\/cms\/wp-json\/wp\/v2\/tags?post=79646"}],"curies":[{"name":"wp","href":"https:\/\/api.w.org\/{rel}","templated":true}]}}