{"id":79625,"date":"2023-01-06T12:45:17","date_gmt":"2023-01-06T15:45:17","guid":{"rendered":"https:\/\/www.padreydecano.com\/cms\/?p=79625"},"modified":"2023-01-10T15:16:27","modified_gmt":"2023-01-10T18:16:27","slug":"cerrados","status":"publish","type":"post","link":"https:\/\/www.padreydecano.com\/cms\/noticias\/cerrados\/","title":{"rendered":"Cerrados"},"content":{"rendered":"<p><img loading=\"lazy\" decoding=\"async\" class=\"alignnone size-medium wp-image-79626\" src=\"https:\/\/www.padreydecano.com\/cms\/wp-content\/uploads\/2023\/01\/20221227_143215-600x417.jpg\" alt=\"\" width=\"600\" height=\"417\" srcset=\"https:\/\/www.padreydecano.com\/cms\/wp-content\/uploads\/2023\/01\/20221227_143215-600x417.jpg 600w, https:\/\/www.padreydecano.com\/cms\/wp-content\/uploads\/2023\/01\/20221227_143215-1024x712.jpg 1024w, https:\/\/www.padreydecano.com\/cms\/wp-content\/uploads\/2023\/01\/20221227_143215-768x534.jpg 768w, https:\/\/www.padreydecano.com\/cms\/wp-content\/uploads\/2023\/01\/20221227_143215-1536x1068.jpg 1536w, https:\/\/www.padreydecano.com\/cms\/wp-content\/uploads\/2023\/01\/20221227_143215-300x209.jpg 300w, https:\/\/www.padreydecano.com\/cms\/wp-content\/uploads\/2023\/01\/20221227_143215-128x89.jpg 128w, https:\/\/www.padreydecano.com\/cms\/wp-content\/uploads\/2023\/01\/20221227_143215-32x22.jpg 32w, https:\/\/www.padreydecano.com\/cms\/wp-content\/uploads\/2023\/01\/20221227_143215.jpg 1600w\" sizes=\"(max-width: 600px) 100vw, 600px\" \/><\/p>\n<p><strong>Mat\u00edas Arezo, delantero de 20 a\u00f1os a pr\u00e9stamo del Granada de Espa\u00f1a y Lucas Hern\u00e1ndez, lateral izquierdo libre del f\u00fatbol de Brasil, se incorporaron a Pe\u00f1arol.<\/strong><\/p>\n<p>El decano del f\u00fatbol uruguayo sum\u00f3 otra incorporaci\u00f3n de nivel al equipo para la temporada 2023, se trata de Mat\u00edas Arezo, delantero de 20 a\u00f1os a pr\u00e9stamo por un a\u00f1o del Granada de Espa\u00f1a.<\/p>\n<p>Arezo debut\u00f3 en River Plate con 16 a\u00f1os, con el equipo darsenero disput\u00f3 91 partidos, anot\u00f3 37 goles y asisti\u00f3 en 14 oportunidades. Estos n\u00fameros y su gran rendimiento individual llamaron la atenci\u00f3n de varios equipos del exterior, finalmente el Granada se hizo con los servicios del jugador.<\/p>\n<p>Con el equipo espa\u00f1ol, apenas lleva disputados 18 encuentros en los que anot\u00f3 un gol en una temporada y media. Llegar\u00e1 a Pe\u00f1arol en b\u00fasqueda de minutos y para recuperar el rodaje y su nivel.<\/p>\n<p>Lucas Hern\u00e1ndez lateral izquierdo de 30 a\u00f1os volver\u00e1 a Pe\u00f1arol despu\u00e9s de su paso por el f\u00fatbol de Brasil. Con el Sport Recife jug\u00f3 16 partidos y dio una asistencia.<\/p>\n<p>Hasta el momento, el decano cuenta con las altas de Abel Hern\u00e1ndez, Sebasti\u00e1n Rodr\u00edguez, Leonardo Coelho, Carlos S\u00e1nchez, Mat\u00edas Arezo y Lucas Hern\u00e1ndez.<\/p>\n<p>Mat\u00edas Gonz\u00e1lez, zaguero de 20 a\u00f1os, volvi\u00f3 a los trabajos f\u00edsicos en el gimnasio de Los Aromos 2 meses despu\u00e9s de su lesi\u00f3n de rotura de ligamentos cruzados. El campe\u00f3n de la Copa Libertadores Sub 20 sigue cumpliendo su recuperaci\u00f3n.<\/p>\n<p>Luciano Fern\u00e1ndez, lateral derecho de 20 a\u00f1os, rescindi\u00f3 su contrato de com\u00fan acuerdo y se march\u00f3 libre de Pe\u00f1arol. Jugar\u00e1 en Plaza Colonia.<\/p>\n<div class=\"user-wrapper\"><a class=\"userlink\"href=\"https:\/\/twitter.com\/ftrucce18\" target=\"_blank\"><figure><img decoding=\"async\" src=\"http:\/\/www.padreydecano.com\/cms\/wp-users-files\/postfirmas\/ftrucce.jpg\" \/><\/figure><p class=\"user\"><strong>Franco Trucce<\/strong><br \/>@FTrucce18<\/p><\/a><\/div>\n","protected":false},"excerpt":{"rendered":"<p>Mat\u00edas Arezo, delantero de 20 a\u00f1os a pr\u00e9stamo del Granada de Espa\u00f1a y Lucas Hern\u00e1ndez, lateral izquierdo libre del f\u00fatbol de Brasil, se incorporaron a Pe\u00f1arol. El decano del f\u00fatbol uruguayo sum\u00f3 otra incorporaci\u00f3n de nivel al equipo para la temporada 2023, se trata de Mat\u00edas Arezo, delantero de 20 a\u00f1os a pr\u00e9stamo por un [&hellip;]<\/p>\n","protected":false},"author":27,"featured_media":79626,"comment_status":"closed","ping_status":"closed","sticky":false,"template":"","format":"standard","meta":{"footnotes":""},"categories":[1],"tags":[590],"yoast_head":"<!-- This site is optimized with the Yoast SEO plugin v23.2 - https:\/\/yoast.com\/wordpress\/plugins\/seo\/ -->\n<title>Cerrados - Padre y Decano - El Sitio del Pueblo<\/title>\n<meta name=\"robots\" content=\"index, follow, max-snippet:-1, max-image-preview:large, max-video-preview:-1\" \/>\n<link rel=\"canonical\" href=\"https:\/\/www.padreydecano.com\/cms\/noticias\/cerrados\/\" \/>\n<meta property=\"og:locale\" content=\"es_ES\" \/>\n<meta property=\"og:type\" content=\"article\" \/>\n<meta property=\"og:title\" content=\"Cerrados - Padre y Decano - El Sitio del Pueblo\" \/>\n<meta property=\"og:description\" content=\"Mat\u00edas Arezo, delantero de 20 a\u00f1os a pr\u00e9stamo del Granada de Espa\u00f1a y Lucas Hern\u00e1ndez, lateral izquierdo libre del f\u00fatbol de Brasil, se incorporaron a Pe\u00f1arol. El decano del f\u00fatbol uruguayo sum\u00f3 otra incorporaci\u00f3n de nivel al equipo para la temporada 2023, se trata de Mat\u00edas Arezo, delantero de 20 a\u00f1os a pr\u00e9stamo por un [&hellip;]\" \/>\n<meta property=\"og:url\" content=\"https:\/\/www.padreydecano.com\/cms\/noticias\/cerrados\/\" \/>\n<meta property=\"og:site_name\" content=\"Padre y Decano - El Sitio del Pueblo\" \/>\n<meta property=\"article:published_time\" content=\"2023-01-06T15:45:17+00:00\" \/>\n<meta property=\"article:modified_time\" content=\"2023-01-10T18:16:27+00:00\" \/>\n<meta property=\"og:image\" content=\"https:\/\/www.padreydecano.com\/cms\/wp-content\/uploads\/2023\/01\/20221227_143215.jpg\" \/>\n\t<meta property=\"og:image:width\" content=\"1600\" \/>\n\t<meta property=\"og:image:height\" content=\"1112\" \/>\n\t<meta property=\"og:image:type\" content=\"image\/jpeg\" \/>\n<meta name=\"author\" content=\"Redactores Padre y Decano\" \/>\n<meta name=\"twitter:card\" content=\"summary_large_image\" \/>\n<meta name=\"twitter:label1\" content=\"Escrito por\" \/>\n\t<meta name=\"twitter:data1\" content=\"Redactores Padre y Decano\" \/>\n\t<meta name=\"twitter:label2\" content=\"Tiempo de lectura\" \/>\n\t<meta name=\"twitter:data2\" content=\"2 minutos\" \/>\n<script type=\"application\/ld+json\" class=\"yoast-schema-graph\">{\"@context\":\"https:\/\/schema.org\",\"@graph\":[{\"@type\":\"Article\",\"@id\":\"https:\/\/www.padreydecano.com\/cms\/noticias\/cerrados\/#article\",\"isPartOf\":{\"@id\":\"https:\/\/www.padreydecano.com\/cms\/noticias\/cerrados\/\"},\"author\":{\"name\":\"Redactores Padre y Decano\",\"@id\":\"https:\/\/www.padreydecano.com\/cms\/#\/schema\/person\/37aae8f93aa78e4c5385497f056e3246\"},\"headline\":\"Cerrados\",\"datePublished\":\"2023-01-06T15:45:17+00:00\",\"dateModified\":\"2023-01-10T18:16:27+00:00\",\"mainEntityOfPage\":{\"@id\":\"https:\/\/www.padreydecano.com\/cms\/noticias\/cerrados\/\"},\"wordCount\":290,\"publisher\":{\"@id\":\"https:\/\/www.padreydecano.com\/cms\/#organization\"},\"image\":{\"@id\":\"https:\/\/www.padreydecano.com\/cms\/noticias\/cerrados\/#primaryimage\"},\"thumbnailUrl\":\"https:\/\/www.padreydecano.com\/cms\/wp-content\/uploads\/2023\/01\/20221227_143215.jpg\",\"keywords\":[\"Campeonato Uruguayo 2023\"],\"articleSection\":[\"Noticias\"],\"inLanguage\":\"es\"},{\"@type\":\"WebPage\",\"@id\":\"https:\/\/www.padreydecano.com\/cms\/noticias\/cerrados\/\",\"url\":\"https:\/\/www.padreydecano.com\/cms\/noticias\/cerrados\/\",\"name\":\"Cerrados - Padre y Decano - El Sitio del Pueblo\",\"isPartOf\":{\"@id\":\"https:\/\/www.padreydecano.com\/cms\/#website\"},\"primaryImageOfPage\":{\"@id\":\"https:\/\/www.padreydecano.com\/cms\/noticias\/cerrados\/#primaryimage\"},\"image\":{\"@id\":\"https:\/\/www.padreydecano.com\/cms\/noticias\/cerrados\/#primaryimage\"},\"thumbnailUrl\":\"https:\/\/www.padreydecano.com\/cms\/wp-content\/uploads\/2023\/01\/20221227_143215.jpg\",\"datePublished\":\"2023-01-06T15:45:17+00:00\",\"dateModified\":\"2023-01-10T18:16:27+00:00\",\"breadcrumb\":{\"@id\":\"https:\/\/www.padreydecano.com\/cms\/noticias\/cerrados\/#breadcrumb\"},\"inLanguage\":\"es\",\"potentialAction\":[{\"@type\":\"ReadAction\",\"target\":[\"https:\/\/www.padreydecano.com\/cms\/noticias\/cerrados\/\"]}]},{\"@type\":\"ImageObject\",\"inLanguage\":\"es\",\"@id\":\"https:\/\/www.padreydecano.com\/cms\/noticias\/cerrados\/#primaryimage\",\"url\":\"https:\/\/www.padreydecano.com\/cms\/wp-content\/uploads\/2023\/01\/20221227_143215.jpg\",\"contentUrl\":\"https:\/\/www.padreydecano.com\/cms\/wp-content\/uploads\/2023\/01\/20221227_143215.jpg\",\"width\":1600,\"height\":1112},{\"@type\":\"BreadcrumbList\",\"@id\":\"https:\/\/www.padreydecano.com\/cms\/noticias\/cerrados\/#breadcrumb\",\"itemListElement\":[{\"@type\":\"ListItem\",\"position\":1,\"name\":\"Portada\",\"item\":\"https:\/\/www.padreydecano.com\/cms\/\"},{\"@type\":\"ListItem\",\"position\":2,\"name\":\"Cerrados\"}]},{\"@type\":\"WebSite\",\"@id\":\"https:\/\/www.padreydecano.com\/cms\/#website\",\"url\":\"https:\/\/www.padreydecano.com\/cms\/\",\"name\":\"Padre y Decano - El Sitio del Pueblo\",\"description\":\"Club Atl\u00e9tico Pe\u00f1arol\",\"publisher\":{\"@id\":\"https:\/\/www.padreydecano.com\/cms\/#organization\"},\"potentialAction\":[{\"@type\":\"SearchAction\",\"target\":{\"@type\":\"EntryPoint\",\"urlTemplate\":\"https:\/\/www.padreydecano.com\/cms\/?s={search_term_string}\"},\"query-input\":\"required name=search_term_string\"}],\"inLanguage\":\"es\"},{\"@type\":\"Organization\",\"@id\":\"https:\/\/www.padreydecano.com\/cms\/#organization\",\"name\":\"Padre y Decano\",\"url\":\"https:\/\/www.padreydecano.com\/cms\/\",\"logo\":{\"@type\":\"ImageObject\",\"inLanguage\":\"es\",\"@id\":\"https:\/\/www.padreydecano.com\/cms\/#\/schema\/logo\/image\/\",\"url\":\"https:\/\/www.padreydecano.com\/cms\/wp-content\/uploads\/2022\/01\/avatar-square.png\",\"contentUrl\":\"https:\/\/www.padreydecano.com\/cms\/wp-content\/uploads\/2022\/01\/avatar-square.png\",\"width\":1500,\"height\":1500,\"caption\":\"Padre y Decano\"},\"image\":{\"@id\":\"https:\/\/www.padreydecano.com\/cms\/#\/schema\/logo\/image\/\"}},{\"@type\":\"Person\",\"@id\":\"https:\/\/www.padreydecano.com\/cms\/#\/schema\/person\/37aae8f93aa78e4c5385497f056e3246\",\"name\":\"Redactores Padre y Decano\",\"image\":{\"@type\":\"ImageObject\",\"inLanguage\":\"es\",\"@id\":\"https:\/\/www.padreydecano.com\/cms\/#\/schema\/person\/image\/\",\"url\":\"https:\/\/secure.gravatar.com\/avatar\/8810c4b9081192b118b104af54549af8?s=96&d=https%3A%2F%2Fpadreydecano.com%2Fcms%2Fwp-content%2Fthemes%2Fpyd-theme%2Fimg%2Fdefault-avatar.png&r=g\",\"contentUrl\":\"https:\/\/secure.gravatar.com\/avatar\/8810c4b9081192b118b104af54549af8?s=96&d=https%3A%2F%2Fpadreydecano.com%2Fcms%2Fwp-content%2Fthemes%2Fpyd-theme%2Fimg%2Fdefault-avatar.png&r=g\",\"caption\":\"Redactores Padre y Decano\"},\"sameAs\":[\"http:\/\/www.padreydecano.com\"]}]}<\/script>\n<!-- \/ Yoast SEO plugin. -->","yoast_head_json":{"title":"Cerrados - Padre y Decano - El Sitio del Pueblo","robots":{"index":"index","follow":"follow","max-snippet":"max-snippet:-1","max-image-preview":"max-image-preview:large","max-video-preview":"max-video-preview:-1"},"canonical":"https:\/\/www.padreydecano.com\/cms\/noticias\/cerrados\/","og_locale":"es_ES","og_type":"article","og_title":"Cerrados - Padre y Decano - El Sitio del Pueblo","og_description":"Mat\u00edas Arezo, delantero de 20 a\u00f1os a pr\u00e9stamo del Granada de Espa\u00f1a y Lucas Hern\u00e1ndez, lateral izquierdo libre del f\u00fatbol de Brasil, se incorporaron a Pe\u00f1arol. El decano del f\u00fatbol uruguayo sum\u00f3 otra incorporaci\u00f3n de nivel al equipo para la temporada 2023, se trata de Mat\u00edas Arezo, delantero de 20 a\u00f1os a pr\u00e9stamo por un [&hellip;]","og_url":"https:\/\/www.padreydecano.com\/cms\/noticias\/cerrados\/","og_site_name":"Padre y Decano - El Sitio del Pueblo","article_published_time":"2023-01-06T15:45:17+00:00","article_modified_time":"2023-01-10T18:16:27+00:00","og_image":[{"width":1600,"height":1112,"url":"https:\/\/www.padreydecano.com\/cms\/wp-content\/uploads\/2023\/01\/20221227_143215.jpg","type":"image\/jpeg"}],"author":"Redactores Padre y Decano","twitter_card":"summary_large_image","twitter_misc":{"Escrito por":"Redactores Padre y Decano","Tiempo de lectura":"2 minutos"},"schema":{"@context":"https:\/\/schema.org","@graph":[{"@type":"Article","@id":"https:\/\/www.padreydecano.com\/cms\/noticias\/cerrados\/#article","isPartOf":{"@id":"https:\/\/www.padreydecano.com\/cms\/noticias\/cerrados\/"},"author":{"name":"Redactores Padre y Decano","@id":"https:\/\/www.padreydecano.com\/cms\/#\/schema\/person\/37aae8f93aa78e4c5385497f056e3246"},"headline":"Cerrados","datePublished":"2023-01-06T15:45:17+00:00","dateModified":"2023-01-10T18:16:27+00:00","mainEntityOfPage":{"@id":"https:\/\/www.padreydecano.com\/cms\/noticias\/cerrados\/"},"wordCount":290,"publisher":{"@id":"https:\/\/www.padreydecano.com\/cms\/#organization"},"image":{"@id":"https:\/\/www.padreydecano.com\/cms\/noticias\/cerrados\/#primaryimage"},"thumbnailUrl":"https:\/\/www.padreydecano.com\/cms\/wp-content\/uploads\/2023\/01\/20221227_143215.jpg","keywords":["Campeonato Uruguayo 2023"],"articleSection":["Noticias"],"inLanguage":"es"},{"@type":"WebPage","@id":"https:\/\/www.padreydecano.com\/cms\/noticias\/cerrados\/","url":"https:\/\/www.padreydecano.com\/cms\/noticias\/cerrados\/","name":"Cerrados - Padre y Decano - El Sitio del Pueblo","isPartOf":{"@id":"https:\/\/www.padreydecano.com\/cms\/#website"},"primaryImageOfPage":{"@id":"https:\/\/www.padreydecano.com\/cms\/noticias\/cerrados\/#primaryimage"},"image":{"@id":"https:\/\/www.padreydecano.com\/cms\/noticias\/cerrados\/#primaryimage"},"thumbnailUrl":"https:\/\/www.padreydecano.com\/cms\/wp-content\/uploads\/2023\/01\/20221227_143215.jpg","datePublished":"2023-01-06T15:45:17+00:00","dateModified":"2023-01-10T18:16:27+00:00","breadcrumb":{"@id":"https:\/\/www.padreydecano.com\/cms\/noticias\/cerrados\/#breadcrumb"},"inLanguage":"es","potentialAction":[{"@type":"ReadAction","target":["https:\/\/www.padreydecano.com\/cms\/noticias\/cerrados\/"]}]},{"@type":"ImageObject","inLanguage":"es","@id":"https:\/\/www.padreydecano.com\/cms\/noticias\/cerrados\/#primaryimage","url":"https:\/\/www.padreydecano.com\/cms\/wp-content\/uploads\/2023\/01\/20221227_143215.jpg","contentUrl":"https:\/\/www.padreydecano.com\/cms\/wp-content\/uploads\/2023\/01\/20221227_143215.jpg","width":1600,"height":1112},{"@type":"BreadcrumbList","@id":"https:\/\/www.padreydecano.com\/cms\/noticias\/cerrados\/#breadcrumb","itemListElement":[{"@type":"ListItem","position":1,"name":"Portada","item":"https:\/\/www.padreydecano.com\/cms\/"},{"@type":"ListItem","position":2,"name":"Cerrados"}]},{"@type":"WebSite","@id":"https:\/\/www.padreydecano.com\/cms\/#website","url":"https:\/\/www.padreydecano.com\/cms\/","name":"Padre y Decano - El Sitio del Pueblo","description":"Club Atl\u00e9tico Pe\u00f1arol","publisher":{"@id":"https:\/\/www.padreydecano.com\/cms\/#organization"},"potentialAction":[{"@type":"SearchAction","target":{"@type":"EntryPoint","urlTemplate":"https:\/\/www.padreydecano.com\/cms\/?s={search_term_string}"},"query-input":"required name=search_term_string"}],"inLanguage":"es"},{"@type":"Organization","@id":"https:\/\/www.padreydecano.com\/cms\/#organization","name":"Padre y Decano","url":"https:\/\/www.padreydecano.com\/cms\/","logo":{"@type":"ImageObject","inLanguage":"es","@id":"https:\/\/www.padreydecano.com\/cms\/#\/schema\/logo\/image\/","url":"https:\/\/www.padreydecano.com\/cms\/wp-content\/uploads\/2022\/01\/avatar-square.png","contentUrl":"https:\/\/www.padreydecano.com\/cms\/wp-content\/uploads\/2022\/01\/avatar-square.png","width":1500,"height":1500,"caption":"Padre y Decano"},"image":{"@id":"https:\/\/www.padreydecano.com\/cms\/#\/schema\/logo\/image\/"}},{"@type":"Person","@id":"https:\/\/www.padreydecano.com\/cms\/#\/schema\/person\/37aae8f93aa78e4c5385497f056e3246","name":"Redactores Padre y Decano","image":{"@type":"ImageObject","inLanguage":"es","@id":"https:\/\/www.padreydecano.com\/cms\/#\/schema\/person\/image\/","url":"https:\/\/secure.gravatar.com\/avatar\/8810c4b9081192b118b104af54549af8?s=96&d=https%3A%2F%2Fpadreydecano.com%2Fcms%2Fwp-content%2Fthemes%2Fpyd-theme%2Fimg%2Fdefault-avatar.png&r=g","contentUrl":"https:\/\/secure.gravatar.com\/avatar\/8810c4b9081192b118b104af54549af8?s=96&d=https%3A%2F%2Fpadreydecano.com%2Fcms%2Fwp-content%2Fthemes%2Fpyd-theme%2Fimg%2Fdefault-avatar.png&r=g","caption":"Redactores Padre y Decano"},"sameAs":["http:\/\/www.padreydecano.com"]}]}},"_links":{"self":[{"href":"https:\/\/www.padreydecano.com\/cms\/wp-json\/wp\/v2\/posts\/79625"}],"collection":[{"href":"https:\/\/www.padreydecano.com\/cms\/wp-json\/wp\/v2\/posts"}],"about":[{"href":"https:\/\/www.padreydecano.com\/cms\/wp-json\/wp\/v2\/types\/post"}],"author":[{"embeddable":true,"href":"https:\/\/www.padreydecano.com\/cms\/wp-json\/wp\/v2\/users\/27"}],"replies":[{"embeddable":true,"href":"https:\/\/www.padreydecano.com\/cms\/wp-json\/wp\/v2\/comments?post=79625"}],"version-history":[{"count":0,"href":"https:\/\/www.padreydecano.com\/cms\/wp-json\/wp\/v2\/posts\/79625\/revisions"}],"wp:featuredmedia":[{"embeddable":true,"href":"https:\/\/www.padreydecano.com\/cms\/wp-json\/wp\/v2\/media\/79626"}],"wp:attachment":[{"href":"https:\/\/www.padreydecano.com\/cms\/wp-json\/wp\/v2\/media?parent=79625"}],"wp:term":[{"taxonomy":"category","embeddable":true,"href":"https:\/\/www.padreydecano.com\/cms\/wp-json\/wp\/v2\/categories?post=79625"},{"taxonomy":"post_tag","embeddable":true,"href":"https:\/\/www.padreydecano.com\/cms\/wp-json\/wp\/v2\/tags?post=79625"}],"curies":[{"name":"wp","href":"https:\/\/api.w.org\/{rel}","templated":true}]}}