{"id":79621,"date":"2023-01-05T14:56:15","date_gmt":"2023-01-05T17:56:15","guid":{"rendered":"https:\/\/www.padreydecano.com\/cms\/?p=79621"},"modified":"2023-01-09T12:47:15","modified_gmt":"2023-01-09T15:47:15","slug":"de-dos-tiempos","status":"publish","type":"post","link":"https:\/\/www.padreydecano.com\/cms\/basket\/de-dos-tiempos\/","title":{"rendered":"De dos tiempos"},"content":{"rendered":"<div dir=\"auto\"><img loading=\"lazy\" decoding=\"async\" class=\"alignnone wp-image-79622 size-full\" src=\"https:\/\/www.padreydecano.com\/cms\/wp-content\/uploads\/2023\/01\/FlqbwjLWQAUx6zO.jpeg\" alt=\"\" width=\"2048\" height=\"1366\" srcset=\"https:\/\/www.padreydecano.com\/cms\/wp-content\/uploads\/2023\/01\/FlqbwjLWQAUx6zO.jpeg 2048w, https:\/\/www.padreydecano.com\/cms\/wp-content\/uploads\/2023\/01\/FlqbwjLWQAUx6zO-600x400.jpeg 600w, https:\/\/www.padreydecano.com\/cms\/wp-content\/uploads\/2023\/01\/FlqbwjLWQAUx6zO-1024x683.jpeg 1024w, https:\/\/www.padreydecano.com\/cms\/wp-content\/uploads\/2023\/01\/FlqbwjLWQAUx6zO-768x512.jpeg 768w, https:\/\/www.padreydecano.com\/cms\/wp-content\/uploads\/2023\/01\/FlqbwjLWQAUx6zO-1536x1025.jpeg 1536w, https:\/\/www.padreydecano.com\/cms\/wp-content\/uploads\/2023\/01\/FlqbwjLWQAUx6zO-300x200.jpeg 300w, https:\/\/www.padreydecano.com\/cms\/wp-content\/uploads\/2023\/01\/FlqbwjLWQAUx6zO-128x85.jpeg 128w, https:\/\/www.padreydecano.com\/cms\/wp-content\/uploads\/2023\/01\/FlqbwjLWQAUx6zO-32x21.jpeg 32w\" sizes=\"(max-width: 2048px) 100vw, 2048px\" \/><\/div>\n<p><strong>Pe\u00f1arol fue derrotado por Hebraica y Macabi 78-72 en la antesala cl\u00e1sica. Debut\u00f3 Rodney Green con 13 puntos.<\/strong><\/p>\n<p>El quinteto inicial fue con Salvador Zanotta, Mateo Giano, Rodney Green, Charles Thomas y Lee Roberts.<\/p>\n<p>En el primer tiempo estuvo lo mejor del carbonero. Un gran Green que asumi\u00f3 en ofensiva y no le pes\u00f3 el debut., demostr\u00f3 un buen rompimiento y velocidad. Junto con Zanotta lideraron al carbonero que sac\u00f3 la primera ventaja del partido. En el segundo cuarto apareci\u00f3 la mejor versi\u00f3n de Lee Roberts, crecido en la zona pintada y con mucha confianza, tuvo su mejor noche en la temporada. Giano y Pena Garc\u00eda tuvieron buenos minutos y los de L\u00f3pez se fueron arriba al descanso 47-39.<\/p>\n<p>En el tercero cay\u00f3 un parcial de 7-0 de la visita muy r\u00e1pido y condicion\u00f3 el resto juego. El equipo no tuvo respuestas en defensa y se encontr\u00f3 con uno equipo que jug\u00f3 bien. En ataque fue Lee Roberts quien dio la cara y banc\u00f3 a Pe\u00f1arol en el peor momento. La visita tom\u00f3 el control del juego y se fue al \u00faltimo ganando por m\u00ednima 64-63. En el \u00faltimo el equipo no repiti\u00f3 lo bueno de la primera mitad, pero tampoco lo quebraron y estuvo en partido. Insisti\u00f3 con Roberts abajo y tuvo resultado. Defensivamente no estuvo del todo fuerte y sufri\u00f3 a un equipo con mucha capacidad ofensiva. Son ajustes que deben aparecer en los partidos claves, sobre todo pensando a futuro.<\/p>\n<p><span style=\"color: #ffcc00;\"><strong>Estad\u00edsticas<\/strong><\/span><\/p>\n<ul>\n<li>Lee Roberts 21 puntos, 15 rebotes<\/li>\n<li>Rodney Green 13 puntos<\/li>\n<li>Salvador Zanotta 12 puntos, 6 rebotes, 8 asistencias<\/li>\n<li>Mateo Giano 9 puntos (3\/4 triples)<\/li>\n<\/ul>\n<p><span style=\"color: #ffcc00;\"><strong>Lo que sigue<\/strong><\/span><\/p>\n<p>La pr\u00f3xima fecha es el pr\u00f3ximo lunes 9 en cancha de Uni\u00f3n Atl\u00e9tica frente a Nacional. El juego va transmitido por VTV y no habr\u00e1 entradas para Pe\u00f1arol.<\/p>\n<div class=\"user-wrapper\"><a class=\"userlink\" href=\"https:\/\/twitter.com\/griegosebas\" target=\"_blank\"><figure><img decoding=\"async\" src=\"http:\/\/www.padreydecano.com\/cms\/wp-users-files\/postfirmas\/sebagriego.jpg\" \/><\/figure><p class=\"user\"><strong>Sebasti&aacute;n Griego<\/strong><br \/>@SebaGriego<\/p><\/a><\/div>\n","protected":false},"excerpt":{"rendered":"<p>Pe\u00f1arol fue derrotado por Hebraica y Macabi 78-72 en la antesala cl\u00e1sica. Debut\u00f3 Rodney Green con 13 puntos. El quinteto inicial fue con Salvador Zanotta, Mateo Giano, Rodney Green, Charles Thomas y Lee Roberts. En el primer tiempo estuvo lo mejor del carbonero. Un gran Green que asumi\u00f3 en ofensiva y no le pes\u00f3 el [&hellip;]<\/p>\n","protected":false},"author":27,"featured_media":79622,"comment_status":"open","ping_status":"closed","sticky":false,"template":"","format":"standard","meta":{"footnotes":""},"categories":[407],"tags":[580],"yoast_head":"<!-- This site is optimized with the Yoast SEO plugin v23.2 - https:\/\/yoast.com\/wordpress\/plugins\/seo\/ -->\n<title>De dos tiempos - Padre y Decano - El Sitio del Pueblo<\/title>\n<meta name=\"robots\" content=\"index, follow, max-snippet:-1, max-image-preview:large, max-video-preview:-1\" \/>\n<link rel=\"canonical\" href=\"https:\/\/www.padreydecano.com\/cms\/basket\/de-dos-tiempos\/\" \/>\n<meta property=\"og:locale\" content=\"es_ES\" \/>\n<meta property=\"og:type\" content=\"article\" \/>\n<meta property=\"og:title\" content=\"De dos tiempos - Padre y Decano - El Sitio del Pueblo\" \/>\n<meta property=\"og:description\" content=\"Pe\u00f1arol fue derrotado por Hebraica y Macabi 78-72 en la antesala cl\u00e1sica. Debut\u00f3 Rodney Green con 13 puntos. El quinteto inicial fue con Salvador Zanotta, Mateo Giano, Rodney Green, Charles Thomas y Lee Roberts. En el primer tiempo estuvo lo mejor del carbonero. Un gran Green que asumi\u00f3 en ofensiva y no le pes\u00f3 el [&hellip;]\" \/>\n<meta property=\"og:url\" content=\"https:\/\/www.padreydecano.com\/cms\/basket\/de-dos-tiempos\/\" \/>\n<meta property=\"og:site_name\" content=\"Padre y Decano - El Sitio del Pueblo\" \/>\n<meta property=\"article:published_time\" content=\"2023-01-05T17:56:15+00:00\" \/>\n<meta property=\"article:modified_time\" content=\"2023-01-09T15:47:15+00:00\" \/>\n<meta property=\"og:image\" content=\"https:\/\/www.padreydecano.com\/cms\/wp-content\/uploads\/2023\/01\/FlqbwjLWQAUx6zO.jpeg\" \/>\n\t<meta property=\"og:image:width\" content=\"2048\" \/>\n\t<meta property=\"og:image:height\" content=\"1366\" \/>\n\t<meta property=\"og:image:type\" content=\"image\/jpeg\" \/>\n<meta name=\"author\" content=\"Redactores Padre y Decano\" \/>\n<meta name=\"twitter:card\" content=\"summary_large_image\" \/>\n<meta name=\"twitter:label1\" content=\"Escrito por\" \/>\n\t<meta name=\"twitter:data1\" content=\"Redactores Padre y Decano\" \/>\n\t<meta name=\"twitter:label2\" content=\"Tiempo de lectura\" \/>\n\t<meta name=\"twitter:data2\" content=\"2 minutos\" \/>\n<script type=\"application\/ld+json\" class=\"yoast-schema-graph\">{\"@context\":\"https:\/\/schema.org\",\"@graph\":[{\"@type\":\"Article\",\"@id\":\"https:\/\/www.padreydecano.com\/cms\/basket\/de-dos-tiempos\/#article\",\"isPartOf\":{\"@id\":\"https:\/\/www.padreydecano.com\/cms\/basket\/de-dos-tiempos\/\"},\"author\":{\"name\":\"Redactores Padre y Decano\",\"@id\":\"https:\/\/www.padreydecano.com\/cms\/#\/schema\/person\/37aae8f93aa78e4c5385497f056e3246\"},\"headline\":\"De dos tiempos\",\"datePublished\":\"2023-01-05T17:56:15+00:00\",\"dateModified\":\"2023-01-09T15:47:15+00:00\",\"mainEntityOfPage\":{\"@id\":\"https:\/\/www.padreydecano.com\/cms\/basket\/de-dos-tiempos\/\"},\"wordCount\":307,\"commentCount\":2,\"publisher\":{\"@id\":\"https:\/\/www.padreydecano.com\/cms\/#organization\"},\"image\":{\"@id\":\"https:\/\/www.padreydecano.com\/cms\/basket\/de-dos-tiempos\/#primaryimage\"},\"thumbnailUrl\":\"https:\/\/www.padreydecano.com\/cms\/wp-content\/uploads\/2023\/01\/FlqbwjLWQAUx6zO.jpeg\",\"keywords\":[\"LUB 2022\/2023\"],\"articleSection\":[\"Basket\"],\"inLanguage\":\"es\",\"potentialAction\":[{\"@type\":\"CommentAction\",\"name\":\"Comment\",\"target\":[\"https:\/\/www.padreydecano.com\/cms\/basket\/de-dos-tiempos\/#respond\"]}]},{\"@type\":\"WebPage\",\"@id\":\"https:\/\/www.padreydecano.com\/cms\/basket\/de-dos-tiempos\/\",\"url\":\"https:\/\/www.padreydecano.com\/cms\/basket\/de-dos-tiempos\/\",\"name\":\"De dos tiempos - Padre y Decano - El Sitio del Pueblo\",\"isPartOf\":{\"@id\":\"https:\/\/www.padreydecano.com\/cms\/#website\"},\"primaryImageOfPage\":{\"@id\":\"https:\/\/www.padreydecano.com\/cms\/basket\/de-dos-tiempos\/#primaryimage\"},\"image\":{\"@id\":\"https:\/\/www.padreydecano.com\/cms\/basket\/de-dos-tiempos\/#primaryimage\"},\"thumbnailUrl\":\"https:\/\/www.padreydecano.com\/cms\/wp-content\/uploads\/2023\/01\/FlqbwjLWQAUx6zO.jpeg\",\"datePublished\":\"2023-01-05T17:56:15+00:00\",\"dateModified\":\"2023-01-09T15:47:15+00:00\",\"breadcrumb\":{\"@id\":\"https:\/\/www.padreydecano.com\/cms\/basket\/de-dos-tiempos\/#breadcrumb\"},\"inLanguage\":\"es\",\"potentialAction\":[{\"@type\":\"ReadAction\",\"target\":[\"https:\/\/www.padreydecano.com\/cms\/basket\/de-dos-tiempos\/\"]}]},{\"@type\":\"ImageObject\",\"inLanguage\":\"es\",\"@id\":\"https:\/\/www.padreydecano.com\/cms\/basket\/de-dos-tiempos\/#primaryimage\",\"url\":\"https:\/\/www.padreydecano.com\/cms\/wp-content\/uploads\/2023\/01\/FlqbwjLWQAUx6zO.jpeg\",\"contentUrl\":\"https:\/\/www.padreydecano.com\/cms\/wp-content\/uploads\/2023\/01\/FlqbwjLWQAUx6zO.jpeg\",\"width\":2048,\"height\":1366},{\"@type\":\"BreadcrumbList\",\"@id\":\"https:\/\/www.padreydecano.com\/cms\/basket\/de-dos-tiempos\/#breadcrumb\",\"itemListElement\":[{\"@type\":\"ListItem\",\"position\":1,\"name\":\"Portada\",\"item\":\"https:\/\/www.padreydecano.com\/cms\/\"},{\"@type\":\"ListItem\",\"position\":2,\"name\":\"De dos tiempos\"}]},{\"@type\":\"WebSite\",\"@id\":\"https:\/\/www.padreydecano.com\/cms\/#website\",\"url\":\"https:\/\/www.padreydecano.com\/cms\/\",\"name\":\"Padre y Decano - El Sitio del Pueblo\",\"description\":\"Club Atl\u00e9tico Pe\u00f1arol\",\"publisher\":{\"@id\":\"https:\/\/www.padreydecano.com\/cms\/#organization\"},\"potentialAction\":[{\"@type\":\"SearchAction\",\"target\":{\"@type\":\"EntryPoint\",\"urlTemplate\":\"https:\/\/www.padreydecano.com\/cms\/?s={search_term_string}\"},\"query-input\":\"required name=search_term_string\"}],\"inLanguage\":\"es\"},{\"@type\":\"Organization\",\"@id\":\"https:\/\/www.padreydecano.com\/cms\/#organization\",\"name\":\"Padre y Decano\",\"url\":\"https:\/\/www.padreydecano.com\/cms\/\",\"logo\":{\"@type\":\"ImageObject\",\"inLanguage\":\"es\",\"@id\":\"https:\/\/www.padreydecano.com\/cms\/#\/schema\/logo\/image\/\",\"url\":\"https:\/\/www.padreydecano.com\/cms\/wp-content\/uploads\/2022\/01\/avatar-square.png\",\"contentUrl\":\"https:\/\/www.padreydecano.com\/cms\/wp-content\/uploads\/2022\/01\/avatar-square.png\",\"width\":1500,\"height\":1500,\"caption\":\"Padre y Decano\"},\"image\":{\"@id\":\"https:\/\/www.padreydecano.com\/cms\/#\/schema\/logo\/image\/\"}},{\"@type\":\"Person\",\"@id\":\"https:\/\/www.padreydecano.com\/cms\/#\/schema\/person\/37aae8f93aa78e4c5385497f056e3246\",\"name\":\"Redactores Padre y Decano\",\"image\":{\"@type\":\"ImageObject\",\"inLanguage\":\"es\",\"@id\":\"https:\/\/www.padreydecano.com\/cms\/#\/schema\/person\/image\/\",\"url\":\"https:\/\/secure.gravatar.com\/avatar\/8810c4b9081192b118b104af54549af8?s=96&d=https%3A%2F%2Fpadreydecano.com%2Fcms%2Fwp-content%2Fthemes%2Fpyd-theme%2Fimg%2Fdefault-avatar.png&r=g\",\"contentUrl\":\"https:\/\/secure.gravatar.com\/avatar\/8810c4b9081192b118b104af54549af8?s=96&d=https%3A%2F%2Fpadreydecano.com%2Fcms%2Fwp-content%2Fthemes%2Fpyd-theme%2Fimg%2Fdefault-avatar.png&r=g\",\"caption\":\"Redactores Padre y Decano\"},\"sameAs\":[\"http:\/\/www.padreydecano.com\"]}]}<\/script>\n<!-- \/ Yoast SEO plugin. -->","yoast_head_json":{"title":"De dos tiempos - Padre y Decano - El Sitio del Pueblo","robots":{"index":"index","follow":"follow","max-snippet":"max-snippet:-1","max-image-preview":"max-image-preview:large","max-video-preview":"max-video-preview:-1"},"canonical":"https:\/\/www.padreydecano.com\/cms\/basket\/de-dos-tiempos\/","og_locale":"es_ES","og_type":"article","og_title":"De dos tiempos - Padre y Decano - El Sitio del Pueblo","og_description":"Pe\u00f1arol fue derrotado por Hebraica y Macabi 78-72 en la antesala cl\u00e1sica. Debut\u00f3 Rodney Green con 13 puntos. El quinteto inicial fue con Salvador Zanotta, Mateo Giano, Rodney Green, Charles Thomas y Lee Roberts. En el primer tiempo estuvo lo mejor del carbonero. Un gran Green que asumi\u00f3 en ofensiva y no le pes\u00f3 el [&hellip;]","og_url":"https:\/\/www.padreydecano.com\/cms\/basket\/de-dos-tiempos\/","og_site_name":"Padre y Decano - El Sitio del Pueblo","article_published_time":"2023-01-05T17:56:15+00:00","article_modified_time":"2023-01-09T15:47:15+00:00","og_image":[{"width":2048,"height":1366,"url":"https:\/\/www.padreydecano.com\/cms\/wp-content\/uploads\/2023\/01\/FlqbwjLWQAUx6zO.jpeg","type":"image\/jpeg"}],"author":"Redactores Padre y Decano","twitter_card":"summary_large_image","twitter_misc":{"Escrito por":"Redactores Padre y Decano","Tiempo de lectura":"2 minutos"},"schema":{"@context":"https:\/\/schema.org","@graph":[{"@type":"Article","@id":"https:\/\/www.padreydecano.com\/cms\/basket\/de-dos-tiempos\/#article","isPartOf":{"@id":"https:\/\/www.padreydecano.com\/cms\/basket\/de-dos-tiempos\/"},"author":{"name":"Redactores Padre y Decano","@id":"https:\/\/www.padreydecano.com\/cms\/#\/schema\/person\/37aae8f93aa78e4c5385497f056e3246"},"headline":"De dos tiempos","datePublished":"2023-01-05T17:56:15+00:00","dateModified":"2023-01-09T15:47:15+00:00","mainEntityOfPage":{"@id":"https:\/\/www.padreydecano.com\/cms\/basket\/de-dos-tiempos\/"},"wordCount":307,"commentCount":2,"publisher":{"@id":"https:\/\/www.padreydecano.com\/cms\/#organization"},"image":{"@id":"https:\/\/www.padreydecano.com\/cms\/basket\/de-dos-tiempos\/#primaryimage"},"thumbnailUrl":"https:\/\/www.padreydecano.com\/cms\/wp-content\/uploads\/2023\/01\/FlqbwjLWQAUx6zO.jpeg","keywords":["LUB 2022\/2023"],"articleSection":["Basket"],"inLanguage":"es","potentialAction":[{"@type":"CommentAction","name":"Comment","target":["https:\/\/www.padreydecano.com\/cms\/basket\/de-dos-tiempos\/#respond"]}]},{"@type":"WebPage","@id":"https:\/\/www.padreydecano.com\/cms\/basket\/de-dos-tiempos\/","url":"https:\/\/www.padreydecano.com\/cms\/basket\/de-dos-tiempos\/","name":"De dos tiempos - Padre y Decano - El Sitio del Pueblo","isPartOf":{"@id":"https:\/\/www.padreydecano.com\/cms\/#website"},"primaryImageOfPage":{"@id":"https:\/\/www.padreydecano.com\/cms\/basket\/de-dos-tiempos\/#primaryimage"},"image":{"@id":"https:\/\/www.padreydecano.com\/cms\/basket\/de-dos-tiempos\/#primaryimage"},"thumbnailUrl":"https:\/\/www.padreydecano.com\/cms\/wp-content\/uploads\/2023\/01\/FlqbwjLWQAUx6zO.jpeg","datePublished":"2023-01-05T17:56:15+00:00","dateModified":"2023-01-09T15:47:15+00:00","breadcrumb":{"@id":"https:\/\/www.padreydecano.com\/cms\/basket\/de-dos-tiempos\/#breadcrumb"},"inLanguage":"es","potentialAction":[{"@type":"ReadAction","target":["https:\/\/www.padreydecano.com\/cms\/basket\/de-dos-tiempos\/"]}]},{"@type":"ImageObject","inLanguage":"es","@id":"https:\/\/www.padreydecano.com\/cms\/basket\/de-dos-tiempos\/#primaryimage","url":"https:\/\/www.padreydecano.com\/cms\/wp-content\/uploads\/2023\/01\/FlqbwjLWQAUx6zO.jpeg","contentUrl":"https:\/\/www.padreydecano.com\/cms\/wp-content\/uploads\/2023\/01\/FlqbwjLWQAUx6zO.jpeg","width":2048,"height":1366},{"@type":"BreadcrumbList","@id":"https:\/\/www.padreydecano.com\/cms\/basket\/de-dos-tiempos\/#breadcrumb","itemListElement":[{"@type":"ListItem","position":1,"name":"Portada","item":"https:\/\/www.padreydecano.com\/cms\/"},{"@type":"ListItem","position":2,"name":"De dos tiempos"}]},{"@type":"WebSite","@id":"https:\/\/www.padreydecano.com\/cms\/#website","url":"https:\/\/www.padreydecano.com\/cms\/","name":"Padre y Decano - El Sitio del Pueblo","description":"Club Atl\u00e9tico Pe\u00f1arol","publisher":{"@id":"https:\/\/www.padreydecano.com\/cms\/#organization"},"potentialAction":[{"@type":"SearchAction","target":{"@type":"EntryPoint","urlTemplate":"https:\/\/www.padreydecano.com\/cms\/?s={search_term_string}"},"query-input":"required name=search_term_string"}],"inLanguage":"es"},{"@type":"Organization","@id":"https:\/\/www.padreydecano.com\/cms\/#organization","name":"Padre y Decano","url":"https:\/\/www.padreydecano.com\/cms\/","logo":{"@type":"ImageObject","inLanguage":"es","@id":"https:\/\/www.padreydecano.com\/cms\/#\/schema\/logo\/image\/","url":"https:\/\/www.padreydecano.com\/cms\/wp-content\/uploads\/2022\/01\/avatar-square.png","contentUrl":"https:\/\/www.padreydecano.com\/cms\/wp-content\/uploads\/2022\/01\/avatar-square.png","width":1500,"height":1500,"caption":"Padre y Decano"},"image":{"@id":"https:\/\/www.padreydecano.com\/cms\/#\/schema\/logo\/image\/"}},{"@type":"Person","@id":"https:\/\/www.padreydecano.com\/cms\/#\/schema\/person\/37aae8f93aa78e4c5385497f056e3246","name":"Redactores Padre y Decano","image":{"@type":"ImageObject","inLanguage":"es","@id":"https:\/\/www.padreydecano.com\/cms\/#\/schema\/person\/image\/","url":"https:\/\/secure.gravatar.com\/avatar\/8810c4b9081192b118b104af54549af8?s=96&d=https%3A%2F%2Fpadreydecano.com%2Fcms%2Fwp-content%2Fthemes%2Fpyd-theme%2Fimg%2Fdefault-avatar.png&r=g","contentUrl":"https:\/\/secure.gravatar.com\/avatar\/8810c4b9081192b118b104af54549af8?s=96&d=https%3A%2F%2Fpadreydecano.com%2Fcms%2Fwp-content%2Fthemes%2Fpyd-theme%2Fimg%2Fdefault-avatar.png&r=g","caption":"Redactores Padre y Decano"},"sameAs":["http:\/\/www.padreydecano.com"]}]}},"_links":{"self":[{"href":"https:\/\/www.padreydecano.com\/cms\/wp-json\/wp\/v2\/posts\/79621"}],"collection":[{"href":"https:\/\/www.padreydecano.com\/cms\/wp-json\/wp\/v2\/posts"}],"about":[{"href":"https:\/\/www.padreydecano.com\/cms\/wp-json\/wp\/v2\/types\/post"}],"author":[{"embeddable":true,"href":"https:\/\/www.padreydecano.com\/cms\/wp-json\/wp\/v2\/users\/27"}],"replies":[{"embeddable":true,"href":"https:\/\/www.padreydecano.com\/cms\/wp-json\/wp\/v2\/comments?post=79621"}],"version-history":[{"count":0,"href":"https:\/\/www.padreydecano.com\/cms\/wp-json\/wp\/v2\/posts\/79621\/revisions"}],"wp:featuredmedia":[{"embeddable":true,"href":"https:\/\/www.padreydecano.com\/cms\/wp-json\/wp\/v2\/media\/79622"}],"wp:attachment":[{"href":"https:\/\/www.padreydecano.com\/cms\/wp-json\/wp\/v2\/media?parent=79621"}],"wp:term":[{"taxonomy":"category","embeddable":true,"href":"https:\/\/www.padreydecano.com\/cms\/wp-json\/wp\/v2\/categories?post=79621"},{"taxonomy":"post_tag","embeddable":true,"href":"https:\/\/www.padreydecano.com\/cms\/wp-json\/wp\/v2\/tags?post=79621"}],"curies":[{"name":"wp","href":"https:\/\/api.w.org\/{rel}","templated":true}]}}