{"id":79603,"date":"2023-01-03T19:45:51","date_gmt":"2023-01-03T22:45:51","guid":{"rendered":"https:\/\/www.padreydecano.com\/cms\/?p=79603"},"modified":"2023-01-09T10:23:41","modified_gmt":"2023-01-09T13:23:41","slug":"una-alta-y-una-baja","status":"publish","type":"post","link":"https:\/\/www.padreydecano.com\/cms\/noticias\/una-alta-y-una-baja\/","title":{"rendered":"Una alta y una baja"},"content":{"rendered":"<p><img loading=\"lazy\" decoding=\"async\" class=\"alignnone size-medium wp-image-79612\" src=\"https:\/\/www.padreydecano.com\/cms\/wp-content\/uploads\/2023\/01\/DSC_0131-1-600x400.jpg\" alt=\"\" width=\"600\" height=\"400\" srcset=\"https:\/\/www.padreydecano.com\/cms\/wp-content\/uploads\/2023\/01\/DSC_0131-1-600x400.jpg 600w, https:\/\/www.padreydecano.com\/cms\/wp-content\/uploads\/2023\/01\/DSC_0131-1-1024x683.jpg 1024w, https:\/\/www.padreydecano.com\/cms\/wp-content\/uploads\/2023\/01\/DSC_0131-1-768x512.jpg 768w, https:\/\/www.padreydecano.com\/cms\/wp-content\/uploads\/2023\/01\/DSC_0131-1-1536x1024.jpg 1536w, https:\/\/www.padreydecano.com\/cms\/wp-content\/uploads\/2023\/01\/DSC_0131-1-300x200.jpg 300w, https:\/\/www.padreydecano.com\/cms\/wp-content\/uploads\/2023\/01\/DSC_0131-1-128x85.jpg 128w, https:\/\/www.padreydecano.com\/cms\/wp-content\/uploads\/2023\/01\/DSC_0131-1-32x21.jpg 32w, https:\/\/www.padreydecano.com\/cms\/wp-content\/uploads\/2023\/01\/DSC_0131-1.jpg 1620w\" sizes=\"(max-width: 600px) 100vw, 600px\" \/><\/p>\n<p style=\"text-align: left;\"><strong>Se confirm\u00f3 la llegada de Rodney Green en remplazo de Huertas. Adem\u00e1s, Robin Benzing estar\u00e1 fuera de la canchas por varias semanas.<\/strong><\/p>\n<p>Finalmente se encontr\u00f3 el sustituto de David Huertas. Se trata de Rodney Green, alegro estadounidense y que ya jug\u00f3 en dos equipos de nuestro pa\u00eds (Defensor Sporting y Hebraica y Macabi). En su \u00faltima temporada defendi\u00f3 a Regatas de Corrientes y promedi\u00f3 13 puntos, fue cortado por indisciplina. Debutar\u00e1 frente a Hebraica y Macabi<\/p>\n<p>Entre otras novedades de los extranjeros, se confirm\u00f3 una lesi\u00f3n en los meniscos de Robin Benzing. M\u00ednimamente, el alem\u00e1n estar\u00e1 cuatro semanas sin jugar. Se lo mantendr\u00e1 en el plantel por qu\u00e9 se lo considera un jugador de jerarqu\u00eda, pero se busca un remplazo para afrontar la Champions League el 13 y 14 de enero en R\u00edo de Janeiro.<\/p>\n<p>Recordamos que el carbonero tiene actividad el jueves 5 frente a Hebraica y Macabi, lunes 9 ante Nacional y despu\u00e9s viajar\u00e1 inmediatamente a R\u00edo.<\/p>\n<div class=\"user-wrapper\"><a class=\"userlink\" href=\"https:\/\/twitter.com\/griegosebas\" target=\"_blank\"><figure><img decoding=\"async\" src=\"http:\/\/www.padreydecano.com\/cms\/wp-users-files\/postfirmas\/sebagriego.jpg\" \/><\/figure><p class=\"user\"><strong>Sebasti&aacute;n Griego<\/strong><br \/>@SebaGriego<\/p><\/a><\/div>\n","protected":false},"excerpt":{"rendered":"<p>Se confirm\u00f3 la llegada de Rodney Green en remplazo de Huertas. Adem\u00e1s, Robin Benzing estar\u00e1 fuera de la canchas por varias semanas. Finalmente se encontr\u00f3 el sustituto de David Huertas. Se trata de Rodney Green, alegro estadounidense y que ya jug\u00f3 en dos equipos de nuestro pa\u00eds (Defensor Sporting y Hebraica y Macabi). En su [&hellip;]<\/p>\n","protected":false},"author":27,"featured_media":79612,"comment_status":"open","ping_status":"closed","sticky":false,"template":"","format":"standard","meta":{"footnotes":""},"categories":[1],"tags":[580],"yoast_head":"<!-- This site is optimized with the Yoast SEO plugin v23.2 - https:\/\/yoast.com\/wordpress\/plugins\/seo\/ -->\n<title>Una alta y una baja - Padre y Decano - El Sitio del Pueblo<\/title>\n<meta name=\"robots\" content=\"index, follow, max-snippet:-1, max-image-preview:large, max-video-preview:-1\" \/>\n<link rel=\"canonical\" href=\"https:\/\/www.padreydecano.com\/cms\/noticias\/una-alta-y-una-baja\/\" \/>\n<meta property=\"og:locale\" content=\"es_ES\" \/>\n<meta property=\"og:type\" content=\"article\" \/>\n<meta property=\"og:title\" content=\"Una alta y una baja - Padre y Decano - El Sitio del Pueblo\" \/>\n<meta property=\"og:description\" content=\"Se confirm\u00f3 la llegada de Rodney Green en remplazo de Huertas. Adem\u00e1s, Robin Benzing estar\u00e1 fuera de la canchas por varias semanas. Finalmente se encontr\u00f3 el sustituto de David Huertas. Se trata de Rodney Green, alegro estadounidense y que ya jug\u00f3 en dos equipos de nuestro pa\u00eds (Defensor Sporting y Hebraica y Macabi). En su [&hellip;]\" \/>\n<meta property=\"og:url\" content=\"https:\/\/www.padreydecano.com\/cms\/noticias\/una-alta-y-una-baja\/\" \/>\n<meta property=\"og:site_name\" content=\"Padre y Decano - El Sitio del Pueblo\" \/>\n<meta property=\"article:published_time\" content=\"2023-01-03T22:45:51+00:00\" \/>\n<meta property=\"article:modified_time\" content=\"2023-01-09T13:23:41+00:00\" \/>\n<meta property=\"og:image\" content=\"https:\/\/www.padreydecano.com\/cms\/wp-content\/uploads\/2023\/01\/DSC_0131-1.jpg\" \/>\n\t<meta property=\"og:image:width\" content=\"1620\" \/>\n\t<meta property=\"og:image:height\" content=\"1080\" \/>\n\t<meta property=\"og:image:type\" content=\"image\/jpeg\" \/>\n<meta name=\"author\" content=\"Redactores Padre y Decano\" \/>\n<meta name=\"twitter:card\" content=\"summary_large_image\" \/>\n<meta name=\"twitter:label1\" content=\"Escrito por\" \/>\n\t<meta name=\"twitter:data1\" content=\"Redactores Padre y Decano\" \/>\n\t<meta name=\"twitter:label2\" content=\"Tiempo de lectura\" \/>\n\t<meta name=\"twitter:data2\" content=\"1 minuto\" \/>\n<script type=\"application\/ld+json\" class=\"yoast-schema-graph\">{\"@context\":\"https:\/\/schema.org\",\"@graph\":[{\"@type\":\"Article\",\"@id\":\"https:\/\/www.padreydecano.com\/cms\/noticias\/una-alta-y-una-baja\/#article\",\"isPartOf\":{\"@id\":\"https:\/\/www.padreydecano.com\/cms\/noticias\/una-alta-y-una-baja\/\"},\"author\":{\"name\":\"Redactores Padre y Decano\",\"@id\":\"https:\/\/www.padreydecano.com\/cms\/#\/schema\/person\/37aae8f93aa78e4c5385497f056e3246\"},\"headline\":\"Una alta y una baja\",\"datePublished\":\"2023-01-03T22:45:51+00:00\",\"dateModified\":\"2023-01-09T13:23:41+00:00\",\"mainEntityOfPage\":{\"@id\":\"https:\/\/www.padreydecano.com\/cms\/noticias\/una-alta-y-una-baja\/\"},\"wordCount\":169,\"commentCount\":0,\"publisher\":{\"@id\":\"https:\/\/www.padreydecano.com\/cms\/#organization\"},\"image\":{\"@id\":\"https:\/\/www.padreydecano.com\/cms\/noticias\/una-alta-y-una-baja\/#primaryimage\"},\"thumbnailUrl\":\"https:\/\/www.padreydecano.com\/cms\/wp-content\/uploads\/2023\/01\/DSC_0131-1.jpg\",\"keywords\":[\"LUB 2022\/2023\"],\"articleSection\":[\"Noticias\"],\"inLanguage\":\"es\",\"potentialAction\":[{\"@type\":\"CommentAction\",\"name\":\"Comment\",\"target\":[\"https:\/\/www.padreydecano.com\/cms\/noticias\/una-alta-y-una-baja\/#respond\"]}]},{\"@type\":\"WebPage\",\"@id\":\"https:\/\/www.padreydecano.com\/cms\/noticias\/una-alta-y-una-baja\/\",\"url\":\"https:\/\/www.padreydecano.com\/cms\/noticias\/una-alta-y-una-baja\/\",\"name\":\"Una alta y una baja - Padre y Decano - El Sitio del Pueblo\",\"isPartOf\":{\"@id\":\"https:\/\/www.padreydecano.com\/cms\/#website\"},\"primaryImageOfPage\":{\"@id\":\"https:\/\/www.padreydecano.com\/cms\/noticias\/una-alta-y-una-baja\/#primaryimage\"},\"image\":{\"@id\":\"https:\/\/www.padreydecano.com\/cms\/noticias\/una-alta-y-una-baja\/#primaryimage\"},\"thumbnailUrl\":\"https:\/\/www.padreydecano.com\/cms\/wp-content\/uploads\/2023\/01\/DSC_0131-1.jpg\",\"datePublished\":\"2023-01-03T22:45:51+00:00\",\"dateModified\":\"2023-01-09T13:23:41+00:00\",\"breadcrumb\":{\"@id\":\"https:\/\/www.padreydecano.com\/cms\/noticias\/una-alta-y-una-baja\/#breadcrumb\"},\"inLanguage\":\"es\",\"potentialAction\":[{\"@type\":\"ReadAction\",\"target\":[\"https:\/\/www.padreydecano.com\/cms\/noticias\/una-alta-y-una-baja\/\"]}]},{\"@type\":\"ImageObject\",\"inLanguage\":\"es\",\"@id\":\"https:\/\/www.padreydecano.com\/cms\/noticias\/una-alta-y-una-baja\/#primaryimage\",\"url\":\"https:\/\/www.padreydecano.com\/cms\/wp-content\/uploads\/2023\/01\/DSC_0131-1.jpg\",\"contentUrl\":\"https:\/\/www.padreydecano.com\/cms\/wp-content\/uploads\/2023\/01\/DSC_0131-1.jpg\",\"width\":1620,\"height\":1080},{\"@type\":\"BreadcrumbList\",\"@id\":\"https:\/\/www.padreydecano.com\/cms\/noticias\/una-alta-y-una-baja\/#breadcrumb\",\"itemListElement\":[{\"@type\":\"ListItem\",\"position\":1,\"name\":\"Portada\",\"item\":\"https:\/\/www.padreydecano.com\/cms\/\"},{\"@type\":\"ListItem\",\"position\":2,\"name\":\"Una alta y una baja\"}]},{\"@type\":\"WebSite\",\"@id\":\"https:\/\/www.padreydecano.com\/cms\/#website\",\"url\":\"https:\/\/www.padreydecano.com\/cms\/\",\"name\":\"Padre y Decano - El Sitio del Pueblo\",\"description\":\"Club Atl\u00e9tico Pe\u00f1arol\",\"publisher\":{\"@id\":\"https:\/\/www.padreydecano.com\/cms\/#organization\"},\"potentialAction\":[{\"@type\":\"SearchAction\",\"target\":{\"@type\":\"EntryPoint\",\"urlTemplate\":\"https:\/\/www.padreydecano.com\/cms\/?s={search_term_string}\"},\"query-input\":\"required name=search_term_string\"}],\"inLanguage\":\"es\"},{\"@type\":\"Organization\",\"@id\":\"https:\/\/www.padreydecano.com\/cms\/#organization\",\"name\":\"Padre y Decano\",\"url\":\"https:\/\/www.padreydecano.com\/cms\/\",\"logo\":{\"@type\":\"ImageObject\",\"inLanguage\":\"es\",\"@id\":\"https:\/\/www.padreydecano.com\/cms\/#\/schema\/logo\/image\/\",\"url\":\"https:\/\/www.padreydecano.com\/cms\/wp-content\/uploads\/2022\/01\/avatar-square.png\",\"contentUrl\":\"https:\/\/www.padreydecano.com\/cms\/wp-content\/uploads\/2022\/01\/avatar-square.png\",\"width\":1500,\"height\":1500,\"caption\":\"Padre y Decano\"},\"image\":{\"@id\":\"https:\/\/www.padreydecano.com\/cms\/#\/schema\/logo\/image\/\"}},{\"@type\":\"Person\",\"@id\":\"https:\/\/www.padreydecano.com\/cms\/#\/schema\/person\/37aae8f93aa78e4c5385497f056e3246\",\"name\":\"Redactores Padre y Decano\",\"image\":{\"@type\":\"ImageObject\",\"inLanguage\":\"es\",\"@id\":\"https:\/\/www.padreydecano.com\/cms\/#\/schema\/person\/image\/\",\"url\":\"https:\/\/secure.gravatar.com\/avatar\/8810c4b9081192b118b104af54549af8?s=96&d=https%3A%2F%2Fpadreydecano.com%2Fcms%2Fwp-content%2Fthemes%2Fpyd-theme%2Fimg%2Fdefault-avatar.png&r=g\",\"contentUrl\":\"https:\/\/secure.gravatar.com\/avatar\/8810c4b9081192b118b104af54549af8?s=96&d=https%3A%2F%2Fpadreydecano.com%2Fcms%2Fwp-content%2Fthemes%2Fpyd-theme%2Fimg%2Fdefault-avatar.png&r=g\",\"caption\":\"Redactores Padre y Decano\"},\"sameAs\":[\"http:\/\/www.padreydecano.com\"]}]}<\/script>\n<!-- \/ Yoast SEO plugin. -->","yoast_head_json":{"title":"Una alta y una baja - Padre y Decano - El Sitio del Pueblo","robots":{"index":"index","follow":"follow","max-snippet":"max-snippet:-1","max-image-preview":"max-image-preview:large","max-video-preview":"max-video-preview:-1"},"canonical":"https:\/\/www.padreydecano.com\/cms\/noticias\/una-alta-y-una-baja\/","og_locale":"es_ES","og_type":"article","og_title":"Una alta y una baja - Padre y Decano - El Sitio del Pueblo","og_description":"Se confirm\u00f3 la llegada de Rodney Green en remplazo de Huertas. Adem\u00e1s, Robin Benzing estar\u00e1 fuera de la canchas por varias semanas. Finalmente se encontr\u00f3 el sustituto de David Huertas. Se trata de Rodney Green, alegro estadounidense y que ya jug\u00f3 en dos equipos de nuestro pa\u00eds (Defensor Sporting y Hebraica y Macabi). En su [&hellip;]","og_url":"https:\/\/www.padreydecano.com\/cms\/noticias\/una-alta-y-una-baja\/","og_site_name":"Padre y Decano - El Sitio del Pueblo","article_published_time":"2023-01-03T22:45:51+00:00","article_modified_time":"2023-01-09T13:23:41+00:00","og_image":[{"width":1620,"height":1080,"url":"https:\/\/www.padreydecano.com\/cms\/wp-content\/uploads\/2023\/01\/DSC_0131-1.jpg","type":"image\/jpeg"}],"author":"Redactores Padre y Decano","twitter_card":"summary_large_image","twitter_misc":{"Escrito por":"Redactores Padre y Decano","Tiempo de lectura":"1 minuto"},"schema":{"@context":"https:\/\/schema.org","@graph":[{"@type":"Article","@id":"https:\/\/www.padreydecano.com\/cms\/noticias\/una-alta-y-una-baja\/#article","isPartOf":{"@id":"https:\/\/www.padreydecano.com\/cms\/noticias\/una-alta-y-una-baja\/"},"author":{"name":"Redactores Padre y Decano","@id":"https:\/\/www.padreydecano.com\/cms\/#\/schema\/person\/37aae8f93aa78e4c5385497f056e3246"},"headline":"Una alta y una baja","datePublished":"2023-01-03T22:45:51+00:00","dateModified":"2023-01-09T13:23:41+00:00","mainEntityOfPage":{"@id":"https:\/\/www.padreydecano.com\/cms\/noticias\/una-alta-y-una-baja\/"},"wordCount":169,"commentCount":0,"publisher":{"@id":"https:\/\/www.padreydecano.com\/cms\/#organization"},"image":{"@id":"https:\/\/www.padreydecano.com\/cms\/noticias\/una-alta-y-una-baja\/#primaryimage"},"thumbnailUrl":"https:\/\/www.padreydecano.com\/cms\/wp-content\/uploads\/2023\/01\/DSC_0131-1.jpg","keywords":["LUB 2022\/2023"],"articleSection":["Noticias"],"inLanguage":"es","potentialAction":[{"@type":"CommentAction","name":"Comment","target":["https:\/\/www.padreydecano.com\/cms\/noticias\/una-alta-y-una-baja\/#respond"]}]},{"@type":"WebPage","@id":"https:\/\/www.padreydecano.com\/cms\/noticias\/una-alta-y-una-baja\/","url":"https:\/\/www.padreydecano.com\/cms\/noticias\/una-alta-y-una-baja\/","name":"Una alta y una baja - Padre y Decano - El Sitio del Pueblo","isPartOf":{"@id":"https:\/\/www.padreydecano.com\/cms\/#website"},"primaryImageOfPage":{"@id":"https:\/\/www.padreydecano.com\/cms\/noticias\/una-alta-y-una-baja\/#primaryimage"},"image":{"@id":"https:\/\/www.padreydecano.com\/cms\/noticias\/una-alta-y-una-baja\/#primaryimage"},"thumbnailUrl":"https:\/\/www.padreydecano.com\/cms\/wp-content\/uploads\/2023\/01\/DSC_0131-1.jpg","datePublished":"2023-01-03T22:45:51+00:00","dateModified":"2023-01-09T13:23:41+00:00","breadcrumb":{"@id":"https:\/\/www.padreydecano.com\/cms\/noticias\/una-alta-y-una-baja\/#breadcrumb"},"inLanguage":"es","potentialAction":[{"@type":"ReadAction","target":["https:\/\/www.padreydecano.com\/cms\/noticias\/una-alta-y-una-baja\/"]}]},{"@type":"ImageObject","inLanguage":"es","@id":"https:\/\/www.padreydecano.com\/cms\/noticias\/una-alta-y-una-baja\/#primaryimage","url":"https:\/\/www.padreydecano.com\/cms\/wp-content\/uploads\/2023\/01\/DSC_0131-1.jpg","contentUrl":"https:\/\/www.padreydecano.com\/cms\/wp-content\/uploads\/2023\/01\/DSC_0131-1.jpg","width":1620,"height":1080},{"@type":"BreadcrumbList","@id":"https:\/\/www.padreydecano.com\/cms\/noticias\/una-alta-y-una-baja\/#breadcrumb","itemListElement":[{"@type":"ListItem","position":1,"name":"Portada","item":"https:\/\/www.padreydecano.com\/cms\/"},{"@type":"ListItem","position":2,"name":"Una alta y una baja"}]},{"@type":"WebSite","@id":"https:\/\/www.padreydecano.com\/cms\/#website","url":"https:\/\/www.padreydecano.com\/cms\/","name":"Padre y Decano - El Sitio del Pueblo","description":"Club Atl\u00e9tico Pe\u00f1arol","publisher":{"@id":"https:\/\/www.padreydecano.com\/cms\/#organization"},"potentialAction":[{"@type":"SearchAction","target":{"@type":"EntryPoint","urlTemplate":"https:\/\/www.padreydecano.com\/cms\/?s={search_term_string}"},"query-input":"required name=search_term_string"}],"inLanguage":"es"},{"@type":"Organization","@id":"https:\/\/www.padreydecano.com\/cms\/#organization","name":"Padre y Decano","url":"https:\/\/www.padreydecano.com\/cms\/","logo":{"@type":"ImageObject","inLanguage":"es","@id":"https:\/\/www.padreydecano.com\/cms\/#\/schema\/logo\/image\/","url":"https:\/\/www.padreydecano.com\/cms\/wp-content\/uploads\/2022\/01\/avatar-square.png","contentUrl":"https:\/\/www.padreydecano.com\/cms\/wp-content\/uploads\/2022\/01\/avatar-square.png","width":1500,"height":1500,"caption":"Padre y Decano"},"image":{"@id":"https:\/\/www.padreydecano.com\/cms\/#\/schema\/logo\/image\/"}},{"@type":"Person","@id":"https:\/\/www.padreydecano.com\/cms\/#\/schema\/person\/37aae8f93aa78e4c5385497f056e3246","name":"Redactores Padre y Decano","image":{"@type":"ImageObject","inLanguage":"es","@id":"https:\/\/www.padreydecano.com\/cms\/#\/schema\/person\/image\/","url":"https:\/\/secure.gravatar.com\/avatar\/8810c4b9081192b118b104af54549af8?s=96&d=https%3A%2F%2Fpadreydecano.com%2Fcms%2Fwp-content%2Fthemes%2Fpyd-theme%2Fimg%2Fdefault-avatar.png&r=g","contentUrl":"https:\/\/secure.gravatar.com\/avatar\/8810c4b9081192b118b104af54549af8?s=96&d=https%3A%2F%2Fpadreydecano.com%2Fcms%2Fwp-content%2Fthemes%2Fpyd-theme%2Fimg%2Fdefault-avatar.png&r=g","caption":"Redactores Padre y Decano"},"sameAs":["http:\/\/www.padreydecano.com"]}]}},"_links":{"self":[{"href":"https:\/\/www.padreydecano.com\/cms\/wp-json\/wp\/v2\/posts\/79603"}],"collection":[{"href":"https:\/\/www.padreydecano.com\/cms\/wp-json\/wp\/v2\/posts"}],"about":[{"href":"https:\/\/www.padreydecano.com\/cms\/wp-json\/wp\/v2\/types\/post"}],"author":[{"embeddable":true,"href":"https:\/\/www.padreydecano.com\/cms\/wp-json\/wp\/v2\/users\/27"}],"replies":[{"embeddable":true,"href":"https:\/\/www.padreydecano.com\/cms\/wp-json\/wp\/v2\/comments?post=79603"}],"version-history":[{"count":0,"href":"https:\/\/www.padreydecano.com\/cms\/wp-json\/wp\/v2\/posts\/79603\/revisions"}],"wp:featuredmedia":[{"embeddable":true,"href":"https:\/\/www.padreydecano.com\/cms\/wp-json\/wp\/v2\/media\/79612"}],"wp:attachment":[{"href":"https:\/\/www.padreydecano.com\/cms\/wp-json\/wp\/v2\/media?parent=79603"}],"wp:term":[{"taxonomy":"category","embeddable":true,"href":"https:\/\/www.padreydecano.com\/cms\/wp-json\/wp\/v2\/categories?post=79603"},{"taxonomy":"post_tag","embeddable":true,"href":"https:\/\/www.padreydecano.com\/cms\/wp-json\/wp\/v2\/tags?post=79603"}],"curies":[{"name":"wp","href":"https:\/\/api.w.org\/{rel}","templated":true}]}}