{"id":79558,"date":"2022-12-19T18:24:43","date_gmt":"2022-12-19T21:24:43","guid":{"rendered":"https:\/\/www.padreydecano.com\/cms\/?p=79558"},"modified":"2022-12-21T12:57:09","modified_gmt":"2022-12-21T15:57:09","slug":"se-van-vienen","status":"publish","type":"post","link":"https:\/\/www.padreydecano.com\/cms\/noticias\/se-van-vienen\/","title":{"rendered":"Se van, \u00bfvienen?"},"content":{"rendered":"<p><img loading=\"lazy\" decoding=\"async\" class=\"alignnone size-full wp-image-79559\" src=\"https:\/\/www.padreydecano.com\/cms\/wp-content\/uploads\/2022\/12\/5a9f4abae4da7.jpeg\" alt=\"\" width=\"580\" height=\"385\" srcset=\"https:\/\/www.padreydecano.com\/cms\/wp-content\/uploads\/2022\/12\/5a9f4abae4da7.jpeg 580w, https:\/\/www.padreydecano.com\/cms\/wp-content\/uploads\/2022\/12\/5a9f4abae4da7-300x199.jpeg 300w, https:\/\/www.padreydecano.com\/cms\/wp-content\/uploads\/2022\/12\/5a9f4abae4da7-128x85.jpeg 128w, https:\/\/www.padreydecano.com\/cms\/wp-content\/uploads\/2022\/12\/5a9f4abae4da7-32x21.jpeg 32w\" sizes=\"(max-width: 580px) 100vw, 580px\" \/><\/p>\n<p><strong>Los jugadores que vencen su contrato con el Club siguen abandonado los entrenamientos y sum\u00e1ndose a otros equipos. Pe\u00f1arol ofert\u00f3 por Abel Hern\u00e1ndez y espera respuesta.\u00a0<\/strong><\/p>\n<p>Los jugadores que vencen contrato con el decano el pr\u00f3ximo 31 de diciembre ya no entrenan con Pe\u00f1arol y se marchan libres a otros equipos.<\/p>\n<p>Kevin Dawson fue el primero en sumarse a otro equipo. El guardameta tricampe\u00f3n uruguayo con el carbonero se sum\u00f3 libre a Deportivo Cali de Colombia. Por su parte, Facundo Bonifazi se sumar\u00e1 a Defensor Sporting.<\/p>\n<p>Neto Volpi y Lucas Viatri no forman parte de los entrenamientos del plantel principal y contin\u00faan analizando su futuro deportivo. Ezequiel Busquets tampoco continuar\u00e1 en la instituci\u00f3n.<\/p>\n<p>Pe\u00f1arol busca la salida de Hern\u00e1n Rivero del equipo. Ya se le notific\u00f3 al delantero argentino de 30 a\u00f1os que no ser\u00e1 tenido en cuenta para la pr\u00f3xima temporada.<\/p>\n<p>Walter Gargano y Mat\u00edas Aguirregaray siguen entrenando en Los Aromos. Todo parece indicar que continuar\u00e1n defendiendo la camiseta aurinegra bajo las \u00f3rdenes de Alfredo Arias.<\/p>\n<p>Thiago Cardozo renovar\u00e1 contrato en la pr\u00f3xima jornada, ser\u00e1 por 2 a\u00f1os con opci\u00f3n a una tercera temporada. Se analiza la continuidad de Jhonatan Lima.<\/p>\n<p>Siguiendo con el tema del arco, el carbonero tiene en carpeta a arqueros uruguayos para competir por el puesto con Cardozo en el 2023.<\/p>\n<p>A lo que llegadas se refiere, Pe\u00f1arol le env\u00edo una nueva propuesta a Abel Hern\u00e1ndez, la cual analiza el delantero de 32 a\u00f1os y dar\u00e1 su respuesta en los pr\u00f3ximos d\u00edas. Abel tiene ofertas econ\u00f3micas importantes del f\u00fatbol mexicano.<\/p>\n<p>El caso de Sebasti\u00e1n Rodr\u00edguez contin\u00faa siendo incierto, Pe\u00f1arol negoci\u00f3 con \u00e9l y el mediocampista de 30 a\u00f1os analiza tanto la oferta del mirasol como la de Nacional y ofertas de clubes del exterior.<\/p>\n<p>Jos\u00e9 Neris, delantero de 22 a\u00f1os que disput\u00f3 la \u00faltima temporada en Albion, interesa en Pe\u00f1arol. No hay nada concreto hasta el momento.<\/p>\n<p>Se espera concretar la llegada de jugadores en todos los puestos del campo de juego. Se analizan jugadores argentinos para incorporar en la delantera.<\/p>\n<p>Los entrenamientos en Los Aromos se llevar\u00e1n a cabo hasta el jueves 22 de diciembre, ah\u00ed habr\u00e1 2 semanas de descanso hasta el martes 3 de enero.<\/p>\n<div class=\"user-wrapper\"><a class=\"userlink\"href=\"https:\/\/twitter.com\/ftrucce18\" target=\"_blank\"><figure><img decoding=\"async\" src=\"http:\/\/www.padreydecano.com\/cms\/wp-users-files\/postfirmas\/ftrucce.jpg\" \/><\/figure><p class=\"user\"><strong>Franco Trucce<\/strong><br \/>@FTrucce18<\/p><\/a><\/div>\n","protected":false},"excerpt":{"rendered":"<p>Los jugadores que vencen su contrato con el Club siguen abandonado los entrenamientos y sum\u00e1ndose a otros equipos. Pe\u00f1arol ofert\u00f3 por Abel Hern\u00e1ndez y espera respuesta.\u00a0 Los jugadores que vencen contrato con el decano el pr\u00f3ximo 31 de diciembre ya no entrenan con Pe\u00f1arol y se marchan libres a otros equipos. Kevin Dawson fue el [&hellip;]<\/p>\n","protected":false},"author":27,"featured_media":79559,"comment_status":"open","ping_status":"closed","sticky":false,"template":"","format":"standard","meta":{"footnotes":""},"categories":[1],"tags":[],"yoast_head":"<!-- This site is optimized with the Yoast SEO plugin v23.2 - https:\/\/yoast.com\/wordpress\/plugins\/seo\/ -->\n<title>Se van, \u00bfvienen? - Padre y Decano - El Sitio del Pueblo<\/title>\n<meta name=\"robots\" content=\"index, follow, max-snippet:-1, max-image-preview:large, max-video-preview:-1\" \/>\n<link rel=\"canonical\" href=\"https:\/\/www.padreydecano.com\/cms\/noticias\/se-van-vienen\/\" \/>\n<meta property=\"og:locale\" content=\"es_ES\" \/>\n<meta property=\"og:type\" content=\"article\" \/>\n<meta property=\"og:title\" content=\"Se van, \u00bfvienen? - Padre y Decano - El Sitio del Pueblo\" \/>\n<meta property=\"og:description\" content=\"Los jugadores que vencen su contrato con el Club siguen abandonado los entrenamientos y sum\u00e1ndose a otros equipos. Pe\u00f1arol ofert\u00f3 por Abel Hern\u00e1ndez y espera respuesta.\u00a0 Los jugadores que vencen contrato con el decano el pr\u00f3ximo 31 de diciembre ya no entrenan con Pe\u00f1arol y se marchan libres a otros equipos. Kevin Dawson fue el [&hellip;]\" \/>\n<meta property=\"og:url\" content=\"https:\/\/www.padreydecano.com\/cms\/noticias\/se-van-vienen\/\" \/>\n<meta property=\"og:site_name\" content=\"Padre y Decano - El Sitio del Pueblo\" \/>\n<meta property=\"article:published_time\" content=\"2022-12-19T21:24:43+00:00\" \/>\n<meta property=\"article:modified_time\" content=\"2022-12-21T15:57:09+00:00\" \/>\n<meta property=\"og:image\" content=\"https:\/\/www.padreydecano.com\/cms\/wp-content\/uploads\/2022\/12\/5a9f4abae4da7.jpeg\" \/>\n\t<meta property=\"og:image:width\" content=\"580\" \/>\n\t<meta property=\"og:image:height\" content=\"385\" \/>\n\t<meta property=\"og:image:type\" content=\"image\/jpeg\" \/>\n<meta name=\"author\" content=\"Redactores Padre y Decano\" \/>\n<meta name=\"twitter:card\" content=\"summary_large_image\" \/>\n<meta name=\"twitter:label1\" content=\"Escrito por\" \/>\n\t<meta name=\"twitter:data1\" content=\"Redactores Padre y Decano\" \/>\n\t<meta name=\"twitter:label2\" content=\"Tiempo de lectura\" \/>\n\t<meta name=\"twitter:data2\" content=\"2 minutos\" \/>\n<script type=\"application\/ld+json\" class=\"yoast-schema-graph\">{\"@context\":\"https:\/\/schema.org\",\"@graph\":[{\"@type\":\"Article\",\"@id\":\"https:\/\/www.padreydecano.com\/cms\/noticias\/se-van-vienen\/#article\",\"isPartOf\":{\"@id\":\"https:\/\/www.padreydecano.com\/cms\/noticias\/se-van-vienen\/\"},\"author\":{\"name\":\"Redactores Padre y Decano\",\"@id\":\"https:\/\/www.padreydecano.com\/cms\/#\/schema\/person\/37aae8f93aa78e4c5385497f056e3246\"},\"headline\":\"Se van, \u00bfvienen?\",\"datePublished\":\"2022-12-19T21:24:43+00:00\",\"dateModified\":\"2022-12-21T15:57:09+00:00\",\"mainEntityOfPage\":{\"@id\":\"https:\/\/www.padreydecano.com\/cms\/noticias\/se-van-vienen\/\"},\"wordCount\":390,\"commentCount\":11,\"publisher\":{\"@id\":\"https:\/\/www.padreydecano.com\/cms\/#organization\"},\"image\":{\"@id\":\"https:\/\/www.padreydecano.com\/cms\/noticias\/se-van-vienen\/#primaryimage\"},\"thumbnailUrl\":\"https:\/\/www.padreydecano.com\/cms\/wp-content\/uploads\/2022\/12\/5a9f4abae4da7.jpeg\",\"articleSection\":[\"Noticias\"],\"inLanguage\":\"es\",\"potentialAction\":[{\"@type\":\"CommentAction\",\"name\":\"Comment\",\"target\":[\"https:\/\/www.padreydecano.com\/cms\/noticias\/se-van-vienen\/#respond\"]}]},{\"@type\":\"WebPage\",\"@id\":\"https:\/\/www.padreydecano.com\/cms\/noticias\/se-van-vienen\/\",\"url\":\"https:\/\/www.padreydecano.com\/cms\/noticias\/se-van-vienen\/\",\"name\":\"Se van, \u00bfvienen? - Padre y Decano - El Sitio del Pueblo\",\"isPartOf\":{\"@id\":\"https:\/\/www.padreydecano.com\/cms\/#website\"},\"primaryImageOfPage\":{\"@id\":\"https:\/\/www.padreydecano.com\/cms\/noticias\/se-van-vienen\/#primaryimage\"},\"image\":{\"@id\":\"https:\/\/www.padreydecano.com\/cms\/noticias\/se-van-vienen\/#primaryimage\"},\"thumbnailUrl\":\"https:\/\/www.padreydecano.com\/cms\/wp-content\/uploads\/2022\/12\/5a9f4abae4da7.jpeg\",\"datePublished\":\"2022-12-19T21:24:43+00:00\",\"dateModified\":\"2022-12-21T15:57:09+00:00\",\"breadcrumb\":{\"@id\":\"https:\/\/www.padreydecano.com\/cms\/noticias\/se-van-vienen\/#breadcrumb\"},\"inLanguage\":\"es\",\"potentialAction\":[{\"@type\":\"ReadAction\",\"target\":[\"https:\/\/www.padreydecano.com\/cms\/noticias\/se-van-vienen\/\"]}]},{\"@type\":\"ImageObject\",\"inLanguage\":\"es\",\"@id\":\"https:\/\/www.padreydecano.com\/cms\/noticias\/se-van-vienen\/#primaryimage\",\"url\":\"https:\/\/www.padreydecano.com\/cms\/wp-content\/uploads\/2022\/12\/5a9f4abae4da7.jpeg\",\"contentUrl\":\"https:\/\/www.padreydecano.com\/cms\/wp-content\/uploads\/2022\/12\/5a9f4abae4da7.jpeg\",\"width\":580,\"height\":385},{\"@type\":\"BreadcrumbList\",\"@id\":\"https:\/\/www.padreydecano.com\/cms\/noticias\/se-van-vienen\/#breadcrumb\",\"itemListElement\":[{\"@type\":\"ListItem\",\"position\":1,\"name\":\"Portada\",\"item\":\"https:\/\/www.padreydecano.com\/cms\/\"},{\"@type\":\"ListItem\",\"position\":2,\"name\":\"Se van, \u00bfvienen?\"}]},{\"@type\":\"WebSite\",\"@id\":\"https:\/\/www.padreydecano.com\/cms\/#website\",\"url\":\"https:\/\/www.padreydecano.com\/cms\/\",\"name\":\"Padre y Decano - El Sitio del Pueblo\",\"description\":\"Club Atl\u00e9tico Pe\u00f1arol\",\"publisher\":{\"@id\":\"https:\/\/www.padreydecano.com\/cms\/#organization\"},\"potentialAction\":[{\"@type\":\"SearchAction\",\"target\":{\"@type\":\"EntryPoint\",\"urlTemplate\":\"https:\/\/www.padreydecano.com\/cms\/?s={search_term_string}\"},\"query-input\":\"required name=search_term_string\"}],\"inLanguage\":\"es\"},{\"@type\":\"Organization\",\"@id\":\"https:\/\/www.padreydecano.com\/cms\/#organization\",\"name\":\"Padre y Decano\",\"url\":\"https:\/\/www.padreydecano.com\/cms\/\",\"logo\":{\"@type\":\"ImageObject\",\"inLanguage\":\"es\",\"@id\":\"https:\/\/www.padreydecano.com\/cms\/#\/schema\/logo\/image\/\",\"url\":\"https:\/\/www.padreydecano.com\/cms\/wp-content\/uploads\/2022\/01\/avatar-square.png\",\"contentUrl\":\"https:\/\/www.padreydecano.com\/cms\/wp-content\/uploads\/2022\/01\/avatar-square.png\",\"width\":1500,\"height\":1500,\"caption\":\"Padre y Decano\"},\"image\":{\"@id\":\"https:\/\/www.padreydecano.com\/cms\/#\/schema\/logo\/image\/\"}},{\"@type\":\"Person\",\"@id\":\"https:\/\/www.padreydecano.com\/cms\/#\/schema\/person\/37aae8f93aa78e4c5385497f056e3246\",\"name\":\"Redactores Padre y Decano\",\"image\":{\"@type\":\"ImageObject\",\"inLanguage\":\"es\",\"@id\":\"https:\/\/www.padreydecano.com\/cms\/#\/schema\/person\/image\/\",\"url\":\"https:\/\/secure.gravatar.com\/avatar\/8810c4b9081192b118b104af54549af8?s=96&d=https%3A%2F%2Fpadreydecano.com%2Fcms%2Fwp-content%2Fthemes%2Fpyd-theme%2Fimg%2Fdefault-avatar.png&r=g\",\"contentUrl\":\"https:\/\/secure.gravatar.com\/avatar\/8810c4b9081192b118b104af54549af8?s=96&d=https%3A%2F%2Fpadreydecano.com%2Fcms%2Fwp-content%2Fthemes%2Fpyd-theme%2Fimg%2Fdefault-avatar.png&r=g\",\"caption\":\"Redactores Padre y Decano\"},\"sameAs\":[\"http:\/\/www.padreydecano.com\"]}]}<\/script>\n<!-- \/ Yoast SEO plugin. -->","yoast_head_json":{"title":"Se van, \u00bfvienen? - Padre y Decano - El Sitio del Pueblo","robots":{"index":"index","follow":"follow","max-snippet":"max-snippet:-1","max-image-preview":"max-image-preview:large","max-video-preview":"max-video-preview:-1"},"canonical":"https:\/\/www.padreydecano.com\/cms\/noticias\/se-van-vienen\/","og_locale":"es_ES","og_type":"article","og_title":"Se van, \u00bfvienen? - Padre y Decano - El Sitio del Pueblo","og_description":"Los jugadores que vencen su contrato con el Club siguen abandonado los entrenamientos y sum\u00e1ndose a otros equipos. Pe\u00f1arol ofert\u00f3 por Abel Hern\u00e1ndez y espera respuesta.\u00a0 Los jugadores que vencen contrato con el decano el pr\u00f3ximo 31 de diciembre ya no entrenan con Pe\u00f1arol y se marchan libres a otros equipos. Kevin Dawson fue el [&hellip;]","og_url":"https:\/\/www.padreydecano.com\/cms\/noticias\/se-van-vienen\/","og_site_name":"Padre y Decano - El Sitio del Pueblo","article_published_time":"2022-12-19T21:24:43+00:00","article_modified_time":"2022-12-21T15:57:09+00:00","og_image":[{"width":580,"height":385,"url":"https:\/\/www.padreydecano.com\/cms\/wp-content\/uploads\/2022\/12\/5a9f4abae4da7.jpeg","type":"image\/jpeg"}],"author":"Redactores Padre y Decano","twitter_card":"summary_large_image","twitter_misc":{"Escrito por":"Redactores Padre y Decano","Tiempo de lectura":"2 minutos"},"schema":{"@context":"https:\/\/schema.org","@graph":[{"@type":"Article","@id":"https:\/\/www.padreydecano.com\/cms\/noticias\/se-van-vienen\/#article","isPartOf":{"@id":"https:\/\/www.padreydecano.com\/cms\/noticias\/se-van-vienen\/"},"author":{"name":"Redactores Padre y Decano","@id":"https:\/\/www.padreydecano.com\/cms\/#\/schema\/person\/37aae8f93aa78e4c5385497f056e3246"},"headline":"Se van, \u00bfvienen?","datePublished":"2022-12-19T21:24:43+00:00","dateModified":"2022-12-21T15:57:09+00:00","mainEntityOfPage":{"@id":"https:\/\/www.padreydecano.com\/cms\/noticias\/se-van-vienen\/"},"wordCount":390,"commentCount":11,"publisher":{"@id":"https:\/\/www.padreydecano.com\/cms\/#organization"},"image":{"@id":"https:\/\/www.padreydecano.com\/cms\/noticias\/se-van-vienen\/#primaryimage"},"thumbnailUrl":"https:\/\/www.padreydecano.com\/cms\/wp-content\/uploads\/2022\/12\/5a9f4abae4da7.jpeg","articleSection":["Noticias"],"inLanguage":"es","potentialAction":[{"@type":"CommentAction","name":"Comment","target":["https:\/\/www.padreydecano.com\/cms\/noticias\/se-van-vienen\/#respond"]}]},{"@type":"WebPage","@id":"https:\/\/www.padreydecano.com\/cms\/noticias\/se-van-vienen\/","url":"https:\/\/www.padreydecano.com\/cms\/noticias\/se-van-vienen\/","name":"Se van, \u00bfvienen? - Padre y Decano - El Sitio del Pueblo","isPartOf":{"@id":"https:\/\/www.padreydecano.com\/cms\/#website"},"primaryImageOfPage":{"@id":"https:\/\/www.padreydecano.com\/cms\/noticias\/se-van-vienen\/#primaryimage"},"image":{"@id":"https:\/\/www.padreydecano.com\/cms\/noticias\/se-van-vienen\/#primaryimage"},"thumbnailUrl":"https:\/\/www.padreydecano.com\/cms\/wp-content\/uploads\/2022\/12\/5a9f4abae4da7.jpeg","datePublished":"2022-12-19T21:24:43+00:00","dateModified":"2022-12-21T15:57:09+00:00","breadcrumb":{"@id":"https:\/\/www.padreydecano.com\/cms\/noticias\/se-van-vienen\/#breadcrumb"},"inLanguage":"es","potentialAction":[{"@type":"ReadAction","target":["https:\/\/www.padreydecano.com\/cms\/noticias\/se-van-vienen\/"]}]},{"@type":"ImageObject","inLanguage":"es","@id":"https:\/\/www.padreydecano.com\/cms\/noticias\/se-van-vienen\/#primaryimage","url":"https:\/\/www.padreydecano.com\/cms\/wp-content\/uploads\/2022\/12\/5a9f4abae4da7.jpeg","contentUrl":"https:\/\/www.padreydecano.com\/cms\/wp-content\/uploads\/2022\/12\/5a9f4abae4da7.jpeg","width":580,"height":385},{"@type":"BreadcrumbList","@id":"https:\/\/www.padreydecano.com\/cms\/noticias\/se-van-vienen\/#breadcrumb","itemListElement":[{"@type":"ListItem","position":1,"name":"Portada","item":"https:\/\/www.padreydecano.com\/cms\/"},{"@type":"ListItem","position":2,"name":"Se van, \u00bfvienen?"}]},{"@type":"WebSite","@id":"https:\/\/www.padreydecano.com\/cms\/#website","url":"https:\/\/www.padreydecano.com\/cms\/","name":"Padre y Decano - El Sitio del Pueblo","description":"Club Atl\u00e9tico Pe\u00f1arol","publisher":{"@id":"https:\/\/www.padreydecano.com\/cms\/#organization"},"potentialAction":[{"@type":"SearchAction","target":{"@type":"EntryPoint","urlTemplate":"https:\/\/www.padreydecano.com\/cms\/?s={search_term_string}"},"query-input":"required name=search_term_string"}],"inLanguage":"es"},{"@type":"Organization","@id":"https:\/\/www.padreydecano.com\/cms\/#organization","name":"Padre y Decano","url":"https:\/\/www.padreydecano.com\/cms\/","logo":{"@type":"ImageObject","inLanguage":"es","@id":"https:\/\/www.padreydecano.com\/cms\/#\/schema\/logo\/image\/","url":"https:\/\/www.padreydecano.com\/cms\/wp-content\/uploads\/2022\/01\/avatar-square.png","contentUrl":"https:\/\/www.padreydecano.com\/cms\/wp-content\/uploads\/2022\/01\/avatar-square.png","width":1500,"height":1500,"caption":"Padre y Decano"},"image":{"@id":"https:\/\/www.padreydecano.com\/cms\/#\/schema\/logo\/image\/"}},{"@type":"Person","@id":"https:\/\/www.padreydecano.com\/cms\/#\/schema\/person\/37aae8f93aa78e4c5385497f056e3246","name":"Redactores Padre y Decano","image":{"@type":"ImageObject","inLanguage":"es","@id":"https:\/\/www.padreydecano.com\/cms\/#\/schema\/person\/image\/","url":"https:\/\/secure.gravatar.com\/avatar\/8810c4b9081192b118b104af54549af8?s=96&d=https%3A%2F%2Fpadreydecano.com%2Fcms%2Fwp-content%2Fthemes%2Fpyd-theme%2Fimg%2Fdefault-avatar.png&r=g","contentUrl":"https:\/\/secure.gravatar.com\/avatar\/8810c4b9081192b118b104af54549af8?s=96&d=https%3A%2F%2Fpadreydecano.com%2Fcms%2Fwp-content%2Fthemes%2Fpyd-theme%2Fimg%2Fdefault-avatar.png&r=g","caption":"Redactores Padre y Decano"},"sameAs":["http:\/\/www.padreydecano.com"]}]}},"_links":{"self":[{"href":"https:\/\/www.padreydecano.com\/cms\/wp-json\/wp\/v2\/posts\/79558"}],"collection":[{"href":"https:\/\/www.padreydecano.com\/cms\/wp-json\/wp\/v2\/posts"}],"about":[{"href":"https:\/\/www.padreydecano.com\/cms\/wp-json\/wp\/v2\/types\/post"}],"author":[{"embeddable":true,"href":"https:\/\/www.padreydecano.com\/cms\/wp-json\/wp\/v2\/users\/27"}],"replies":[{"embeddable":true,"href":"https:\/\/www.padreydecano.com\/cms\/wp-json\/wp\/v2\/comments?post=79558"}],"version-history":[{"count":0,"href":"https:\/\/www.padreydecano.com\/cms\/wp-json\/wp\/v2\/posts\/79558\/revisions"}],"wp:featuredmedia":[{"embeddable":true,"href":"https:\/\/www.padreydecano.com\/cms\/wp-json\/wp\/v2\/media\/79559"}],"wp:attachment":[{"href":"https:\/\/www.padreydecano.com\/cms\/wp-json\/wp\/v2\/media?parent=79558"}],"wp:term":[{"taxonomy":"category","embeddable":true,"href":"https:\/\/www.padreydecano.com\/cms\/wp-json\/wp\/v2\/categories?post=79558"},{"taxonomy":"post_tag","embeddable":true,"href":"https:\/\/www.padreydecano.com\/cms\/wp-json\/wp\/v2\/tags?post=79558"}],"curies":[{"name":"wp","href":"https:\/\/api.w.org\/{rel}","templated":true}]}}