{"id":79552,"date":"2022-12-15T18:43:02","date_gmt":"2022-12-15T21:43:02","guid":{"rendered":"https:\/\/www.padreydecano.com\/cms\/?p=79552"},"modified":"2022-12-19T18:33:45","modified_gmt":"2022-12-19T21:33:45","slug":"el-movimiento-del-mercado","status":"publish","type":"post","link":"https:\/\/www.padreydecano.com\/cms\/noticias\/el-movimiento-del-mercado\/","title":{"rendered":"El movimiento del mercado"},"content":{"rendered":"<div id=\"attachment_79553\" style=\"width: 610px\" class=\"wp-caption alignnone\"><img loading=\"lazy\" decoding=\"async\" aria-describedby=\"caption-attachment-79553\" class=\"wp-image-79553 size-medium\" src=\"https:\/\/www.padreydecano.com\/cms\/wp-content\/uploads\/2022\/12\/LPAU3SKZ73EPL6J5WLS5EF47NE-600x400.jpg\" alt=\"\" width=\"600\" height=\"400\" srcset=\"https:\/\/www.padreydecano.com\/cms\/wp-content\/uploads\/2022\/12\/LPAU3SKZ73EPL6J5WLS5EF47NE-600x400.jpg 600w, https:\/\/www.padreydecano.com\/cms\/wp-content\/uploads\/2022\/12\/LPAU3SKZ73EPL6J5WLS5EF47NE-768x512.jpg 768w, https:\/\/www.padreydecano.com\/cms\/wp-content\/uploads\/2022\/12\/LPAU3SKZ73EPL6J5WLS5EF47NE-300x200.jpg 300w, https:\/\/www.padreydecano.com\/cms\/wp-content\/uploads\/2022\/12\/LPAU3SKZ73EPL6J5WLS5EF47NE-128x85.jpg 128w, https:\/\/www.padreydecano.com\/cms\/wp-content\/uploads\/2022\/12\/LPAU3SKZ73EPL6J5WLS5EF47NE-32x21.jpg 32w, https:\/\/www.padreydecano.com\/cms\/wp-content\/uploads\/2022\/12\/LPAU3SKZ73EPL6J5WLS5EF47NE.jpg 1005w\" sizes=\"(max-width: 600px) 100vw, 600px\" \/><p id=\"caption-attachment-79553\" class=\"wp-caption-text\">Foto: eluniverso.com<\/p><\/div>\n<p><strong>Pe\u00f1arol trabaja en las incorporaciones pensando en la temporada 2023. Brahian Alem\u00e1n y Maximiliano Falc\u00f3n no lograron un acuerdo y se alejan. Pablo Ceppelini y Sebasti\u00e1n Rodr\u00edguez son los jugadores m\u00e1s cercanos por el momento.<\/strong><\/p>\n<p>El decano del f\u00fatbol uruguayo contin\u00faa en movimiento pensando en las incorporaciones para la temporada 2023.<\/p>\n<p>El grupo empresarial de Brahian Alem\u00e1n y Maximiliano Falc\u00f3n negociaron con Pe\u00f1arol, pero el Club no logr\u00f3 acordar las pretensiones de los uruguayos que militan en el exterior y su posibilidad de llegar al carbonero es cada vez menor, por lo menos por ahora.<\/p>\n<p>La renovaci\u00f3n de Thiago Cardozo se dar\u00e1 en los pr\u00f3ximos d\u00edas. Desde hace m\u00e1s de una semana se logr\u00f3 el preacuerdo y entrena luchando por ser titular en el pr\u00f3ximo a\u00f1o. Se analiza la llegada de un arquero entre varios nombres que est\u00e1n arriba de la mesa, algunos son uruguayos y otros extranjeros.<\/p>\n<p>Pablo Ceppelini parece ser el jugador que est\u00e1 m\u00e1s cerca de retornar a Pe\u00f1arol. El entrenador Alfredo Arias autoriz\u00f3 su retorno y el mediocampista ofensivo de 31 a\u00f1os tiene intenciones de volver a vestirse con la camiseta aurinegra. Viene de quedar libre de Cruz Azul de M\u00e9xico y de quedar varios meses en inactividad oficial. Sus \u00faltimos partidos fueron justamente con la casaca mirasol.<\/p>\n<p>Ceppelini no es el \u00fanico ex Pe\u00f1arol que interesa actualmente para concretar un retorno. El carbonero se contact\u00f3 con Abel Hern\u00e1ndez, delantero de 32 a\u00f1os que se encontraba en San Luis y qued\u00f3 libre. Abel llam\u00f3 la atenci\u00f3n de otros equipos de la Liga MX y lleg\u00f3 a sostener acuerdos de palabra con Tijuana y Mazatl\u00e1n, pero no firm\u00f3 con ninguno de ellos y contin\u00faa analizando su futuro. Volver a Uruguay es una posibilidad entre tantas otras, pero es una posibilidad certera.<\/p>\n<p>Sebasti\u00e1n Rodr\u00edguez es otro de los jugadores que est\u00e1n cerca de llegar a Pe\u00f1arol. El volante mixto de 30 a\u00f1os con pasado en Danubio, Almer\u00eda de Espa\u00f1a, Liverpool y Nacional de Uruguay, Tiburones Rojos de M\u00e9xico y Emelec de Ecuador qued\u00f3 libre y tiene el deseo de llegar al carbonero.<\/p>\n<p>Alfredo Arias todav\u00eda no defini\u00f3 las salidas de ciertos jugadores. Entre ellos Walter Gargano y Mat\u00edas Aguirregaray (contrato hasta mediados y fin de 2023 respectivamente). Adem\u00e1s, se define como se dar\u00e1 la salida del delantero argentino Hern\u00e1n Rivero.<\/p>\n<p>Kevin Dawson (presentado en Deportivo Cali de Colombia), Neto Volpi, Facundo Bonifazi y Lucas Viatri desde hace unos d\u00edas no entrenan con el carbonero. Todos ellos finalizaron contrato con el aurinegro.<\/p>\n<div class=\"user-wrapper\"><a class=\"userlink\"href=\"https:\/\/twitter.com\/ftrucce18\" target=\"_blank\"><figure><img decoding=\"async\" src=\"http:\/\/www.padreydecano.com\/cms\/wp-users-files\/postfirmas\/ftrucce.jpg\" \/><\/figure><p class=\"user\"><strong>Franco Trucce<\/strong><br \/>@FTrucce18<\/p><\/a><\/div>\n","protected":false},"excerpt":{"rendered":"<p>Pe\u00f1arol trabaja en las incorporaciones pensando en la temporada 2023. Brahian Alem\u00e1n y Maximiliano Falc\u00f3n no lograron un acuerdo y se alejan. Pablo Ceppelini y Sebasti\u00e1n Rodr\u00edguez son los jugadores m\u00e1s cercanos por el momento. El decano del f\u00fatbol uruguayo contin\u00faa en movimiento pensando en las incorporaciones para la temporada 2023. El grupo empresarial de [&hellip;]<\/p>\n","protected":false},"author":27,"featured_media":79553,"comment_status":"open","ping_status":"closed","sticky":false,"template":"","format":"standard","meta":{"footnotes":""},"categories":[1],"tags":[],"yoast_head":"<!-- This site is optimized with the Yoast SEO plugin v23.2 - https:\/\/yoast.com\/wordpress\/plugins\/seo\/ -->\n<title>El movimiento del mercado - Padre y Decano - El Sitio del Pueblo<\/title>\n<meta name=\"robots\" content=\"index, follow, max-snippet:-1, max-image-preview:large, max-video-preview:-1\" \/>\n<link rel=\"canonical\" href=\"https:\/\/www.padreydecano.com\/cms\/noticias\/el-movimiento-del-mercado\/\" \/>\n<meta property=\"og:locale\" content=\"es_ES\" \/>\n<meta property=\"og:type\" content=\"article\" \/>\n<meta property=\"og:title\" content=\"El movimiento del mercado - Padre y Decano - El Sitio del Pueblo\" \/>\n<meta property=\"og:description\" content=\"Pe\u00f1arol trabaja en las incorporaciones pensando en la temporada 2023. Brahian Alem\u00e1n y Maximiliano Falc\u00f3n no lograron un acuerdo y se alejan. Pablo Ceppelini y Sebasti\u00e1n Rodr\u00edguez son los jugadores m\u00e1s cercanos por el momento. El decano del f\u00fatbol uruguayo contin\u00faa en movimiento pensando en las incorporaciones para la temporada 2023. El grupo empresarial de [&hellip;]\" \/>\n<meta property=\"og:url\" content=\"https:\/\/www.padreydecano.com\/cms\/noticias\/el-movimiento-del-mercado\/\" \/>\n<meta property=\"og:site_name\" content=\"Padre y Decano - El Sitio del Pueblo\" \/>\n<meta property=\"article:published_time\" content=\"2022-12-15T21:43:02+00:00\" \/>\n<meta property=\"article:modified_time\" content=\"2022-12-19T21:33:45+00:00\" \/>\n<meta property=\"og:image\" content=\"https:\/\/www.padreydecano.com\/cms\/wp-content\/uploads\/2022\/12\/LPAU3SKZ73EPL6J5WLS5EF47NE.jpg\" \/>\n\t<meta property=\"og:image:width\" content=\"1005\" \/>\n\t<meta property=\"og:image:height\" content=\"670\" \/>\n\t<meta property=\"og:image:type\" content=\"image\/jpeg\" \/>\n<meta name=\"author\" content=\"Redactores Padre y Decano\" \/>\n<meta name=\"twitter:card\" content=\"summary_large_image\" \/>\n<meta name=\"twitter:label1\" content=\"Escrito por\" \/>\n\t<meta name=\"twitter:data1\" content=\"Redactores Padre y Decano\" \/>\n\t<meta name=\"twitter:label2\" content=\"Tiempo de lectura\" \/>\n\t<meta name=\"twitter:data2\" content=\"3 minutos\" \/>\n<script type=\"application\/ld+json\" class=\"yoast-schema-graph\">{\"@context\":\"https:\/\/schema.org\",\"@graph\":[{\"@type\":\"Article\",\"@id\":\"https:\/\/www.padreydecano.com\/cms\/noticias\/el-movimiento-del-mercado\/#article\",\"isPartOf\":{\"@id\":\"https:\/\/www.padreydecano.com\/cms\/noticias\/el-movimiento-del-mercado\/\"},\"author\":{\"name\":\"Redactores Padre y Decano\",\"@id\":\"https:\/\/www.padreydecano.com\/cms\/#\/schema\/person\/37aae8f93aa78e4c5385497f056e3246\"},\"headline\":\"El movimiento del mercado\",\"datePublished\":\"2022-12-15T21:43:02+00:00\",\"dateModified\":\"2022-12-19T21:33:45+00:00\",\"mainEntityOfPage\":{\"@id\":\"https:\/\/www.padreydecano.com\/cms\/noticias\/el-movimiento-del-mercado\/\"},\"wordCount\":463,\"commentCount\":85,\"publisher\":{\"@id\":\"https:\/\/www.padreydecano.com\/cms\/#organization\"},\"image\":{\"@id\":\"https:\/\/www.padreydecano.com\/cms\/noticias\/el-movimiento-del-mercado\/#primaryimage\"},\"thumbnailUrl\":\"https:\/\/www.padreydecano.com\/cms\/wp-content\/uploads\/2022\/12\/LPAU3SKZ73EPL6J5WLS5EF47NE.jpg\",\"articleSection\":[\"Noticias\"],\"inLanguage\":\"es\",\"potentialAction\":[{\"@type\":\"CommentAction\",\"name\":\"Comment\",\"target\":[\"https:\/\/www.padreydecano.com\/cms\/noticias\/el-movimiento-del-mercado\/#respond\"]}]},{\"@type\":\"WebPage\",\"@id\":\"https:\/\/www.padreydecano.com\/cms\/noticias\/el-movimiento-del-mercado\/\",\"url\":\"https:\/\/www.padreydecano.com\/cms\/noticias\/el-movimiento-del-mercado\/\",\"name\":\"El movimiento del mercado - Padre y Decano - El Sitio del Pueblo\",\"isPartOf\":{\"@id\":\"https:\/\/www.padreydecano.com\/cms\/#website\"},\"primaryImageOfPage\":{\"@id\":\"https:\/\/www.padreydecano.com\/cms\/noticias\/el-movimiento-del-mercado\/#primaryimage\"},\"image\":{\"@id\":\"https:\/\/www.padreydecano.com\/cms\/noticias\/el-movimiento-del-mercado\/#primaryimage\"},\"thumbnailUrl\":\"https:\/\/www.padreydecano.com\/cms\/wp-content\/uploads\/2022\/12\/LPAU3SKZ73EPL6J5WLS5EF47NE.jpg\",\"datePublished\":\"2022-12-15T21:43:02+00:00\",\"dateModified\":\"2022-12-19T21:33:45+00:00\",\"breadcrumb\":{\"@id\":\"https:\/\/www.padreydecano.com\/cms\/noticias\/el-movimiento-del-mercado\/#breadcrumb\"},\"inLanguage\":\"es\",\"potentialAction\":[{\"@type\":\"ReadAction\",\"target\":[\"https:\/\/www.padreydecano.com\/cms\/noticias\/el-movimiento-del-mercado\/\"]}]},{\"@type\":\"ImageObject\",\"inLanguage\":\"es\",\"@id\":\"https:\/\/www.padreydecano.com\/cms\/noticias\/el-movimiento-del-mercado\/#primaryimage\",\"url\":\"https:\/\/www.padreydecano.com\/cms\/wp-content\/uploads\/2022\/12\/LPAU3SKZ73EPL6J5WLS5EF47NE.jpg\",\"contentUrl\":\"https:\/\/www.padreydecano.com\/cms\/wp-content\/uploads\/2022\/12\/LPAU3SKZ73EPL6J5WLS5EF47NE.jpg\",\"width\":1005,\"height\":670},{\"@type\":\"BreadcrumbList\",\"@id\":\"https:\/\/www.padreydecano.com\/cms\/noticias\/el-movimiento-del-mercado\/#breadcrumb\",\"itemListElement\":[{\"@type\":\"ListItem\",\"position\":1,\"name\":\"Portada\",\"item\":\"https:\/\/www.padreydecano.com\/cms\/\"},{\"@type\":\"ListItem\",\"position\":2,\"name\":\"El movimiento del mercado\"}]},{\"@type\":\"WebSite\",\"@id\":\"https:\/\/www.padreydecano.com\/cms\/#website\",\"url\":\"https:\/\/www.padreydecano.com\/cms\/\",\"name\":\"Padre y Decano - El Sitio del Pueblo\",\"description\":\"Club Atl\u00e9tico Pe\u00f1arol\",\"publisher\":{\"@id\":\"https:\/\/www.padreydecano.com\/cms\/#organization\"},\"potentialAction\":[{\"@type\":\"SearchAction\",\"target\":{\"@type\":\"EntryPoint\",\"urlTemplate\":\"https:\/\/www.padreydecano.com\/cms\/?s={search_term_string}\"},\"query-input\":\"required name=search_term_string\"}],\"inLanguage\":\"es\"},{\"@type\":\"Organization\",\"@id\":\"https:\/\/www.padreydecano.com\/cms\/#organization\",\"name\":\"Padre y Decano\",\"url\":\"https:\/\/www.padreydecano.com\/cms\/\",\"logo\":{\"@type\":\"ImageObject\",\"inLanguage\":\"es\",\"@id\":\"https:\/\/www.padreydecano.com\/cms\/#\/schema\/logo\/image\/\",\"url\":\"https:\/\/www.padreydecano.com\/cms\/wp-content\/uploads\/2022\/01\/avatar-square.png\",\"contentUrl\":\"https:\/\/www.padreydecano.com\/cms\/wp-content\/uploads\/2022\/01\/avatar-square.png\",\"width\":1500,\"height\":1500,\"caption\":\"Padre y Decano\"},\"image\":{\"@id\":\"https:\/\/www.padreydecano.com\/cms\/#\/schema\/logo\/image\/\"}},{\"@type\":\"Person\",\"@id\":\"https:\/\/www.padreydecano.com\/cms\/#\/schema\/person\/37aae8f93aa78e4c5385497f056e3246\",\"name\":\"Redactores Padre y Decano\",\"image\":{\"@type\":\"ImageObject\",\"inLanguage\":\"es\",\"@id\":\"https:\/\/www.padreydecano.com\/cms\/#\/schema\/person\/image\/\",\"url\":\"https:\/\/secure.gravatar.com\/avatar\/8810c4b9081192b118b104af54549af8?s=96&d=https%3A%2F%2Fpadreydecano.com%2Fcms%2Fwp-content%2Fthemes%2Fpyd-theme%2Fimg%2Fdefault-avatar.png&r=g\",\"contentUrl\":\"https:\/\/secure.gravatar.com\/avatar\/8810c4b9081192b118b104af54549af8?s=96&d=https%3A%2F%2Fpadreydecano.com%2Fcms%2Fwp-content%2Fthemes%2Fpyd-theme%2Fimg%2Fdefault-avatar.png&r=g\",\"caption\":\"Redactores Padre y Decano\"},\"sameAs\":[\"http:\/\/www.padreydecano.com\"]}]}<\/script>\n<!-- \/ Yoast SEO plugin. -->","yoast_head_json":{"title":"El movimiento del mercado - Padre y Decano - El Sitio del Pueblo","robots":{"index":"index","follow":"follow","max-snippet":"max-snippet:-1","max-image-preview":"max-image-preview:large","max-video-preview":"max-video-preview:-1"},"canonical":"https:\/\/www.padreydecano.com\/cms\/noticias\/el-movimiento-del-mercado\/","og_locale":"es_ES","og_type":"article","og_title":"El movimiento del mercado - Padre y Decano - El Sitio del Pueblo","og_description":"Pe\u00f1arol trabaja en las incorporaciones pensando en la temporada 2023. Brahian Alem\u00e1n y Maximiliano Falc\u00f3n no lograron un acuerdo y se alejan. Pablo Ceppelini y Sebasti\u00e1n Rodr\u00edguez son los jugadores m\u00e1s cercanos por el momento. El decano del f\u00fatbol uruguayo contin\u00faa en movimiento pensando en las incorporaciones para la temporada 2023. El grupo empresarial de [&hellip;]","og_url":"https:\/\/www.padreydecano.com\/cms\/noticias\/el-movimiento-del-mercado\/","og_site_name":"Padre y Decano - El Sitio del Pueblo","article_published_time":"2022-12-15T21:43:02+00:00","article_modified_time":"2022-12-19T21:33:45+00:00","og_image":[{"width":1005,"height":670,"url":"https:\/\/www.padreydecano.com\/cms\/wp-content\/uploads\/2022\/12\/LPAU3SKZ73EPL6J5WLS5EF47NE.jpg","type":"image\/jpeg"}],"author":"Redactores Padre y Decano","twitter_card":"summary_large_image","twitter_misc":{"Escrito por":"Redactores Padre y Decano","Tiempo de lectura":"3 minutos"},"schema":{"@context":"https:\/\/schema.org","@graph":[{"@type":"Article","@id":"https:\/\/www.padreydecano.com\/cms\/noticias\/el-movimiento-del-mercado\/#article","isPartOf":{"@id":"https:\/\/www.padreydecano.com\/cms\/noticias\/el-movimiento-del-mercado\/"},"author":{"name":"Redactores Padre y Decano","@id":"https:\/\/www.padreydecano.com\/cms\/#\/schema\/person\/37aae8f93aa78e4c5385497f056e3246"},"headline":"El movimiento del mercado","datePublished":"2022-12-15T21:43:02+00:00","dateModified":"2022-12-19T21:33:45+00:00","mainEntityOfPage":{"@id":"https:\/\/www.padreydecano.com\/cms\/noticias\/el-movimiento-del-mercado\/"},"wordCount":463,"commentCount":85,"publisher":{"@id":"https:\/\/www.padreydecano.com\/cms\/#organization"},"image":{"@id":"https:\/\/www.padreydecano.com\/cms\/noticias\/el-movimiento-del-mercado\/#primaryimage"},"thumbnailUrl":"https:\/\/www.padreydecano.com\/cms\/wp-content\/uploads\/2022\/12\/LPAU3SKZ73EPL6J5WLS5EF47NE.jpg","articleSection":["Noticias"],"inLanguage":"es","potentialAction":[{"@type":"CommentAction","name":"Comment","target":["https:\/\/www.padreydecano.com\/cms\/noticias\/el-movimiento-del-mercado\/#respond"]}]},{"@type":"WebPage","@id":"https:\/\/www.padreydecano.com\/cms\/noticias\/el-movimiento-del-mercado\/","url":"https:\/\/www.padreydecano.com\/cms\/noticias\/el-movimiento-del-mercado\/","name":"El movimiento del mercado - Padre y Decano - El Sitio del Pueblo","isPartOf":{"@id":"https:\/\/www.padreydecano.com\/cms\/#website"},"primaryImageOfPage":{"@id":"https:\/\/www.padreydecano.com\/cms\/noticias\/el-movimiento-del-mercado\/#primaryimage"},"image":{"@id":"https:\/\/www.padreydecano.com\/cms\/noticias\/el-movimiento-del-mercado\/#primaryimage"},"thumbnailUrl":"https:\/\/www.padreydecano.com\/cms\/wp-content\/uploads\/2022\/12\/LPAU3SKZ73EPL6J5WLS5EF47NE.jpg","datePublished":"2022-12-15T21:43:02+00:00","dateModified":"2022-12-19T21:33:45+00:00","breadcrumb":{"@id":"https:\/\/www.padreydecano.com\/cms\/noticias\/el-movimiento-del-mercado\/#breadcrumb"},"inLanguage":"es","potentialAction":[{"@type":"ReadAction","target":["https:\/\/www.padreydecano.com\/cms\/noticias\/el-movimiento-del-mercado\/"]}]},{"@type":"ImageObject","inLanguage":"es","@id":"https:\/\/www.padreydecano.com\/cms\/noticias\/el-movimiento-del-mercado\/#primaryimage","url":"https:\/\/www.padreydecano.com\/cms\/wp-content\/uploads\/2022\/12\/LPAU3SKZ73EPL6J5WLS5EF47NE.jpg","contentUrl":"https:\/\/www.padreydecano.com\/cms\/wp-content\/uploads\/2022\/12\/LPAU3SKZ73EPL6J5WLS5EF47NE.jpg","width":1005,"height":670},{"@type":"BreadcrumbList","@id":"https:\/\/www.padreydecano.com\/cms\/noticias\/el-movimiento-del-mercado\/#breadcrumb","itemListElement":[{"@type":"ListItem","position":1,"name":"Portada","item":"https:\/\/www.padreydecano.com\/cms\/"},{"@type":"ListItem","position":2,"name":"El movimiento del mercado"}]},{"@type":"WebSite","@id":"https:\/\/www.padreydecano.com\/cms\/#website","url":"https:\/\/www.padreydecano.com\/cms\/","name":"Padre y Decano - El Sitio del Pueblo","description":"Club Atl\u00e9tico Pe\u00f1arol","publisher":{"@id":"https:\/\/www.padreydecano.com\/cms\/#organization"},"potentialAction":[{"@type":"SearchAction","target":{"@type":"EntryPoint","urlTemplate":"https:\/\/www.padreydecano.com\/cms\/?s={search_term_string}"},"query-input":"required name=search_term_string"}],"inLanguage":"es"},{"@type":"Organization","@id":"https:\/\/www.padreydecano.com\/cms\/#organization","name":"Padre y Decano","url":"https:\/\/www.padreydecano.com\/cms\/","logo":{"@type":"ImageObject","inLanguage":"es","@id":"https:\/\/www.padreydecano.com\/cms\/#\/schema\/logo\/image\/","url":"https:\/\/www.padreydecano.com\/cms\/wp-content\/uploads\/2022\/01\/avatar-square.png","contentUrl":"https:\/\/www.padreydecano.com\/cms\/wp-content\/uploads\/2022\/01\/avatar-square.png","width":1500,"height":1500,"caption":"Padre y Decano"},"image":{"@id":"https:\/\/www.padreydecano.com\/cms\/#\/schema\/logo\/image\/"}},{"@type":"Person","@id":"https:\/\/www.padreydecano.com\/cms\/#\/schema\/person\/37aae8f93aa78e4c5385497f056e3246","name":"Redactores Padre y Decano","image":{"@type":"ImageObject","inLanguage":"es","@id":"https:\/\/www.padreydecano.com\/cms\/#\/schema\/person\/image\/","url":"https:\/\/secure.gravatar.com\/avatar\/8810c4b9081192b118b104af54549af8?s=96&d=https%3A%2F%2Fpadreydecano.com%2Fcms%2Fwp-content%2Fthemes%2Fpyd-theme%2Fimg%2Fdefault-avatar.png&r=g","contentUrl":"https:\/\/secure.gravatar.com\/avatar\/8810c4b9081192b118b104af54549af8?s=96&d=https%3A%2F%2Fpadreydecano.com%2Fcms%2Fwp-content%2Fthemes%2Fpyd-theme%2Fimg%2Fdefault-avatar.png&r=g","caption":"Redactores Padre y Decano"},"sameAs":["http:\/\/www.padreydecano.com"]}]}},"_links":{"self":[{"href":"https:\/\/www.padreydecano.com\/cms\/wp-json\/wp\/v2\/posts\/79552"}],"collection":[{"href":"https:\/\/www.padreydecano.com\/cms\/wp-json\/wp\/v2\/posts"}],"about":[{"href":"https:\/\/www.padreydecano.com\/cms\/wp-json\/wp\/v2\/types\/post"}],"author":[{"embeddable":true,"href":"https:\/\/www.padreydecano.com\/cms\/wp-json\/wp\/v2\/users\/27"}],"replies":[{"embeddable":true,"href":"https:\/\/www.padreydecano.com\/cms\/wp-json\/wp\/v2\/comments?post=79552"}],"version-history":[{"count":0,"href":"https:\/\/www.padreydecano.com\/cms\/wp-json\/wp\/v2\/posts\/79552\/revisions"}],"wp:featuredmedia":[{"embeddable":true,"href":"https:\/\/www.padreydecano.com\/cms\/wp-json\/wp\/v2\/media\/79553"}],"wp:attachment":[{"href":"https:\/\/www.padreydecano.com\/cms\/wp-json\/wp\/v2\/media?parent=79552"}],"wp:term":[{"taxonomy":"category","embeddable":true,"href":"https:\/\/www.padreydecano.com\/cms\/wp-json\/wp\/v2\/categories?post=79552"},{"taxonomy":"post_tag","embeddable":true,"href":"https:\/\/www.padreydecano.com\/cms\/wp-json\/wp\/v2\/tags?post=79552"}],"curies":[{"name":"wp","href":"https:\/\/api.w.org\/{rel}","templated":true}]}}