{"id":79540,"date":"2022-12-13T16:02:53","date_gmt":"2022-12-13T19:02:53","guid":{"rendered":"https:\/\/www.padreydecano.com\/cms\/?p=79540"},"modified":"2022-12-19T17:25:38","modified_gmt":"2022-12-19T20:25:38","slug":"amistosos-de-pretemporada","status":"publish","type":"post","link":"https:\/\/www.padreydecano.com\/cms\/noticias\/amistosos-de-pretemporada\/","title":{"rendered":"Amistosos de pretemporada"},"content":{"rendered":"<p><img loading=\"lazy\" decoding=\"async\" class=\"alignnone size-medium wp-image-78488\" src=\"https:\/\/www.padreydecano.com\/cms\/wp-content\/uploads\/2022\/04\/E9F07E41-142F-4A22-BAB2-3D5F50D60684-600x400.jpeg\" alt=\"\" width=\"600\" height=\"400\" srcset=\"https:\/\/www.padreydecano.com\/cms\/wp-content\/uploads\/2022\/04\/E9F07E41-142F-4A22-BAB2-3D5F50D60684-600x400.jpeg 600w, https:\/\/www.padreydecano.com\/cms\/wp-content\/uploads\/2022\/04\/E9F07E41-142F-4A22-BAB2-3D5F50D60684-1024x682.jpeg 1024w, https:\/\/www.padreydecano.com\/cms\/wp-content\/uploads\/2022\/04\/E9F07E41-142F-4A22-BAB2-3D5F50D60684-768x512.jpeg 768w, https:\/\/www.padreydecano.com\/cms\/wp-content\/uploads\/2022\/04\/E9F07E41-142F-4A22-BAB2-3D5F50D60684-1536x1023.jpeg 1536w, https:\/\/www.padreydecano.com\/cms\/wp-content\/uploads\/2022\/04\/E9F07E41-142F-4A22-BAB2-3D5F50D60684-300x200.jpeg 300w, https:\/\/www.padreydecano.com\/cms\/wp-content\/uploads\/2022\/04\/E9F07E41-142F-4A22-BAB2-3D5F50D60684-128x85.jpeg 128w, https:\/\/www.padreydecano.com\/cms\/wp-content\/uploads\/2022\/04\/E9F07E41-142F-4A22-BAB2-3D5F50D60684-32x21.jpeg 32w, https:\/\/www.padreydecano.com\/cms\/wp-content\/uploads\/2022\/04\/E9F07E41-142F-4A22-BAB2-3D5F50D60684.jpeg 2048w\" sizes=\"(max-width: 600px) 100vw, 600px\" \/><\/p>\n<p><strong>Ya est\u00e1n confirmados los partidos amistosos que Pe\u00f1arol afrontar\u00e1 en la pr\u00f3xima pretemporada. Habr\u00e1 un \u00fanico partido cl\u00e1sico y ser\u00e1 el 23 de enero en el Estadio Centenario.<\/strong><\/p>\n<p>Pe\u00f1arol est\u00e1 entrenando actualmente en Los Aromos, ya bajo las \u00f3rdenes de Alfredo Arias. As\u00ed ser\u00e1 hasta el jueves 22 de diciembre, fecha en la que se parar\u00e1 la actividad hasta el 3 de enero.<\/p>\n<p>A partir de dicha fecha, el carbonero realizar\u00e1 sus entrenamientos de pretemporada con Los Aromos y el Centro de Alto Rendimiento disponibles. D\u00edas despu\u00e9s comenzar\u00e1n los amistosos, siendo todos en Montevideo.<\/p>\n<p><span style=\"color: #ffcc00;\"><strong>Amistosos<\/strong><\/span><\/p>\n<p>El primer encuentro amistoso ser\u00e1 el jueves 12 de enero a las 21:30 horas ante <strong>Estudiantes de La Plata<\/strong> en el Estadio Campe\u00f3n del Siglo. Ser\u00e1 la segunda visita amistosa del equipo argentino, el primero fue un amistoso en 2017 que finaliz\u00f3 con empate a cero en el marcador.<\/p>\n<p>Los siguientes partidos amistosos ser\u00e1n frente a <strong>San Lorenzo de Almagro<\/strong> el martes 17 de enero a las 21:30 horas y el viernes 20 de enero en el mismo horario ante <strong>Uni\u00f3n de Santa F\u00e9.<\/strong> Ambos encuentro se disputar\u00e1n en el Estadio Campe\u00f3n del Siglo.<\/p>\n<p>El \u00fanico <strong>partido cl\u00e1sico<\/strong> de la pretemporada se jugar\u00e1 el lunes 23 de enero a las 21:15 horas en el Estadio Centenario, y ser\u00e1 el \u00faltimo enfrentamiento amistoso de Pe\u00f1arol en la pretemporada antes del inicio del Torneo Apertura el s\u00e1bado 4 de febrero.<\/p>\n<div class=\"user-wrapper\"><a class=\"userlink\"href=\"https:\/\/twitter.com\/ftrucce18\" target=\"_blank\"><figure><img decoding=\"async\" src=\"http:\/\/www.padreydecano.com\/cms\/wp-users-files\/postfirmas\/ftrucce.jpg\" \/><\/figure><p class=\"user\"><strong>Franco Trucce<\/strong><br \/>@FTrucce18<\/p><\/a><\/div>\n","protected":false},"excerpt":{"rendered":"<p>Ya est\u00e1n confirmados los partidos amistosos que Pe\u00f1arol afrontar\u00e1 en la pr\u00f3xima pretemporada. Habr\u00e1 un \u00fanico partido cl\u00e1sico y ser\u00e1 el 23 de enero en el Estadio Centenario. Pe\u00f1arol est\u00e1 entrenando actualmente en Los Aromos, ya bajo las \u00f3rdenes de Alfredo Arias. As\u00ed ser\u00e1 hasta el jueves 22 de diciembre, fecha en la que se [&hellip;]<\/p>\n","protected":false},"author":27,"featured_media":78485,"comment_status":"open","ping_status":"closed","sticky":false,"template":"","format":"standard","meta":{"footnotes":""},"categories":[1],"tags":[],"yoast_head":"<!-- This site is optimized with the Yoast SEO plugin v23.2 - https:\/\/yoast.com\/wordpress\/plugins\/seo\/ -->\n<title>Amistosos de pretemporada - Padre y Decano - El Sitio del Pueblo<\/title>\n<meta name=\"robots\" content=\"index, follow, max-snippet:-1, max-image-preview:large, max-video-preview:-1\" \/>\n<link rel=\"canonical\" href=\"https:\/\/www.padreydecano.com\/cms\/noticias\/amistosos-de-pretemporada\/\" \/>\n<meta property=\"og:locale\" content=\"es_ES\" \/>\n<meta property=\"og:type\" content=\"article\" \/>\n<meta property=\"og:title\" content=\"Amistosos de pretemporada - Padre y Decano - El Sitio del Pueblo\" \/>\n<meta property=\"og:description\" content=\"Ya est\u00e1n confirmados los partidos amistosos que Pe\u00f1arol afrontar\u00e1 en la pr\u00f3xima pretemporada. Habr\u00e1 un \u00fanico partido cl\u00e1sico y ser\u00e1 el 23 de enero en el Estadio Centenario. Pe\u00f1arol est\u00e1 entrenando actualmente en Los Aromos, ya bajo las \u00f3rdenes de Alfredo Arias. As\u00ed ser\u00e1 hasta el jueves 22 de diciembre, fecha en la que se [&hellip;]\" \/>\n<meta property=\"og:url\" content=\"https:\/\/www.padreydecano.com\/cms\/noticias\/amistosos-de-pretemporada\/\" \/>\n<meta property=\"og:site_name\" content=\"Padre y Decano - El Sitio del Pueblo\" \/>\n<meta property=\"article:published_time\" content=\"2022-12-13T19:02:53+00:00\" \/>\n<meta property=\"article:modified_time\" content=\"2022-12-19T20:25:38+00:00\" \/>\n<meta property=\"og:image\" content=\"https:\/\/www.padreydecano.com\/cms\/wp-content\/uploads\/2022\/04\/IMG-20220416-WA0070.jpg\" \/>\n\t<meta property=\"og:image:width\" content=\"2048\" \/>\n\t<meta property=\"og:image:height\" content=\"1364\" \/>\n\t<meta property=\"og:image:type\" content=\"image\/jpeg\" \/>\n<meta name=\"author\" content=\"Redactores Padre y Decano\" \/>\n<meta name=\"twitter:card\" content=\"summary_large_image\" \/>\n<meta name=\"twitter:label1\" content=\"Escrito por\" \/>\n\t<meta name=\"twitter:data1\" content=\"Redactores Padre y Decano\" \/>\n\t<meta name=\"twitter:label2\" content=\"Tiempo de lectura\" \/>\n\t<meta name=\"twitter:data2\" content=\"2 minutos\" \/>\n<script type=\"application\/ld+json\" class=\"yoast-schema-graph\">{\"@context\":\"https:\/\/schema.org\",\"@graph\":[{\"@type\":\"Article\",\"@id\":\"https:\/\/www.padreydecano.com\/cms\/noticias\/amistosos-de-pretemporada\/#article\",\"isPartOf\":{\"@id\":\"https:\/\/www.padreydecano.com\/cms\/noticias\/amistosos-de-pretemporada\/\"},\"author\":{\"name\":\"Redactores Padre y Decano\",\"@id\":\"https:\/\/www.padreydecano.com\/cms\/#\/schema\/person\/37aae8f93aa78e4c5385497f056e3246\"},\"headline\":\"Amistosos de pretemporada\",\"datePublished\":\"2022-12-13T19:02:53+00:00\",\"dateModified\":\"2022-12-19T20:25:38+00:00\",\"mainEntityOfPage\":{\"@id\":\"https:\/\/www.padreydecano.com\/cms\/noticias\/amistosos-de-pretemporada\/\"},\"wordCount\":241,\"commentCount\":52,\"publisher\":{\"@id\":\"https:\/\/www.padreydecano.com\/cms\/#organization\"},\"image\":{\"@id\":\"https:\/\/www.padreydecano.com\/cms\/noticias\/amistosos-de-pretemporada\/#primaryimage\"},\"thumbnailUrl\":\"https:\/\/www.padreydecano.com\/cms\/wp-content\/uploads\/2022\/04\/IMG-20220416-WA0070.jpg\",\"articleSection\":[\"Noticias\"],\"inLanguage\":\"es\",\"potentialAction\":[{\"@type\":\"CommentAction\",\"name\":\"Comment\",\"target\":[\"https:\/\/www.padreydecano.com\/cms\/noticias\/amistosos-de-pretemporada\/#respond\"]}]},{\"@type\":\"WebPage\",\"@id\":\"https:\/\/www.padreydecano.com\/cms\/noticias\/amistosos-de-pretemporada\/\",\"url\":\"https:\/\/www.padreydecano.com\/cms\/noticias\/amistosos-de-pretemporada\/\",\"name\":\"Amistosos de pretemporada - Padre y Decano - El Sitio del Pueblo\",\"isPartOf\":{\"@id\":\"https:\/\/www.padreydecano.com\/cms\/#website\"},\"primaryImageOfPage\":{\"@id\":\"https:\/\/www.padreydecano.com\/cms\/noticias\/amistosos-de-pretemporada\/#primaryimage\"},\"image\":{\"@id\":\"https:\/\/www.padreydecano.com\/cms\/noticias\/amistosos-de-pretemporada\/#primaryimage\"},\"thumbnailUrl\":\"https:\/\/www.padreydecano.com\/cms\/wp-content\/uploads\/2022\/04\/IMG-20220416-WA0070.jpg\",\"datePublished\":\"2022-12-13T19:02:53+00:00\",\"dateModified\":\"2022-12-19T20:25:38+00:00\",\"breadcrumb\":{\"@id\":\"https:\/\/www.padreydecano.com\/cms\/noticias\/amistosos-de-pretemporada\/#breadcrumb\"},\"inLanguage\":\"es\",\"potentialAction\":[{\"@type\":\"ReadAction\",\"target\":[\"https:\/\/www.padreydecano.com\/cms\/noticias\/amistosos-de-pretemporada\/\"]}]},{\"@type\":\"ImageObject\",\"inLanguage\":\"es\",\"@id\":\"https:\/\/www.padreydecano.com\/cms\/noticias\/amistosos-de-pretemporada\/#primaryimage\",\"url\":\"https:\/\/www.padreydecano.com\/cms\/wp-content\/uploads\/2022\/04\/IMG-20220416-WA0070.jpg\",\"contentUrl\":\"https:\/\/www.padreydecano.com\/cms\/wp-content\/uploads\/2022\/04\/IMG-20220416-WA0070.jpg\",\"width\":2048,\"height\":1364},{\"@type\":\"BreadcrumbList\",\"@id\":\"https:\/\/www.padreydecano.com\/cms\/noticias\/amistosos-de-pretemporada\/#breadcrumb\",\"itemListElement\":[{\"@type\":\"ListItem\",\"position\":1,\"name\":\"Portada\",\"item\":\"https:\/\/www.padreydecano.com\/cms\/\"},{\"@type\":\"ListItem\",\"position\":2,\"name\":\"Amistosos de pretemporada\"}]},{\"@type\":\"WebSite\",\"@id\":\"https:\/\/www.padreydecano.com\/cms\/#website\",\"url\":\"https:\/\/www.padreydecano.com\/cms\/\",\"name\":\"Padre y Decano - El Sitio del Pueblo\",\"description\":\"Club Atl\u00e9tico Pe\u00f1arol\",\"publisher\":{\"@id\":\"https:\/\/www.padreydecano.com\/cms\/#organization\"},\"potentialAction\":[{\"@type\":\"SearchAction\",\"target\":{\"@type\":\"EntryPoint\",\"urlTemplate\":\"https:\/\/www.padreydecano.com\/cms\/?s={search_term_string}\"},\"query-input\":\"required name=search_term_string\"}],\"inLanguage\":\"es\"},{\"@type\":\"Organization\",\"@id\":\"https:\/\/www.padreydecano.com\/cms\/#organization\",\"name\":\"Padre y Decano\",\"url\":\"https:\/\/www.padreydecano.com\/cms\/\",\"logo\":{\"@type\":\"ImageObject\",\"inLanguage\":\"es\",\"@id\":\"https:\/\/www.padreydecano.com\/cms\/#\/schema\/logo\/image\/\",\"url\":\"https:\/\/www.padreydecano.com\/cms\/wp-content\/uploads\/2022\/01\/avatar-square.png\",\"contentUrl\":\"https:\/\/www.padreydecano.com\/cms\/wp-content\/uploads\/2022\/01\/avatar-square.png\",\"width\":1500,\"height\":1500,\"caption\":\"Padre y Decano\"},\"image\":{\"@id\":\"https:\/\/www.padreydecano.com\/cms\/#\/schema\/logo\/image\/\"}},{\"@type\":\"Person\",\"@id\":\"https:\/\/www.padreydecano.com\/cms\/#\/schema\/person\/37aae8f93aa78e4c5385497f056e3246\",\"name\":\"Redactores Padre y Decano\",\"image\":{\"@type\":\"ImageObject\",\"inLanguage\":\"es\",\"@id\":\"https:\/\/www.padreydecano.com\/cms\/#\/schema\/person\/image\/\",\"url\":\"https:\/\/secure.gravatar.com\/avatar\/8810c4b9081192b118b104af54549af8?s=96&d=https%3A%2F%2Fpadreydecano.com%2Fcms%2Fwp-content%2Fthemes%2Fpyd-theme%2Fimg%2Fdefault-avatar.png&r=g\",\"contentUrl\":\"https:\/\/secure.gravatar.com\/avatar\/8810c4b9081192b118b104af54549af8?s=96&d=https%3A%2F%2Fpadreydecano.com%2Fcms%2Fwp-content%2Fthemes%2Fpyd-theme%2Fimg%2Fdefault-avatar.png&r=g\",\"caption\":\"Redactores Padre y Decano\"},\"sameAs\":[\"http:\/\/www.padreydecano.com\"]}]}<\/script>\n<!-- \/ Yoast SEO plugin. -->","yoast_head_json":{"title":"Amistosos de pretemporada - Padre y Decano - El Sitio del Pueblo","robots":{"index":"index","follow":"follow","max-snippet":"max-snippet:-1","max-image-preview":"max-image-preview:large","max-video-preview":"max-video-preview:-1"},"canonical":"https:\/\/www.padreydecano.com\/cms\/noticias\/amistosos-de-pretemporada\/","og_locale":"es_ES","og_type":"article","og_title":"Amistosos de pretemporada - Padre y Decano - El Sitio del Pueblo","og_description":"Ya est\u00e1n confirmados los partidos amistosos que Pe\u00f1arol afrontar\u00e1 en la pr\u00f3xima pretemporada. Habr\u00e1 un \u00fanico partido cl\u00e1sico y ser\u00e1 el 23 de enero en el Estadio Centenario. Pe\u00f1arol est\u00e1 entrenando actualmente en Los Aromos, ya bajo las \u00f3rdenes de Alfredo Arias. As\u00ed ser\u00e1 hasta el jueves 22 de diciembre, fecha en la que se [&hellip;]","og_url":"https:\/\/www.padreydecano.com\/cms\/noticias\/amistosos-de-pretemporada\/","og_site_name":"Padre y Decano - El Sitio del Pueblo","article_published_time":"2022-12-13T19:02:53+00:00","article_modified_time":"2022-12-19T20:25:38+00:00","og_image":[{"width":2048,"height":1364,"url":"https:\/\/www.padreydecano.com\/cms\/wp-content\/uploads\/2022\/04\/IMG-20220416-WA0070.jpg","type":"image\/jpeg"}],"author":"Redactores Padre y Decano","twitter_card":"summary_large_image","twitter_misc":{"Escrito por":"Redactores Padre y Decano","Tiempo de lectura":"2 minutos"},"schema":{"@context":"https:\/\/schema.org","@graph":[{"@type":"Article","@id":"https:\/\/www.padreydecano.com\/cms\/noticias\/amistosos-de-pretemporada\/#article","isPartOf":{"@id":"https:\/\/www.padreydecano.com\/cms\/noticias\/amistosos-de-pretemporada\/"},"author":{"name":"Redactores Padre y Decano","@id":"https:\/\/www.padreydecano.com\/cms\/#\/schema\/person\/37aae8f93aa78e4c5385497f056e3246"},"headline":"Amistosos de pretemporada","datePublished":"2022-12-13T19:02:53+00:00","dateModified":"2022-12-19T20:25:38+00:00","mainEntityOfPage":{"@id":"https:\/\/www.padreydecano.com\/cms\/noticias\/amistosos-de-pretemporada\/"},"wordCount":241,"commentCount":52,"publisher":{"@id":"https:\/\/www.padreydecano.com\/cms\/#organization"},"image":{"@id":"https:\/\/www.padreydecano.com\/cms\/noticias\/amistosos-de-pretemporada\/#primaryimage"},"thumbnailUrl":"https:\/\/www.padreydecano.com\/cms\/wp-content\/uploads\/2022\/04\/IMG-20220416-WA0070.jpg","articleSection":["Noticias"],"inLanguage":"es","potentialAction":[{"@type":"CommentAction","name":"Comment","target":["https:\/\/www.padreydecano.com\/cms\/noticias\/amistosos-de-pretemporada\/#respond"]}]},{"@type":"WebPage","@id":"https:\/\/www.padreydecano.com\/cms\/noticias\/amistosos-de-pretemporada\/","url":"https:\/\/www.padreydecano.com\/cms\/noticias\/amistosos-de-pretemporada\/","name":"Amistosos de pretemporada - Padre y Decano - El Sitio del Pueblo","isPartOf":{"@id":"https:\/\/www.padreydecano.com\/cms\/#website"},"primaryImageOfPage":{"@id":"https:\/\/www.padreydecano.com\/cms\/noticias\/amistosos-de-pretemporada\/#primaryimage"},"image":{"@id":"https:\/\/www.padreydecano.com\/cms\/noticias\/amistosos-de-pretemporada\/#primaryimage"},"thumbnailUrl":"https:\/\/www.padreydecano.com\/cms\/wp-content\/uploads\/2022\/04\/IMG-20220416-WA0070.jpg","datePublished":"2022-12-13T19:02:53+00:00","dateModified":"2022-12-19T20:25:38+00:00","breadcrumb":{"@id":"https:\/\/www.padreydecano.com\/cms\/noticias\/amistosos-de-pretemporada\/#breadcrumb"},"inLanguage":"es","potentialAction":[{"@type":"ReadAction","target":["https:\/\/www.padreydecano.com\/cms\/noticias\/amistosos-de-pretemporada\/"]}]},{"@type":"ImageObject","inLanguage":"es","@id":"https:\/\/www.padreydecano.com\/cms\/noticias\/amistosos-de-pretemporada\/#primaryimage","url":"https:\/\/www.padreydecano.com\/cms\/wp-content\/uploads\/2022\/04\/IMG-20220416-WA0070.jpg","contentUrl":"https:\/\/www.padreydecano.com\/cms\/wp-content\/uploads\/2022\/04\/IMG-20220416-WA0070.jpg","width":2048,"height":1364},{"@type":"BreadcrumbList","@id":"https:\/\/www.padreydecano.com\/cms\/noticias\/amistosos-de-pretemporada\/#breadcrumb","itemListElement":[{"@type":"ListItem","position":1,"name":"Portada","item":"https:\/\/www.padreydecano.com\/cms\/"},{"@type":"ListItem","position":2,"name":"Amistosos de pretemporada"}]},{"@type":"WebSite","@id":"https:\/\/www.padreydecano.com\/cms\/#website","url":"https:\/\/www.padreydecano.com\/cms\/","name":"Padre y Decano - El Sitio del Pueblo","description":"Club Atl\u00e9tico Pe\u00f1arol","publisher":{"@id":"https:\/\/www.padreydecano.com\/cms\/#organization"},"potentialAction":[{"@type":"SearchAction","target":{"@type":"EntryPoint","urlTemplate":"https:\/\/www.padreydecano.com\/cms\/?s={search_term_string}"},"query-input":"required name=search_term_string"}],"inLanguage":"es"},{"@type":"Organization","@id":"https:\/\/www.padreydecano.com\/cms\/#organization","name":"Padre y Decano","url":"https:\/\/www.padreydecano.com\/cms\/","logo":{"@type":"ImageObject","inLanguage":"es","@id":"https:\/\/www.padreydecano.com\/cms\/#\/schema\/logo\/image\/","url":"https:\/\/www.padreydecano.com\/cms\/wp-content\/uploads\/2022\/01\/avatar-square.png","contentUrl":"https:\/\/www.padreydecano.com\/cms\/wp-content\/uploads\/2022\/01\/avatar-square.png","width":1500,"height":1500,"caption":"Padre y Decano"},"image":{"@id":"https:\/\/www.padreydecano.com\/cms\/#\/schema\/logo\/image\/"}},{"@type":"Person","@id":"https:\/\/www.padreydecano.com\/cms\/#\/schema\/person\/37aae8f93aa78e4c5385497f056e3246","name":"Redactores Padre y Decano","image":{"@type":"ImageObject","inLanguage":"es","@id":"https:\/\/www.padreydecano.com\/cms\/#\/schema\/person\/image\/","url":"https:\/\/secure.gravatar.com\/avatar\/8810c4b9081192b118b104af54549af8?s=96&d=https%3A%2F%2Fpadreydecano.com%2Fcms%2Fwp-content%2Fthemes%2Fpyd-theme%2Fimg%2Fdefault-avatar.png&r=g","contentUrl":"https:\/\/secure.gravatar.com\/avatar\/8810c4b9081192b118b104af54549af8?s=96&d=https%3A%2F%2Fpadreydecano.com%2Fcms%2Fwp-content%2Fthemes%2Fpyd-theme%2Fimg%2Fdefault-avatar.png&r=g","caption":"Redactores Padre y Decano"},"sameAs":["http:\/\/www.padreydecano.com"]}]}},"_links":{"self":[{"href":"https:\/\/www.padreydecano.com\/cms\/wp-json\/wp\/v2\/posts\/79540"}],"collection":[{"href":"https:\/\/www.padreydecano.com\/cms\/wp-json\/wp\/v2\/posts"}],"about":[{"href":"https:\/\/www.padreydecano.com\/cms\/wp-json\/wp\/v2\/types\/post"}],"author":[{"embeddable":true,"href":"https:\/\/www.padreydecano.com\/cms\/wp-json\/wp\/v2\/users\/27"}],"replies":[{"embeddable":true,"href":"https:\/\/www.padreydecano.com\/cms\/wp-json\/wp\/v2\/comments?post=79540"}],"version-history":[{"count":0,"href":"https:\/\/www.padreydecano.com\/cms\/wp-json\/wp\/v2\/posts\/79540\/revisions"}],"wp:featuredmedia":[{"embeddable":true,"href":"https:\/\/www.padreydecano.com\/cms\/wp-json\/wp\/v2\/media\/78485"}],"wp:attachment":[{"href":"https:\/\/www.padreydecano.com\/cms\/wp-json\/wp\/v2\/media?parent=79540"}],"wp:term":[{"taxonomy":"category","embeddable":true,"href":"https:\/\/www.padreydecano.com\/cms\/wp-json\/wp\/v2\/categories?post=79540"},{"taxonomy":"post_tag","embeddable":true,"href":"https:\/\/www.padreydecano.com\/cms\/wp-json\/wp\/v2\/tags?post=79540"}],"curies":[{"name":"wp","href":"https:\/\/api.w.org\/{rel}","templated":true}]}}