{"id":79532,"date":"2022-12-12T13:44:55","date_gmt":"2022-12-12T16:44:55","guid":{"rendered":"https:\/\/www.padreydecano.com\/cms\/?p=79532"},"modified":"2022-12-15T18:52:45","modified_gmt":"2022-12-15T21:52:45","slug":"quinquenio-y-tetracampeonato-en-futbol-sala","status":"publish","type":"post","link":"https:\/\/www.padreydecano.com\/cms\/noticias\/quinquenio-y-tetracampeonato-en-futbol-sala\/","title":{"rendered":"Quinquenio y tetracampeonato en F\u00fatbol Sala"},"content":{"rendered":"<p><img loading=\"lazy\" decoding=\"async\" class=\"alignnone size-medium wp-image-79534\" src=\"https:\/\/www.padreydecano.com\/cms\/wp-content\/uploads\/2022\/12\/IMG-20221212-WA0025-600x450.jpg\" alt=\"\" width=\"600\" height=\"450\" srcset=\"https:\/\/www.padreydecano.com\/cms\/wp-content\/uploads\/2022\/12\/IMG-20221212-WA0025-600x450.jpg 600w, https:\/\/www.padreydecano.com\/cms\/wp-content\/uploads\/2022\/12\/IMG-20221212-WA0025-1024x768.jpg 1024w, https:\/\/www.padreydecano.com\/cms\/wp-content\/uploads\/2022\/12\/IMG-20221212-WA0025-768x576.jpg 768w, https:\/\/www.padreydecano.com\/cms\/wp-content\/uploads\/2022\/12\/IMG-20221212-WA0025-1536x1151.jpg 1536w, https:\/\/www.padreydecano.com\/cms\/wp-content\/uploads\/2022\/12\/IMG-20221212-WA0025-300x225.jpg 300w, https:\/\/www.padreydecano.com\/cms\/wp-content\/uploads\/2022\/12\/IMG-20221212-WA0025-128x96.jpg 128w, https:\/\/www.padreydecano.com\/cms\/wp-content\/uploads\/2022\/12\/IMG-20221212-WA0025-32x24.jpg 32w, https:\/\/www.padreydecano.com\/cms\/wp-content\/uploads\/2022\/12\/IMG-20221212-WA0025.jpg 2048w\" sizes=\"(max-width: 600px) 100vw, 600px\" \/><\/p>\n<p><strong>Pe\u00f1arol se consagr\u00f3 campe\u00f3n uruguayo de f\u00fatbol sala por quinto a\u00f1o consecutivo en femenino y por cuarta temporada al hilo en masculino.<\/strong><\/p>\n<p>El carbonero volvi\u00f3 a gritar campe\u00f3n en el deporte que mejores resultados est\u00e1 cosechando en los \u00faltimos a\u00f1os.<\/p>\n<p><span style=\"color: #ffcc00;\"><strong>F\u00fatbol Sala Femenino<\/strong><\/span><\/p>\n<p>El aurinegro derrot\u00f3 3 a 2 a Nacional en un ag\u00f3nico cierre de partido y consigui\u00f3 el primer Quinquenio de la disciplina.<\/p>\n<p>El partido comenz\u00f3 con superioridad para los dirigidos por Andr\u00e9s Izquierdo, tan as\u00ed que la primera parte finaliz\u00f3 con la ventaja por 3 a 0 para Pe\u00f1arol. Mariana Crocano, Shaila Gonz\u00e1lez y Mari\u00e1ngela Magdaleno anotaron los goles del carbonero.<\/p>\n<p>En el cierre del partido se acerc\u00f3 el tradicional rival que consigui\u00f3 descontar, pero Pe\u00f1arol logr\u00f3 conservar la ventaja y volvi\u00f3 a gritar campe\u00f3n, y otra vez, frente al cl\u00e1sico adversario.<\/p>\n<p><span style=\"color: #ffcc00;\"><strong>F\u00fatbol Sala Masculino<\/strong><\/span><\/p>\n<p>El mirasol derrot\u00f3 5 a 3 a Boston River en la final de los playoffs y se consagr\u00f3 tetracampe\u00f3n uruguayo, siendo el primer equipo que lo consigue en la historia de la disciplina.<\/p>\n<p>Pe\u00f1arol lleg\u00f3 al encuentro con ventaja deportiva por haber sido el equipo que m\u00e1s puntos sum\u00f3 en la tabla acumulada del a\u00f1o. La victoria le daba el t\u00edtulo pero la derrota le daba la posibilidad de una nueva final ante el mismo rival.<\/p>\n<p>Antes de llegar al minuto de juego, el carbonero abri\u00f3 el marcador. Poco tiempo despu\u00e9s igual\u00f3 el sastre pero los dirigidos por Ignacio Cabral dominaron el tr\u00e1mite del encuentro y se fueron al descanso con la victoria por 5 a 1.<\/p>\n<p>En la segunda parte, Boston River descont\u00f3 la diferencia, pero en ning\u00fan momento estuvo cerca de igualar al aurinegro. El partido finaliz\u00f3 5 a 3 y Pe\u00f1arol volvi\u00f3 a conquistar el t\u00edtulo m\u00e1s importante del pa\u00eds en esta disciplina.<\/p>\n<p>Ambos equipos disputar\u00e1n la Copa Libertadores de F\u00fatbol Sala, en la que Pe\u00f1arol lleg\u00f3 a la final en el presente a\u00f1o.<\/p>\n<p>El pr\u00f3ximo fin de semana, Pe\u00f1arol enfrentar\u00e1 a Rio Branco por la final del Campeonato Uruguayo Sub 20 en el Polideportivo de Las Piedras.<\/p>\n<div class=\"user-wrapper\"><a class=\"userlink\"href=\"https:\/\/twitter.com\/ftrucce18\" target=\"_blank\"><figure><img decoding=\"async\" src=\"http:\/\/www.padreydecano.com\/cms\/wp-users-files\/postfirmas\/ftrucce.jpg\" \/><\/figure><p class=\"user\"><strong>Franco Trucce<\/strong><br \/>@FTrucce18<\/p><\/a><\/div>\n","protected":false},"excerpt":{"rendered":"<p>Pe\u00f1arol se consagr\u00f3 campe\u00f3n uruguayo de f\u00fatbol sala por quinto a\u00f1o consecutivo en femenino y por cuarta temporada al hilo en masculino. El carbonero volvi\u00f3 a gritar campe\u00f3n en el deporte que mejores resultados est\u00e1 cosechando en los \u00faltimos a\u00f1os. F\u00fatbol Sala Femenino El aurinegro derrot\u00f3 3 a 2 a Nacional en un ag\u00f3nico cierre [&hellip;]<\/p>\n","protected":false},"author":27,"featured_media":79534,"comment_status":"open","ping_status":"closed","sticky":false,"template":"","format":"standard","meta":{"footnotes":""},"categories":[1],"tags":[],"yoast_head":"<!-- This site is optimized with the Yoast SEO plugin v23.2 - https:\/\/yoast.com\/wordpress\/plugins\/seo\/ -->\n<title>Quinquenio y tetracampeonato en F\u00fatbol Sala - Padre y Decano - El Sitio del Pueblo<\/title>\n<meta name=\"robots\" content=\"index, follow, max-snippet:-1, max-image-preview:large, max-video-preview:-1\" \/>\n<link rel=\"canonical\" href=\"https:\/\/www.padreydecano.com\/cms\/noticias\/quinquenio-y-tetracampeonato-en-futbol-sala\/\" \/>\n<meta property=\"og:locale\" content=\"es_ES\" \/>\n<meta property=\"og:type\" content=\"article\" \/>\n<meta property=\"og:title\" content=\"Quinquenio y tetracampeonato en F\u00fatbol Sala - Padre y Decano - El Sitio del Pueblo\" \/>\n<meta property=\"og:description\" content=\"Pe\u00f1arol se consagr\u00f3 campe\u00f3n uruguayo de f\u00fatbol sala por quinto a\u00f1o consecutivo en femenino y por cuarta temporada al hilo en masculino. El carbonero volvi\u00f3 a gritar campe\u00f3n en el deporte que mejores resultados est\u00e1 cosechando en los \u00faltimos a\u00f1os. F\u00fatbol Sala Femenino El aurinegro derrot\u00f3 3 a 2 a Nacional en un ag\u00f3nico cierre [&hellip;]\" \/>\n<meta property=\"og:url\" content=\"https:\/\/www.padreydecano.com\/cms\/noticias\/quinquenio-y-tetracampeonato-en-futbol-sala\/\" \/>\n<meta property=\"og:site_name\" content=\"Padre y Decano - El Sitio del Pueblo\" \/>\n<meta property=\"article:published_time\" content=\"2022-12-12T16:44:55+00:00\" \/>\n<meta property=\"article:modified_time\" content=\"2022-12-15T21:52:45+00:00\" \/>\n<meta property=\"og:image\" content=\"https:\/\/www.padreydecano.com\/cms\/wp-content\/uploads\/2022\/12\/IMG-20221212-WA0025.jpg\" \/>\n\t<meta property=\"og:image:width\" content=\"2048\" \/>\n\t<meta property=\"og:image:height\" content=\"1535\" \/>\n\t<meta property=\"og:image:type\" content=\"image\/jpeg\" \/>\n<meta name=\"author\" content=\"Redactores Padre y Decano\" \/>\n<meta name=\"twitter:card\" content=\"summary_large_image\" \/>\n<meta name=\"twitter:label1\" content=\"Escrito por\" \/>\n\t<meta name=\"twitter:data1\" content=\"Redactores Padre y Decano\" \/>\n\t<meta name=\"twitter:label2\" content=\"Tiempo de lectura\" \/>\n\t<meta name=\"twitter:data2\" content=\"2 minutos\" \/>\n<script type=\"application\/ld+json\" class=\"yoast-schema-graph\">{\"@context\":\"https:\/\/schema.org\",\"@graph\":[{\"@type\":\"Article\",\"@id\":\"https:\/\/www.padreydecano.com\/cms\/noticias\/quinquenio-y-tetracampeonato-en-futbol-sala\/#article\",\"isPartOf\":{\"@id\":\"https:\/\/www.padreydecano.com\/cms\/noticias\/quinquenio-y-tetracampeonato-en-futbol-sala\/\"},\"author\":{\"name\":\"Redactores Padre y Decano\",\"@id\":\"https:\/\/www.padreydecano.com\/cms\/#\/schema\/person\/37aae8f93aa78e4c5385497f056e3246\"},\"headline\":\"Quinquenio y tetracampeonato en F\u00fatbol Sala\",\"datePublished\":\"2022-12-12T16:44:55+00:00\",\"dateModified\":\"2022-12-15T21:52:45+00:00\",\"mainEntityOfPage\":{\"@id\":\"https:\/\/www.padreydecano.com\/cms\/noticias\/quinquenio-y-tetracampeonato-en-futbol-sala\/\"},\"wordCount\":370,\"commentCount\":3,\"publisher\":{\"@id\":\"https:\/\/www.padreydecano.com\/cms\/#organization\"},\"image\":{\"@id\":\"https:\/\/www.padreydecano.com\/cms\/noticias\/quinquenio-y-tetracampeonato-en-futbol-sala\/#primaryimage\"},\"thumbnailUrl\":\"https:\/\/www.padreydecano.com\/cms\/wp-content\/uploads\/2022\/12\/IMG-20221212-WA0025.jpg\",\"articleSection\":[\"Noticias\"],\"inLanguage\":\"es\",\"potentialAction\":[{\"@type\":\"CommentAction\",\"name\":\"Comment\",\"target\":[\"https:\/\/www.padreydecano.com\/cms\/noticias\/quinquenio-y-tetracampeonato-en-futbol-sala\/#respond\"]}]},{\"@type\":\"WebPage\",\"@id\":\"https:\/\/www.padreydecano.com\/cms\/noticias\/quinquenio-y-tetracampeonato-en-futbol-sala\/\",\"url\":\"https:\/\/www.padreydecano.com\/cms\/noticias\/quinquenio-y-tetracampeonato-en-futbol-sala\/\",\"name\":\"Quinquenio y tetracampeonato en F\u00fatbol Sala - Padre y Decano - El Sitio del Pueblo\",\"isPartOf\":{\"@id\":\"https:\/\/www.padreydecano.com\/cms\/#website\"},\"primaryImageOfPage\":{\"@id\":\"https:\/\/www.padreydecano.com\/cms\/noticias\/quinquenio-y-tetracampeonato-en-futbol-sala\/#primaryimage\"},\"image\":{\"@id\":\"https:\/\/www.padreydecano.com\/cms\/noticias\/quinquenio-y-tetracampeonato-en-futbol-sala\/#primaryimage\"},\"thumbnailUrl\":\"https:\/\/www.padreydecano.com\/cms\/wp-content\/uploads\/2022\/12\/IMG-20221212-WA0025.jpg\",\"datePublished\":\"2022-12-12T16:44:55+00:00\",\"dateModified\":\"2022-12-15T21:52:45+00:00\",\"breadcrumb\":{\"@id\":\"https:\/\/www.padreydecano.com\/cms\/noticias\/quinquenio-y-tetracampeonato-en-futbol-sala\/#breadcrumb\"},\"inLanguage\":\"es\",\"potentialAction\":[{\"@type\":\"ReadAction\",\"target\":[\"https:\/\/www.padreydecano.com\/cms\/noticias\/quinquenio-y-tetracampeonato-en-futbol-sala\/\"]}]},{\"@type\":\"ImageObject\",\"inLanguage\":\"es\",\"@id\":\"https:\/\/www.padreydecano.com\/cms\/noticias\/quinquenio-y-tetracampeonato-en-futbol-sala\/#primaryimage\",\"url\":\"https:\/\/www.padreydecano.com\/cms\/wp-content\/uploads\/2022\/12\/IMG-20221212-WA0025.jpg\",\"contentUrl\":\"https:\/\/www.padreydecano.com\/cms\/wp-content\/uploads\/2022\/12\/IMG-20221212-WA0025.jpg\",\"width\":2048,\"height\":1535},{\"@type\":\"BreadcrumbList\",\"@id\":\"https:\/\/www.padreydecano.com\/cms\/noticias\/quinquenio-y-tetracampeonato-en-futbol-sala\/#breadcrumb\",\"itemListElement\":[{\"@type\":\"ListItem\",\"position\":1,\"name\":\"Portada\",\"item\":\"https:\/\/www.padreydecano.com\/cms\/\"},{\"@type\":\"ListItem\",\"position\":2,\"name\":\"Quinquenio y tetracampeonato en F\u00fatbol Sala\"}]},{\"@type\":\"WebSite\",\"@id\":\"https:\/\/www.padreydecano.com\/cms\/#website\",\"url\":\"https:\/\/www.padreydecano.com\/cms\/\",\"name\":\"Padre y Decano - El Sitio del Pueblo\",\"description\":\"Club Atl\u00e9tico Pe\u00f1arol\",\"publisher\":{\"@id\":\"https:\/\/www.padreydecano.com\/cms\/#organization\"},\"potentialAction\":[{\"@type\":\"SearchAction\",\"target\":{\"@type\":\"EntryPoint\",\"urlTemplate\":\"https:\/\/www.padreydecano.com\/cms\/?s={search_term_string}\"},\"query-input\":\"required name=search_term_string\"}],\"inLanguage\":\"es\"},{\"@type\":\"Organization\",\"@id\":\"https:\/\/www.padreydecano.com\/cms\/#organization\",\"name\":\"Padre y Decano\",\"url\":\"https:\/\/www.padreydecano.com\/cms\/\",\"logo\":{\"@type\":\"ImageObject\",\"inLanguage\":\"es\",\"@id\":\"https:\/\/www.padreydecano.com\/cms\/#\/schema\/logo\/image\/\",\"url\":\"https:\/\/www.padreydecano.com\/cms\/wp-content\/uploads\/2022\/01\/avatar-square.png\",\"contentUrl\":\"https:\/\/www.padreydecano.com\/cms\/wp-content\/uploads\/2022\/01\/avatar-square.png\",\"width\":1500,\"height\":1500,\"caption\":\"Padre y Decano\"},\"image\":{\"@id\":\"https:\/\/www.padreydecano.com\/cms\/#\/schema\/logo\/image\/\"}},{\"@type\":\"Person\",\"@id\":\"https:\/\/www.padreydecano.com\/cms\/#\/schema\/person\/37aae8f93aa78e4c5385497f056e3246\",\"name\":\"Redactores Padre y Decano\",\"image\":{\"@type\":\"ImageObject\",\"inLanguage\":\"es\",\"@id\":\"https:\/\/www.padreydecano.com\/cms\/#\/schema\/person\/image\/\",\"url\":\"https:\/\/secure.gravatar.com\/avatar\/8810c4b9081192b118b104af54549af8?s=96&d=https%3A%2F%2Fpadreydecano.com%2Fcms%2Fwp-content%2Fthemes%2Fpyd-theme%2Fimg%2Fdefault-avatar.png&r=g\",\"contentUrl\":\"https:\/\/secure.gravatar.com\/avatar\/8810c4b9081192b118b104af54549af8?s=96&d=https%3A%2F%2Fpadreydecano.com%2Fcms%2Fwp-content%2Fthemes%2Fpyd-theme%2Fimg%2Fdefault-avatar.png&r=g\",\"caption\":\"Redactores Padre y Decano\"},\"sameAs\":[\"http:\/\/www.padreydecano.com\"]}]}<\/script>\n<!-- \/ Yoast SEO plugin. -->","yoast_head_json":{"title":"Quinquenio y tetracampeonato en F\u00fatbol Sala - Padre y Decano - El Sitio del Pueblo","robots":{"index":"index","follow":"follow","max-snippet":"max-snippet:-1","max-image-preview":"max-image-preview:large","max-video-preview":"max-video-preview:-1"},"canonical":"https:\/\/www.padreydecano.com\/cms\/noticias\/quinquenio-y-tetracampeonato-en-futbol-sala\/","og_locale":"es_ES","og_type":"article","og_title":"Quinquenio y tetracampeonato en F\u00fatbol Sala - Padre y Decano - El Sitio del Pueblo","og_description":"Pe\u00f1arol se consagr\u00f3 campe\u00f3n uruguayo de f\u00fatbol sala por quinto a\u00f1o consecutivo en femenino y por cuarta temporada al hilo en masculino. El carbonero volvi\u00f3 a gritar campe\u00f3n en el deporte que mejores resultados est\u00e1 cosechando en los \u00faltimos a\u00f1os. F\u00fatbol Sala Femenino El aurinegro derrot\u00f3 3 a 2 a Nacional en un ag\u00f3nico cierre [&hellip;]","og_url":"https:\/\/www.padreydecano.com\/cms\/noticias\/quinquenio-y-tetracampeonato-en-futbol-sala\/","og_site_name":"Padre y Decano - El Sitio del Pueblo","article_published_time":"2022-12-12T16:44:55+00:00","article_modified_time":"2022-12-15T21:52:45+00:00","og_image":[{"width":2048,"height":1535,"url":"https:\/\/www.padreydecano.com\/cms\/wp-content\/uploads\/2022\/12\/IMG-20221212-WA0025.jpg","type":"image\/jpeg"}],"author":"Redactores Padre y Decano","twitter_card":"summary_large_image","twitter_misc":{"Escrito por":"Redactores Padre y Decano","Tiempo de lectura":"2 minutos"},"schema":{"@context":"https:\/\/schema.org","@graph":[{"@type":"Article","@id":"https:\/\/www.padreydecano.com\/cms\/noticias\/quinquenio-y-tetracampeonato-en-futbol-sala\/#article","isPartOf":{"@id":"https:\/\/www.padreydecano.com\/cms\/noticias\/quinquenio-y-tetracampeonato-en-futbol-sala\/"},"author":{"name":"Redactores Padre y Decano","@id":"https:\/\/www.padreydecano.com\/cms\/#\/schema\/person\/37aae8f93aa78e4c5385497f056e3246"},"headline":"Quinquenio y tetracampeonato en F\u00fatbol Sala","datePublished":"2022-12-12T16:44:55+00:00","dateModified":"2022-12-15T21:52:45+00:00","mainEntityOfPage":{"@id":"https:\/\/www.padreydecano.com\/cms\/noticias\/quinquenio-y-tetracampeonato-en-futbol-sala\/"},"wordCount":370,"commentCount":3,"publisher":{"@id":"https:\/\/www.padreydecano.com\/cms\/#organization"},"image":{"@id":"https:\/\/www.padreydecano.com\/cms\/noticias\/quinquenio-y-tetracampeonato-en-futbol-sala\/#primaryimage"},"thumbnailUrl":"https:\/\/www.padreydecano.com\/cms\/wp-content\/uploads\/2022\/12\/IMG-20221212-WA0025.jpg","articleSection":["Noticias"],"inLanguage":"es","potentialAction":[{"@type":"CommentAction","name":"Comment","target":["https:\/\/www.padreydecano.com\/cms\/noticias\/quinquenio-y-tetracampeonato-en-futbol-sala\/#respond"]}]},{"@type":"WebPage","@id":"https:\/\/www.padreydecano.com\/cms\/noticias\/quinquenio-y-tetracampeonato-en-futbol-sala\/","url":"https:\/\/www.padreydecano.com\/cms\/noticias\/quinquenio-y-tetracampeonato-en-futbol-sala\/","name":"Quinquenio y tetracampeonato en F\u00fatbol Sala - Padre y Decano - El Sitio del Pueblo","isPartOf":{"@id":"https:\/\/www.padreydecano.com\/cms\/#website"},"primaryImageOfPage":{"@id":"https:\/\/www.padreydecano.com\/cms\/noticias\/quinquenio-y-tetracampeonato-en-futbol-sala\/#primaryimage"},"image":{"@id":"https:\/\/www.padreydecano.com\/cms\/noticias\/quinquenio-y-tetracampeonato-en-futbol-sala\/#primaryimage"},"thumbnailUrl":"https:\/\/www.padreydecano.com\/cms\/wp-content\/uploads\/2022\/12\/IMG-20221212-WA0025.jpg","datePublished":"2022-12-12T16:44:55+00:00","dateModified":"2022-12-15T21:52:45+00:00","breadcrumb":{"@id":"https:\/\/www.padreydecano.com\/cms\/noticias\/quinquenio-y-tetracampeonato-en-futbol-sala\/#breadcrumb"},"inLanguage":"es","potentialAction":[{"@type":"ReadAction","target":["https:\/\/www.padreydecano.com\/cms\/noticias\/quinquenio-y-tetracampeonato-en-futbol-sala\/"]}]},{"@type":"ImageObject","inLanguage":"es","@id":"https:\/\/www.padreydecano.com\/cms\/noticias\/quinquenio-y-tetracampeonato-en-futbol-sala\/#primaryimage","url":"https:\/\/www.padreydecano.com\/cms\/wp-content\/uploads\/2022\/12\/IMG-20221212-WA0025.jpg","contentUrl":"https:\/\/www.padreydecano.com\/cms\/wp-content\/uploads\/2022\/12\/IMG-20221212-WA0025.jpg","width":2048,"height":1535},{"@type":"BreadcrumbList","@id":"https:\/\/www.padreydecano.com\/cms\/noticias\/quinquenio-y-tetracampeonato-en-futbol-sala\/#breadcrumb","itemListElement":[{"@type":"ListItem","position":1,"name":"Portada","item":"https:\/\/www.padreydecano.com\/cms\/"},{"@type":"ListItem","position":2,"name":"Quinquenio y tetracampeonato en F\u00fatbol Sala"}]},{"@type":"WebSite","@id":"https:\/\/www.padreydecano.com\/cms\/#website","url":"https:\/\/www.padreydecano.com\/cms\/","name":"Padre y Decano - El Sitio del Pueblo","description":"Club Atl\u00e9tico Pe\u00f1arol","publisher":{"@id":"https:\/\/www.padreydecano.com\/cms\/#organization"},"potentialAction":[{"@type":"SearchAction","target":{"@type":"EntryPoint","urlTemplate":"https:\/\/www.padreydecano.com\/cms\/?s={search_term_string}"},"query-input":"required name=search_term_string"}],"inLanguage":"es"},{"@type":"Organization","@id":"https:\/\/www.padreydecano.com\/cms\/#organization","name":"Padre y Decano","url":"https:\/\/www.padreydecano.com\/cms\/","logo":{"@type":"ImageObject","inLanguage":"es","@id":"https:\/\/www.padreydecano.com\/cms\/#\/schema\/logo\/image\/","url":"https:\/\/www.padreydecano.com\/cms\/wp-content\/uploads\/2022\/01\/avatar-square.png","contentUrl":"https:\/\/www.padreydecano.com\/cms\/wp-content\/uploads\/2022\/01\/avatar-square.png","width":1500,"height":1500,"caption":"Padre y Decano"},"image":{"@id":"https:\/\/www.padreydecano.com\/cms\/#\/schema\/logo\/image\/"}},{"@type":"Person","@id":"https:\/\/www.padreydecano.com\/cms\/#\/schema\/person\/37aae8f93aa78e4c5385497f056e3246","name":"Redactores Padre y Decano","image":{"@type":"ImageObject","inLanguage":"es","@id":"https:\/\/www.padreydecano.com\/cms\/#\/schema\/person\/image\/","url":"https:\/\/secure.gravatar.com\/avatar\/8810c4b9081192b118b104af54549af8?s=96&d=https%3A%2F%2Fpadreydecano.com%2Fcms%2Fwp-content%2Fthemes%2Fpyd-theme%2Fimg%2Fdefault-avatar.png&r=g","contentUrl":"https:\/\/secure.gravatar.com\/avatar\/8810c4b9081192b118b104af54549af8?s=96&d=https%3A%2F%2Fpadreydecano.com%2Fcms%2Fwp-content%2Fthemes%2Fpyd-theme%2Fimg%2Fdefault-avatar.png&r=g","caption":"Redactores Padre y Decano"},"sameAs":["http:\/\/www.padreydecano.com"]}]}},"_links":{"self":[{"href":"https:\/\/www.padreydecano.com\/cms\/wp-json\/wp\/v2\/posts\/79532"}],"collection":[{"href":"https:\/\/www.padreydecano.com\/cms\/wp-json\/wp\/v2\/posts"}],"about":[{"href":"https:\/\/www.padreydecano.com\/cms\/wp-json\/wp\/v2\/types\/post"}],"author":[{"embeddable":true,"href":"https:\/\/www.padreydecano.com\/cms\/wp-json\/wp\/v2\/users\/27"}],"replies":[{"embeddable":true,"href":"https:\/\/www.padreydecano.com\/cms\/wp-json\/wp\/v2\/comments?post=79532"}],"version-history":[{"count":0,"href":"https:\/\/www.padreydecano.com\/cms\/wp-json\/wp\/v2\/posts\/79532\/revisions"}],"wp:featuredmedia":[{"embeddable":true,"href":"https:\/\/www.padreydecano.com\/cms\/wp-json\/wp\/v2\/media\/79534"}],"wp:attachment":[{"href":"https:\/\/www.padreydecano.com\/cms\/wp-json\/wp\/v2\/media?parent=79532"}],"wp:term":[{"taxonomy":"category","embeddable":true,"href":"https:\/\/www.padreydecano.com\/cms\/wp-json\/wp\/v2\/categories?post=79532"},{"taxonomy":"post_tag","embeddable":true,"href":"https:\/\/www.padreydecano.com\/cms\/wp-json\/wp\/v2\/tags?post=79532"}],"curies":[{"name":"wp","href":"https:\/\/api.w.org\/{rel}","templated":true}]}}