{"id":79522,"date":"2022-12-08T14:03:34","date_gmt":"2022-12-08T17:03:34","guid":{"rendered":"https:\/\/www.padreydecano.com\/cms\/?p=79522"},"modified":"2022-12-09T19:12:24","modified_gmt":"2022-12-09T22:12:24","slug":"en-la-previa-continental","status":"publish","type":"post","link":"https:\/\/www.padreydecano.com\/cms\/basket\/en-la-previa-continental\/","title":{"rendered":"En la previa continental"},"content":{"rendered":"<p><img loading=\"lazy\" decoding=\"async\" class=\"alignnone wp-image-78365 size-full\" src=\"https:\/\/www.padreydecano.com\/cms\/wp-content\/uploads\/2022\/03\/bbf51859-70cb-410b-83a8-e36e2b487a90.jpg\" alt=\"\" width=\"1600\" height=\"1066\" srcset=\"https:\/\/www.padreydecano.com\/cms\/wp-content\/uploads\/2022\/03\/bbf51859-70cb-410b-83a8-e36e2b487a90.jpg 1600w, https:\/\/www.padreydecano.com\/cms\/wp-content\/uploads\/2022\/03\/bbf51859-70cb-410b-83a8-e36e2b487a90-600x400.jpg 600w, https:\/\/www.padreydecano.com\/cms\/wp-content\/uploads\/2022\/03\/bbf51859-70cb-410b-83a8-e36e2b487a90-1024x682.jpg 1024w, https:\/\/www.padreydecano.com\/cms\/wp-content\/uploads\/2022\/03\/bbf51859-70cb-410b-83a8-e36e2b487a90-768x512.jpg 768w, https:\/\/www.padreydecano.com\/cms\/wp-content\/uploads\/2022\/03\/bbf51859-70cb-410b-83a8-e36e2b487a90-1536x1023.jpg 1536w, https:\/\/www.padreydecano.com\/cms\/wp-content\/uploads\/2022\/03\/bbf51859-70cb-410b-83a8-e36e2b487a90-300x200.jpg 300w, https:\/\/www.padreydecano.com\/cms\/wp-content\/uploads\/2022\/03\/bbf51859-70cb-410b-83a8-e36e2b487a90-128x85.jpg 128w, https:\/\/www.padreydecano.com\/cms\/wp-content\/uploads\/2022\/03\/bbf51859-70cb-410b-83a8-e36e2b487a90-32x21.jpg 32w\" sizes=\"(max-width: 1600px) 100vw, 1600px\" \/><\/p>\n<p><strong>Pe\u00f1arol visita a Malv\u00edn por la Liga Uruguaya y con el estreno de Robin Benzing. El juego no va televisado y no hay entradas para el p\u00fablico manya.<\/strong><\/p>\n<p>El carbonero va por otro punto que le permita alejarse de la zona baja del torneo. Ser\u00e1 el \u00faltimo partido antes del debut por Champions League y tendr\u00e1 una cara nueva. El alem\u00e1n Benzing seguramente tenga minutos pensando en el lunes. Probablemente sea Lee Roberts quien se ausente por este juego.<\/p>\n<p>Ya se sabe que los de L\u00f3pez jugar\u00e1n el lunes 21:30 horas frente a Instituto de C\u00f3rdoba, mientras que el mi\u00e9rcoles en el mismo horario se medir\u00e1n con Flamengo. Hay que recordar que son tres ventanas todos contra todos, por lo tanto, aprovechar la local\u00eda ser\u00e1 fundamental.<\/p>\n<p>Entre otras novedades, se confirm\u00f3 que podr\u00e1 ingresar el p\u00fablico general. A diferencia de la LUB donde solo los socios basketball pueden acceder.<\/p>\n<div class=\"user-wrapper\"><a class=\"userlink\" href=\"https:\/\/twitter.com\/griegosebas\" target=\"_blank\"><figure><img decoding=\"async\" src=\"http:\/\/www.padreydecano.com\/cms\/wp-users-files\/postfirmas\/sebagriego.jpg\" \/><\/figure><p class=\"user\"><strong>Sebasti&aacute;n Griego<\/strong><br \/>@SebaGriego<\/p><\/a><\/div>\n","protected":false},"excerpt":{"rendered":"<p>Pe\u00f1arol visita a Malv\u00edn por la Liga Uruguaya y con el estreno de Robin Benzing. El juego no va televisado y no hay entradas para el p\u00fablico manya. El carbonero va por otro punto que le permita alejarse de la zona baja del torneo. Ser\u00e1 el \u00faltimo partido antes del debut por Champions League y [&hellip;]<\/p>\n","protected":false},"author":27,"featured_media":78365,"comment_status":"open","ping_status":"closed","sticky":false,"template":"","format":"standard","meta":{"footnotes":""},"categories":[407],"tags":[580],"yoast_head":"<!-- This site is optimized with the Yoast SEO plugin v23.2 - https:\/\/yoast.com\/wordpress\/plugins\/seo\/ -->\n<title>En la previa continental - Padre y Decano - El Sitio del Pueblo<\/title>\n<meta name=\"robots\" content=\"index, follow, max-snippet:-1, max-image-preview:large, max-video-preview:-1\" \/>\n<link rel=\"canonical\" href=\"https:\/\/www.padreydecano.com\/cms\/basket\/en-la-previa-continental\/\" \/>\n<meta property=\"og:locale\" content=\"es_ES\" \/>\n<meta property=\"og:type\" content=\"article\" \/>\n<meta property=\"og:title\" content=\"En la previa continental - Padre y Decano - El Sitio del Pueblo\" \/>\n<meta property=\"og:description\" content=\"Pe\u00f1arol visita a Malv\u00edn por la Liga Uruguaya y con el estreno de Robin Benzing. El juego no va televisado y no hay entradas para el p\u00fablico manya. El carbonero va por otro punto que le permita alejarse de la zona baja del torneo. Ser\u00e1 el \u00faltimo partido antes del debut por Champions League y [&hellip;]\" \/>\n<meta property=\"og:url\" content=\"https:\/\/www.padreydecano.com\/cms\/basket\/en-la-previa-continental\/\" \/>\n<meta property=\"og:site_name\" content=\"Padre y Decano - El Sitio del Pueblo\" \/>\n<meta property=\"article:published_time\" content=\"2022-12-08T17:03:34+00:00\" \/>\n<meta property=\"article:modified_time\" content=\"2022-12-09T22:12:24+00:00\" \/>\n<meta property=\"og:image\" content=\"https:\/\/www.padreydecano.com\/cms\/wp-content\/uploads\/2022\/03\/bbf51859-70cb-410b-83a8-e36e2b487a90.jpg\" \/>\n\t<meta property=\"og:image:width\" content=\"1600\" \/>\n\t<meta property=\"og:image:height\" content=\"1066\" \/>\n\t<meta property=\"og:image:type\" content=\"image\/jpeg\" \/>\n<meta name=\"author\" content=\"Redactores Padre y Decano\" \/>\n<meta name=\"twitter:card\" content=\"summary_large_image\" \/>\n<meta name=\"twitter:label1\" content=\"Escrito por\" \/>\n\t<meta name=\"twitter:data1\" content=\"Redactores Padre y Decano\" \/>\n\t<meta name=\"twitter:label2\" content=\"Tiempo de lectura\" \/>\n\t<meta name=\"twitter:data2\" content=\"1 minuto\" \/>\n<script type=\"application\/ld+json\" class=\"yoast-schema-graph\">{\"@context\":\"https:\/\/schema.org\",\"@graph\":[{\"@type\":\"Article\",\"@id\":\"https:\/\/www.padreydecano.com\/cms\/basket\/en-la-previa-continental\/#article\",\"isPartOf\":{\"@id\":\"https:\/\/www.padreydecano.com\/cms\/basket\/en-la-previa-continental\/\"},\"author\":{\"name\":\"Redactores Padre y Decano\",\"@id\":\"https:\/\/www.padreydecano.com\/cms\/#\/schema\/person\/37aae8f93aa78e4c5385497f056e3246\"},\"headline\":\"En la previa continental\",\"datePublished\":\"2022-12-08T17:03:34+00:00\",\"dateModified\":\"2022-12-09T22:12:24+00:00\",\"mainEntityOfPage\":{\"@id\":\"https:\/\/www.padreydecano.com\/cms\/basket\/en-la-previa-continental\/\"},\"wordCount\":164,\"commentCount\":3,\"publisher\":{\"@id\":\"https:\/\/www.padreydecano.com\/cms\/#organization\"},\"image\":{\"@id\":\"https:\/\/www.padreydecano.com\/cms\/basket\/en-la-previa-continental\/#primaryimage\"},\"thumbnailUrl\":\"https:\/\/www.padreydecano.com\/cms\/wp-content\/uploads\/2022\/03\/bbf51859-70cb-410b-83a8-e36e2b487a90.jpg\",\"keywords\":[\"LUB 2022\/2023\"],\"articleSection\":[\"Basket\"],\"inLanguage\":\"es\",\"potentialAction\":[{\"@type\":\"CommentAction\",\"name\":\"Comment\",\"target\":[\"https:\/\/www.padreydecano.com\/cms\/basket\/en-la-previa-continental\/#respond\"]}]},{\"@type\":\"WebPage\",\"@id\":\"https:\/\/www.padreydecano.com\/cms\/basket\/en-la-previa-continental\/\",\"url\":\"https:\/\/www.padreydecano.com\/cms\/basket\/en-la-previa-continental\/\",\"name\":\"En la previa continental - Padre y Decano - El Sitio del Pueblo\",\"isPartOf\":{\"@id\":\"https:\/\/www.padreydecano.com\/cms\/#website\"},\"primaryImageOfPage\":{\"@id\":\"https:\/\/www.padreydecano.com\/cms\/basket\/en-la-previa-continental\/#primaryimage\"},\"image\":{\"@id\":\"https:\/\/www.padreydecano.com\/cms\/basket\/en-la-previa-continental\/#primaryimage\"},\"thumbnailUrl\":\"https:\/\/www.padreydecano.com\/cms\/wp-content\/uploads\/2022\/03\/bbf51859-70cb-410b-83a8-e36e2b487a90.jpg\",\"datePublished\":\"2022-12-08T17:03:34+00:00\",\"dateModified\":\"2022-12-09T22:12:24+00:00\",\"breadcrumb\":{\"@id\":\"https:\/\/www.padreydecano.com\/cms\/basket\/en-la-previa-continental\/#breadcrumb\"},\"inLanguage\":\"es\",\"potentialAction\":[{\"@type\":\"ReadAction\",\"target\":[\"https:\/\/www.padreydecano.com\/cms\/basket\/en-la-previa-continental\/\"]}]},{\"@type\":\"ImageObject\",\"inLanguage\":\"es\",\"@id\":\"https:\/\/www.padreydecano.com\/cms\/basket\/en-la-previa-continental\/#primaryimage\",\"url\":\"https:\/\/www.padreydecano.com\/cms\/wp-content\/uploads\/2022\/03\/bbf51859-70cb-410b-83a8-e36e2b487a90.jpg\",\"contentUrl\":\"https:\/\/www.padreydecano.com\/cms\/wp-content\/uploads\/2022\/03\/bbf51859-70cb-410b-83a8-e36e2b487a90.jpg\",\"width\":1600,\"height\":1066},{\"@type\":\"BreadcrumbList\",\"@id\":\"https:\/\/www.padreydecano.com\/cms\/basket\/en-la-previa-continental\/#breadcrumb\",\"itemListElement\":[{\"@type\":\"ListItem\",\"position\":1,\"name\":\"Portada\",\"item\":\"https:\/\/www.padreydecano.com\/cms\/\"},{\"@type\":\"ListItem\",\"position\":2,\"name\":\"En la previa continental\"}]},{\"@type\":\"WebSite\",\"@id\":\"https:\/\/www.padreydecano.com\/cms\/#website\",\"url\":\"https:\/\/www.padreydecano.com\/cms\/\",\"name\":\"Padre y Decano - El Sitio del Pueblo\",\"description\":\"Club Atl\u00e9tico Pe\u00f1arol\",\"publisher\":{\"@id\":\"https:\/\/www.padreydecano.com\/cms\/#organization\"},\"potentialAction\":[{\"@type\":\"SearchAction\",\"target\":{\"@type\":\"EntryPoint\",\"urlTemplate\":\"https:\/\/www.padreydecano.com\/cms\/?s={search_term_string}\"},\"query-input\":\"required name=search_term_string\"}],\"inLanguage\":\"es\"},{\"@type\":\"Organization\",\"@id\":\"https:\/\/www.padreydecano.com\/cms\/#organization\",\"name\":\"Padre y Decano\",\"url\":\"https:\/\/www.padreydecano.com\/cms\/\",\"logo\":{\"@type\":\"ImageObject\",\"inLanguage\":\"es\",\"@id\":\"https:\/\/www.padreydecano.com\/cms\/#\/schema\/logo\/image\/\",\"url\":\"https:\/\/www.padreydecano.com\/cms\/wp-content\/uploads\/2022\/01\/avatar-square.png\",\"contentUrl\":\"https:\/\/www.padreydecano.com\/cms\/wp-content\/uploads\/2022\/01\/avatar-square.png\",\"width\":1500,\"height\":1500,\"caption\":\"Padre y Decano\"},\"image\":{\"@id\":\"https:\/\/www.padreydecano.com\/cms\/#\/schema\/logo\/image\/\"}},{\"@type\":\"Person\",\"@id\":\"https:\/\/www.padreydecano.com\/cms\/#\/schema\/person\/37aae8f93aa78e4c5385497f056e3246\",\"name\":\"Redactores Padre y Decano\",\"image\":{\"@type\":\"ImageObject\",\"inLanguage\":\"es\",\"@id\":\"https:\/\/www.padreydecano.com\/cms\/#\/schema\/person\/image\/\",\"url\":\"https:\/\/secure.gravatar.com\/avatar\/8810c4b9081192b118b104af54549af8?s=96&d=https%3A%2F%2Fpadreydecano.com%2Fcms%2Fwp-content%2Fthemes%2Fpyd-theme%2Fimg%2Fdefault-avatar.png&r=g\",\"contentUrl\":\"https:\/\/secure.gravatar.com\/avatar\/8810c4b9081192b118b104af54549af8?s=96&d=https%3A%2F%2Fpadreydecano.com%2Fcms%2Fwp-content%2Fthemes%2Fpyd-theme%2Fimg%2Fdefault-avatar.png&r=g\",\"caption\":\"Redactores Padre y Decano\"},\"sameAs\":[\"http:\/\/www.padreydecano.com\"]}]}<\/script>\n<!-- \/ Yoast SEO plugin. -->","yoast_head_json":{"title":"En la previa continental - Padre y Decano - El Sitio del Pueblo","robots":{"index":"index","follow":"follow","max-snippet":"max-snippet:-1","max-image-preview":"max-image-preview:large","max-video-preview":"max-video-preview:-1"},"canonical":"https:\/\/www.padreydecano.com\/cms\/basket\/en-la-previa-continental\/","og_locale":"es_ES","og_type":"article","og_title":"En la previa continental - Padre y Decano - El Sitio del Pueblo","og_description":"Pe\u00f1arol visita a Malv\u00edn por la Liga Uruguaya y con el estreno de Robin Benzing. El juego no va televisado y no hay entradas para el p\u00fablico manya. El carbonero va por otro punto que le permita alejarse de la zona baja del torneo. Ser\u00e1 el \u00faltimo partido antes del debut por Champions League y [&hellip;]","og_url":"https:\/\/www.padreydecano.com\/cms\/basket\/en-la-previa-continental\/","og_site_name":"Padre y Decano - El Sitio del Pueblo","article_published_time":"2022-12-08T17:03:34+00:00","article_modified_time":"2022-12-09T22:12:24+00:00","og_image":[{"width":1600,"height":1066,"url":"https:\/\/www.padreydecano.com\/cms\/wp-content\/uploads\/2022\/03\/bbf51859-70cb-410b-83a8-e36e2b487a90.jpg","type":"image\/jpeg"}],"author":"Redactores Padre y Decano","twitter_card":"summary_large_image","twitter_misc":{"Escrito por":"Redactores Padre y Decano","Tiempo de lectura":"1 minuto"},"schema":{"@context":"https:\/\/schema.org","@graph":[{"@type":"Article","@id":"https:\/\/www.padreydecano.com\/cms\/basket\/en-la-previa-continental\/#article","isPartOf":{"@id":"https:\/\/www.padreydecano.com\/cms\/basket\/en-la-previa-continental\/"},"author":{"name":"Redactores Padre y Decano","@id":"https:\/\/www.padreydecano.com\/cms\/#\/schema\/person\/37aae8f93aa78e4c5385497f056e3246"},"headline":"En la previa continental","datePublished":"2022-12-08T17:03:34+00:00","dateModified":"2022-12-09T22:12:24+00:00","mainEntityOfPage":{"@id":"https:\/\/www.padreydecano.com\/cms\/basket\/en-la-previa-continental\/"},"wordCount":164,"commentCount":3,"publisher":{"@id":"https:\/\/www.padreydecano.com\/cms\/#organization"},"image":{"@id":"https:\/\/www.padreydecano.com\/cms\/basket\/en-la-previa-continental\/#primaryimage"},"thumbnailUrl":"https:\/\/www.padreydecano.com\/cms\/wp-content\/uploads\/2022\/03\/bbf51859-70cb-410b-83a8-e36e2b487a90.jpg","keywords":["LUB 2022\/2023"],"articleSection":["Basket"],"inLanguage":"es","potentialAction":[{"@type":"CommentAction","name":"Comment","target":["https:\/\/www.padreydecano.com\/cms\/basket\/en-la-previa-continental\/#respond"]}]},{"@type":"WebPage","@id":"https:\/\/www.padreydecano.com\/cms\/basket\/en-la-previa-continental\/","url":"https:\/\/www.padreydecano.com\/cms\/basket\/en-la-previa-continental\/","name":"En la previa continental - Padre y Decano - El Sitio del Pueblo","isPartOf":{"@id":"https:\/\/www.padreydecano.com\/cms\/#website"},"primaryImageOfPage":{"@id":"https:\/\/www.padreydecano.com\/cms\/basket\/en-la-previa-continental\/#primaryimage"},"image":{"@id":"https:\/\/www.padreydecano.com\/cms\/basket\/en-la-previa-continental\/#primaryimage"},"thumbnailUrl":"https:\/\/www.padreydecano.com\/cms\/wp-content\/uploads\/2022\/03\/bbf51859-70cb-410b-83a8-e36e2b487a90.jpg","datePublished":"2022-12-08T17:03:34+00:00","dateModified":"2022-12-09T22:12:24+00:00","breadcrumb":{"@id":"https:\/\/www.padreydecano.com\/cms\/basket\/en-la-previa-continental\/#breadcrumb"},"inLanguage":"es","potentialAction":[{"@type":"ReadAction","target":["https:\/\/www.padreydecano.com\/cms\/basket\/en-la-previa-continental\/"]}]},{"@type":"ImageObject","inLanguage":"es","@id":"https:\/\/www.padreydecano.com\/cms\/basket\/en-la-previa-continental\/#primaryimage","url":"https:\/\/www.padreydecano.com\/cms\/wp-content\/uploads\/2022\/03\/bbf51859-70cb-410b-83a8-e36e2b487a90.jpg","contentUrl":"https:\/\/www.padreydecano.com\/cms\/wp-content\/uploads\/2022\/03\/bbf51859-70cb-410b-83a8-e36e2b487a90.jpg","width":1600,"height":1066},{"@type":"BreadcrumbList","@id":"https:\/\/www.padreydecano.com\/cms\/basket\/en-la-previa-continental\/#breadcrumb","itemListElement":[{"@type":"ListItem","position":1,"name":"Portada","item":"https:\/\/www.padreydecano.com\/cms\/"},{"@type":"ListItem","position":2,"name":"En la previa continental"}]},{"@type":"WebSite","@id":"https:\/\/www.padreydecano.com\/cms\/#website","url":"https:\/\/www.padreydecano.com\/cms\/","name":"Padre y Decano - El Sitio del Pueblo","description":"Club Atl\u00e9tico Pe\u00f1arol","publisher":{"@id":"https:\/\/www.padreydecano.com\/cms\/#organization"},"potentialAction":[{"@type":"SearchAction","target":{"@type":"EntryPoint","urlTemplate":"https:\/\/www.padreydecano.com\/cms\/?s={search_term_string}"},"query-input":"required name=search_term_string"}],"inLanguage":"es"},{"@type":"Organization","@id":"https:\/\/www.padreydecano.com\/cms\/#organization","name":"Padre y Decano","url":"https:\/\/www.padreydecano.com\/cms\/","logo":{"@type":"ImageObject","inLanguage":"es","@id":"https:\/\/www.padreydecano.com\/cms\/#\/schema\/logo\/image\/","url":"https:\/\/www.padreydecano.com\/cms\/wp-content\/uploads\/2022\/01\/avatar-square.png","contentUrl":"https:\/\/www.padreydecano.com\/cms\/wp-content\/uploads\/2022\/01\/avatar-square.png","width":1500,"height":1500,"caption":"Padre y Decano"},"image":{"@id":"https:\/\/www.padreydecano.com\/cms\/#\/schema\/logo\/image\/"}},{"@type":"Person","@id":"https:\/\/www.padreydecano.com\/cms\/#\/schema\/person\/37aae8f93aa78e4c5385497f056e3246","name":"Redactores Padre y Decano","image":{"@type":"ImageObject","inLanguage":"es","@id":"https:\/\/www.padreydecano.com\/cms\/#\/schema\/person\/image\/","url":"https:\/\/secure.gravatar.com\/avatar\/8810c4b9081192b118b104af54549af8?s=96&d=https%3A%2F%2Fpadreydecano.com%2Fcms%2Fwp-content%2Fthemes%2Fpyd-theme%2Fimg%2Fdefault-avatar.png&r=g","contentUrl":"https:\/\/secure.gravatar.com\/avatar\/8810c4b9081192b118b104af54549af8?s=96&d=https%3A%2F%2Fpadreydecano.com%2Fcms%2Fwp-content%2Fthemes%2Fpyd-theme%2Fimg%2Fdefault-avatar.png&r=g","caption":"Redactores Padre y Decano"},"sameAs":["http:\/\/www.padreydecano.com"]}]}},"_links":{"self":[{"href":"https:\/\/www.padreydecano.com\/cms\/wp-json\/wp\/v2\/posts\/79522"}],"collection":[{"href":"https:\/\/www.padreydecano.com\/cms\/wp-json\/wp\/v2\/posts"}],"about":[{"href":"https:\/\/www.padreydecano.com\/cms\/wp-json\/wp\/v2\/types\/post"}],"author":[{"embeddable":true,"href":"https:\/\/www.padreydecano.com\/cms\/wp-json\/wp\/v2\/users\/27"}],"replies":[{"embeddable":true,"href":"https:\/\/www.padreydecano.com\/cms\/wp-json\/wp\/v2\/comments?post=79522"}],"version-history":[{"count":0,"href":"https:\/\/www.padreydecano.com\/cms\/wp-json\/wp\/v2\/posts\/79522\/revisions"}],"wp:featuredmedia":[{"embeddable":true,"href":"https:\/\/www.padreydecano.com\/cms\/wp-json\/wp\/v2\/media\/78365"}],"wp:attachment":[{"href":"https:\/\/www.padreydecano.com\/cms\/wp-json\/wp\/v2\/media?parent=79522"}],"wp:term":[{"taxonomy":"category","embeddable":true,"href":"https:\/\/www.padreydecano.com\/cms\/wp-json\/wp\/v2\/categories?post=79522"},{"taxonomy":"post_tag","embeddable":true,"href":"https:\/\/www.padreydecano.com\/cms\/wp-json\/wp\/v2\/tags?post=79522"}],"curies":[{"name":"wp","href":"https:\/\/api.w.org\/{rel}","templated":true}]}}